{"id":2476,"date":"2022-12-01T07:30:48","date_gmt":"2022-12-01T10:30:48","guid":{"rendered":"https:\/\/brasilnoticias.org\/site\/?p=2476"},"modified":"2022-11-30T19:44:00","modified_gmt":"2022-11-30T22:44:00","slug":"com-covid-festa-de-santa-barbara-e-suspensa-e-bombeiros-distribuem-mil-quentinhas","status":"publish","type":"post","link":"https:\/\/brasilnoticias.org\/site\/com-covid-festa-de-santa-barbara-e-suspensa-e-bombeiros-distribuem-mil-quentinhas\/","title":{"rendered":"Com Covid, festa de Santa B\u00e1rbara \u00e9 suspensa e bombeiros distribuem mil quentinhas"},"content":{"rendered":"<p>Pela terceira vez consecutiva, por causa da pandemia da Covid-19, a tradicional festa em homenagem a Santa B\u00e1rbara n\u00e3o poder\u00e1 ser realizada. O an\u00fancio foi feito pelo Corpo de Bombeiros Militar da Bahia (CBMBA) nesta quarta-feira (30).<\/p>\n<p>Segundo a institui\u00e7\u00e3o, sem a missa e a festa, mil quentinhas ser\u00e3o distribu\u00eddas em pontos estrat\u00e9gicos de Salvador para pessoas em situa\u00e7\u00e3o de rua. O formato foi adotado desde o in\u00edcio da crise sanit\u00e1ria. <\/p>\n<p>A distribui\u00e7\u00e3o das refei\u00e7\u00f5es vai acontecer por volta das 12h do pr\u00f3ximo domingo (4). De acordo com o Corpo de Bomebeiros, a a\u00e7\u00e3o deve acontecer na regi\u00e3o da Barroquinha.<\/p>\n<p>A suspens\u00e3o dos festejos aconteceu ap\u00f3s a publica\u00e7\u00e3o do decreto estadual que obriga o retorno do uso das m\u00e1scaras em ambientes fechados, al\u00e9m da orienta\u00e7\u00e3o para que os cidad\u00e3os evitem aglomera\u00e7\u00e3o.<\/p>\n<p>Foto: Paula Fr\u00f3es\/GOVBA<br \/>\nPor: Metro1 <\/p>\n","protected":false},"excerpt":{"rendered":"<p>Pela terceira vez consecutiva, por causa da pandemia da Covid-19, a tradicional festa em homenagem a Santa B\u00e1rbara n\u00e3o poder\u00e1<\/p>\n","protected":false},"author":1,"featured_media":2477,"comment_status":"open","ping_status":"open","sticky":false,"template":"","format":"standard","meta":{"colormag_page_container_layout":"default_layout","colormag_page_sidebar_layout":"default_layout","_FSMCFIC_featured_image_caption":"","_FSMCFIC_featured_image_nocaption":"","_FSMCFIC_featured_image_hide":"","footnotes":""},"categories":[2,1],"tags":[],"class_list":["post-2476","post","type-post","status-publish","format-standard","has-post-thumbnail","hentry","category-noticias","category-ultimas"],"yoast_head":"<!-- This site is optimized with the Yoast SEO plugin v27.1.1 - https:\/\/yoast.com\/product\/yoast-seo-wordpress\/ -->\n<title>Com Covid, festa de Santa B\u00e1rbara \u00e9 suspensa e bombeiros distribuem mil quentinhas - Brasil not\u00edcias<\/title>\n<meta name=\"robots\" content=\"index, follow, max-snippet:-1, max-image-preview:large, max-video-preview:-1\" \/>\n<link rel=\"canonical\" href=\"https:\/\/brasilnoticias.org\/site\/com-covid-festa-de-santa-barbara-e-suspensa-e-bombeiros-distribuem-mil-quentinhas\/\" \/>\n<meta property=\"og:locale\" content=\"pt_PT\" \/>\n<meta property=\"og:type\" content=\"article\" \/>\n<meta property=\"og:title\" content=\"Com Covid, festa de Santa B\u00e1rbara \u00e9 suspensa e bombeiros distribuem mil quentinhas - Brasil not\u00edcias\" \/>\n<meta property=\"og:description\" content=\"Pela terceira vez consecutiva, por causa da pandemia da Covid-19, a tradicional festa em homenagem a Santa B\u00e1rbara n\u00e3o poder\u00e1\" \/>\n<meta property=\"og:url\" content=\"https:\/\/brasilnoticias.org\/site\/com-covid-festa-de-santa-barbara-e-suspensa-e-bombeiros-distribuem-mil-quentinhas\/\" \/>\n<meta property=\"og:site_name\" content=\"Brasil not\u00edcias\" \/>\n<meta property=\"article:published_time\" content=\"2022-12-01T10:30:48+00:00\" \/>\n<meta property=\"og:image\" content=\"https:\/\/brasilnoticias.org\/site\/wp-content\/uploads\/2022\/11\/130899com-covid-festa-de-santa-barbara-e-suspensa-e-bombeiros-distribuem-mil-quentinhas-3.jpg\" \/>\n\t<meta property=\"og:image:width\" content=\"1600\" \/>\n\t<meta property=\"og:image:height\" content=\"752\" \/>\n\t<meta property=\"og:image:type\" content=\"image\/jpeg\" \/>\n<meta name=\"author\" content=\"Reda\u00e7\u00e3o\" \/>\n<meta name=\"twitter:card\" content=\"summary_large_image\" \/>\n<meta name=\"twitter:label1\" content=\"Escrito por\" \/>\n\t<meta name=\"twitter:data1\" content=\"Reda\u00e7\u00e3o\" \/>\n\t<meta name=\"twitter:label2\" content=\"Tempo estimado de leitura\" \/>\n\t<meta name=\"twitter:data2\" content=\"1 minuto\" \/>\n<script type=\"application\/ld+json\" class=\"yoast-schema-graph\">{\"@context\":\"https:\/\/schema.org\",\"@graph\":[{\"@type\":\"Article\",\"@id\":\"https:\/\/brasilnoticias.org\/site\/com-covid-festa-de-santa-barbara-e-suspensa-e-bombeiros-distribuem-mil-quentinhas\/#article\",\"isPartOf\":{\"@id\":\"https:\/\/brasilnoticias.org\/site\/com-covid-festa-de-santa-barbara-e-suspensa-e-bombeiros-distribuem-mil-quentinhas\/\"},\"author\":{\"name\":\"Reda\u00e7\u00e3o\",\"@id\":\"https:\/\/brasilnoticias.org\/site\/#\/schema\/person\/a0e05b973ec4d15c658d51911e53507b\"},\"headline\":\"Com Covid, festa de Santa B\u00e1rbara \u00e9 suspensa e bombeiros distribuem mil quentinhas\",\"datePublished\":\"2022-12-01T10:30:48+00:00\",\"mainEntityOfPage\":{\"@id\":\"https:\/\/brasilnoticias.org\/site\/com-covid-festa-de-santa-barbara-e-suspensa-e-bombeiros-distribuem-mil-quentinhas\/\"},\"wordCount\":172,\"commentCount\":0,\"publisher\":{\"@id\":\"https:\/\/brasilnoticias.org\/site\/#organization\"},\"image\":{\"@id\":\"https:\/\/brasilnoticias.org\/site\/com-covid-festa-de-santa-barbara-e-suspensa-e-bombeiros-distribuem-mil-quentinhas\/#primaryimage\"},\"thumbnailUrl\":\"https:\/\/brasilnoticias.org\/site\/wp-content\/uploads\/2022\/11\/130899com-covid-festa-de-santa-barbara-e-suspensa-e-bombeiros-distribuem-mil-quentinhas-3.jpg\",\"articleSection\":[\"Not\u00edcias\",\"\u00daltimas\"],\"inLanguage\":\"pt-PT\",\"potentialAction\":[{\"@type\":\"CommentAction\",\"name\":\"Comment\",\"target\":[\"https:\/\/brasilnoticias.org\/site\/com-covid-festa-de-santa-barbara-e-suspensa-e-bombeiros-distribuem-mil-quentinhas\/#respond\"]}]},{\"@type\":\"WebPage\",\"@id\":\"https:\/\/brasilnoticias.org\/site\/com-covid-festa-de-santa-barbara-e-suspensa-e-bombeiros-distribuem-mil-quentinhas\/\",\"url\":\"https:\/\/brasilnoticias.org\/site\/com-covid-festa-de-santa-barbara-e-suspensa-e-bombeiros-distribuem-mil-quentinhas\/\",\"name\":\"Com Covid, festa de Santa B\u00e1rbara \u00e9 suspensa e bombeiros distribuem mil quentinhas - Brasil not\u00edcias\",\"isPartOf\":{\"@id\":\"https:\/\/brasilnoticias.org\/site\/#website\"},\"primaryImageOfPage\":{\"@id\":\"https:\/\/brasilnoticias.org\/site\/com-covid-festa-de-santa-barbara-e-suspensa-e-bombeiros-distribuem-mil-quentinhas\/#primaryimage\"},\"image\":{\"@id\":\"https:\/\/brasilnoticias.org\/site\/com-covid-festa-de-santa-barbara-e-suspensa-e-bombeiros-distribuem-mil-quentinhas\/#primaryimage\"},\"thumbnailUrl\":\"https:\/\/brasilnoticias.org\/site\/wp-content\/uploads\/2022\/11\/130899com-covid-festa-de-santa-barbara-e-suspensa-e-bombeiros-distribuem-mil-quentinhas-3.jpg\",\"datePublished\":\"2022-12-01T10:30:48+00:00\",\"breadcrumb\":{\"@id\":\"https:\/\/brasilnoticias.org\/site\/com-covid-festa-de-santa-barbara-e-suspensa-e-bombeiros-distribuem-mil-quentinhas\/#breadcrumb\"},\"inLanguage\":\"pt-PT\",\"potentialAction\":[{\"@type\":\"ReadAction\",\"target\":[\"https:\/\/brasilnoticias.org\/site\/com-covid-festa-de-santa-barbara-e-suspensa-e-bombeiros-distribuem-mil-quentinhas\/\"]}]},{\"@type\":\"ImageObject\",\"inLanguage\":\"pt-PT\",\"@id\":\"https:\/\/brasilnoticias.org\/site\/com-covid-festa-de-santa-barbara-e-suspensa-e-bombeiros-distribuem-mil-quentinhas\/#primaryimage\",\"url\":\"https:\/\/brasilnoticias.org\/site\/wp-content\/uploads\/2022\/11\/130899com-covid-festa-de-santa-barbara-e-suspensa-e-bombeiros-distribuem-mil-quentinhas-3.jpg\",\"contentUrl\":\"https:\/\/brasilnoticias.org\/site\/wp-content\/uploads\/2022\/11\/130899com-covid-festa-de-santa-barbara-e-suspensa-e-bombeiros-distribuem-mil-quentinhas-3.jpg\",\"width\":1600,\"height\":752},{\"@type\":\"BreadcrumbList\",\"@id\":\"https:\/\/brasilnoticias.org\/site\/com-covid-festa-de-santa-barbara-e-suspensa-e-bombeiros-distribuem-mil-quentinhas\/#breadcrumb\",\"itemListElement\":[{\"@type\":\"ListItem\",\"position\":1,\"name\":\"In\u00edcio\",\"item\":\"https:\/\/brasilnoticias.org\/site\/\"},{\"@type\":\"ListItem\",\"position\":2,\"name\":\"Com Covid, festa de Santa B\u00e1rbara \u00e9 suspensa e bombeiros distribuem mil quentinhas\"}]},{\"@type\":\"WebSite\",\"@id\":\"https:\/\/brasilnoticias.org\/site\/#website\",\"url\":\"https:\/\/brasilnoticias.org\/site\/\",\"name\":\"Brasil not\u00edcias\",\"description\":\"Brasil not\u00edcias\",\"publisher\":{\"@id\":\"https:\/\/brasilnoticias.org\/site\/#organization\"},\"potentialAction\":[{\"@type\":\"SearchAction\",\"target\":{\"@type\":\"EntryPoint\",\"urlTemplate\":\"https:\/\/brasilnoticias.org\/site\/?s={search_term_string}\"},\"query-input\":{\"@type\":\"PropertyValueSpecification\",\"valueRequired\":true,\"valueName\":\"search_term_string\"}}],\"inLanguage\":\"pt-PT\"},{\"@type\":\"Organization\",\"@id\":\"https:\/\/brasilnoticias.org\/site\/#organization\",\"name\":\"Brasil not\u00edcias\",\"url\":\"https:\/\/brasilnoticias.org\/site\/\",\"logo\":{\"@type\":\"ImageObject\",\"inLanguage\":\"pt-PT\",\"@id\":\"https:\/\/brasilnoticias.org\/site\/#\/schema\/logo\/image\/\",\"url\":\"https:\/\/brasilnoticias.org\/site\/wp-content\/uploads\/2022\/05\/cropped-brasilnoticias-mini.jpg\",\"contentUrl\":\"https:\/\/brasilnoticias.org\/site\/wp-content\/uploads\/2022\/05\/cropped-brasilnoticias-mini.jpg\",\"width\":314,\"height\":86,\"caption\":\"Brasil not\u00edcias\"},\"image\":{\"@id\":\"https:\/\/brasilnoticias.org\/site\/#\/schema\/logo\/image\/\"}},{\"@type\":\"Person\",\"@id\":\"https:\/\/brasilnoticias.org\/site\/#\/schema\/person\/a0e05b973ec4d15c658d51911e53507b\",\"name\":\"Reda\u00e7\u00e3o\",\"image\":{\"@type\":\"ImageObject\",\"inLanguage\":\"pt-PT\",\"@id\":\"https:\/\/brasilnoticias.org\/site\/#\/schema\/person\/image\/\",\"url\":\"https:\/\/secure.gravatar.com\/avatar\/75d8b050df2de108b08ae78dfb8e374892df24a383c67db9c46a9c604f6aee9c?s=96&d=mm&r=g\",\"contentUrl\":\"https:\/\/secure.gravatar.com\/avatar\/75d8b050df2de108b08ae78dfb8e374892df24a383c67db9c46a9c604f6aee9c?s=96&d=mm&r=g\",\"caption\":\"Reda\u00e7\u00e3o\"},\"sameAs\":[\"https:\/\/brasilnoticias.org\/site\"],\"url\":\"https:\/\/brasilnoticias.org\/site\/author\/fernandozsngmail-com\/\"}]}<\/script>\n<!-- \/ Yoast SEO plugin. -->","yoast_head_json":{"title":"Com Covid, festa de Santa B\u00e1rbara \u00e9 suspensa e bombeiros distribuem mil quentinhas - Brasil not\u00edcias","robots":{"index":"index","follow":"follow","max-snippet":"max-snippet:-1","max-image-preview":"max-image-preview:large","max-video-preview":"max-video-preview:-1"},"canonical":"https:\/\/brasilnoticias.org\/site\/com-covid-festa-de-santa-barbara-e-suspensa-e-bombeiros-distribuem-mil-quentinhas\/","og_locale":"pt_PT","og_type":"article","og_title":"Com Covid, festa de Santa B\u00e1rbara \u00e9 suspensa e bombeiros distribuem mil quentinhas - Brasil not\u00edcias","og_description":"Pela terceira vez consecutiva, por causa da pandemia da Covid-19, a tradicional festa em homenagem a Santa B\u00e1rbara n\u00e3o poder\u00e1","og_url":"https:\/\/brasilnoticias.org\/site\/com-covid-festa-de-santa-barbara-e-suspensa-e-bombeiros-distribuem-mil-quentinhas\/","og_site_name":"Brasil not\u00edcias","article_published_time":"2022-12-01T10:30:48+00:00","og_image":[{"width":1600,"height":752,"url":"https:\/\/brasilnoticias.org\/site\/wp-content\/uploads\/2022\/11\/130899com-covid-festa-de-santa-barbara-e-suspensa-e-bombeiros-distribuem-mil-quentinhas-3.jpg","type":"image\/jpeg"}],"author":"Reda\u00e7\u00e3o","twitter_card":"summary_large_image","twitter_misc":{"Escrito por":"Reda\u00e7\u00e3o","Tempo estimado de leitura":"1 minuto"},"schema":{"@context":"https:\/\/schema.org","@graph":[{"@type":"Article","@id":"https:\/\/brasilnoticias.org\/site\/com-covid-festa-de-santa-barbara-e-suspensa-e-bombeiros-distribuem-mil-quentinhas\/#article","isPartOf":{"@id":"https:\/\/brasilnoticias.org\/site\/com-covid-festa-de-santa-barbara-e-suspensa-e-bombeiros-distribuem-mil-quentinhas\/"},"author":{"name":"Reda\u00e7\u00e3o","@id":"https:\/\/brasilnoticias.org\/site\/#\/schema\/person\/a0e05b973ec4d15c658d51911e53507b"},"headline":"Com Covid, festa de Santa B\u00e1rbara \u00e9 suspensa e bombeiros distribuem mil quentinhas","datePublished":"2022-12-01T10:30:48+00:00","mainEntityOfPage":{"@id":"https:\/\/brasilnoticias.org\/site\/com-covid-festa-de-santa-barbara-e-suspensa-e-bombeiros-distribuem-mil-quentinhas\/"},"wordCount":172,"commentCount":0,"publisher":{"@id":"https:\/\/brasilnoticias.org\/site\/#organization"},"image":{"@id":"https:\/\/brasilnoticias.org\/site\/com-covid-festa-de-santa-barbara-e-suspensa-e-bombeiros-distribuem-mil-quentinhas\/#primaryimage"},"thumbnailUrl":"https:\/\/brasilnoticias.org\/site\/wp-content\/uploads\/2022\/11\/130899com-covid-festa-de-santa-barbara-e-suspensa-e-bombeiros-distribuem-mil-quentinhas-3.jpg","articleSection":["Not\u00edcias","\u00daltimas"],"inLanguage":"pt-PT","potentialAction":[{"@type":"CommentAction","name":"Comment","target":["https:\/\/brasilnoticias.org\/site\/com-covid-festa-de-santa-barbara-e-suspensa-e-bombeiros-distribuem-mil-quentinhas\/#respond"]}]},{"@type":"WebPage","@id":"https:\/\/brasilnoticias.org\/site\/com-covid-festa-de-santa-barbara-e-suspensa-e-bombeiros-distribuem-mil-quentinhas\/","url":"https:\/\/brasilnoticias.org\/site\/com-covid-festa-de-santa-barbara-e-suspensa-e-bombeiros-distribuem-mil-quentinhas\/","name":"Com Covid, festa de Santa B\u00e1rbara \u00e9 suspensa e bombeiros distribuem mil quentinhas - Brasil not\u00edcias","isPartOf":{"@id":"https:\/\/brasilnoticias.org\/site\/#website"},"primaryImageOfPage":{"@id":"https:\/\/brasilnoticias.org\/site\/com-covid-festa-de-santa-barbara-e-suspensa-e-bombeiros-distribuem-mil-quentinhas\/#primaryimage"},"image":{"@id":"https:\/\/brasilnoticias.org\/site\/com-covid-festa-de-santa-barbara-e-suspensa-e-bombeiros-distribuem-mil-quentinhas\/#primaryimage"},"thumbnailUrl":"https:\/\/brasilnoticias.org\/site\/wp-content\/uploads\/2022\/11\/130899com-covid-festa-de-santa-barbara-e-suspensa-e-bombeiros-distribuem-mil-quentinhas-3.jpg","datePublished":"2022-12-01T10:30:48+00:00","breadcrumb":{"@id":"https:\/\/brasilnoticias.org\/site\/com-covid-festa-de-santa-barbara-e-suspensa-e-bombeiros-distribuem-mil-quentinhas\/#breadcrumb"},"inLanguage":"pt-PT","potentialAction":[{"@type":"ReadAction","target":["https:\/\/brasilnoticias.org\/site\/com-covid-festa-de-santa-barbara-e-suspensa-e-bombeiros-distribuem-mil-quentinhas\/"]}]},{"@type":"ImageObject","inLanguage":"pt-PT","@id":"https:\/\/brasilnoticias.org\/site\/com-covid-festa-de-santa-barbara-e-suspensa-e-bombeiros-distribuem-mil-quentinhas\/#primaryimage","url":"https:\/\/brasilnoticias.org\/site\/wp-content\/uploads\/2022\/11\/130899com-covid-festa-de-santa-barbara-e-suspensa-e-bombeiros-distribuem-mil-quentinhas-3.jpg","contentUrl":"https:\/\/brasilnoticias.org\/site\/wp-content\/uploads\/2022\/11\/130899com-covid-festa-de-santa-barbara-e-suspensa-e-bombeiros-distribuem-mil-quentinhas-3.jpg","width":1600,"height":752},{"@type":"BreadcrumbList","@id":"https:\/\/brasilnoticias.org\/site\/com-covid-festa-de-santa-barbara-e-suspensa-e-bombeiros-distribuem-mil-quentinhas\/#breadcrumb","itemListElement":[{"@type":"ListItem","position":1,"name":"In\u00edcio","item":"https:\/\/brasilnoticias.org\/site\/"},{"@type":"ListItem","position":2,"name":"Com Covid, festa de Santa B\u00e1rbara \u00e9 suspensa e bombeiros distribuem mil quentinhas"}]},{"@type":"WebSite","@id":"https:\/\/brasilnoticias.org\/site\/#website","url":"https:\/\/brasilnoticias.org\/site\/","name":"Brasil not\u00edcias","description":"Brasil not\u00edcias","publisher":{"@id":"https:\/\/brasilnoticias.org\/site\/#organization"},"potentialAction":[{"@type":"SearchAction","target":{"@type":"EntryPoint","urlTemplate":"https:\/\/brasilnoticias.org\/site\/?s={search_term_string}"},"query-input":{"@type":"PropertyValueSpecification","valueRequired":true,"valueName":"search_term_string"}}],"inLanguage":"pt-PT"},{"@type":"Organization","@id":"https:\/\/brasilnoticias.org\/site\/#organization","name":"Brasil not\u00edcias","url":"https:\/\/brasilnoticias.org\/site\/","logo":{"@type":"ImageObject","inLanguage":"pt-PT","@id":"https:\/\/brasilnoticias.org\/site\/#\/schema\/logo\/image\/","url":"https:\/\/brasilnoticias.org\/site\/wp-content\/uploads\/2022\/05\/cropped-brasilnoticias-mini.jpg","contentUrl":"https:\/\/brasilnoticias.org\/site\/wp-content\/uploads\/2022\/05\/cropped-brasilnoticias-mini.jpg","width":314,"height":86,"caption":"Brasil not\u00edcias"},"image":{"@id":"https:\/\/brasilnoticias.org\/site\/#\/schema\/logo\/image\/"}},{"@type":"Person","@id":"https:\/\/brasilnoticias.org\/site\/#\/schema\/person\/a0e05b973ec4d15c658d51911e53507b","name":"Reda\u00e7\u00e3o","image":{"@type":"ImageObject","inLanguage":"pt-PT","@id":"https:\/\/brasilnoticias.org\/site\/#\/schema\/person\/image\/","url":"https:\/\/secure.gravatar.com\/avatar\/75d8b050df2de108b08ae78dfb8e374892df24a383c67db9c46a9c604f6aee9c?s=96&d=mm&r=g","contentUrl":"https:\/\/secure.gravatar.com\/avatar\/75d8b050df2de108b08ae78dfb8e374892df24a383c67db9c46a9c604f6aee9c?s=96&d=mm&r=g","caption":"Reda\u00e7\u00e3o"},"sameAs":["https:\/\/brasilnoticias.org\/site"],"url":"https:\/\/brasilnoticias.org\/site\/author\/fernandozsngmail-com\/"}]}},"_links":{"self":[{"href":"https:\/\/brasilnoticias.org\/site\/wp-json\/wp\/v2\/posts\/2476","targetHints":{"allow":["GET"]}}],"collection":[{"href":"https:\/\/brasilnoticias.org\/site\/wp-json\/wp\/v2\/posts"}],"about":[{"href":"https:\/\/brasilnoticias.org\/site\/wp-json\/wp\/v2\/types\/post"}],"author":[{"embeddable":true,"href":"https:\/\/brasilnoticias.org\/site\/wp-json\/wp\/v2\/users\/1"}],"replies":[{"embeddable":true,"href":"https:\/\/brasilnoticias.org\/site\/wp-json\/wp\/v2\/comments?post=2476"}],"version-history":[{"count":1,"href":"https:\/\/brasilnoticias.org\/site\/wp-json\/wp\/v2\/posts\/2476\/revisions"}],"predecessor-version":[{"id":2478,"href":"https:\/\/brasilnoticias.org\/site\/wp-json\/wp\/v2\/posts\/2476\/revisions\/2478"}],"wp:featuredmedia":[{"embeddable":true,"href":"https:\/\/brasilnoticias.org\/site\/wp-json\/wp\/v2\/media\/2477"}],"wp:attachment":[{"href":"https:\/\/brasilnoticias.org\/site\/wp-json\/wp\/v2\/media?parent=2476"}],"wp:term":[{"taxonomy":"category","embeddable":true,"href":"https:\/\/brasilnoticias.org\/site\/wp-json\/wp\/v2\/categories?post=2476"},{"taxonomy":"post_tag","embeddable":true,"href":"https:\/\/brasilnoticias.org\/site\/wp-json\/wp\/v2\/tags?post=2476"}],"curies":[{"name":"wp","href":"https:\/\/api.w.org\/{rel}","templated":true}]}}