{"id":249,"date":"2022-05-14T20:01:55","date_gmt":"2022-05-14T23:01:55","guid":{"rendered":"https:\/\/brasilnoticias.org\/site\/?p=249"},"modified":"2022-05-14T20:01:55","modified_gmt":"2022-05-14T23:01:55","slug":"mp-denuncia-ex-delegado-geral-da-policia-civil-por-falsificacao-e-peculato","status":"publish","type":"post","link":"https:\/\/brasilnoticias.org\/site\/mp-denuncia-ex-delegado-geral-da-policia-civil-por-falsificacao-e-peculato\/","title":{"rendered":"MP denuncia ex-delegado-geral da Pol\u00edcia Civil por falsifica\u00e7\u00e3o e peculato"},"content":{"rendered":"<p>O ex-delegado geral da Pol\u00edcia Civil, Bernardino Brito Filho, e o motorista, Diego Emanuel Carneiro dos Santos, foram denunciados pelo Minist\u00e9rio P\u00fablico do Estado da Bahia (MP) pelos crimes de falsa identidade; falsifica\u00e7\u00e3o de documento p\u00fablico; peculato desvio e favorecimento pessoal.<\/p>\n<p>O caso foi registrado no dia 07 de abril do ano passado, quando\u00a0<a href=\"https:\/\/www.bnews.com.br\/noticias\/policia\/303247-motorista-de-ex-delegado-geral-e-preso-se-passando-por-policial-civil-em-salvador.html\" target=\"_blank\" rel=\"noopener\">Diego Emanuel foi abordado por policiais militares das Rondas Especiais (Rondesp), no bairro Cassange<\/a>. Na \u00e9poca, motorista do ent\u00e3o delegado-geral da Pol\u00edcia Civil, Diego conduzia uma viatura descaracterizada e portava um documento funcional de agente administrativo do departamento m\u00e9dico da pol\u00edcia,\u00a0al\u00e9m de uma carteira azul com distintivo da Pol\u00edcia Civil da Bahia.<\/p>\n<p>De acirdo\u00a0 com infoma\u00e7\u00f5es da pol\u00edcia, Diego havia se identificado como policial, exibindo uma carteira azul de identifica\u00e7\u00e3o. Em depoimento Diego afirmou que pagou R$50 pelo documento e disse que foi emitido com orienta\u00e7\u00e3o do chefe.<\/p>\n<p>Segundo den\u00fancia do MP, \u201cem declara\u00e7\u00f5es contradit\u00f3rias, Bernardino disse que a identidade funcional apreendida foi criada e emitida pelo Gabinete do Delegado-Geral, para ser entregue aos servidores ocupantes de cargo, facilitando a identifica\u00e7\u00e3o destes. Salientou que o primeiro denunciado estava a servi\u00e7o da SPREV no momento da abordagem policial, retornando para casa depois de lhe entregar pessoalmente documentos que teria esquecido no interior do ve\u00edculo\u201d.<\/p>\n<p>No entanto, informa\u00e7\u00f5es do Boletim de Ocorr\u00eancia apontaram que Diego estaria transportando m\u00fasicos de uma banda a pedido do ent\u00e3o chefe, Bernardino Filho, que j\u00e1 havia sido exonerado do cargo de delegado-geral e nomeado para a Superintend\u00eancia de Preven\u00e7\u00e3o \u00e0 Viol\u00eancia da Secretaria de Seguran\u00e7a P\u00fablica (SPREV), o que caracteriza a pr\u00e1tica de favorecimento pessoal.<\/p>\n<p>Em conversa exclusiva com o BNews, Diego chorou, negou ter se apresentado como policial durante abordagem em blitz e disse que a vida est\u00e1 destru\u00edda. \u201cEu estava cumprindo uma ordem do chefe. Em momento algum me apresentei como policial na blitz, mas da forma que colocaram destru\u00edram minha vida. Me pintaram como o pior bandido e isso \u00e9 revoltante. Estou sendo usado, mas irei onde for preciso para provar minha inoc\u00eancia\u201d, disse.<\/p>\n<p>A assessoria da Pol\u00edcia Civil informou n\u00e3o ter tomado conhecimento sobre a den\u00fancia contra o ex-delegado.<\/p>\n<p>&nbsp;<\/p>\n<p>&nbsp;<\/p>\n<p>&nbsp;<\/p>\n<p>Bnews<\/p>\n","protected":false},"excerpt":{"rendered":"<p>O ex-delegado geral da Pol\u00edcia Civil, Bernardino Brito Filho, e o motorista, Diego Emanuel Carneiro dos Santos, foram denunciados pelo<\/p>\n","protected":false},"author":2,"featured_media":250,"comment_status":"open","ping_status":"open","sticky":false,"template":"","format":"standard","meta":{"colormag_page_container_layout":"default_layout","colormag_page_sidebar_layout":"default_layout","_FSMCFIC_featured_image_caption":"","_FSMCFIC_featured_image_nocaption":"","_FSMCFIC_featured_image_hide":"","footnotes":""},"categories":[7,1],"tags":[],"class_list":["post-249","post","type-post","status-publish","format-standard","has-post-thumbnail","hentry","category-justica","category-ultimas"],"yoast_head":"<!-- This site is optimized with the Yoast SEO plugin v27.1.1 - https:\/\/yoast.com\/product\/yoast-seo-wordpress\/ -->\n<title>MP denuncia ex-delegado-geral da Pol\u00edcia Civil por falsifica\u00e7\u00e3o e peculato - Brasil not\u00edcias<\/title>\n<meta name=\"robots\" content=\"index, follow, max-snippet:-1, max-image-preview:large, max-video-preview:-1\" \/>\n<link rel=\"canonical\" href=\"https:\/\/brasilnoticias.org\/site\/mp-denuncia-ex-delegado-geral-da-policia-civil-por-falsificacao-e-peculato\/\" \/>\n<meta property=\"og:locale\" content=\"pt_PT\" \/>\n<meta property=\"og:type\" content=\"article\" \/>\n<meta property=\"og:title\" content=\"MP denuncia ex-delegado-geral da Pol\u00edcia Civil por falsifica\u00e7\u00e3o e peculato - Brasil not\u00edcias\" \/>\n<meta property=\"og:description\" content=\"O ex-delegado geral da Pol\u00edcia Civil, Bernardino Brito Filho, e o motorista, Diego Emanuel Carneiro dos Santos, foram denunciados pelo\" \/>\n<meta property=\"og:url\" content=\"https:\/\/brasilnoticias.org\/site\/mp-denuncia-ex-delegado-geral-da-policia-civil-por-falsificacao-e-peculato\/\" \/>\n<meta property=\"og:site_name\" content=\"Brasil not\u00edcias\" \/>\n<meta property=\"article:published_time\" content=\"2022-05-14T23:01:55+00:00\" \/>\n<meta property=\"og:image\" content=\"https:\/\/brasilnoticias.org\/site\/wp-content\/uploads\/2022\/05\/303247_widelg_widelg.jpg\" \/>\n\t<meta property=\"og:image:width\" content=\"795\" \/>\n\t<meta property=\"og:image:height\" content=\"379\" \/>\n\t<meta property=\"og:image:type\" content=\"image\/jpeg\" \/>\n<meta name=\"author\" content=\"Reda\u00e7\u00e3o\" \/>\n<meta name=\"twitter:card\" content=\"summary_large_image\" \/>\n<meta name=\"twitter:label1\" content=\"Escrito por\" \/>\n\t<meta name=\"twitter:data1\" content=\"Reda\u00e7\u00e3o\" \/>\n\t<meta name=\"twitter:label2\" content=\"Tempo estimado de leitura\" \/>\n\t<meta name=\"twitter:data2\" content=\"2 minutos\" \/>\n<script type=\"application\/ld+json\" class=\"yoast-schema-graph\">{\"@context\":\"https:\/\/schema.org\",\"@graph\":[{\"@type\":\"Article\",\"@id\":\"https:\/\/brasilnoticias.org\/site\/mp-denuncia-ex-delegado-geral-da-policia-civil-por-falsificacao-e-peculato\/#article\",\"isPartOf\":{\"@id\":\"https:\/\/brasilnoticias.org\/site\/mp-denuncia-ex-delegado-geral-da-policia-civil-por-falsificacao-e-peculato\/\"},\"author\":{\"name\":\"Reda\u00e7\u00e3o\",\"@id\":\"https:\/\/brasilnoticias.org\/site\/#\/schema\/person\/f609fa847b5314f1c8b983342f34c798\"},\"headline\":\"MP denuncia ex-delegado-geral da Pol\u00edcia Civil por falsifica\u00e7\u00e3o e peculato\",\"datePublished\":\"2022-05-14T23:01:55+00:00\",\"mainEntityOfPage\":{\"@id\":\"https:\/\/brasilnoticias.org\/site\/mp-denuncia-ex-delegado-geral-da-policia-civil-por-falsificacao-e-peculato\/\"},\"wordCount\":401,\"commentCount\":0,\"publisher\":{\"@id\":\"https:\/\/brasilnoticias.org\/site\/#organization\"},\"image\":{\"@id\":\"https:\/\/brasilnoticias.org\/site\/mp-denuncia-ex-delegado-geral-da-policia-civil-por-falsificacao-e-peculato\/#primaryimage\"},\"thumbnailUrl\":\"https:\/\/brasilnoticias.org\/site\/wp-content\/uploads\/2022\/05\/303247_widelg_widelg.jpg\",\"articleSection\":[\"Justi\u00e7a\",\"\u00daltimas\"],\"inLanguage\":\"pt-PT\",\"potentialAction\":[{\"@type\":\"CommentAction\",\"name\":\"Comment\",\"target\":[\"https:\/\/brasilnoticias.org\/site\/mp-denuncia-ex-delegado-geral-da-policia-civil-por-falsificacao-e-peculato\/#respond\"]}]},{\"@type\":\"WebPage\",\"@id\":\"https:\/\/brasilnoticias.org\/site\/mp-denuncia-ex-delegado-geral-da-policia-civil-por-falsificacao-e-peculato\/\",\"url\":\"https:\/\/brasilnoticias.org\/site\/mp-denuncia-ex-delegado-geral-da-policia-civil-por-falsificacao-e-peculato\/\",\"name\":\"MP denuncia ex-delegado-geral da Pol\u00edcia Civil por falsifica\u00e7\u00e3o e peculato - Brasil not\u00edcias\",\"isPartOf\":{\"@id\":\"https:\/\/brasilnoticias.org\/site\/#website\"},\"primaryImageOfPage\":{\"@id\":\"https:\/\/brasilnoticias.org\/site\/mp-denuncia-ex-delegado-geral-da-policia-civil-por-falsificacao-e-peculato\/#primaryimage\"},\"image\":{\"@id\":\"https:\/\/brasilnoticias.org\/site\/mp-denuncia-ex-delegado-geral-da-policia-civil-por-falsificacao-e-peculato\/#primaryimage\"},\"thumbnailUrl\":\"https:\/\/brasilnoticias.org\/site\/wp-content\/uploads\/2022\/05\/303247_widelg_widelg.jpg\",\"datePublished\":\"2022-05-14T23:01:55+00:00\",\"breadcrumb\":{\"@id\":\"https:\/\/brasilnoticias.org\/site\/mp-denuncia-ex-delegado-geral-da-policia-civil-por-falsificacao-e-peculato\/#breadcrumb\"},\"inLanguage\":\"pt-PT\",\"potentialAction\":[{\"@type\":\"ReadAction\",\"target\":[\"https:\/\/brasilnoticias.org\/site\/mp-denuncia-ex-delegado-geral-da-policia-civil-por-falsificacao-e-peculato\/\"]}]},{\"@type\":\"ImageObject\",\"inLanguage\":\"pt-PT\",\"@id\":\"https:\/\/brasilnoticias.org\/site\/mp-denuncia-ex-delegado-geral-da-policia-civil-por-falsificacao-e-peculato\/#primaryimage\",\"url\":\"https:\/\/brasilnoticias.org\/site\/wp-content\/uploads\/2022\/05\/303247_widelg_widelg.jpg\",\"contentUrl\":\"https:\/\/brasilnoticias.org\/site\/wp-content\/uploads\/2022\/05\/303247_widelg_widelg.jpg\",\"width\":795,\"height\":379},{\"@type\":\"BreadcrumbList\",\"@id\":\"https:\/\/brasilnoticias.org\/site\/mp-denuncia-ex-delegado-geral-da-policia-civil-por-falsificacao-e-peculato\/#breadcrumb\",\"itemListElement\":[{\"@type\":\"ListItem\",\"position\":1,\"name\":\"In\u00edcio\",\"item\":\"https:\/\/brasilnoticias.org\/site\/\"},{\"@type\":\"ListItem\",\"position\":2,\"name\":\"MP denuncia ex-delegado-geral da Pol\u00edcia Civil por falsifica\u00e7\u00e3o e peculato\"}]},{\"@type\":\"WebSite\",\"@id\":\"https:\/\/brasilnoticias.org\/site\/#website\",\"url\":\"https:\/\/brasilnoticias.org\/site\/\",\"name\":\"Brasil not\u00edcias\",\"description\":\"Brasil not\u00edcias\",\"publisher\":{\"@id\":\"https:\/\/brasilnoticias.org\/site\/#organization\"},\"potentialAction\":[{\"@type\":\"SearchAction\",\"target\":{\"@type\":\"EntryPoint\",\"urlTemplate\":\"https:\/\/brasilnoticias.org\/site\/?s={search_term_string}\"},\"query-input\":{\"@type\":\"PropertyValueSpecification\",\"valueRequired\":true,\"valueName\":\"search_term_string\"}}],\"inLanguage\":\"pt-PT\"},{\"@type\":\"Organization\",\"@id\":\"https:\/\/brasilnoticias.org\/site\/#organization\",\"name\":\"Brasil not\u00edcias\",\"url\":\"https:\/\/brasilnoticias.org\/site\/\",\"logo\":{\"@type\":\"ImageObject\",\"inLanguage\":\"pt-PT\",\"@id\":\"https:\/\/brasilnoticias.org\/site\/#\/schema\/logo\/image\/\",\"url\":\"https:\/\/brasilnoticias.org\/site\/wp-content\/uploads\/2022\/05\/cropped-brasilnoticias-mini.jpg\",\"contentUrl\":\"https:\/\/brasilnoticias.org\/site\/wp-content\/uploads\/2022\/05\/cropped-brasilnoticias-mini.jpg\",\"width\":314,\"height\":86,\"caption\":\"Brasil not\u00edcias\"},\"image\":{\"@id\":\"https:\/\/brasilnoticias.org\/site\/#\/schema\/logo\/image\/\"}},{\"@type\":\"Person\",\"@id\":\"https:\/\/brasilnoticias.org\/site\/#\/schema\/person\/f609fa847b5314f1c8b983342f34c798\",\"name\":\"Reda\u00e7\u00e3o\",\"image\":{\"@type\":\"ImageObject\",\"inLanguage\":\"pt-PT\",\"@id\":\"https:\/\/brasilnoticias.org\/site\/#\/schema\/person\/image\/\",\"url\":\"https:\/\/secure.gravatar.com\/avatar\/447284c06c1ad8b46465a36de9cd0d8326b73387a22799b8b1ffb1fbcff2ed0c?s=96&d=mm&r=g\",\"contentUrl\":\"https:\/\/secure.gravatar.com\/avatar\/447284c06c1ad8b46465a36de9cd0d8326b73387a22799b8b1ffb1fbcff2ed0c?s=96&d=mm&r=g\",\"caption\":\"Reda\u00e7\u00e3o\"},\"url\":\"https:\/\/brasilnoticias.org\/site\/author\/redacao\/\"}]}<\/script>\n<!-- \/ Yoast SEO plugin. -->","yoast_head_json":{"title":"MP denuncia ex-delegado-geral da Pol\u00edcia Civil por falsifica\u00e7\u00e3o e peculato - Brasil not\u00edcias","robots":{"index":"index","follow":"follow","max-snippet":"max-snippet:-1","max-image-preview":"max-image-preview:large","max-video-preview":"max-video-preview:-1"},"canonical":"https:\/\/brasilnoticias.org\/site\/mp-denuncia-ex-delegado-geral-da-policia-civil-por-falsificacao-e-peculato\/","og_locale":"pt_PT","og_type":"article","og_title":"MP denuncia ex-delegado-geral da Pol\u00edcia Civil por falsifica\u00e7\u00e3o e peculato - Brasil not\u00edcias","og_description":"O ex-delegado geral da Pol\u00edcia Civil, Bernardino Brito Filho, e o motorista, Diego Emanuel Carneiro dos Santos, foram denunciados pelo","og_url":"https:\/\/brasilnoticias.org\/site\/mp-denuncia-ex-delegado-geral-da-policia-civil-por-falsificacao-e-peculato\/","og_site_name":"Brasil not\u00edcias","article_published_time":"2022-05-14T23:01:55+00:00","og_image":[{"width":795,"height":379,"url":"https:\/\/brasilnoticias.org\/site\/wp-content\/uploads\/2022\/05\/303247_widelg_widelg.jpg","type":"image\/jpeg"}],"author":"Reda\u00e7\u00e3o","twitter_card":"summary_large_image","twitter_misc":{"Escrito por":"Reda\u00e7\u00e3o","Tempo estimado de leitura":"2 minutos"},"schema":{"@context":"https:\/\/schema.org","@graph":[{"@type":"Article","@id":"https:\/\/brasilnoticias.org\/site\/mp-denuncia-ex-delegado-geral-da-policia-civil-por-falsificacao-e-peculato\/#article","isPartOf":{"@id":"https:\/\/brasilnoticias.org\/site\/mp-denuncia-ex-delegado-geral-da-policia-civil-por-falsificacao-e-peculato\/"},"author":{"name":"Reda\u00e7\u00e3o","@id":"https:\/\/brasilnoticias.org\/site\/#\/schema\/person\/f609fa847b5314f1c8b983342f34c798"},"headline":"MP denuncia ex-delegado-geral da Pol\u00edcia Civil por falsifica\u00e7\u00e3o e peculato","datePublished":"2022-05-14T23:01:55+00:00","mainEntityOfPage":{"@id":"https:\/\/brasilnoticias.org\/site\/mp-denuncia-ex-delegado-geral-da-policia-civil-por-falsificacao-e-peculato\/"},"wordCount":401,"commentCount":0,"publisher":{"@id":"https:\/\/brasilnoticias.org\/site\/#organization"},"image":{"@id":"https:\/\/brasilnoticias.org\/site\/mp-denuncia-ex-delegado-geral-da-policia-civil-por-falsificacao-e-peculato\/#primaryimage"},"thumbnailUrl":"https:\/\/brasilnoticias.org\/site\/wp-content\/uploads\/2022\/05\/303247_widelg_widelg.jpg","articleSection":["Justi\u00e7a","\u00daltimas"],"inLanguage":"pt-PT","potentialAction":[{"@type":"CommentAction","name":"Comment","target":["https:\/\/brasilnoticias.org\/site\/mp-denuncia-ex-delegado-geral-da-policia-civil-por-falsificacao-e-peculato\/#respond"]}]},{"@type":"WebPage","@id":"https:\/\/brasilnoticias.org\/site\/mp-denuncia-ex-delegado-geral-da-policia-civil-por-falsificacao-e-peculato\/","url":"https:\/\/brasilnoticias.org\/site\/mp-denuncia-ex-delegado-geral-da-policia-civil-por-falsificacao-e-peculato\/","name":"MP denuncia ex-delegado-geral da Pol\u00edcia Civil por falsifica\u00e7\u00e3o e peculato - Brasil not\u00edcias","isPartOf":{"@id":"https:\/\/brasilnoticias.org\/site\/#website"},"primaryImageOfPage":{"@id":"https:\/\/brasilnoticias.org\/site\/mp-denuncia-ex-delegado-geral-da-policia-civil-por-falsificacao-e-peculato\/#primaryimage"},"image":{"@id":"https:\/\/brasilnoticias.org\/site\/mp-denuncia-ex-delegado-geral-da-policia-civil-por-falsificacao-e-peculato\/#primaryimage"},"thumbnailUrl":"https:\/\/brasilnoticias.org\/site\/wp-content\/uploads\/2022\/05\/303247_widelg_widelg.jpg","datePublished":"2022-05-14T23:01:55+00:00","breadcrumb":{"@id":"https:\/\/brasilnoticias.org\/site\/mp-denuncia-ex-delegado-geral-da-policia-civil-por-falsificacao-e-peculato\/#breadcrumb"},"inLanguage":"pt-PT","potentialAction":[{"@type":"ReadAction","target":["https:\/\/brasilnoticias.org\/site\/mp-denuncia-ex-delegado-geral-da-policia-civil-por-falsificacao-e-peculato\/"]}]},{"@type":"ImageObject","inLanguage":"pt-PT","@id":"https:\/\/brasilnoticias.org\/site\/mp-denuncia-ex-delegado-geral-da-policia-civil-por-falsificacao-e-peculato\/#primaryimage","url":"https:\/\/brasilnoticias.org\/site\/wp-content\/uploads\/2022\/05\/303247_widelg_widelg.jpg","contentUrl":"https:\/\/brasilnoticias.org\/site\/wp-content\/uploads\/2022\/05\/303247_widelg_widelg.jpg","width":795,"height":379},{"@type":"BreadcrumbList","@id":"https:\/\/brasilnoticias.org\/site\/mp-denuncia-ex-delegado-geral-da-policia-civil-por-falsificacao-e-peculato\/#breadcrumb","itemListElement":[{"@type":"ListItem","position":1,"name":"In\u00edcio","item":"https:\/\/brasilnoticias.org\/site\/"},{"@type":"ListItem","position":2,"name":"MP denuncia ex-delegado-geral da Pol\u00edcia Civil por falsifica\u00e7\u00e3o e peculato"}]},{"@type":"WebSite","@id":"https:\/\/brasilnoticias.org\/site\/#website","url":"https:\/\/brasilnoticias.org\/site\/","name":"Brasil not\u00edcias","description":"Brasil not\u00edcias","publisher":{"@id":"https:\/\/brasilnoticias.org\/site\/#organization"},"potentialAction":[{"@type":"SearchAction","target":{"@type":"EntryPoint","urlTemplate":"https:\/\/brasilnoticias.org\/site\/?s={search_term_string}"},"query-input":{"@type":"PropertyValueSpecification","valueRequired":true,"valueName":"search_term_string"}}],"inLanguage":"pt-PT"},{"@type":"Organization","@id":"https:\/\/brasilnoticias.org\/site\/#organization","name":"Brasil not\u00edcias","url":"https:\/\/brasilnoticias.org\/site\/","logo":{"@type":"ImageObject","inLanguage":"pt-PT","@id":"https:\/\/brasilnoticias.org\/site\/#\/schema\/logo\/image\/","url":"https:\/\/brasilnoticias.org\/site\/wp-content\/uploads\/2022\/05\/cropped-brasilnoticias-mini.jpg","contentUrl":"https:\/\/brasilnoticias.org\/site\/wp-content\/uploads\/2022\/05\/cropped-brasilnoticias-mini.jpg","width":314,"height":86,"caption":"Brasil not\u00edcias"},"image":{"@id":"https:\/\/brasilnoticias.org\/site\/#\/schema\/logo\/image\/"}},{"@type":"Person","@id":"https:\/\/brasilnoticias.org\/site\/#\/schema\/person\/f609fa847b5314f1c8b983342f34c798","name":"Reda\u00e7\u00e3o","image":{"@type":"ImageObject","inLanguage":"pt-PT","@id":"https:\/\/brasilnoticias.org\/site\/#\/schema\/person\/image\/","url":"https:\/\/secure.gravatar.com\/avatar\/447284c06c1ad8b46465a36de9cd0d8326b73387a22799b8b1ffb1fbcff2ed0c?s=96&d=mm&r=g","contentUrl":"https:\/\/secure.gravatar.com\/avatar\/447284c06c1ad8b46465a36de9cd0d8326b73387a22799b8b1ffb1fbcff2ed0c?s=96&d=mm&r=g","caption":"Reda\u00e7\u00e3o"},"url":"https:\/\/brasilnoticias.org\/site\/author\/redacao\/"}]}},"_links":{"self":[{"href":"https:\/\/brasilnoticias.org\/site\/wp-json\/wp\/v2\/posts\/249","targetHints":{"allow":["GET"]}}],"collection":[{"href":"https:\/\/brasilnoticias.org\/site\/wp-json\/wp\/v2\/posts"}],"about":[{"href":"https:\/\/brasilnoticias.org\/site\/wp-json\/wp\/v2\/types\/post"}],"author":[{"embeddable":true,"href":"https:\/\/brasilnoticias.org\/site\/wp-json\/wp\/v2\/users\/2"}],"replies":[{"embeddable":true,"href":"https:\/\/brasilnoticias.org\/site\/wp-json\/wp\/v2\/comments?post=249"}],"version-history":[{"count":2,"href":"https:\/\/brasilnoticias.org\/site\/wp-json\/wp\/v2\/posts\/249\/revisions"}],"predecessor-version":[{"id":252,"href":"https:\/\/brasilnoticias.org\/site\/wp-json\/wp\/v2\/posts\/249\/revisions\/252"}],"wp:featuredmedia":[{"embeddable":true,"href":"https:\/\/brasilnoticias.org\/site\/wp-json\/wp\/v2\/media\/250"}],"wp:attachment":[{"href":"https:\/\/brasilnoticias.org\/site\/wp-json\/wp\/v2\/media?parent=249"}],"wp:term":[{"taxonomy":"category","embeddable":true,"href":"https:\/\/brasilnoticias.org\/site\/wp-json\/wp\/v2\/categories?post=249"},{"taxonomy":"post_tag","embeddable":true,"href":"https:\/\/brasilnoticias.org\/site\/wp-json\/wp\/v2\/tags?post=249"}],"curies":[{"name":"wp","href":"https:\/\/api.w.org\/{rel}","templated":true}]}}