{"id":2525,"date":"2022-12-03T07:10:53","date_gmt":"2022-12-03T10:10:53","guid":{"rendered":"https:\/\/brasilnoticias.org\/site\/?p=2525"},"modified":"2022-12-02T15:59:48","modified_gmt":"2022-12-02T18:59:48","slug":"casal-fica-ferido-apos-ser-atacado-pelos-proprios-cachorros-na-zona-oeste-de-boa-vista","status":"publish","type":"post","link":"https:\/\/brasilnoticias.org\/site\/casal-fica-ferido-apos-ser-atacado-pelos-proprios-cachorros-na-zona-oeste-de-boa-vista\/","title":{"rendered":"Casal fica ferido ap\u00f3s ser atacado pelos pr\u00f3prios cachorros na zona Oeste de Boa Vista"},"content":{"rendered":"<p>Um casal ficou ferido ap\u00f3s serem atacados pelos pr\u00f3prios pitbulls. O homem, de 58 anos, e a mulher de, 52, estavam com sinais de embriaguez. O caso aconteceu na madrugada desta sexta-feira (2), no bairro Doutor Silvio Leite, na zona Oeste de Boa Vista.<\/p>\n<p>A ocorr\u00eancia foi atendida pela Pol\u00edcia Militar. Os policiais foram acionados pelos vizinhos do casal. Ao chegar na resid\u00eancia, os dois foram encontrados pela PM com cortes pelo corpo ensanguentados.<\/p>\n<p>O homem estava no quintal e j\u00e1 tinha contido os cachorros. J\u00e1 a mulher estava no quarto, ca\u00edda no ch\u00e3o, mas consciente. Ambos confirmaram que haviam ingerido bebida alco\u00f3lica, segundo a PM.<\/p>\n<p>Eles foram socorridos por vizinhos, que ajudaram a conter os pitbulls. O Servi\u00e7o de Atendimento M\u00f3vel de Urg\u00eancia (Samu) prestou os primeiros atendimentos ao casal e em seguida os encaminhou para o Hospital Geral de Roraima (HGR).<\/p>\n<p>O casal passou por procedimentos de sutura e vacina\u00e7\u00e3o antirr\u00e1bica.<\/p>\n<p>Foto: Vanessa Fernandes\/G1 RR\/Arquivo<br \/>\nG1<\/p>\n","protected":false},"excerpt":{"rendered":"<p>Um casal ficou ferido ap\u00f3s serem atacados pelos pr\u00f3prios pitbulls. O homem, de 58 anos, e a mulher de, 52,<\/p>\n","protected":false},"author":1,"featured_media":2526,"comment_status":"open","ping_status":"open","sticky":false,"template":"","format":"standard","meta":{"colormag_page_container_layout":"default_layout","colormag_page_sidebar_layout":"default_layout","_FSMCFIC_featured_image_caption":"","_FSMCFIC_featured_image_nocaption":"","_FSMCFIC_featured_image_hide":"","footnotes":""},"categories":[3,1],"tags":[],"class_list":["post-2525","post","type-post","status-publish","format-standard","has-post-thumbnail","hentry","category-policia","category-ultimas"],"yoast_head":"<!-- This site is optimized with the Yoast SEO plugin v27.1.1 - https:\/\/yoast.com\/product\/yoast-seo-wordpress\/ -->\n<title>Casal fica ferido ap\u00f3s ser atacado pelos pr\u00f3prios cachorros na zona Oeste de Boa Vista - Brasil not\u00edcias<\/title>\n<meta name=\"robots\" content=\"index, follow, max-snippet:-1, max-image-preview:large, max-video-preview:-1\" \/>\n<link rel=\"canonical\" href=\"https:\/\/brasilnoticias.org\/site\/casal-fica-ferido-apos-ser-atacado-pelos-proprios-cachorros-na-zona-oeste-de-boa-vista\/\" \/>\n<meta property=\"og:locale\" content=\"pt_PT\" \/>\n<meta property=\"og:type\" content=\"article\" \/>\n<meta property=\"og:title\" content=\"Casal fica ferido ap\u00f3s ser atacado pelos pr\u00f3prios cachorros na zona Oeste de Boa Vista - Brasil not\u00edcias\" \/>\n<meta property=\"og:description\" content=\"Um casal ficou ferido ap\u00f3s serem atacados pelos pr\u00f3prios pitbulls. O homem, de 58 anos, e a mulher de, 52,\" \/>\n<meta property=\"og:url\" content=\"https:\/\/brasilnoticias.org\/site\/casal-fica-ferido-apos-ser-atacado-pelos-proprios-cachorros-na-zona-oeste-de-boa-vista\/\" \/>\n<meta property=\"og:site_name\" content=\"Brasil not\u00edcias\" \/>\n<meta property=\"article:published_time\" content=\"2022-12-03T10:10:53+00:00\" \/>\n<meta property=\"og:image\" content=\"https:\/\/brasilnoticias.org\/site\/wp-content\/uploads\/2022\/12\/casal.jpg\" \/>\n\t<meta property=\"og:image:width\" content=\"626\" \/>\n\t<meta property=\"og:image:height\" content=\"305\" \/>\n\t<meta property=\"og:image:type\" content=\"image\/jpeg\" \/>\n<meta name=\"author\" content=\"Reda\u00e7\u00e3o\" \/>\n<meta name=\"twitter:card\" content=\"summary_large_image\" \/>\n<meta name=\"twitter:label1\" content=\"Escrito por\" \/>\n\t<meta name=\"twitter:data1\" content=\"Reda\u00e7\u00e3o\" \/>\n\t<meta name=\"twitter:label2\" content=\"Tempo estimado de leitura\" \/>\n\t<meta name=\"twitter:data2\" content=\"1 minuto\" \/>\n<script type=\"application\/ld+json\" class=\"yoast-schema-graph\">{\"@context\":\"https:\/\/schema.org\",\"@graph\":[{\"@type\":\"Article\",\"@id\":\"https:\/\/brasilnoticias.org\/site\/casal-fica-ferido-apos-ser-atacado-pelos-proprios-cachorros-na-zona-oeste-de-boa-vista\/#article\",\"isPartOf\":{\"@id\":\"https:\/\/brasilnoticias.org\/site\/casal-fica-ferido-apos-ser-atacado-pelos-proprios-cachorros-na-zona-oeste-de-boa-vista\/\"},\"author\":{\"name\":\"Reda\u00e7\u00e3o\",\"@id\":\"https:\/\/brasilnoticias.org\/site\/#\/schema\/person\/a0e05b973ec4d15c658d51911e53507b\"},\"headline\":\"Casal fica ferido ap\u00f3s ser atacado pelos pr\u00f3prios cachorros na zona Oeste de Boa Vista\",\"datePublished\":\"2022-12-03T10:10:53+00:00\",\"mainEntityOfPage\":{\"@id\":\"https:\/\/brasilnoticias.org\/site\/casal-fica-ferido-apos-ser-atacado-pelos-proprios-cachorros-na-zona-oeste-de-boa-vista\/\"},\"wordCount\":187,\"commentCount\":0,\"publisher\":{\"@id\":\"https:\/\/brasilnoticias.org\/site\/#organization\"},\"image\":{\"@id\":\"https:\/\/brasilnoticias.org\/site\/casal-fica-ferido-apos-ser-atacado-pelos-proprios-cachorros-na-zona-oeste-de-boa-vista\/#primaryimage\"},\"thumbnailUrl\":\"https:\/\/brasilnoticias.org\/site\/wp-content\/uploads\/2022\/12\/casal.jpg\",\"articleSection\":[\"Pol\u00edcia\",\"\u00daltimas\"],\"inLanguage\":\"pt-PT\",\"potentialAction\":[{\"@type\":\"CommentAction\",\"name\":\"Comment\",\"target\":[\"https:\/\/brasilnoticias.org\/site\/casal-fica-ferido-apos-ser-atacado-pelos-proprios-cachorros-na-zona-oeste-de-boa-vista\/#respond\"]}]},{\"@type\":\"WebPage\",\"@id\":\"https:\/\/brasilnoticias.org\/site\/casal-fica-ferido-apos-ser-atacado-pelos-proprios-cachorros-na-zona-oeste-de-boa-vista\/\",\"url\":\"https:\/\/brasilnoticias.org\/site\/casal-fica-ferido-apos-ser-atacado-pelos-proprios-cachorros-na-zona-oeste-de-boa-vista\/\",\"name\":\"Casal fica ferido ap\u00f3s ser atacado pelos pr\u00f3prios cachorros na zona Oeste de Boa Vista - Brasil not\u00edcias\",\"isPartOf\":{\"@id\":\"https:\/\/brasilnoticias.org\/site\/#website\"},\"primaryImageOfPage\":{\"@id\":\"https:\/\/brasilnoticias.org\/site\/casal-fica-ferido-apos-ser-atacado-pelos-proprios-cachorros-na-zona-oeste-de-boa-vista\/#primaryimage\"},\"image\":{\"@id\":\"https:\/\/brasilnoticias.org\/site\/casal-fica-ferido-apos-ser-atacado-pelos-proprios-cachorros-na-zona-oeste-de-boa-vista\/#primaryimage\"},\"thumbnailUrl\":\"https:\/\/brasilnoticias.org\/site\/wp-content\/uploads\/2022\/12\/casal.jpg\",\"datePublished\":\"2022-12-03T10:10:53+00:00\",\"breadcrumb\":{\"@id\":\"https:\/\/brasilnoticias.org\/site\/casal-fica-ferido-apos-ser-atacado-pelos-proprios-cachorros-na-zona-oeste-de-boa-vista\/#breadcrumb\"},\"inLanguage\":\"pt-PT\",\"potentialAction\":[{\"@type\":\"ReadAction\",\"target\":[\"https:\/\/brasilnoticias.org\/site\/casal-fica-ferido-apos-ser-atacado-pelos-proprios-cachorros-na-zona-oeste-de-boa-vista\/\"]}]},{\"@type\":\"ImageObject\",\"inLanguage\":\"pt-PT\",\"@id\":\"https:\/\/brasilnoticias.org\/site\/casal-fica-ferido-apos-ser-atacado-pelos-proprios-cachorros-na-zona-oeste-de-boa-vista\/#primaryimage\",\"url\":\"https:\/\/brasilnoticias.org\/site\/wp-content\/uploads\/2022\/12\/casal.jpg\",\"contentUrl\":\"https:\/\/brasilnoticias.org\/site\/wp-content\/uploads\/2022\/12\/casal.jpg\",\"width\":626,\"height\":305},{\"@type\":\"BreadcrumbList\",\"@id\":\"https:\/\/brasilnoticias.org\/site\/casal-fica-ferido-apos-ser-atacado-pelos-proprios-cachorros-na-zona-oeste-de-boa-vista\/#breadcrumb\",\"itemListElement\":[{\"@type\":\"ListItem\",\"position\":1,\"name\":\"In\u00edcio\",\"item\":\"https:\/\/brasilnoticias.org\/site\/\"},{\"@type\":\"ListItem\",\"position\":2,\"name\":\"Casal fica ferido ap\u00f3s ser atacado pelos pr\u00f3prios cachorros na zona Oeste de Boa Vista\"}]},{\"@type\":\"WebSite\",\"@id\":\"https:\/\/brasilnoticias.org\/site\/#website\",\"url\":\"https:\/\/brasilnoticias.org\/site\/\",\"name\":\"Brasil not\u00edcias\",\"description\":\"Brasil not\u00edcias\",\"publisher\":{\"@id\":\"https:\/\/brasilnoticias.org\/site\/#organization\"},\"potentialAction\":[{\"@type\":\"SearchAction\",\"target\":{\"@type\":\"EntryPoint\",\"urlTemplate\":\"https:\/\/brasilnoticias.org\/site\/?s={search_term_string}\"},\"query-input\":{\"@type\":\"PropertyValueSpecification\",\"valueRequired\":true,\"valueName\":\"search_term_string\"}}],\"inLanguage\":\"pt-PT\"},{\"@type\":\"Organization\",\"@id\":\"https:\/\/brasilnoticias.org\/site\/#organization\",\"name\":\"Brasil not\u00edcias\",\"url\":\"https:\/\/brasilnoticias.org\/site\/\",\"logo\":{\"@type\":\"ImageObject\",\"inLanguage\":\"pt-PT\",\"@id\":\"https:\/\/brasilnoticias.org\/site\/#\/schema\/logo\/image\/\",\"url\":\"https:\/\/brasilnoticias.org\/site\/wp-content\/uploads\/2022\/05\/cropped-brasilnoticias-mini.jpg\",\"contentUrl\":\"https:\/\/brasilnoticias.org\/site\/wp-content\/uploads\/2022\/05\/cropped-brasilnoticias-mini.jpg\",\"width\":314,\"height\":86,\"caption\":\"Brasil not\u00edcias\"},\"image\":{\"@id\":\"https:\/\/brasilnoticias.org\/site\/#\/schema\/logo\/image\/\"}},{\"@type\":\"Person\",\"@id\":\"https:\/\/brasilnoticias.org\/site\/#\/schema\/person\/a0e05b973ec4d15c658d51911e53507b\",\"name\":\"Reda\u00e7\u00e3o\",\"image\":{\"@type\":\"ImageObject\",\"inLanguage\":\"pt-PT\",\"@id\":\"https:\/\/brasilnoticias.org\/site\/#\/schema\/person\/image\/\",\"url\":\"https:\/\/secure.gravatar.com\/avatar\/75d8b050df2de108b08ae78dfb8e374892df24a383c67db9c46a9c604f6aee9c?s=96&d=mm&r=g\",\"contentUrl\":\"https:\/\/secure.gravatar.com\/avatar\/75d8b050df2de108b08ae78dfb8e374892df24a383c67db9c46a9c604f6aee9c?s=96&d=mm&r=g\",\"caption\":\"Reda\u00e7\u00e3o\"},\"sameAs\":[\"https:\/\/brasilnoticias.org\/site\"],\"url\":\"https:\/\/brasilnoticias.org\/site\/author\/fernandozsngmail-com\/\"}]}<\/script>\n<!-- \/ Yoast SEO plugin. -->","yoast_head_json":{"title":"Casal fica ferido ap\u00f3s ser atacado pelos pr\u00f3prios cachorros na zona Oeste de Boa Vista - Brasil not\u00edcias","robots":{"index":"index","follow":"follow","max-snippet":"max-snippet:-1","max-image-preview":"max-image-preview:large","max-video-preview":"max-video-preview:-1"},"canonical":"https:\/\/brasilnoticias.org\/site\/casal-fica-ferido-apos-ser-atacado-pelos-proprios-cachorros-na-zona-oeste-de-boa-vista\/","og_locale":"pt_PT","og_type":"article","og_title":"Casal fica ferido ap\u00f3s ser atacado pelos pr\u00f3prios cachorros na zona Oeste de Boa Vista - Brasil not\u00edcias","og_description":"Um casal ficou ferido ap\u00f3s serem atacados pelos pr\u00f3prios pitbulls. O homem, de 58 anos, e a mulher de, 52,","og_url":"https:\/\/brasilnoticias.org\/site\/casal-fica-ferido-apos-ser-atacado-pelos-proprios-cachorros-na-zona-oeste-de-boa-vista\/","og_site_name":"Brasil not\u00edcias","article_published_time":"2022-12-03T10:10:53+00:00","og_image":[{"width":626,"height":305,"url":"https:\/\/brasilnoticias.org\/site\/wp-content\/uploads\/2022\/12\/casal.jpg","type":"image\/jpeg"}],"author":"Reda\u00e7\u00e3o","twitter_card":"summary_large_image","twitter_misc":{"Escrito por":"Reda\u00e7\u00e3o","Tempo estimado de leitura":"1 minuto"},"schema":{"@context":"https:\/\/schema.org","@graph":[{"@type":"Article","@id":"https:\/\/brasilnoticias.org\/site\/casal-fica-ferido-apos-ser-atacado-pelos-proprios-cachorros-na-zona-oeste-de-boa-vista\/#article","isPartOf":{"@id":"https:\/\/brasilnoticias.org\/site\/casal-fica-ferido-apos-ser-atacado-pelos-proprios-cachorros-na-zona-oeste-de-boa-vista\/"},"author":{"name":"Reda\u00e7\u00e3o","@id":"https:\/\/brasilnoticias.org\/site\/#\/schema\/person\/a0e05b973ec4d15c658d51911e53507b"},"headline":"Casal fica ferido ap\u00f3s ser atacado pelos pr\u00f3prios cachorros na zona Oeste de Boa Vista","datePublished":"2022-12-03T10:10:53+00:00","mainEntityOfPage":{"@id":"https:\/\/brasilnoticias.org\/site\/casal-fica-ferido-apos-ser-atacado-pelos-proprios-cachorros-na-zona-oeste-de-boa-vista\/"},"wordCount":187,"commentCount":0,"publisher":{"@id":"https:\/\/brasilnoticias.org\/site\/#organization"},"image":{"@id":"https:\/\/brasilnoticias.org\/site\/casal-fica-ferido-apos-ser-atacado-pelos-proprios-cachorros-na-zona-oeste-de-boa-vista\/#primaryimage"},"thumbnailUrl":"https:\/\/brasilnoticias.org\/site\/wp-content\/uploads\/2022\/12\/casal.jpg","articleSection":["Pol\u00edcia","\u00daltimas"],"inLanguage":"pt-PT","potentialAction":[{"@type":"CommentAction","name":"Comment","target":["https:\/\/brasilnoticias.org\/site\/casal-fica-ferido-apos-ser-atacado-pelos-proprios-cachorros-na-zona-oeste-de-boa-vista\/#respond"]}]},{"@type":"WebPage","@id":"https:\/\/brasilnoticias.org\/site\/casal-fica-ferido-apos-ser-atacado-pelos-proprios-cachorros-na-zona-oeste-de-boa-vista\/","url":"https:\/\/brasilnoticias.org\/site\/casal-fica-ferido-apos-ser-atacado-pelos-proprios-cachorros-na-zona-oeste-de-boa-vista\/","name":"Casal fica ferido ap\u00f3s ser atacado pelos pr\u00f3prios cachorros na zona Oeste de Boa Vista - Brasil not\u00edcias","isPartOf":{"@id":"https:\/\/brasilnoticias.org\/site\/#website"},"primaryImageOfPage":{"@id":"https:\/\/brasilnoticias.org\/site\/casal-fica-ferido-apos-ser-atacado-pelos-proprios-cachorros-na-zona-oeste-de-boa-vista\/#primaryimage"},"image":{"@id":"https:\/\/brasilnoticias.org\/site\/casal-fica-ferido-apos-ser-atacado-pelos-proprios-cachorros-na-zona-oeste-de-boa-vista\/#primaryimage"},"thumbnailUrl":"https:\/\/brasilnoticias.org\/site\/wp-content\/uploads\/2022\/12\/casal.jpg","datePublished":"2022-12-03T10:10:53+00:00","breadcrumb":{"@id":"https:\/\/brasilnoticias.org\/site\/casal-fica-ferido-apos-ser-atacado-pelos-proprios-cachorros-na-zona-oeste-de-boa-vista\/#breadcrumb"},"inLanguage":"pt-PT","potentialAction":[{"@type":"ReadAction","target":["https:\/\/brasilnoticias.org\/site\/casal-fica-ferido-apos-ser-atacado-pelos-proprios-cachorros-na-zona-oeste-de-boa-vista\/"]}]},{"@type":"ImageObject","inLanguage":"pt-PT","@id":"https:\/\/brasilnoticias.org\/site\/casal-fica-ferido-apos-ser-atacado-pelos-proprios-cachorros-na-zona-oeste-de-boa-vista\/#primaryimage","url":"https:\/\/brasilnoticias.org\/site\/wp-content\/uploads\/2022\/12\/casal.jpg","contentUrl":"https:\/\/brasilnoticias.org\/site\/wp-content\/uploads\/2022\/12\/casal.jpg","width":626,"height":305},{"@type":"BreadcrumbList","@id":"https:\/\/brasilnoticias.org\/site\/casal-fica-ferido-apos-ser-atacado-pelos-proprios-cachorros-na-zona-oeste-de-boa-vista\/#breadcrumb","itemListElement":[{"@type":"ListItem","position":1,"name":"In\u00edcio","item":"https:\/\/brasilnoticias.org\/site\/"},{"@type":"ListItem","position":2,"name":"Casal fica ferido ap\u00f3s ser atacado pelos pr\u00f3prios cachorros na zona Oeste de Boa Vista"}]},{"@type":"WebSite","@id":"https:\/\/brasilnoticias.org\/site\/#website","url":"https:\/\/brasilnoticias.org\/site\/","name":"Brasil not\u00edcias","description":"Brasil not\u00edcias","publisher":{"@id":"https:\/\/brasilnoticias.org\/site\/#organization"},"potentialAction":[{"@type":"SearchAction","target":{"@type":"EntryPoint","urlTemplate":"https:\/\/brasilnoticias.org\/site\/?s={search_term_string}"},"query-input":{"@type":"PropertyValueSpecification","valueRequired":true,"valueName":"search_term_string"}}],"inLanguage":"pt-PT"},{"@type":"Organization","@id":"https:\/\/brasilnoticias.org\/site\/#organization","name":"Brasil not\u00edcias","url":"https:\/\/brasilnoticias.org\/site\/","logo":{"@type":"ImageObject","inLanguage":"pt-PT","@id":"https:\/\/brasilnoticias.org\/site\/#\/schema\/logo\/image\/","url":"https:\/\/brasilnoticias.org\/site\/wp-content\/uploads\/2022\/05\/cropped-brasilnoticias-mini.jpg","contentUrl":"https:\/\/brasilnoticias.org\/site\/wp-content\/uploads\/2022\/05\/cropped-brasilnoticias-mini.jpg","width":314,"height":86,"caption":"Brasil not\u00edcias"},"image":{"@id":"https:\/\/brasilnoticias.org\/site\/#\/schema\/logo\/image\/"}},{"@type":"Person","@id":"https:\/\/brasilnoticias.org\/site\/#\/schema\/person\/a0e05b973ec4d15c658d51911e53507b","name":"Reda\u00e7\u00e3o","image":{"@type":"ImageObject","inLanguage":"pt-PT","@id":"https:\/\/brasilnoticias.org\/site\/#\/schema\/person\/image\/","url":"https:\/\/secure.gravatar.com\/avatar\/75d8b050df2de108b08ae78dfb8e374892df24a383c67db9c46a9c604f6aee9c?s=96&d=mm&r=g","contentUrl":"https:\/\/secure.gravatar.com\/avatar\/75d8b050df2de108b08ae78dfb8e374892df24a383c67db9c46a9c604f6aee9c?s=96&d=mm&r=g","caption":"Reda\u00e7\u00e3o"},"sameAs":["https:\/\/brasilnoticias.org\/site"],"url":"https:\/\/brasilnoticias.org\/site\/author\/fernandozsngmail-com\/"}]}},"_links":{"self":[{"href":"https:\/\/brasilnoticias.org\/site\/wp-json\/wp\/v2\/posts\/2525","targetHints":{"allow":["GET"]}}],"collection":[{"href":"https:\/\/brasilnoticias.org\/site\/wp-json\/wp\/v2\/posts"}],"about":[{"href":"https:\/\/brasilnoticias.org\/site\/wp-json\/wp\/v2\/types\/post"}],"author":[{"embeddable":true,"href":"https:\/\/brasilnoticias.org\/site\/wp-json\/wp\/v2\/users\/1"}],"replies":[{"embeddable":true,"href":"https:\/\/brasilnoticias.org\/site\/wp-json\/wp\/v2\/comments?post=2525"}],"version-history":[{"count":1,"href":"https:\/\/brasilnoticias.org\/site\/wp-json\/wp\/v2\/posts\/2525\/revisions"}],"predecessor-version":[{"id":2527,"href":"https:\/\/brasilnoticias.org\/site\/wp-json\/wp\/v2\/posts\/2525\/revisions\/2527"}],"wp:featuredmedia":[{"embeddable":true,"href":"https:\/\/brasilnoticias.org\/site\/wp-json\/wp\/v2\/media\/2526"}],"wp:attachment":[{"href":"https:\/\/brasilnoticias.org\/site\/wp-json\/wp\/v2\/media?parent=2525"}],"wp:term":[{"taxonomy":"category","embeddable":true,"href":"https:\/\/brasilnoticias.org\/site\/wp-json\/wp\/v2\/categories?post=2525"},{"taxonomy":"post_tag","embeddable":true,"href":"https:\/\/brasilnoticias.org\/site\/wp-json\/wp\/v2\/tags?post=2525"}],"curies":[{"name":"wp","href":"https:\/\/api.w.org\/{rel}","templated":true}]}}