{"id":2531,"date":"2022-12-03T07:30:39","date_gmt":"2022-12-03T10:30:39","guid":{"rendered":"https:\/\/brasilnoticias.org\/site\/?p=2531"},"modified":"2022-12-02T16:06:36","modified_gmt":"2022-12-02T19:06:36","slug":"indices-de-pobreza-e-extrema-pobreza-batem-recordes-na-bahia-e-em-salvador-em-2021-aponta-ibge","status":"publish","type":"post","link":"https:\/\/brasilnoticias.org\/site\/indices-de-pobreza-e-extrema-pobreza-batem-recordes-na-bahia-e-em-salvador-em-2021-aponta-ibge\/","title":{"rendered":"\u00cdndices de pobreza e extrema pobreza batem recordes na Bahia e em Salvador em 2021, aponta IBGE"},"content":{"rendered":"<p>Em 2021, tanto na Bahia quanto em Salvador, a pobreza e a extrema pobreza atingiram \u00edndices recordes nos nove anos de s\u00e9rie hist\u00f3rica da Pesquisa Nacional por Amostra de Domic\u00edlios Cont\u00ednua (PNADC), iniciada em 2012. A informa\u00e7\u00e3o foi divulgada pelo Instituto Brasileiro de Geografia e Estat\u00edstica (IBGE), nesta sexta-feira (2).<\/p>\n<p>Segundo informa\u00e7\u00f5es do IBGE, no ano passado, 46,5% da popula\u00e7\u00e3o baiana, ou 6,949 milh\u00f5es de pessoas, podiam ser consideradas pobres, levando em conta apenas o crit\u00e9rio da renda. Elas viviam com um rendimento domiciliar per capita m\u00e9dio inferior a R$ 475 por m\u00eas.<\/p>\n<p>Com a quarta maior popula\u00e7\u00e3o em geral entre as 27 unidades da Federa\u00e7\u00e3o, a Bahia tinha, em 2021, o segundo maior n\u00famero absoluto de pessoas na pobreza (6,949 milh\u00f5es), atr\u00e1s apenas de S\u00e3o Paulo, estado mais populoso do pa\u00eds, onde 8,150 milh\u00f5es de pessoas podiam ser consideradas pobres (17,5% de todos os paulistas).<\/p>\n<p>Entretanto, o percentual de pobres na Bahia (46,5%) era apenas o 11\u00b0 mais elevado, em um ranking liderado por Maranh\u00e3o (57,5% ou 4,1 milh\u00f5es de pobres), Alagoas (51,7% ou 1,7 milh\u00e3o) e Pernambuco (51,0% ou 4,9 milh\u00f5es).<\/p>\n<p>Frente a 2020, quando a propor\u00e7\u00e3o de pessoas em pobreza monet\u00e1ria na Bahia tinha sido a menor da s\u00e9rie hist\u00f3rica (37,5% ou 5,593 milh\u00f5es em n\u00fameros absolutos), o n\u00famero de pobres no estado aumentou 24,2%. Isso significou mais 1,356 milh\u00e3o de pessoas em situa\u00e7\u00e3o de pobreza, em apenas um ano &#8211; o maior crescimento desse grupo em toda a s\u00e9rie hist\u00f3rica.<\/p>\n<p>Mesmo comparando com 2012, primeiro ano da s\u00e9rie e, at\u00e9 ent\u00e3o, o recordista em \u00edndice de pobreza na Bahia (quando 46% da popula\u00e7\u00e3o do estado, ou 6,632 milh\u00f5es de pessoas podiam ser consideradas pobres), houve uma piora do quadro em 2021, com mais 317 mil pobres, em um aumento de 4,8%.<\/p>\n<p>Semelhan\u00e7a em Salvador<br \/>\nEm 2021, 33,2% dos moradores da capital baiana estavam abaixo da linha da pobreza em Salvador, o que significa que 937 mil pessoas viviam com rendimento domiciliar per capita inferior a R$ 475 por m\u00eas.<\/p>\n<p>Quarta capital brasileira em popula\u00e7\u00e3o total, Salvador tinha, no ano passado, o terceiro maior n\u00famero absoluto de pessoas abaixo da linha da pobreza, abaixo apenas de S\u00e3o Paulo (2,1 milh\u00f5es, 16,9% da popula\u00e7\u00e3o) e Rio de Janeiro (1,1 milh\u00e3o, 16,6% da popula\u00e7\u00e3o).<\/p>\n<p>Percentualmente, por\u00e9m, a capital baiana estava em 12\u00aa posi\u00e7\u00e3o, em um ranking liderado por Boa Vista (40,7%, 169 mil pessoas), Rio Branco (39,4%, 165 mil pessoas) e Manaus (38,6%, 870 mil pessoas).<\/p>\n<p>Al\u00e9m de Salvador ter registrado a maior propor\u00e7\u00e3o e o maior n\u00famero absoluto de pobres dos \u00faltimos nove anos (desde 2012), houve um crescimento expressivo frente a 2020, de 44,2% ou mais 284 mil pessoas em situa\u00e7\u00e3o de pobreza, em um ano.<\/p>\n<p>Veja dados detalhados<\/p>\n<p>Na passagem de 2020 para 2021, a ocorr\u00eancia de pobreza aumentou em todas as 27 unidades da Federa\u00e7\u00e3o;<br \/>\nA Bahia teve o 3\u00ba maior aumento absoluto (+1,356 milh\u00e3o de pessoas), abaixo de S\u00e3o Paulo (+1,523 milh\u00e3o) e Minas Gerais (+1,450 milh\u00e3o), mas apenas o 10\u00b0 crescimento em termos percentuais (+24,2%);<br \/>\nEntre as capitais, Salvador registrou o maior crescimento absoluto no n\u00famero de pessoas abaixo da linha de pobreza, entre 2020 e 2021 (+284 mil pobres), seguida por S\u00e3o Paulo (+226 mil pessoas) e Manaus (+192 mil).<br \/>\nPercentualmente, a capital baiana teve o 4\u00ba maior aumento da pobreza (+44,2%), abaixo de Porto Velho (+61,9%, +74 mil pessoas), Aracaju (+60,4%, +86 mil pessoas) e Campo Grande (+46,7%, +59 mil pessoas).<\/p>\n<p>Brasil n\u00e3o tem linha de pobreza monet\u00e1ria<br \/>\nOs valores de R$ 475, para Bahia e Salvador, e de R$ 486 para o pa\u00eds como um todo, equivalem a US$ 5,50 por dia em paridade de poder de compra (PPC).<\/p>\n<p>Esse \u00e9 o crit\u00e9rio definido pelo Banco Mundial para a linha de pobreza em pa\u00edses de renda m\u00e9dia-alta, entre eles o Brasil, e adotado nacionalmente para acompanhamento das metas dos Objetivos de Desenvolvimento Sustent\u00e1vel (ODS).<\/p>\n<p>J\u00e1 a linha de extrema pobreza, R$ 164 para Bahia e Salvador e R$ 168 para o Brasil como um todo, corresponde a US$ 1,90 por dia em poder de paridade de compra (PPC), crit\u00e9rio que tamb\u00e9m \u00e9 fixado pelo Banco Mundial.<\/p>\n<p>G1<br \/>\n Foto: Reprodu\u00e7\u00e3o\/TV Bahia<\/p>\n","protected":false},"excerpt":{"rendered":"<p>Em 2021, tanto na Bahia quanto em Salvador, a pobreza e a extrema pobreza atingiram \u00edndices recordes nos nove anos<\/p>\n","protected":false},"author":1,"featured_media":2532,"comment_status":"open","ping_status":"open","sticky":false,"template":"","format":"standard","meta":{"colormag_page_container_layout":"default_layout","colormag_page_sidebar_layout":"default_layout","_FSMCFIC_featured_image_caption":"","_FSMCFIC_featured_image_nocaption":"","_FSMCFIC_featured_image_hide":"","footnotes":""},"categories":[2,1],"tags":[],"class_list":["post-2531","post","type-post","status-publish","format-standard","has-post-thumbnail","hentry","category-noticias","category-ultimas"],"yoast_head":"<!-- This site is optimized with the Yoast SEO plugin v27.1.1 - https:\/\/yoast.com\/product\/yoast-seo-wordpress\/ -->\n<title>\u00cdndices de pobreza e extrema pobreza batem recordes na Bahia e em Salvador em 2021, aponta IBGE - Brasil not\u00edcias<\/title>\n<meta name=\"robots\" content=\"index, follow, max-snippet:-1, max-image-preview:large, max-video-preview:-1\" \/>\n<link rel=\"canonical\" href=\"https:\/\/brasilnoticias.org\/site\/indices-de-pobreza-e-extrema-pobreza-batem-recordes-na-bahia-e-em-salvador-em-2021-aponta-ibge\/\" \/>\n<meta property=\"og:locale\" content=\"pt_PT\" \/>\n<meta property=\"og:type\" content=\"article\" \/>\n<meta property=\"og:title\" content=\"\u00cdndices de pobreza e extrema pobreza batem recordes na Bahia e em Salvador em 2021, aponta IBGE - Brasil not\u00edcias\" \/>\n<meta property=\"og:description\" content=\"Em 2021, tanto na Bahia quanto em Salvador, a pobreza e a extrema pobreza atingiram \u00edndices recordes nos nove anos\" \/>\n<meta property=\"og:url\" content=\"https:\/\/brasilnoticias.org\/site\/indices-de-pobreza-e-extrema-pobreza-batem-recordes-na-bahia-e-em-salvador-em-2021-aponta-ibge\/\" \/>\n<meta property=\"og:site_name\" content=\"Brasil not\u00edcias\" \/>\n<meta property=\"article:published_time\" content=\"2022-12-03T10:30:39+00:00\" \/>\n<meta property=\"og:image\" content=\"https:\/\/brasilnoticias.org\/site\/wp-content\/uploads\/2022\/12\/image.psd-2022-08-11t113712.930.webp\" \/>\n\t<meta property=\"og:image:width\" content=\"640\" \/>\n\t<meta property=\"og:image:height\" content=\"399\" \/>\n\t<meta property=\"og:image:type\" content=\"image\/webp\" \/>\n<meta name=\"author\" content=\"Reda\u00e7\u00e3o\" \/>\n<meta name=\"twitter:card\" content=\"summary_large_image\" \/>\n<meta name=\"twitter:label1\" content=\"Escrito por\" \/>\n\t<meta name=\"twitter:data1\" content=\"Reda\u00e7\u00e3o\" \/>\n\t<meta name=\"twitter:label2\" content=\"Tempo estimado de leitura\" \/>\n\t<meta name=\"twitter:data2\" content=\"3 minutos\" \/>\n<script type=\"application\/ld+json\" class=\"yoast-schema-graph\">{\"@context\":\"https:\/\/schema.org\",\"@graph\":[{\"@type\":\"Article\",\"@id\":\"https:\/\/brasilnoticias.org\/site\/indices-de-pobreza-e-extrema-pobreza-batem-recordes-na-bahia-e-em-salvador-em-2021-aponta-ibge\/#article\",\"isPartOf\":{\"@id\":\"https:\/\/brasilnoticias.org\/site\/indices-de-pobreza-e-extrema-pobreza-batem-recordes-na-bahia-e-em-salvador-em-2021-aponta-ibge\/\"},\"author\":{\"name\":\"Reda\u00e7\u00e3o\",\"@id\":\"https:\/\/brasilnoticias.org\/site\/#\/schema\/person\/a0e05b973ec4d15c658d51911e53507b\"},\"headline\":\"\u00cdndices de pobreza e extrema pobreza batem recordes na Bahia e em Salvador em 2021, aponta IBGE\",\"datePublished\":\"2022-12-03T10:30:39+00:00\",\"mainEntityOfPage\":{\"@id\":\"https:\/\/brasilnoticias.org\/site\/indices-de-pobreza-e-extrema-pobreza-batem-recordes-na-bahia-e-em-salvador-em-2021-aponta-ibge\/\"},\"wordCount\":700,\"commentCount\":0,\"publisher\":{\"@id\":\"https:\/\/brasilnoticias.org\/site\/#organization\"},\"image\":{\"@id\":\"https:\/\/brasilnoticias.org\/site\/indices-de-pobreza-e-extrema-pobreza-batem-recordes-na-bahia-e-em-salvador-em-2021-aponta-ibge\/#primaryimage\"},\"thumbnailUrl\":\"https:\/\/brasilnoticias.org\/site\/wp-content\/uploads\/2022\/12\/image.psd-2022-08-11t113712.930.webp\",\"articleSection\":[\"Not\u00edcias\",\"\u00daltimas\"],\"inLanguage\":\"pt-PT\",\"potentialAction\":[{\"@type\":\"CommentAction\",\"name\":\"Comment\",\"target\":[\"https:\/\/brasilnoticias.org\/site\/indices-de-pobreza-e-extrema-pobreza-batem-recordes-na-bahia-e-em-salvador-em-2021-aponta-ibge\/#respond\"]}]},{\"@type\":\"WebPage\",\"@id\":\"https:\/\/brasilnoticias.org\/site\/indices-de-pobreza-e-extrema-pobreza-batem-recordes-na-bahia-e-em-salvador-em-2021-aponta-ibge\/\",\"url\":\"https:\/\/brasilnoticias.org\/site\/indices-de-pobreza-e-extrema-pobreza-batem-recordes-na-bahia-e-em-salvador-em-2021-aponta-ibge\/\",\"name\":\"\u00cdndices de pobreza e extrema pobreza batem recordes na Bahia e em Salvador em 2021, aponta IBGE - Brasil not\u00edcias\",\"isPartOf\":{\"@id\":\"https:\/\/brasilnoticias.org\/site\/#website\"},\"primaryImageOfPage\":{\"@id\":\"https:\/\/brasilnoticias.org\/site\/indices-de-pobreza-e-extrema-pobreza-batem-recordes-na-bahia-e-em-salvador-em-2021-aponta-ibge\/#primaryimage\"},\"image\":{\"@id\":\"https:\/\/brasilnoticias.org\/site\/indices-de-pobreza-e-extrema-pobreza-batem-recordes-na-bahia-e-em-salvador-em-2021-aponta-ibge\/#primaryimage\"},\"thumbnailUrl\":\"https:\/\/brasilnoticias.org\/site\/wp-content\/uploads\/2022\/12\/image.psd-2022-08-11t113712.930.webp\",\"datePublished\":\"2022-12-03T10:30:39+00:00\",\"breadcrumb\":{\"@id\":\"https:\/\/brasilnoticias.org\/site\/indices-de-pobreza-e-extrema-pobreza-batem-recordes-na-bahia-e-em-salvador-em-2021-aponta-ibge\/#breadcrumb\"},\"inLanguage\":\"pt-PT\",\"potentialAction\":[{\"@type\":\"ReadAction\",\"target\":[\"https:\/\/brasilnoticias.org\/site\/indices-de-pobreza-e-extrema-pobreza-batem-recordes-na-bahia-e-em-salvador-em-2021-aponta-ibge\/\"]}]},{\"@type\":\"ImageObject\",\"inLanguage\":\"pt-PT\",\"@id\":\"https:\/\/brasilnoticias.org\/site\/indices-de-pobreza-e-extrema-pobreza-batem-recordes-na-bahia-e-em-salvador-em-2021-aponta-ibge\/#primaryimage\",\"url\":\"https:\/\/brasilnoticias.org\/site\/wp-content\/uploads\/2022\/12\/image.psd-2022-08-11t113712.930.webp\",\"contentUrl\":\"https:\/\/brasilnoticias.org\/site\/wp-content\/uploads\/2022\/12\/image.psd-2022-08-11t113712.930.webp\",\"width\":640,\"height\":399},{\"@type\":\"BreadcrumbList\",\"@id\":\"https:\/\/brasilnoticias.org\/site\/indices-de-pobreza-e-extrema-pobreza-batem-recordes-na-bahia-e-em-salvador-em-2021-aponta-ibge\/#breadcrumb\",\"itemListElement\":[{\"@type\":\"ListItem\",\"position\":1,\"name\":\"In\u00edcio\",\"item\":\"https:\/\/brasilnoticias.org\/site\/\"},{\"@type\":\"ListItem\",\"position\":2,\"name\":\"\u00cdndices de pobreza e extrema pobreza batem recordes na Bahia e em Salvador em 2021, aponta IBGE\"}]},{\"@type\":\"WebSite\",\"@id\":\"https:\/\/brasilnoticias.org\/site\/#website\",\"url\":\"https:\/\/brasilnoticias.org\/site\/\",\"name\":\"Brasil not\u00edcias\",\"description\":\"Brasil not\u00edcias\",\"publisher\":{\"@id\":\"https:\/\/brasilnoticias.org\/site\/#organization\"},\"potentialAction\":[{\"@type\":\"SearchAction\",\"target\":{\"@type\":\"EntryPoint\",\"urlTemplate\":\"https:\/\/brasilnoticias.org\/site\/?s={search_term_string}\"},\"query-input\":{\"@type\":\"PropertyValueSpecification\",\"valueRequired\":true,\"valueName\":\"search_term_string\"}}],\"inLanguage\":\"pt-PT\"},{\"@type\":\"Organization\",\"@id\":\"https:\/\/brasilnoticias.org\/site\/#organization\",\"name\":\"Brasil not\u00edcias\",\"url\":\"https:\/\/brasilnoticias.org\/site\/\",\"logo\":{\"@type\":\"ImageObject\",\"inLanguage\":\"pt-PT\",\"@id\":\"https:\/\/brasilnoticias.org\/site\/#\/schema\/logo\/image\/\",\"url\":\"https:\/\/brasilnoticias.org\/site\/wp-content\/uploads\/2022\/05\/cropped-brasilnoticias-mini.jpg\",\"contentUrl\":\"https:\/\/brasilnoticias.org\/site\/wp-content\/uploads\/2022\/05\/cropped-brasilnoticias-mini.jpg\",\"width\":314,\"height\":86,\"caption\":\"Brasil not\u00edcias\"},\"image\":{\"@id\":\"https:\/\/brasilnoticias.org\/site\/#\/schema\/logo\/image\/\"}},{\"@type\":\"Person\",\"@id\":\"https:\/\/brasilnoticias.org\/site\/#\/schema\/person\/a0e05b973ec4d15c658d51911e53507b\",\"name\":\"Reda\u00e7\u00e3o\",\"image\":{\"@type\":\"ImageObject\",\"inLanguage\":\"pt-PT\",\"@id\":\"https:\/\/brasilnoticias.org\/site\/#\/schema\/person\/image\/\",\"url\":\"https:\/\/secure.gravatar.com\/avatar\/75d8b050df2de108b08ae78dfb8e374892df24a383c67db9c46a9c604f6aee9c?s=96&d=mm&r=g\",\"contentUrl\":\"https:\/\/secure.gravatar.com\/avatar\/75d8b050df2de108b08ae78dfb8e374892df24a383c67db9c46a9c604f6aee9c?s=96&d=mm&r=g\",\"caption\":\"Reda\u00e7\u00e3o\"},\"sameAs\":[\"https:\/\/brasilnoticias.org\/site\"],\"url\":\"https:\/\/brasilnoticias.org\/site\/author\/fernandozsngmail-com\/\"}]}<\/script>\n<!-- \/ Yoast SEO plugin. -->","yoast_head_json":{"title":"\u00cdndices de pobreza e extrema pobreza batem recordes na Bahia e em Salvador em 2021, aponta IBGE - Brasil not\u00edcias","robots":{"index":"index","follow":"follow","max-snippet":"max-snippet:-1","max-image-preview":"max-image-preview:large","max-video-preview":"max-video-preview:-1"},"canonical":"https:\/\/brasilnoticias.org\/site\/indices-de-pobreza-e-extrema-pobreza-batem-recordes-na-bahia-e-em-salvador-em-2021-aponta-ibge\/","og_locale":"pt_PT","og_type":"article","og_title":"\u00cdndices de pobreza e extrema pobreza batem recordes na Bahia e em Salvador em 2021, aponta IBGE - Brasil not\u00edcias","og_description":"Em 2021, tanto na Bahia quanto em Salvador, a pobreza e a extrema pobreza atingiram \u00edndices recordes nos nove anos","og_url":"https:\/\/brasilnoticias.org\/site\/indices-de-pobreza-e-extrema-pobreza-batem-recordes-na-bahia-e-em-salvador-em-2021-aponta-ibge\/","og_site_name":"Brasil not\u00edcias","article_published_time":"2022-12-03T10:30:39+00:00","og_image":[{"width":640,"height":399,"url":"https:\/\/brasilnoticias.org\/site\/wp-content\/uploads\/2022\/12\/image.psd-2022-08-11t113712.930.webp","type":"image\/webp"}],"author":"Reda\u00e7\u00e3o","twitter_card":"summary_large_image","twitter_misc":{"Escrito por":"Reda\u00e7\u00e3o","Tempo estimado de leitura":"3 minutos"},"schema":{"@context":"https:\/\/schema.org","@graph":[{"@type":"Article","@id":"https:\/\/brasilnoticias.org\/site\/indices-de-pobreza-e-extrema-pobreza-batem-recordes-na-bahia-e-em-salvador-em-2021-aponta-ibge\/#article","isPartOf":{"@id":"https:\/\/brasilnoticias.org\/site\/indices-de-pobreza-e-extrema-pobreza-batem-recordes-na-bahia-e-em-salvador-em-2021-aponta-ibge\/"},"author":{"name":"Reda\u00e7\u00e3o","@id":"https:\/\/brasilnoticias.org\/site\/#\/schema\/person\/a0e05b973ec4d15c658d51911e53507b"},"headline":"\u00cdndices de pobreza e extrema pobreza batem recordes na Bahia e em Salvador em 2021, aponta IBGE","datePublished":"2022-12-03T10:30:39+00:00","mainEntityOfPage":{"@id":"https:\/\/brasilnoticias.org\/site\/indices-de-pobreza-e-extrema-pobreza-batem-recordes-na-bahia-e-em-salvador-em-2021-aponta-ibge\/"},"wordCount":700,"commentCount":0,"publisher":{"@id":"https:\/\/brasilnoticias.org\/site\/#organization"},"image":{"@id":"https:\/\/brasilnoticias.org\/site\/indices-de-pobreza-e-extrema-pobreza-batem-recordes-na-bahia-e-em-salvador-em-2021-aponta-ibge\/#primaryimage"},"thumbnailUrl":"https:\/\/brasilnoticias.org\/site\/wp-content\/uploads\/2022\/12\/image.psd-2022-08-11t113712.930.webp","articleSection":["Not\u00edcias","\u00daltimas"],"inLanguage":"pt-PT","potentialAction":[{"@type":"CommentAction","name":"Comment","target":["https:\/\/brasilnoticias.org\/site\/indices-de-pobreza-e-extrema-pobreza-batem-recordes-na-bahia-e-em-salvador-em-2021-aponta-ibge\/#respond"]}]},{"@type":"WebPage","@id":"https:\/\/brasilnoticias.org\/site\/indices-de-pobreza-e-extrema-pobreza-batem-recordes-na-bahia-e-em-salvador-em-2021-aponta-ibge\/","url":"https:\/\/brasilnoticias.org\/site\/indices-de-pobreza-e-extrema-pobreza-batem-recordes-na-bahia-e-em-salvador-em-2021-aponta-ibge\/","name":"\u00cdndices de pobreza e extrema pobreza batem recordes na Bahia e em Salvador em 2021, aponta IBGE - Brasil not\u00edcias","isPartOf":{"@id":"https:\/\/brasilnoticias.org\/site\/#website"},"primaryImageOfPage":{"@id":"https:\/\/brasilnoticias.org\/site\/indices-de-pobreza-e-extrema-pobreza-batem-recordes-na-bahia-e-em-salvador-em-2021-aponta-ibge\/#primaryimage"},"image":{"@id":"https:\/\/brasilnoticias.org\/site\/indices-de-pobreza-e-extrema-pobreza-batem-recordes-na-bahia-e-em-salvador-em-2021-aponta-ibge\/#primaryimage"},"thumbnailUrl":"https:\/\/brasilnoticias.org\/site\/wp-content\/uploads\/2022\/12\/image.psd-2022-08-11t113712.930.webp","datePublished":"2022-12-03T10:30:39+00:00","breadcrumb":{"@id":"https:\/\/brasilnoticias.org\/site\/indices-de-pobreza-e-extrema-pobreza-batem-recordes-na-bahia-e-em-salvador-em-2021-aponta-ibge\/#breadcrumb"},"inLanguage":"pt-PT","potentialAction":[{"@type":"ReadAction","target":["https:\/\/brasilnoticias.org\/site\/indices-de-pobreza-e-extrema-pobreza-batem-recordes-na-bahia-e-em-salvador-em-2021-aponta-ibge\/"]}]},{"@type":"ImageObject","inLanguage":"pt-PT","@id":"https:\/\/brasilnoticias.org\/site\/indices-de-pobreza-e-extrema-pobreza-batem-recordes-na-bahia-e-em-salvador-em-2021-aponta-ibge\/#primaryimage","url":"https:\/\/brasilnoticias.org\/site\/wp-content\/uploads\/2022\/12\/image.psd-2022-08-11t113712.930.webp","contentUrl":"https:\/\/brasilnoticias.org\/site\/wp-content\/uploads\/2022\/12\/image.psd-2022-08-11t113712.930.webp","width":640,"height":399},{"@type":"BreadcrumbList","@id":"https:\/\/brasilnoticias.org\/site\/indices-de-pobreza-e-extrema-pobreza-batem-recordes-na-bahia-e-em-salvador-em-2021-aponta-ibge\/#breadcrumb","itemListElement":[{"@type":"ListItem","position":1,"name":"In\u00edcio","item":"https:\/\/brasilnoticias.org\/site\/"},{"@type":"ListItem","position":2,"name":"\u00cdndices de pobreza e extrema pobreza batem recordes na Bahia e em Salvador em 2021, aponta IBGE"}]},{"@type":"WebSite","@id":"https:\/\/brasilnoticias.org\/site\/#website","url":"https:\/\/brasilnoticias.org\/site\/","name":"Brasil not\u00edcias","description":"Brasil not\u00edcias","publisher":{"@id":"https:\/\/brasilnoticias.org\/site\/#organization"},"potentialAction":[{"@type":"SearchAction","target":{"@type":"EntryPoint","urlTemplate":"https:\/\/brasilnoticias.org\/site\/?s={search_term_string}"},"query-input":{"@type":"PropertyValueSpecification","valueRequired":true,"valueName":"search_term_string"}}],"inLanguage":"pt-PT"},{"@type":"Organization","@id":"https:\/\/brasilnoticias.org\/site\/#organization","name":"Brasil not\u00edcias","url":"https:\/\/brasilnoticias.org\/site\/","logo":{"@type":"ImageObject","inLanguage":"pt-PT","@id":"https:\/\/brasilnoticias.org\/site\/#\/schema\/logo\/image\/","url":"https:\/\/brasilnoticias.org\/site\/wp-content\/uploads\/2022\/05\/cropped-brasilnoticias-mini.jpg","contentUrl":"https:\/\/brasilnoticias.org\/site\/wp-content\/uploads\/2022\/05\/cropped-brasilnoticias-mini.jpg","width":314,"height":86,"caption":"Brasil not\u00edcias"},"image":{"@id":"https:\/\/brasilnoticias.org\/site\/#\/schema\/logo\/image\/"}},{"@type":"Person","@id":"https:\/\/brasilnoticias.org\/site\/#\/schema\/person\/a0e05b973ec4d15c658d51911e53507b","name":"Reda\u00e7\u00e3o","image":{"@type":"ImageObject","inLanguage":"pt-PT","@id":"https:\/\/brasilnoticias.org\/site\/#\/schema\/person\/image\/","url":"https:\/\/secure.gravatar.com\/avatar\/75d8b050df2de108b08ae78dfb8e374892df24a383c67db9c46a9c604f6aee9c?s=96&d=mm&r=g","contentUrl":"https:\/\/secure.gravatar.com\/avatar\/75d8b050df2de108b08ae78dfb8e374892df24a383c67db9c46a9c604f6aee9c?s=96&d=mm&r=g","caption":"Reda\u00e7\u00e3o"},"sameAs":["https:\/\/brasilnoticias.org\/site"],"url":"https:\/\/brasilnoticias.org\/site\/author\/fernandozsngmail-com\/"}]}},"_links":{"self":[{"href":"https:\/\/brasilnoticias.org\/site\/wp-json\/wp\/v2\/posts\/2531","targetHints":{"allow":["GET"]}}],"collection":[{"href":"https:\/\/brasilnoticias.org\/site\/wp-json\/wp\/v2\/posts"}],"about":[{"href":"https:\/\/brasilnoticias.org\/site\/wp-json\/wp\/v2\/types\/post"}],"author":[{"embeddable":true,"href":"https:\/\/brasilnoticias.org\/site\/wp-json\/wp\/v2\/users\/1"}],"replies":[{"embeddable":true,"href":"https:\/\/brasilnoticias.org\/site\/wp-json\/wp\/v2\/comments?post=2531"}],"version-history":[{"count":1,"href":"https:\/\/brasilnoticias.org\/site\/wp-json\/wp\/v2\/posts\/2531\/revisions"}],"predecessor-version":[{"id":2533,"href":"https:\/\/brasilnoticias.org\/site\/wp-json\/wp\/v2\/posts\/2531\/revisions\/2533"}],"wp:featuredmedia":[{"embeddable":true,"href":"https:\/\/brasilnoticias.org\/site\/wp-json\/wp\/v2\/media\/2532"}],"wp:attachment":[{"href":"https:\/\/brasilnoticias.org\/site\/wp-json\/wp\/v2\/media?parent=2531"}],"wp:term":[{"taxonomy":"category","embeddable":true,"href":"https:\/\/brasilnoticias.org\/site\/wp-json\/wp\/v2\/categories?post=2531"},{"taxonomy":"post_tag","embeddable":true,"href":"https:\/\/brasilnoticias.org\/site\/wp-json\/wp\/v2\/tags?post=2531"}],"curies":[{"name":"wp","href":"https:\/\/api.w.org\/{rel}","templated":true}]}}