{"id":2540,"date":"2022-12-03T18:00:10","date_gmt":"2022-12-03T21:00:10","guid":{"rendered":"https:\/\/brasilnoticias.org\/site\/?p=2540"},"modified":"2022-12-03T15:38:23","modified_gmt":"2022-12-03T18:38:23","slug":"lula-fara-exames-na-garganta-neste-domingo-e-depois-segue-para-brasilia","status":"publish","type":"post","link":"https:\/\/brasilnoticias.org\/site\/lula-fara-exames-na-garganta-neste-domingo-e-depois-segue-para-brasilia\/","title":{"rendered":"Lula far\u00e1 exames na garganta neste domingo e depois segue para Bras\u00edlia"},"content":{"rendered":"<p>O presidente eleito Luiz In\u00e1cio Lula da Silva (PT) far\u00e1 neste domingo, 4, em S\u00e3o Paulo, exames para verificar as condi\u00e7\u00f5es de sua garganta. No dia 20 de novembro, Lula passou por uma laringoscopia no Hospital S\u00edrio-Liban\u00eas para retirar uma les\u00e3o benigna da garganta, chamada leucoplasia.<br \/>\nOntem, em coletiva \u00e0 imprensa, Lula havia dito que os exames seriam realizados neste s\u00e1bado, mas refor\u00e7ou que a garganta &#8220;estava melhorando&#8221;. Por mudan\u00e7as m\u00e9dicas, de acordo com a assessoria do presidente eleito, os procedimentos, considerados &#8220;simples&#8221;, foram transferidos para amanh\u00e3.<\/p>\n<p>Ap\u00f3s a realiza\u00e7\u00e3o de exames, conforme a assessoria, Lula seguir\u00e1 para Bras\u00edlia. Na segunda-feira, como mostrou o Estad\u00e3o, o presidente eleito ter\u00e1 uma reuni\u00e3o com o conselheiro de seguran\u00e7a dos Estados Unidos, Jake Sullivan. Sullivan vir\u00e1 ao Brasil como um enviado especial do presidente americano, Joe Bien, para dar in\u00edcio \u00e0s tratativas por uma agenda conjunta entre os dois pa\u00edses a partir de 2023.<\/p>\n<p>Lula definir\u00e1 uma data para viajar aos Estados Unidos e se encontrar com Biden antes mesmo da posse, que ocorre no dia 1\u00ba de janeiro. Segundo o presidente eleito, a ida a Washington deve acontecer ap\u00f3s a diploma\u00e7\u00e3o no Tribunal Superior Eleitoral (TSE), em 12 de dezembro.<\/p>\n<p>Not\u00edcias ao minuto<br \/>\nFoto Getty<\/p>\n","protected":false},"excerpt":{"rendered":"<p>O presidente eleito Luiz In\u00e1cio Lula da Silva (PT) far\u00e1 neste domingo, 4, em S\u00e3o Paulo, exames para verificar as<\/p>\n","protected":false},"author":1,"featured_media":2541,"comment_status":"open","ping_status":"open","sticky":false,"template":"","format":"standard","meta":{"colormag_page_container_layout":"default_layout","colormag_page_sidebar_layout":"default_layout","_FSMCFIC_featured_image_caption":"","_FSMCFIC_featured_image_nocaption":"","_FSMCFIC_featured_image_hide":"","footnotes":""},"categories":[5,1],"tags":[],"class_list":["post-2540","post","type-post","status-publish","format-standard","has-post-thumbnail","hentry","category-politica","category-ultimas"],"yoast_head":"<!-- This site is optimized with the Yoast SEO plugin v27.1.1 - https:\/\/yoast.com\/product\/yoast-seo-wordpress\/ -->\n<title>Lula far\u00e1 exames na garganta neste domingo e depois segue para Bras\u00edlia - Brasil not\u00edcias<\/title>\n<meta name=\"robots\" content=\"index, follow, max-snippet:-1, max-image-preview:large, max-video-preview:-1\" \/>\n<link rel=\"canonical\" href=\"https:\/\/brasilnoticias.org\/site\/lula-fara-exames-na-garganta-neste-domingo-e-depois-segue-para-brasilia\/\" \/>\n<meta property=\"og:locale\" content=\"pt_PT\" \/>\n<meta property=\"og:type\" content=\"article\" \/>\n<meta property=\"og:title\" content=\"Lula far\u00e1 exames na garganta neste domingo e depois segue para Bras\u00edlia - Brasil not\u00edcias\" \/>\n<meta property=\"og:description\" content=\"O presidente eleito Luiz In\u00e1cio Lula da Silva (PT) far\u00e1 neste domingo, 4, em S\u00e3o Paulo, exames para verificar as\" \/>\n<meta property=\"og:url\" content=\"https:\/\/brasilnoticias.org\/site\/lula-fara-exames-na-garganta-neste-domingo-e-depois-segue-para-brasilia\/\" \/>\n<meta property=\"og:site_name\" content=\"Brasil not\u00edcias\" \/>\n<meta property=\"article:published_time\" content=\"2022-12-03T21:00:10+00:00\" \/>\n<meta property=\"og:image\" content=\"https:\/\/brasilnoticias.org\/site\/wp-content\/uploads\/2022\/12\/lula.jpg\" \/>\n\t<meta property=\"og:image:width\" content=\"960\" \/>\n\t<meta property=\"og:image:height\" content=\"540\" \/>\n\t<meta property=\"og:image:type\" content=\"image\/jpeg\" \/>\n<meta name=\"author\" content=\"Reda\u00e7\u00e3o\" \/>\n<meta name=\"twitter:card\" content=\"summary_large_image\" \/>\n<meta name=\"twitter:label1\" content=\"Escrito por\" \/>\n\t<meta name=\"twitter:data1\" content=\"Reda\u00e7\u00e3o\" \/>\n\t<meta name=\"twitter:label2\" content=\"Tempo estimado de leitura\" \/>\n\t<meta name=\"twitter:data2\" content=\"1 minuto\" \/>\n<script type=\"application\/ld+json\" class=\"yoast-schema-graph\">{\"@context\":\"https:\/\/schema.org\",\"@graph\":[{\"@type\":\"Article\",\"@id\":\"https:\/\/brasilnoticias.org\/site\/lula-fara-exames-na-garganta-neste-domingo-e-depois-segue-para-brasilia\/#article\",\"isPartOf\":{\"@id\":\"https:\/\/brasilnoticias.org\/site\/lula-fara-exames-na-garganta-neste-domingo-e-depois-segue-para-brasilia\/\"},\"author\":{\"name\":\"Reda\u00e7\u00e3o\",\"@id\":\"https:\/\/brasilnoticias.org\/site\/#\/schema\/person\/a0e05b973ec4d15c658d51911e53507b\"},\"headline\":\"Lula far\u00e1 exames na garganta neste domingo e depois segue para Bras\u00edlia\",\"datePublished\":\"2022-12-03T21:00:10+00:00\",\"mainEntityOfPage\":{\"@id\":\"https:\/\/brasilnoticias.org\/site\/lula-fara-exames-na-garganta-neste-domingo-e-depois-segue-para-brasilia\/\"},\"wordCount\":231,\"commentCount\":0,\"publisher\":{\"@id\":\"https:\/\/brasilnoticias.org\/site\/#organization\"},\"image\":{\"@id\":\"https:\/\/brasilnoticias.org\/site\/lula-fara-exames-na-garganta-neste-domingo-e-depois-segue-para-brasilia\/#primaryimage\"},\"thumbnailUrl\":\"https:\/\/brasilnoticias.org\/site\/wp-content\/uploads\/2022\/12\/lula.jpg\",\"articleSection\":[\"Pol\u00edtica\",\"\u00daltimas\"],\"inLanguage\":\"pt-PT\",\"potentialAction\":[{\"@type\":\"CommentAction\",\"name\":\"Comment\",\"target\":[\"https:\/\/brasilnoticias.org\/site\/lula-fara-exames-na-garganta-neste-domingo-e-depois-segue-para-brasilia\/#respond\"]}]},{\"@type\":\"WebPage\",\"@id\":\"https:\/\/brasilnoticias.org\/site\/lula-fara-exames-na-garganta-neste-domingo-e-depois-segue-para-brasilia\/\",\"url\":\"https:\/\/brasilnoticias.org\/site\/lula-fara-exames-na-garganta-neste-domingo-e-depois-segue-para-brasilia\/\",\"name\":\"Lula far\u00e1 exames na garganta neste domingo e depois segue para Bras\u00edlia - Brasil not\u00edcias\",\"isPartOf\":{\"@id\":\"https:\/\/brasilnoticias.org\/site\/#website\"},\"primaryImageOfPage\":{\"@id\":\"https:\/\/brasilnoticias.org\/site\/lula-fara-exames-na-garganta-neste-domingo-e-depois-segue-para-brasilia\/#primaryimage\"},\"image\":{\"@id\":\"https:\/\/brasilnoticias.org\/site\/lula-fara-exames-na-garganta-neste-domingo-e-depois-segue-para-brasilia\/#primaryimage\"},\"thumbnailUrl\":\"https:\/\/brasilnoticias.org\/site\/wp-content\/uploads\/2022\/12\/lula.jpg\",\"datePublished\":\"2022-12-03T21:00:10+00:00\",\"breadcrumb\":{\"@id\":\"https:\/\/brasilnoticias.org\/site\/lula-fara-exames-na-garganta-neste-domingo-e-depois-segue-para-brasilia\/#breadcrumb\"},\"inLanguage\":\"pt-PT\",\"potentialAction\":[{\"@type\":\"ReadAction\",\"target\":[\"https:\/\/brasilnoticias.org\/site\/lula-fara-exames-na-garganta-neste-domingo-e-depois-segue-para-brasilia\/\"]}]},{\"@type\":\"ImageObject\",\"inLanguage\":\"pt-PT\",\"@id\":\"https:\/\/brasilnoticias.org\/site\/lula-fara-exames-na-garganta-neste-domingo-e-depois-segue-para-brasilia\/#primaryimage\",\"url\":\"https:\/\/brasilnoticias.org\/site\/wp-content\/uploads\/2022\/12\/lula.jpg\",\"contentUrl\":\"https:\/\/brasilnoticias.org\/site\/wp-content\/uploads\/2022\/12\/lula.jpg\",\"width\":960,\"height\":540},{\"@type\":\"BreadcrumbList\",\"@id\":\"https:\/\/brasilnoticias.org\/site\/lula-fara-exames-na-garganta-neste-domingo-e-depois-segue-para-brasilia\/#breadcrumb\",\"itemListElement\":[{\"@type\":\"ListItem\",\"position\":1,\"name\":\"In\u00edcio\",\"item\":\"https:\/\/brasilnoticias.org\/site\/\"},{\"@type\":\"ListItem\",\"position\":2,\"name\":\"Lula far\u00e1 exames na garganta neste domingo e depois segue para Bras\u00edlia\"}]},{\"@type\":\"WebSite\",\"@id\":\"https:\/\/brasilnoticias.org\/site\/#website\",\"url\":\"https:\/\/brasilnoticias.org\/site\/\",\"name\":\"Brasil not\u00edcias\",\"description\":\"Brasil not\u00edcias\",\"publisher\":{\"@id\":\"https:\/\/brasilnoticias.org\/site\/#organization\"},\"potentialAction\":[{\"@type\":\"SearchAction\",\"target\":{\"@type\":\"EntryPoint\",\"urlTemplate\":\"https:\/\/brasilnoticias.org\/site\/?s={search_term_string}\"},\"query-input\":{\"@type\":\"PropertyValueSpecification\",\"valueRequired\":true,\"valueName\":\"search_term_string\"}}],\"inLanguage\":\"pt-PT\"},{\"@type\":\"Organization\",\"@id\":\"https:\/\/brasilnoticias.org\/site\/#organization\",\"name\":\"Brasil not\u00edcias\",\"url\":\"https:\/\/brasilnoticias.org\/site\/\",\"logo\":{\"@type\":\"ImageObject\",\"inLanguage\":\"pt-PT\",\"@id\":\"https:\/\/brasilnoticias.org\/site\/#\/schema\/logo\/image\/\",\"url\":\"https:\/\/brasilnoticias.org\/site\/wp-content\/uploads\/2022\/05\/cropped-brasilnoticias-mini.jpg\",\"contentUrl\":\"https:\/\/brasilnoticias.org\/site\/wp-content\/uploads\/2022\/05\/cropped-brasilnoticias-mini.jpg\",\"width\":314,\"height\":86,\"caption\":\"Brasil not\u00edcias\"},\"image\":{\"@id\":\"https:\/\/brasilnoticias.org\/site\/#\/schema\/logo\/image\/\"}},{\"@type\":\"Person\",\"@id\":\"https:\/\/brasilnoticias.org\/site\/#\/schema\/person\/a0e05b973ec4d15c658d51911e53507b\",\"name\":\"Reda\u00e7\u00e3o\",\"image\":{\"@type\":\"ImageObject\",\"inLanguage\":\"pt-PT\",\"@id\":\"https:\/\/brasilnoticias.org\/site\/#\/schema\/person\/image\/\",\"url\":\"https:\/\/secure.gravatar.com\/avatar\/75d8b050df2de108b08ae78dfb8e374892df24a383c67db9c46a9c604f6aee9c?s=96&d=mm&r=g\",\"contentUrl\":\"https:\/\/secure.gravatar.com\/avatar\/75d8b050df2de108b08ae78dfb8e374892df24a383c67db9c46a9c604f6aee9c?s=96&d=mm&r=g\",\"caption\":\"Reda\u00e7\u00e3o\"},\"sameAs\":[\"https:\/\/brasilnoticias.org\/site\"],\"url\":\"https:\/\/brasilnoticias.org\/site\/author\/fernandozsngmail-com\/\"}]}<\/script>\n<!-- \/ Yoast SEO plugin. -->","yoast_head_json":{"title":"Lula far\u00e1 exames na garganta neste domingo e depois segue para Bras\u00edlia - Brasil not\u00edcias","robots":{"index":"index","follow":"follow","max-snippet":"max-snippet:-1","max-image-preview":"max-image-preview:large","max-video-preview":"max-video-preview:-1"},"canonical":"https:\/\/brasilnoticias.org\/site\/lula-fara-exames-na-garganta-neste-domingo-e-depois-segue-para-brasilia\/","og_locale":"pt_PT","og_type":"article","og_title":"Lula far\u00e1 exames na garganta neste domingo e depois segue para Bras\u00edlia - Brasil not\u00edcias","og_description":"O presidente eleito Luiz In\u00e1cio Lula da Silva (PT) far\u00e1 neste domingo, 4, em S\u00e3o Paulo, exames para verificar as","og_url":"https:\/\/brasilnoticias.org\/site\/lula-fara-exames-na-garganta-neste-domingo-e-depois-segue-para-brasilia\/","og_site_name":"Brasil not\u00edcias","article_published_time":"2022-12-03T21:00:10+00:00","og_image":[{"width":960,"height":540,"url":"https:\/\/brasilnoticias.org\/site\/wp-content\/uploads\/2022\/12\/lula.jpg","type":"image\/jpeg"}],"author":"Reda\u00e7\u00e3o","twitter_card":"summary_large_image","twitter_misc":{"Escrito por":"Reda\u00e7\u00e3o","Tempo estimado de leitura":"1 minuto"},"schema":{"@context":"https:\/\/schema.org","@graph":[{"@type":"Article","@id":"https:\/\/brasilnoticias.org\/site\/lula-fara-exames-na-garganta-neste-domingo-e-depois-segue-para-brasilia\/#article","isPartOf":{"@id":"https:\/\/brasilnoticias.org\/site\/lula-fara-exames-na-garganta-neste-domingo-e-depois-segue-para-brasilia\/"},"author":{"name":"Reda\u00e7\u00e3o","@id":"https:\/\/brasilnoticias.org\/site\/#\/schema\/person\/a0e05b973ec4d15c658d51911e53507b"},"headline":"Lula far\u00e1 exames na garganta neste domingo e depois segue para Bras\u00edlia","datePublished":"2022-12-03T21:00:10+00:00","mainEntityOfPage":{"@id":"https:\/\/brasilnoticias.org\/site\/lula-fara-exames-na-garganta-neste-domingo-e-depois-segue-para-brasilia\/"},"wordCount":231,"commentCount":0,"publisher":{"@id":"https:\/\/brasilnoticias.org\/site\/#organization"},"image":{"@id":"https:\/\/brasilnoticias.org\/site\/lula-fara-exames-na-garganta-neste-domingo-e-depois-segue-para-brasilia\/#primaryimage"},"thumbnailUrl":"https:\/\/brasilnoticias.org\/site\/wp-content\/uploads\/2022\/12\/lula.jpg","articleSection":["Pol\u00edtica","\u00daltimas"],"inLanguage":"pt-PT","potentialAction":[{"@type":"CommentAction","name":"Comment","target":["https:\/\/brasilnoticias.org\/site\/lula-fara-exames-na-garganta-neste-domingo-e-depois-segue-para-brasilia\/#respond"]}]},{"@type":"WebPage","@id":"https:\/\/brasilnoticias.org\/site\/lula-fara-exames-na-garganta-neste-domingo-e-depois-segue-para-brasilia\/","url":"https:\/\/brasilnoticias.org\/site\/lula-fara-exames-na-garganta-neste-domingo-e-depois-segue-para-brasilia\/","name":"Lula far\u00e1 exames na garganta neste domingo e depois segue para Bras\u00edlia - Brasil not\u00edcias","isPartOf":{"@id":"https:\/\/brasilnoticias.org\/site\/#website"},"primaryImageOfPage":{"@id":"https:\/\/brasilnoticias.org\/site\/lula-fara-exames-na-garganta-neste-domingo-e-depois-segue-para-brasilia\/#primaryimage"},"image":{"@id":"https:\/\/brasilnoticias.org\/site\/lula-fara-exames-na-garganta-neste-domingo-e-depois-segue-para-brasilia\/#primaryimage"},"thumbnailUrl":"https:\/\/brasilnoticias.org\/site\/wp-content\/uploads\/2022\/12\/lula.jpg","datePublished":"2022-12-03T21:00:10+00:00","breadcrumb":{"@id":"https:\/\/brasilnoticias.org\/site\/lula-fara-exames-na-garganta-neste-domingo-e-depois-segue-para-brasilia\/#breadcrumb"},"inLanguage":"pt-PT","potentialAction":[{"@type":"ReadAction","target":["https:\/\/brasilnoticias.org\/site\/lula-fara-exames-na-garganta-neste-domingo-e-depois-segue-para-brasilia\/"]}]},{"@type":"ImageObject","inLanguage":"pt-PT","@id":"https:\/\/brasilnoticias.org\/site\/lula-fara-exames-na-garganta-neste-domingo-e-depois-segue-para-brasilia\/#primaryimage","url":"https:\/\/brasilnoticias.org\/site\/wp-content\/uploads\/2022\/12\/lula.jpg","contentUrl":"https:\/\/brasilnoticias.org\/site\/wp-content\/uploads\/2022\/12\/lula.jpg","width":960,"height":540},{"@type":"BreadcrumbList","@id":"https:\/\/brasilnoticias.org\/site\/lula-fara-exames-na-garganta-neste-domingo-e-depois-segue-para-brasilia\/#breadcrumb","itemListElement":[{"@type":"ListItem","position":1,"name":"In\u00edcio","item":"https:\/\/brasilnoticias.org\/site\/"},{"@type":"ListItem","position":2,"name":"Lula far\u00e1 exames na garganta neste domingo e depois segue para Bras\u00edlia"}]},{"@type":"WebSite","@id":"https:\/\/brasilnoticias.org\/site\/#website","url":"https:\/\/brasilnoticias.org\/site\/","name":"Brasil not\u00edcias","description":"Brasil not\u00edcias","publisher":{"@id":"https:\/\/brasilnoticias.org\/site\/#organization"},"potentialAction":[{"@type":"SearchAction","target":{"@type":"EntryPoint","urlTemplate":"https:\/\/brasilnoticias.org\/site\/?s={search_term_string}"},"query-input":{"@type":"PropertyValueSpecification","valueRequired":true,"valueName":"search_term_string"}}],"inLanguage":"pt-PT"},{"@type":"Organization","@id":"https:\/\/brasilnoticias.org\/site\/#organization","name":"Brasil not\u00edcias","url":"https:\/\/brasilnoticias.org\/site\/","logo":{"@type":"ImageObject","inLanguage":"pt-PT","@id":"https:\/\/brasilnoticias.org\/site\/#\/schema\/logo\/image\/","url":"https:\/\/brasilnoticias.org\/site\/wp-content\/uploads\/2022\/05\/cropped-brasilnoticias-mini.jpg","contentUrl":"https:\/\/brasilnoticias.org\/site\/wp-content\/uploads\/2022\/05\/cropped-brasilnoticias-mini.jpg","width":314,"height":86,"caption":"Brasil not\u00edcias"},"image":{"@id":"https:\/\/brasilnoticias.org\/site\/#\/schema\/logo\/image\/"}},{"@type":"Person","@id":"https:\/\/brasilnoticias.org\/site\/#\/schema\/person\/a0e05b973ec4d15c658d51911e53507b","name":"Reda\u00e7\u00e3o","image":{"@type":"ImageObject","inLanguage":"pt-PT","@id":"https:\/\/brasilnoticias.org\/site\/#\/schema\/person\/image\/","url":"https:\/\/secure.gravatar.com\/avatar\/75d8b050df2de108b08ae78dfb8e374892df24a383c67db9c46a9c604f6aee9c?s=96&d=mm&r=g","contentUrl":"https:\/\/secure.gravatar.com\/avatar\/75d8b050df2de108b08ae78dfb8e374892df24a383c67db9c46a9c604f6aee9c?s=96&d=mm&r=g","caption":"Reda\u00e7\u00e3o"},"sameAs":["https:\/\/brasilnoticias.org\/site"],"url":"https:\/\/brasilnoticias.org\/site\/author\/fernandozsngmail-com\/"}]}},"_links":{"self":[{"href":"https:\/\/brasilnoticias.org\/site\/wp-json\/wp\/v2\/posts\/2540","targetHints":{"allow":["GET"]}}],"collection":[{"href":"https:\/\/brasilnoticias.org\/site\/wp-json\/wp\/v2\/posts"}],"about":[{"href":"https:\/\/brasilnoticias.org\/site\/wp-json\/wp\/v2\/types\/post"}],"author":[{"embeddable":true,"href":"https:\/\/brasilnoticias.org\/site\/wp-json\/wp\/v2\/users\/1"}],"replies":[{"embeddable":true,"href":"https:\/\/brasilnoticias.org\/site\/wp-json\/wp\/v2\/comments?post=2540"}],"version-history":[{"count":1,"href":"https:\/\/brasilnoticias.org\/site\/wp-json\/wp\/v2\/posts\/2540\/revisions"}],"predecessor-version":[{"id":2542,"href":"https:\/\/brasilnoticias.org\/site\/wp-json\/wp\/v2\/posts\/2540\/revisions\/2542"}],"wp:featuredmedia":[{"embeddable":true,"href":"https:\/\/brasilnoticias.org\/site\/wp-json\/wp\/v2\/media\/2541"}],"wp:attachment":[{"href":"https:\/\/brasilnoticias.org\/site\/wp-json\/wp\/v2\/media?parent=2540"}],"wp:term":[{"taxonomy":"category","embeddable":true,"href":"https:\/\/brasilnoticias.org\/site\/wp-json\/wp\/v2\/categories?post=2540"},{"taxonomy":"post_tag","embeddable":true,"href":"https:\/\/brasilnoticias.org\/site\/wp-json\/wp\/v2\/tags?post=2540"}],"curies":[{"name":"wp","href":"https:\/\/api.w.org\/{rel}","templated":true}]}}