{"id":2555,"date":"2022-12-04T07:10:58","date_gmt":"2022-12-04T10:10:58","guid":{"rendered":"https:\/\/brasilnoticias.org\/site\/?p=2555"},"modified":"2022-12-03T19:00:55","modified_gmt":"2022-12-03T22:00:55","slug":"pele-mostra-otimismo-em-recuperacao-estou-forte-e-com-muita-esperanca","status":"publish","type":"post","link":"https:\/\/brasilnoticias.org\/site\/pele-mostra-otimismo-em-recuperacao-estou-forte-e-com-muita-esperanca\/","title":{"rendered":"Pel\u00e9 mostra otimismo em recupera\u00e7\u00e3o: &#8216;Estou forte e com muita esperan\u00e7a&#8217;"},"content":{"rendered":"<p>Internado em S\u00e3o Paulo desde ter\u00e7a-feira, Pel\u00e9 se manifestou nas redes sociais neste s\u00e1bado para agradecer as mensagens de apoio e mostrar confian\u00e7a em seu processo de recupera\u00e7\u00e3o. O &#8220;Rei do Futebol&#8221; faz tratamento contra um tumor de c\u00f3lon e uma infec\u00e7\u00e3o respirat\u00f3ria no Hospital Israelita Albert Einstein.<br \/>\n&#8220;Meus amigos, eu quero manter todos tranquilos e com o pensamento positivo. Estou forte, com muita esperan\u00e7a e sigo meu tratamento como sempre. Quero agradecer a toda equipe m\u00e9dica e de enfermagem, por todo zelo que tenho recebido&#8221;, escreveu o ex-jogador de 82 anos em sua conta nas redes sociais.<\/p>\n<p>Mais cedo, novo boletim m\u00e9dico apontou que Pel\u00e9 est\u00e1 &#8220;est\u00e1vel&#8221; e sem piora em seu quadro cl\u00ednico. &#8220;Eu tenho muita f\u00e9 em Deus e cada mensagem de amor que recebo de voc\u00eas, vindas mundo inteiro, me mant\u00e9m cheio de energias. E assistir o Brasil na Copa do Mundo tamb\u00e9m! Muito obrigado por tudo&#8221;, registrou, em seus perfis oficiais.<\/p>\n<p>Pel\u00e9 voltou a ser internado em S\u00e3o Paulo na ter\u00e7a para fazer exames, no processo de reavalia\u00e7\u00e3o da terapia quimioter\u00e1pica do tumor de c\u00f3lon. O ex-atleta acabou contraindo uma infec\u00e7\u00e3o respirat\u00f3ria.<\/p>\n<p>&#8220;Ele segue em tratamento e o estado de sa\u00fade continua est\u00e1vel. Tem tido boa resposta tamb\u00e9m aos cuidados na infec\u00e7\u00e3o respirat\u00f3ria, n\u00e3o apresentando nenhuma piora no quadro nas \u00faltimas 24h&#8221;, informou o boletim m\u00e9dico anunciado neste s\u00e1bado.<\/p>\n<p>A not\u00edcia sobre a interna\u00e7\u00e3o s\u00f3 foi confirmada na quarta, gerando expectativas para os f\u00e3s do Rei. Kelly Nascimento, filha de Pel\u00e9, usou as redes sociais para se manifestar sobre a sa\u00fade do pai, como tem feito em alguns casos. As informa\u00e7\u00f5es sobre seu estado de sa\u00fade s\u00e3o restritas.<\/p>\n<p>&#8220;H\u00e1 muitos alarmes na m\u00eddia hoje (nesta quarta) sobre a sa\u00fade do meu pai. Ele est\u00e1 no hospital regulando a medica\u00e7\u00e3o. Alguns dos meus irm\u00e3os est\u00e3o visitando o Brasil. N\u00e3o tem surpresa nem emerg\u00eancia. Estarei l\u00e1 no Ano Novo e prometo postar algumas fotos. Agradecemos muito todo carinho e amor que voc\u00eas transmitem&#8221;, escreveu ela, na quarta.<\/p>\n<p>Pel\u00e9 iniciou tratamento contra um tumor no c\u00f3lon em 2021. Ele precisa ir ao hospital com frequ\u00eancia para dar seguimento ao atendimento e avalia\u00e7\u00e3o. Na segunda quinzena de janeiro, o Hospital Albert Einstein confirmou que o ex-atleta esteve no local para passar por mais exames de avalia\u00e7\u00e3o.<\/p>\n<p>Em tratamento contra um c\u00e2ncer, Pel\u00e9 j\u00e1 foi submetido a uma cirurgia para retirada do tumor no mesmo hospital, em setembro do ano passado. Sua sa\u00fade j\u00e1 havia sido assunto no in\u00edcio do ano, quando exames constaram a met\u00e1stase que atinge o intestino, pulm\u00e3o e o f\u00edgado.<\/p>\n<p>Not\u00edcias ao minuto<br \/>\nFoto  Getty Images<\/p>\n","protected":false},"excerpt":{"rendered":"<p>Internado em S\u00e3o Paulo desde ter\u00e7a-feira, Pel\u00e9 se manifestou nas redes sociais neste s\u00e1bado para agradecer as mensagens de apoio<\/p>\n","protected":false},"author":1,"featured_media":2556,"comment_status":"open","ping_status":"open","sticky":false,"template":"","format":"standard","meta":{"colormag_page_container_layout":"default_layout","colormag_page_sidebar_layout":"default_layout","_FSMCFIC_featured_image_caption":"","_FSMCFIC_featured_image_nocaption":"","_FSMCFIC_featured_image_hide":"","footnotes":""},"categories":[2,1],"tags":[],"class_list":["post-2555","post","type-post","status-publish","format-standard","has-post-thumbnail","hentry","category-noticias","category-ultimas"],"yoast_head":"<!-- This site is optimized with the Yoast SEO plugin v27.1.1 - https:\/\/yoast.com\/product\/yoast-seo-wordpress\/ -->\n<title>Pel\u00e9 mostra otimismo em recupera\u00e7\u00e3o: &#039;Estou forte e com muita esperan\u00e7a&#039; - Brasil not\u00edcias<\/title>\n<meta name=\"robots\" content=\"index, follow, max-snippet:-1, max-image-preview:large, max-video-preview:-1\" \/>\n<link rel=\"canonical\" href=\"https:\/\/brasilnoticias.org\/site\/pele-mostra-otimismo-em-recuperacao-estou-forte-e-com-muita-esperanca\/\" \/>\n<meta property=\"og:locale\" content=\"pt_PT\" \/>\n<meta property=\"og:type\" content=\"article\" \/>\n<meta property=\"og:title\" content=\"Pel\u00e9 mostra otimismo em recupera\u00e7\u00e3o: &#039;Estou forte e com muita esperan\u00e7a&#039; - Brasil not\u00edcias\" \/>\n<meta property=\"og:description\" content=\"Internado em S\u00e3o Paulo desde ter\u00e7a-feira, Pel\u00e9 se manifestou nas redes sociais neste s\u00e1bado para agradecer as mensagens de apoio\" \/>\n<meta property=\"og:url\" content=\"https:\/\/brasilnoticias.org\/site\/pele-mostra-otimismo-em-recuperacao-estou-forte-e-com-muita-esperanca\/\" \/>\n<meta property=\"og:site_name\" content=\"Brasil not\u00edcias\" \/>\n<meta property=\"article:published_time\" content=\"2022-12-04T10:10:58+00:00\" \/>\n<meta property=\"og:image\" content=\"https:\/\/brasilnoticias.org\/site\/wp-content\/uploads\/2022\/12\/naom_638bc4910eec1.jpg\" \/>\n\t<meta property=\"og:image:width\" content=\"960\" \/>\n\t<meta property=\"og:image:height\" content=\"540\" \/>\n\t<meta property=\"og:image:type\" content=\"image\/jpeg\" \/>\n<meta name=\"author\" content=\"Reda\u00e7\u00e3o\" \/>\n<meta name=\"twitter:card\" content=\"summary_large_image\" \/>\n<meta name=\"twitter:label1\" content=\"Escrito por\" \/>\n\t<meta name=\"twitter:data1\" content=\"Reda\u00e7\u00e3o\" \/>\n\t<meta name=\"twitter:label2\" content=\"Tempo estimado de leitura\" \/>\n\t<meta name=\"twitter:data2\" content=\"2 minutos\" \/>\n<script type=\"application\/ld+json\" class=\"yoast-schema-graph\">{\"@context\":\"https:\/\/schema.org\",\"@graph\":[{\"@type\":\"Article\",\"@id\":\"https:\/\/brasilnoticias.org\/site\/pele-mostra-otimismo-em-recuperacao-estou-forte-e-com-muita-esperanca\/#article\",\"isPartOf\":{\"@id\":\"https:\/\/brasilnoticias.org\/site\/pele-mostra-otimismo-em-recuperacao-estou-forte-e-com-muita-esperanca\/\"},\"author\":{\"name\":\"Reda\u00e7\u00e3o\",\"@id\":\"https:\/\/brasilnoticias.org\/site\/#\/schema\/person\/a0e05b973ec4d15c658d51911e53507b\"},\"headline\":\"Pel\u00e9 mostra otimismo em recupera\u00e7\u00e3o: &#8216;Estou forte e com muita esperan\u00e7a&#8217;\",\"datePublished\":\"2022-12-04T10:10:58+00:00\",\"mainEntityOfPage\":{\"@id\":\"https:\/\/brasilnoticias.org\/site\/pele-mostra-otimismo-em-recuperacao-estou-forte-e-com-muita-esperanca\/\"},\"wordCount\":498,\"commentCount\":0,\"publisher\":{\"@id\":\"https:\/\/brasilnoticias.org\/site\/#organization\"},\"image\":{\"@id\":\"https:\/\/brasilnoticias.org\/site\/pele-mostra-otimismo-em-recuperacao-estou-forte-e-com-muita-esperanca\/#primaryimage\"},\"thumbnailUrl\":\"https:\/\/brasilnoticias.org\/site\/wp-content\/uploads\/2022\/12\/naom_638bc4910eec1.jpg\",\"articleSection\":[\"Not\u00edcias\",\"\u00daltimas\"],\"inLanguage\":\"pt-PT\",\"potentialAction\":[{\"@type\":\"CommentAction\",\"name\":\"Comment\",\"target\":[\"https:\/\/brasilnoticias.org\/site\/pele-mostra-otimismo-em-recuperacao-estou-forte-e-com-muita-esperanca\/#respond\"]}]},{\"@type\":\"WebPage\",\"@id\":\"https:\/\/brasilnoticias.org\/site\/pele-mostra-otimismo-em-recuperacao-estou-forte-e-com-muita-esperanca\/\",\"url\":\"https:\/\/brasilnoticias.org\/site\/pele-mostra-otimismo-em-recuperacao-estou-forte-e-com-muita-esperanca\/\",\"name\":\"Pel\u00e9 mostra otimismo em recupera\u00e7\u00e3o: 'Estou forte e com muita esperan\u00e7a' - Brasil not\u00edcias\",\"isPartOf\":{\"@id\":\"https:\/\/brasilnoticias.org\/site\/#website\"},\"primaryImageOfPage\":{\"@id\":\"https:\/\/brasilnoticias.org\/site\/pele-mostra-otimismo-em-recuperacao-estou-forte-e-com-muita-esperanca\/#primaryimage\"},\"image\":{\"@id\":\"https:\/\/brasilnoticias.org\/site\/pele-mostra-otimismo-em-recuperacao-estou-forte-e-com-muita-esperanca\/#primaryimage\"},\"thumbnailUrl\":\"https:\/\/brasilnoticias.org\/site\/wp-content\/uploads\/2022\/12\/naom_638bc4910eec1.jpg\",\"datePublished\":\"2022-12-04T10:10:58+00:00\",\"breadcrumb\":{\"@id\":\"https:\/\/brasilnoticias.org\/site\/pele-mostra-otimismo-em-recuperacao-estou-forte-e-com-muita-esperanca\/#breadcrumb\"},\"inLanguage\":\"pt-PT\",\"potentialAction\":[{\"@type\":\"ReadAction\",\"target\":[\"https:\/\/brasilnoticias.org\/site\/pele-mostra-otimismo-em-recuperacao-estou-forte-e-com-muita-esperanca\/\"]}]},{\"@type\":\"ImageObject\",\"inLanguage\":\"pt-PT\",\"@id\":\"https:\/\/brasilnoticias.org\/site\/pele-mostra-otimismo-em-recuperacao-estou-forte-e-com-muita-esperanca\/#primaryimage\",\"url\":\"https:\/\/brasilnoticias.org\/site\/wp-content\/uploads\/2022\/12\/naom_638bc4910eec1.jpg\",\"contentUrl\":\"https:\/\/brasilnoticias.org\/site\/wp-content\/uploads\/2022\/12\/naom_638bc4910eec1.jpg\",\"width\":960,\"height\":540},{\"@type\":\"BreadcrumbList\",\"@id\":\"https:\/\/brasilnoticias.org\/site\/pele-mostra-otimismo-em-recuperacao-estou-forte-e-com-muita-esperanca\/#breadcrumb\",\"itemListElement\":[{\"@type\":\"ListItem\",\"position\":1,\"name\":\"In\u00edcio\",\"item\":\"https:\/\/brasilnoticias.org\/site\/\"},{\"@type\":\"ListItem\",\"position\":2,\"name\":\"Pel\u00e9 mostra otimismo em recupera\u00e7\u00e3o: &#8216;Estou forte e com muita esperan\u00e7a&#8217;\"}]},{\"@type\":\"WebSite\",\"@id\":\"https:\/\/brasilnoticias.org\/site\/#website\",\"url\":\"https:\/\/brasilnoticias.org\/site\/\",\"name\":\"Brasil not\u00edcias\",\"description\":\"Brasil not\u00edcias\",\"publisher\":{\"@id\":\"https:\/\/brasilnoticias.org\/site\/#organization\"},\"potentialAction\":[{\"@type\":\"SearchAction\",\"target\":{\"@type\":\"EntryPoint\",\"urlTemplate\":\"https:\/\/brasilnoticias.org\/site\/?s={search_term_string}\"},\"query-input\":{\"@type\":\"PropertyValueSpecification\",\"valueRequired\":true,\"valueName\":\"search_term_string\"}}],\"inLanguage\":\"pt-PT\"},{\"@type\":\"Organization\",\"@id\":\"https:\/\/brasilnoticias.org\/site\/#organization\",\"name\":\"Brasil not\u00edcias\",\"url\":\"https:\/\/brasilnoticias.org\/site\/\",\"logo\":{\"@type\":\"ImageObject\",\"inLanguage\":\"pt-PT\",\"@id\":\"https:\/\/brasilnoticias.org\/site\/#\/schema\/logo\/image\/\",\"url\":\"https:\/\/brasilnoticias.org\/site\/wp-content\/uploads\/2022\/05\/cropped-brasilnoticias-mini.jpg\",\"contentUrl\":\"https:\/\/brasilnoticias.org\/site\/wp-content\/uploads\/2022\/05\/cropped-brasilnoticias-mini.jpg\",\"width\":314,\"height\":86,\"caption\":\"Brasil not\u00edcias\"},\"image\":{\"@id\":\"https:\/\/brasilnoticias.org\/site\/#\/schema\/logo\/image\/\"}},{\"@type\":\"Person\",\"@id\":\"https:\/\/brasilnoticias.org\/site\/#\/schema\/person\/a0e05b973ec4d15c658d51911e53507b\",\"name\":\"Reda\u00e7\u00e3o\",\"image\":{\"@type\":\"ImageObject\",\"inLanguage\":\"pt-PT\",\"@id\":\"https:\/\/brasilnoticias.org\/site\/#\/schema\/person\/image\/\",\"url\":\"https:\/\/secure.gravatar.com\/avatar\/75d8b050df2de108b08ae78dfb8e374892df24a383c67db9c46a9c604f6aee9c?s=96&d=mm&r=g\",\"contentUrl\":\"https:\/\/secure.gravatar.com\/avatar\/75d8b050df2de108b08ae78dfb8e374892df24a383c67db9c46a9c604f6aee9c?s=96&d=mm&r=g\",\"caption\":\"Reda\u00e7\u00e3o\"},\"sameAs\":[\"https:\/\/brasilnoticias.org\/site\"],\"url\":\"https:\/\/brasilnoticias.org\/site\/author\/fernandozsngmail-com\/\"}]}<\/script>\n<!-- \/ Yoast SEO plugin. -->","yoast_head_json":{"title":"Pel\u00e9 mostra otimismo em recupera\u00e7\u00e3o: 'Estou forte e com muita esperan\u00e7a' - Brasil not\u00edcias","robots":{"index":"index","follow":"follow","max-snippet":"max-snippet:-1","max-image-preview":"max-image-preview:large","max-video-preview":"max-video-preview:-1"},"canonical":"https:\/\/brasilnoticias.org\/site\/pele-mostra-otimismo-em-recuperacao-estou-forte-e-com-muita-esperanca\/","og_locale":"pt_PT","og_type":"article","og_title":"Pel\u00e9 mostra otimismo em recupera\u00e7\u00e3o: 'Estou forte e com muita esperan\u00e7a' - Brasil not\u00edcias","og_description":"Internado em S\u00e3o Paulo desde ter\u00e7a-feira, Pel\u00e9 se manifestou nas redes sociais neste s\u00e1bado para agradecer as mensagens de apoio","og_url":"https:\/\/brasilnoticias.org\/site\/pele-mostra-otimismo-em-recuperacao-estou-forte-e-com-muita-esperanca\/","og_site_name":"Brasil not\u00edcias","article_published_time":"2022-12-04T10:10:58+00:00","og_image":[{"width":960,"height":540,"url":"https:\/\/brasilnoticias.org\/site\/wp-content\/uploads\/2022\/12\/naom_638bc4910eec1.jpg","type":"image\/jpeg"}],"author":"Reda\u00e7\u00e3o","twitter_card":"summary_large_image","twitter_misc":{"Escrito por":"Reda\u00e7\u00e3o","Tempo estimado de leitura":"2 minutos"},"schema":{"@context":"https:\/\/schema.org","@graph":[{"@type":"Article","@id":"https:\/\/brasilnoticias.org\/site\/pele-mostra-otimismo-em-recuperacao-estou-forte-e-com-muita-esperanca\/#article","isPartOf":{"@id":"https:\/\/brasilnoticias.org\/site\/pele-mostra-otimismo-em-recuperacao-estou-forte-e-com-muita-esperanca\/"},"author":{"name":"Reda\u00e7\u00e3o","@id":"https:\/\/brasilnoticias.org\/site\/#\/schema\/person\/a0e05b973ec4d15c658d51911e53507b"},"headline":"Pel\u00e9 mostra otimismo em recupera\u00e7\u00e3o: &#8216;Estou forte e com muita esperan\u00e7a&#8217;","datePublished":"2022-12-04T10:10:58+00:00","mainEntityOfPage":{"@id":"https:\/\/brasilnoticias.org\/site\/pele-mostra-otimismo-em-recuperacao-estou-forte-e-com-muita-esperanca\/"},"wordCount":498,"commentCount":0,"publisher":{"@id":"https:\/\/brasilnoticias.org\/site\/#organization"},"image":{"@id":"https:\/\/brasilnoticias.org\/site\/pele-mostra-otimismo-em-recuperacao-estou-forte-e-com-muita-esperanca\/#primaryimage"},"thumbnailUrl":"https:\/\/brasilnoticias.org\/site\/wp-content\/uploads\/2022\/12\/naom_638bc4910eec1.jpg","articleSection":["Not\u00edcias","\u00daltimas"],"inLanguage":"pt-PT","potentialAction":[{"@type":"CommentAction","name":"Comment","target":["https:\/\/brasilnoticias.org\/site\/pele-mostra-otimismo-em-recuperacao-estou-forte-e-com-muita-esperanca\/#respond"]}]},{"@type":"WebPage","@id":"https:\/\/brasilnoticias.org\/site\/pele-mostra-otimismo-em-recuperacao-estou-forte-e-com-muita-esperanca\/","url":"https:\/\/brasilnoticias.org\/site\/pele-mostra-otimismo-em-recuperacao-estou-forte-e-com-muita-esperanca\/","name":"Pel\u00e9 mostra otimismo em recupera\u00e7\u00e3o: 'Estou forte e com muita esperan\u00e7a' - Brasil not\u00edcias","isPartOf":{"@id":"https:\/\/brasilnoticias.org\/site\/#website"},"primaryImageOfPage":{"@id":"https:\/\/brasilnoticias.org\/site\/pele-mostra-otimismo-em-recuperacao-estou-forte-e-com-muita-esperanca\/#primaryimage"},"image":{"@id":"https:\/\/brasilnoticias.org\/site\/pele-mostra-otimismo-em-recuperacao-estou-forte-e-com-muita-esperanca\/#primaryimage"},"thumbnailUrl":"https:\/\/brasilnoticias.org\/site\/wp-content\/uploads\/2022\/12\/naom_638bc4910eec1.jpg","datePublished":"2022-12-04T10:10:58+00:00","breadcrumb":{"@id":"https:\/\/brasilnoticias.org\/site\/pele-mostra-otimismo-em-recuperacao-estou-forte-e-com-muita-esperanca\/#breadcrumb"},"inLanguage":"pt-PT","potentialAction":[{"@type":"ReadAction","target":["https:\/\/brasilnoticias.org\/site\/pele-mostra-otimismo-em-recuperacao-estou-forte-e-com-muita-esperanca\/"]}]},{"@type":"ImageObject","inLanguage":"pt-PT","@id":"https:\/\/brasilnoticias.org\/site\/pele-mostra-otimismo-em-recuperacao-estou-forte-e-com-muita-esperanca\/#primaryimage","url":"https:\/\/brasilnoticias.org\/site\/wp-content\/uploads\/2022\/12\/naom_638bc4910eec1.jpg","contentUrl":"https:\/\/brasilnoticias.org\/site\/wp-content\/uploads\/2022\/12\/naom_638bc4910eec1.jpg","width":960,"height":540},{"@type":"BreadcrumbList","@id":"https:\/\/brasilnoticias.org\/site\/pele-mostra-otimismo-em-recuperacao-estou-forte-e-com-muita-esperanca\/#breadcrumb","itemListElement":[{"@type":"ListItem","position":1,"name":"In\u00edcio","item":"https:\/\/brasilnoticias.org\/site\/"},{"@type":"ListItem","position":2,"name":"Pel\u00e9 mostra otimismo em recupera\u00e7\u00e3o: &#8216;Estou forte e com muita esperan\u00e7a&#8217;"}]},{"@type":"WebSite","@id":"https:\/\/brasilnoticias.org\/site\/#website","url":"https:\/\/brasilnoticias.org\/site\/","name":"Brasil not\u00edcias","description":"Brasil not\u00edcias","publisher":{"@id":"https:\/\/brasilnoticias.org\/site\/#organization"},"potentialAction":[{"@type":"SearchAction","target":{"@type":"EntryPoint","urlTemplate":"https:\/\/brasilnoticias.org\/site\/?s={search_term_string}"},"query-input":{"@type":"PropertyValueSpecification","valueRequired":true,"valueName":"search_term_string"}}],"inLanguage":"pt-PT"},{"@type":"Organization","@id":"https:\/\/brasilnoticias.org\/site\/#organization","name":"Brasil not\u00edcias","url":"https:\/\/brasilnoticias.org\/site\/","logo":{"@type":"ImageObject","inLanguage":"pt-PT","@id":"https:\/\/brasilnoticias.org\/site\/#\/schema\/logo\/image\/","url":"https:\/\/brasilnoticias.org\/site\/wp-content\/uploads\/2022\/05\/cropped-brasilnoticias-mini.jpg","contentUrl":"https:\/\/brasilnoticias.org\/site\/wp-content\/uploads\/2022\/05\/cropped-brasilnoticias-mini.jpg","width":314,"height":86,"caption":"Brasil not\u00edcias"},"image":{"@id":"https:\/\/brasilnoticias.org\/site\/#\/schema\/logo\/image\/"}},{"@type":"Person","@id":"https:\/\/brasilnoticias.org\/site\/#\/schema\/person\/a0e05b973ec4d15c658d51911e53507b","name":"Reda\u00e7\u00e3o","image":{"@type":"ImageObject","inLanguage":"pt-PT","@id":"https:\/\/brasilnoticias.org\/site\/#\/schema\/person\/image\/","url":"https:\/\/secure.gravatar.com\/avatar\/75d8b050df2de108b08ae78dfb8e374892df24a383c67db9c46a9c604f6aee9c?s=96&d=mm&r=g","contentUrl":"https:\/\/secure.gravatar.com\/avatar\/75d8b050df2de108b08ae78dfb8e374892df24a383c67db9c46a9c604f6aee9c?s=96&d=mm&r=g","caption":"Reda\u00e7\u00e3o"},"sameAs":["https:\/\/brasilnoticias.org\/site"],"url":"https:\/\/brasilnoticias.org\/site\/author\/fernandozsngmail-com\/"}]}},"_links":{"self":[{"href":"https:\/\/brasilnoticias.org\/site\/wp-json\/wp\/v2\/posts\/2555","targetHints":{"allow":["GET"]}}],"collection":[{"href":"https:\/\/brasilnoticias.org\/site\/wp-json\/wp\/v2\/posts"}],"about":[{"href":"https:\/\/brasilnoticias.org\/site\/wp-json\/wp\/v2\/types\/post"}],"author":[{"embeddable":true,"href":"https:\/\/brasilnoticias.org\/site\/wp-json\/wp\/v2\/users\/1"}],"replies":[{"embeddable":true,"href":"https:\/\/brasilnoticias.org\/site\/wp-json\/wp\/v2\/comments?post=2555"}],"version-history":[{"count":1,"href":"https:\/\/brasilnoticias.org\/site\/wp-json\/wp\/v2\/posts\/2555\/revisions"}],"predecessor-version":[{"id":2557,"href":"https:\/\/brasilnoticias.org\/site\/wp-json\/wp\/v2\/posts\/2555\/revisions\/2557"}],"wp:featuredmedia":[{"embeddable":true,"href":"https:\/\/brasilnoticias.org\/site\/wp-json\/wp\/v2\/media\/2556"}],"wp:attachment":[{"href":"https:\/\/brasilnoticias.org\/site\/wp-json\/wp\/v2\/media?parent=2555"}],"wp:term":[{"taxonomy":"category","embeddable":true,"href":"https:\/\/brasilnoticias.org\/site\/wp-json\/wp\/v2\/categories?post=2555"},{"taxonomy":"post_tag","embeddable":true,"href":"https:\/\/brasilnoticias.org\/site\/wp-json\/wp\/v2\/tags?post=2555"}],"curies":[{"name":"wp","href":"https:\/\/api.w.org\/{rel}","templated":true}]}}