{"id":256,"date":"2022-05-15T08:33:25","date_gmt":"2022-05-15T11:33:25","guid":{"rendered":"https:\/\/brasilnoticias.org\/site\/?p=256"},"modified":"2022-05-15T08:33:25","modified_gmt":"2022-05-15T11:33:25","slug":"lojas-de-salvador-e-rm-podem-se-cadastrar-para-o-dia-livre-de-impostos","status":"publish","type":"post","link":"https:\/\/brasilnoticias.org\/site\/lojas-de-salvador-e-rm-podem-se-cadastrar-para-o-dia-livre-de-impostos\/","title":{"rendered":"LOJAS DE SALVADOR E RM PODEM SE CADASTRAR PARA O DIA LIVRE DE IMPOSTOS"},"content":{"rendered":"<p><em>A campanha ser\u00e1 realizada no dia 2 de junho; data conscientiza consumidores e varejistas sobre como a alta carga tribut\u00e1ria brasileira, uma das maiores do mundo<\/em><\/p>\n<p>Lojistas de Salvador e Regi\u00e3o Metropolitana da capital interessados em participar da 16\u00aa edi\u00e7\u00e3o do DLI \u2013 Dia Livre de Impostos j\u00e1 podem se cadastrar na campanha, marcada para o dia 2 de junho (quinta-feira). A a\u00e7\u00e3o, realizada pela CDL Jovem, \u00f3rg\u00e3o da CDL Salvador, tem como objetivo conscientizar os consumidores locais e varejo a respeito das altas taxas de tributa\u00e7\u00e3o pagas no Brasil. Interessados em participar da campanha precisam apenas se cadastrar pelo site www.dialivredeimpostos.com.br. Ap\u00f3s o cadastro, um material gr\u00e1fico ser\u00e1 enviado, para impress\u00e3o e sinaliza\u00e7\u00e3o nas lojas e uso nas redes sociais.<\/p>\n<p>Assim como em 2020 e 2021, a CDL Jovem vai realizar o projeto de forma online. \u201cA campanha \u00e9 destinada para todos os lojistas, independente do setor ou tipo de loja. Nossa expectativa \u00e9 atrair cerca de 250 estabelecimentos, mesmo n\u00famero de 2021. Entretanto, esperamos que mais pessoas sejam impactadas, por conta do arrefecimento da pandemia e maior presen\u00e7a das pessoas nas ruas e shoppings\u201d, explica o presidente da CDL Jovem de Salvador, Bruno Thomaz.<\/p>\n<p><strong>Show de descontos<\/strong><\/p>\n<p>Na campanha do DLI, produtos selecionados do estoque s\u00e3o colocados \u00e0 venda com valor sem tributa\u00e7\u00f5es. Em alguns casos, o tributo chega a ocupar at\u00e9 80% do valor. \u201cIsso \u00e9 para o consumidor ter a dimens\u00e3o da alta carga tribut\u00e1ria e do quanto isso afeta o consumo. Para se ter uma ideia, o indiv\u00edduo trabalha cerca de seis meses no ano s\u00f3 para pagar impostos\u201d, afirma.<\/p>\n<p>O Dia Livre de Impostos foi criado pela C\u00e2mara de Dirigentes Lojistas Jovem em 2003 e acontece em todos os estados do pa\u00eds em mais de 1.200 cidades. O intuito n\u00e3o \u00e9 a sonega\u00e7\u00e3o de impostos, pois nesse dia o empres\u00e1rio arca com os custos da taxa\u00e7\u00e3o, para n\u00e3o ser repassado aos consumidores. Em 2021 a data contou com a participa\u00e7\u00e3o de 26 estados e Distrito Federal, e com a colabora\u00e7\u00e3o de mais de 15 mil varejistas e com o apoio de todo sistema CNDL.<\/p>\n<p><em>Fonte: accomunicacao.com<\/em><\/p>\n","protected":false},"excerpt":{"rendered":"<p>A campanha ser\u00e1 realizada no dia 2 de junho; data conscientiza consumidores e varejistas sobre como a alta carga tribut\u00e1ria<\/p>\n","protected":false},"author":2,"featured_media":257,"comment_status":"open","ping_status":"open","sticky":false,"template":"","format":"standard","meta":{"colormag_page_container_layout":"default_layout","colormag_page_sidebar_layout":"default_layout","_FSMCFIC_featured_image_caption":"","_FSMCFIC_featured_image_nocaption":"","_FSMCFIC_featured_image_hide":"","footnotes":""},"categories":[2,1],"tags":[],"class_list":["post-256","post","type-post","status-publish","format-standard","has-post-thumbnail","hentry","category-noticias","category-ultimas"],"yoast_head":"<!-- This site is optimized with the Yoast SEO plugin v27.1.1 - https:\/\/yoast.com\/product\/yoast-seo-wordpress\/ -->\n<title>LOJAS DE SALVADOR E RM PODEM SE CADASTRAR PARA O DIA LIVRE DE IMPOSTOS - Brasil not\u00edcias<\/title>\n<meta name=\"robots\" content=\"index, follow, max-snippet:-1, max-image-preview:large, max-video-preview:-1\" \/>\n<link rel=\"canonical\" href=\"https:\/\/brasilnoticias.org\/site\/lojas-de-salvador-e-rm-podem-se-cadastrar-para-o-dia-livre-de-impostos\/\" \/>\n<meta property=\"og:locale\" content=\"pt_PT\" \/>\n<meta property=\"og:type\" content=\"article\" \/>\n<meta property=\"og:title\" content=\"LOJAS DE SALVADOR E RM PODEM SE CADASTRAR PARA O DIA LIVRE DE IMPOSTOS - Brasil not\u00edcias\" \/>\n<meta property=\"og:description\" content=\"A campanha ser\u00e1 realizada no dia 2 de junho; data conscientiza consumidores e varejistas sobre como a alta carga tribut\u00e1ria\" \/>\n<meta property=\"og:url\" content=\"https:\/\/brasilnoticias.org\/site\/lojas-de-salvador-e-rm-podem-se-cadastrar-para-o-dia-livre-de-impostos\/\" \/>\n<meta property=\"og:site_name\" content=\"Brasil not\u00edcias\" \/>\n<meta property=\"article:published_time\" content=\"2022-05-15T11:33:25+00:00\" \/>\n<meta property=\"og:image\" content=\"https:\/\/brasilnoticias.org\/site\/wp-content\/uploads\/2022\/05\/Livre-Impostos-750x375-1.jpg\" \/>\n\t<meta property=\"og:image:width\" content=\"750\" \/>\n\t<meta property=\"og:image:height\" content=\"375\" \/>\n\t<meta property=\"og:image:type\" content=\"image\/jpeg\" \/>\n<meta name=\"author\" content=\"Reda\u00e7\u00e3o\" \/>\n<meta name=\"twitter:card\" content=\"summary_large_image\" \/>\n<meta name=\"twitter:label1\" content=\"Escrito por\" \/>\n\t<meta name=\"twitter:data1\" content=\"Reda\u00e7\u00e3o\" \/>\n\t<meta name=\"twitter:label2\" content=\"Tempo estimado de leitura\" \/>\n\t<meta name=\"twitter:data2\" content=\"2 minutos\" \/>\n<script type=\"application\/ld+json\" class=\"yoast-schema-graph\">{\"@context\":\"https:\/\/schema.org\",\"@graph\":[{\"@type\":\"Article\",\"@id\":\"https:\/\/brasilnoticias.org\/site\/lojas-de-salvador-e-rm-podem-se-cadastrar-para-o-dia-livre-de-impostos\/#article\",\"isPartOf\":{\"@id\":\"https:\/\/brasilnoticias.org\/site\/lojas-de-salvador-e-rm-podem-se-cadastrar-para-o-dia-livre-de-impostos\/\"},\"author\":{\"name\":\"Reda\u00e7\u00e3o\",\"@id\":\"https:\/\/brasilnoticias.org\/site\/#\/schema\/person\/f609fa847b5314f1c8b983342f34c798\"},\"headline\":\"LOJAS DE SALVADOR E RM PODEM SE CADASTRAR PARA O DIA LIVRE DE IMPOSTOS\",\"datePublished\":\"2022-05-15T11:33:25+00:00\",\"mainEntityOfPage\":{\"@id\":\"https:\/\/brasilnoticias.org\/site\/lojas-de-salvador-e-rm-podem-se-cadastrar-para-o-dia-livre-de-impostos\/\"},\"wordCount\":377,\"commentCount\":0,\"publisher\":{\"@id\":\"https:\/\/brasilnoticias.org\/site\/#organization\"},\"image\":{\"@id\":\"https:\/\/brasilnoticias.org\/site\/lojas-de-salvador-e-rm-podem-se-cadastrar-para-o-dia-livre-de-impostos\/#primaryimage\"},\"thumbnailUrl\":\"https:\/\/brasilnoticias.org\/site\/wp-content\/uploads\/2022\/05\/Livre-Impostos-750x375-1.jpg\",\"articleSection\":[\"Not\u00edcias\",\"\u00daltimas\"],\"inLanguage\":\"pt-PT\",\"potentialAction\":[{\"@type\":\"CommentAction\",\"name\":\"Comment\",\"target\":[\"https:\/\/brasilnoticias.org\/site\/lojas-de-salvador-e-rm-podem-se-cadastrar-para-o-dia-livre-de-impostos\/#respond\"]}]},{\"@type\":\"WebPage\",\"@id\":\"https:\/\/brasilnoticias.org\/site\/lojas-de-salvador-e-rm-podem-se-cadastrar-para-o-dia-livre-de-impostos\/\",\"url\":\"https:\/\/brasilnoticias.org\/site\/lojas-de-salvador-e-rm-podem-se-cadastrar-para-o-dia-livre-de-impostos\/\",\"name\":\"LOJAS DE SALVADOR E RM PODEM SE CADASTRAR PARA O DIA LIVRE DE IMPOSTOS - Brasil not\u00edcias\",\"isPartOf\":{\"@id\":\"https:\/\/brasilnoticias.org\/site\/#website\"},\"primaryImageOfPage\":{\"@id\":\"https:\/\/brasilnoticias.org\/site\/lojas-de-salvador-e-rm-podem-se-cadastrar-para-o-dia-livre-de-impostos\/#primaryimage\"},\"image\":{\"@id\":\"https:\/\/brasilnoticias.org\/site\/lojas-de-salvador-e-rm-podem-se-cadastrar-para-o-dia-livre-de-impostos\/#primaryimage\"},\"thumbnailUrl\":\"https:\/\/brasilnoticias.org\/site\/wp-content\/uploads\/2022\/05\/Livre-Impostos-750x375-1.jpg\",\"datePublished\":\"2022-05-15T11:33:25+00:00\",\"breadcrumb\":{\"@id\":\"https:\/\/brasilnoticias.org\/site\/lojas-de-salvador-e-rm-podem-se-cadastrar-para-o-dia-livre-de-impostos\/#breadcrumb\"},\"inLanguage\":\"pt-PT\",\"potentialAction\":[{\"@type\":\"ReadAction\",\"target\":[\"https:\/\/brasilnoticias.org\/site\/lojas-de-salvador-e-rm-podem-se-cadastrar-para-o-dia-livre-de-impostos\/\"]}]},{\"@type\":\"ImageObject\",\"inLanguage\":\"pt-PT\",\"@id\":\"https:\/\/brasilnoticias.org\/site\/lojas-de-salvador-e-rm-podem-se-cadastrar-para-o-dia-livre-de-impostos\/#primaryimage\",\"url\":\"https:\/\/brasilnoticias.org\/site\/wp-content\/uploads\/2022\/05\/Livre-Impostos-750x375-1.jpg\",\"contentUrl\":\"https:\/\/brasilnoticias.org\/site\/wp-content\/uploads\/2022\/05\/Livre-Impostos-750x375-1.jpg\",\"width\":750,\"height\":375},{\"@type\":\"BreadcrumbList\",\"@id\":\"https:\/\/brasilnoticias.org\/site\/lojas-de-salvador-e-rm-podem-se-cadastrar-para-o-dia-livre-de-impostos\/#breadcrumb\",\"itemListElement\":[{\"@type\":\"ListItem\",\"position\":1,\"name\":\"In\u00edcio\",\"item\":\"https:\/\/brasilnoticias.org\/site\/\"},{\"@type\":\"ListItem\",\"position\":2,\"name\":\"LOJAS DE SALVADOR E RM PODEM SE CADASTRAR PARA O DIA LIVRE DE IMPOSTOS\"}]},{\"@type\":\"WebSite\",\"@id\":\"https:\/\/brasilnoticias.org\/site\/#website\",\"url\":\"https:\/\/brasilnoticias.org\/site\/\",\"name\":\"Brasil not\u00edcias\",\"description\":\"Brasil not\u00edcias\",\"publisher\":{\"@id\":\"https:\/\/brasilnoticias.org\/site\/#organization\"},\"potentialAction\":[{\"@type\":\"SearchAction\",\"target\":{\"@type\":\"EntryPoint\",\"urlTemplate\":\"https:\/\/brasilnoticias.org\/site\/?s={search_term_string}\"},\"query-input\":{\"@type\":\"PropertyValueSpecification\",\"valueRequired\":true,\"valueName\":\"search_term_string\"}}],\"inLanguage\":\"pt-PT\"},{\"@type\":\"Organization\",\"@id\":\"https:\/\/brasilnoticias.org\/site\/#organization\",\"name\":\"Brasil not\u00edcias\",\"url\":\"https:\/\/brasilnoticias.org\/site\/\",\"logo\":{\"@type\":\"ImageObject\",\"inLanguage\":\"pt-PT\",\"@id\":\"https:\/\/brasilnoticias.org\/site\/#\/schema\/logo\/image\/\",\"url\":\"https:\/\/brasilnoticias.org\/site\/wp-content\/uploads\/2022\/05\/cropped-brasilnoticias-mini.jpg\",\"contentUrl\":\"https:\/\/brasilnoticias.org\/site\/wp-content\/uploads\/2022\/05\/cropped-brasilnoticias-mini.jpg\",\"width\":314,\"height\":86,\"caption\":\"Brasil not\u00edcias\"},\"image\":{\"@id\":\"https:\/\/brasilnoticias.org\/site\/#\/schema\/logo\/image\/\"}},{\"@type\":\"Person\",\"@id\":\"https:\/\/brasilnoticias.org\/site\/#\/schema\/person\/f609fa847b5314f1c8b983342f34c798\",\"name\":\"Reda\u00e7\u00e3o\",\"image\":{\"@type\":\"ImageObject\",\"inLanguage\":\"pt-PT\",\"@id\":\"https:\/\/brasilnoticias.org\/site\/#\/schema\/person\/image\/\",\"url\":\"https:\/\/secure.gravatar.com\/avatar\/447284c06c1ad8b46465a36de9cd0d8326b73387a22799b8b1ffb1fbcff2ed0c?s=96&d=mm&r=g\",\"contentUrl\":\"https:\/\/secure.gravatar.com\/avatar\/447284c06c1ad8b46465a36de9cd0d8326b73387a22799b8b1ffb1fbcff2ed0c?s=96&d=mm&r=g\",\"caption\":\"Reda\u00e7\u00e3o\"},\"url\":\"https:\/\/brasilnoticias.org\/site\/author\/redacao\/\"}]}<\/script>\n<!-- \/ Yoast SEO plugin. -->","yoast_head_json":{"title":"LOJAS DE SALVADOR E RM PODEM SE CADASTRAR PARA O DIA LIVRE DE IMPOSTOS - Brasil not\u00edcias","robots":{"index":"index","follow":"follow","max-snippet":"max-snippet:-1","max-image-preview":"max-image-preview:large","max-video-preview":"max-video-preview:-1"},"canonical":"https:\/\/brasilnoticias.org\/site\/lojas-de-salvador-e-rm-podem-se-cadastrar-para-o-dia-livre-de-impostos\/","og_locale":"pt_PT","og_type":"article","og_title":"LOJAS DE SALVADOR E RM PODEM SE CADASTRAR PARA O DIA LIVRE DE IMPOSTOS - Brasil not\u00edcias","og_description":"A campanha ser\u00e1 realizada no dia 2 de junho; data conscientiza consumidores e varejistas sobre como a alta carga tribut\u00e1ria","og_url":"https:\/\/brasilnoticias.org\/site\/lojas-de-salvador-e-rm-podem-se-cadastrar-para-o-dia-livre-de-impostos\/","og_site_name":"Brasil not\u00edcias","article_published_time":"2022-05-15T11:33:25+00:00","og_image":[{"width":750,"height":375,"url":"https:\/\/brasilnoticias.org\/site\/wp-content\/uploads\/2022\/05\/Livre-Impostos-750x375-1.jpg","type":"image\/jpeg"}],"author":"Reda\u00e7\u00e3o","twitter_card":"summary_large_image","twitter_misc":{"Escrito por":"Reda\u00e7\u00e3o","Tempo estimado de leitura":"2 minutos"},"schema":{"@context":"https:\/\/schema.org","@graph":[{"@type":"Article","@id":"https:\/\/brasilnoticias.org\/site\/lojas-de-salvador-e-rm-podem-se-cadastrar-para-o-dia-livre-de-impostos\/#article","isPartOf":{"@id":"https:\/\/brasilnoticias.org\/site\/lojas-de-salvador-e-rm-podem-se-cadastrar-para-o-dia-livre-de-impostos\/"},"author":{"name":"Reda\u00e7\u00e3o","@id":"https:\/\/brasilnoticias.org\/site\/#\/schema\/person\/f609fa847b5314f1c8b983342f34c798"},"headline":"LOJAS DE SALVADOR E RM PODEM SE CADASTRAR PARA O DIA LIVRE DE IMPOSTOS","datePublished":"2022-05-15T11:33:25+00:00","mainEntityOfPage":{"@id":"https:\/\/brasilnoticias.org\/site\/lojas-de-salvador-e-rm-podem-se-cadastrar-para-o-dia-livre-de-impostos\/"},"wordCount":377,"commentCount":0,"publisher":{"@id":"https:\/\/brasilnoticias.org\/site\/#organization"},"image":{"@id":"https:\/\/brasilnoticias.org\/site\/lojas-de-salvador-e-rm-podem-se-cadastrar-para-o-dia-livre-de-impostos\/#primaryimage"},"thumbnailUrl":"https:\/\/brasilnoticias.org\/site\/wp-content\/uploads\/2022\/05\/Livre-Impostos-750x375-1.jpg","articleSection":["Not\u00edcias","\u00daltimas"],"inLanguage":"pt-PT","potentialAction":[{"@type":"CommentAction","name":"Comment","target":["https:\/\/brasilnoticias.org\/site\/lojas-de-salvador-e-rm-podem-se-cadastrar-para-o-dia-livre-de-impostos\/#respond"]}]},{"@type":"WebPage","@id":"https:\/\/brasilnoticias.org\/site\/lojas-de-salvador-e-rm-podem-se-cadastrar-para-o-dia-livre-de-impostos\/","url":"https:\/\/brasilnoticias.org\/site\/lojas-de-salvador-e-rm-podem-se-cadastrar-para-o-dia-livre-de-impostos\/","name":"LOJAS DE SALVADOR E RM PODEM SE CADASTRAR PARA O DIA LIVRE DE IMPOSTOS - Brasil not\u00edcias","isPartOf":{"@id":"https:\/\/brasilnoticias.org\/site\/#website"},"primaryImageOfPage":{"@id":"https:\/\/brasilnoticias.org\/site\/lojas-de-salvador-e-rm-podem-se-cadastrar-para-o-dia-livre-de-impostos\/#primaryimage"},"image":{"@id":"https:\/\/brasilnoticias.org\/site\/lojas-de-salvador-e-rm-podem-se-cadastrar-para-o-dia-livre-de-impostos\/#primaryimage"},"thumbnailUrl":"https:\/\/brasilnoticias.org\/site\/wp-content\/uploads\/2022\/05\/Livre-Impostos-750x375-1.jpg","datePublished":"2022-05-15T11:33:25+00:00","breadcrumb":{"@id":"https:\/\/brasilnoticias.org\/site\/lojas-de-salvador-e-rm-podem-se-cadastrar-para-o-dia-livre-de-impostos\/#breadcrumb"},"inLanguage":"pt-PT","potentialAction":[{"@type":"ReadAction","target":["https:\/\/brasilnoticias.org\/site\/lojas-de-salvador-e-rm-podem-se-cadastrar-para-o-dia-livre-de-impostos\/"]}]},{"@type":"ImageObject","inLanguage":"pt-PT","@id":"https:\/\/brasilnoticias.org\/site\/lojas-de-salvador-e-rm-podem-se-cadastrar-para-o-dia-livre-de-impostos\/#primaryimage","url":"https:\/\/brasilnoticias.org\/site\/wp-content\/uploads\/2022\/05\/Livre-Impostos-750x375-1.jpg","contentUrl":"https:\/\/brasilnoticias.org\/site\/wp-content\/uploads\/2022\/05\/Livre-Impostos-750x375-1.jpg","width":750,"height":375},{"@type":"BreadcrumbList","@id":"https:\/\/brasilnoticias.org\/site\/lojas-de-salvador-e-rm-podem-se-cadastrar-para-o-dia-livre-de-impostos\/#breadcrumb","itemListElement":[{"@type":"ListItem","position":1,"name":"In\u00edcio","item":"https:\/\/brasilnoticias.org\/site\/"},{"@type":"ListItem","position":2,"name":"LOJAS DE SALVADOR E RM PODEM SE CADASTRAR PARA O DIA LIVRE DE IMPOSTOS"}]},{"@type":"WebSite","@id":"https:\/\/brasilnoticias.org\/site\/#website","url":"https:\/\/brasilnoticias.org\/site\/","name":"Brasil not\u00edcias","description":"Brasil not\u00edcias","publisher":{"@id":"https:\/\/brasilnoticias.org\/site\/#organization"},"potentialAction":[{"@type":"SearchAction","target":{"@type":"EntryPoint","urlTemplate":"https:\/\/brasilnoticias.org\/site\/?s={search_term_string}"},"query-input":{"@type":"PropertyValueSpecification","valueRequired":true,"valueName":"search_term_string"}}],"inLanguage":"pt-PT"},{"@type":"Organization","@id":"https:\/\/brasilnoticias.org\/site\/#organization","name":"Brasil not\u00edcias","url":"https:\/\/brasilnoticias.org\/site\/","logo":{"@type":"ImageObject","inLanguage":"pt-PT","@id":"https:\/\/brasilnoticias.org\/site\/#\/schema\/logo\/image\/","url":"https:\/\/brasilnoticias.org\/site\/wp-content\/uploads\/2022\/05\/cropped-brasilnoticias-mini.jpg","contentUrl":"https:\/\/brasilnoticias.org\/site\/wp-content\/uploads\/2022\/05\/cropped-brasilnoticias-mini.jpg","width":314,"height":86,"caption":"Brasil not\u00edcias"},"image":{"@id":"https:\/\/brasilnoticias.org\/site\/#\/schema\/logo\/image\/"}},{"@type":"Person","@id":"https:\/\/brasilnoticias.org\/site\/#\/schema\/person\/f609fa847b5314f1c8b983342f34c798","name":"Reda\u00e7\u00e3o","image":{"@type":"ImageObject","inLanguage":"pt-PT","@id":"https:\/\/brasilnoticias.org\/site\/#\/schema\/person\/image\/","url":"https:\/\/secure.gravatar.com\/avatar\/447284c06c1ad8b46465a36de9cd0d8326b73387a22799b8b1ffb1fbcff2ed0c?s=96&d=mm&r=g","contentUrl":"https:\/\/secure.gravatar.com\/avatar\/447284c06c1ad8b46465a36de9cd0d8326b73387a22799b8b1ffb1fbcff2ed0c?s=96&d=mm&r=g","caption":"Reda\u00e7\u00e3o"},"url":"https:\/\/brasilnoticias.org\/site\/author\/redacao\/"}]}},"_links":{"self":[{"href":"https:\/\/brasilnoticias.org\/site\/wp-json\/wp\/v2\/posts\/256","targetHints":{"allow":["GET"]}}],"collection":[{"href":"https:\/\/brasilnoticias.org\/site\/wp-json\/wp\/v2\/posts"}],"about":[{"href":"https:\/\/brasilnoticias.org\/site\/wp-json\/wp\/v2\/types\/post"}],"author":[{"embeddable":true,"href":"https:\/\/brasilnoticias.org\/site\/wp-json\/wp\/v2\/users\/2"}],"replies":[{"embeddable":true,"href":"https:\/\/brasilnoticias.org\/site\/wp-json\/wp\/v2\/comments?post=256"}],"version-history":[{"count":1,"href":"https:\/\/brasilnoticias.org\/site\/wp-json\/wp\/v2\/posts\/256\/revisions"}],"predecessor-version":[{"id":258,"href":"https:\/\/brasilnoticias.org\/site\/wp-json\/wp\/v2\/posts\/256\/revisions\/258"}],"wp:featuredmedia":[{"embeddable":true,"href":"https:\/\/brasilnoticias.org\/site\/wp-json\/wp\/v2\/media\/257"}],"wp:attachment":[{"href":"https:\/\/brasilnoticias.org\/site\/wp-json\/wp\/v2\/media?parent=256"}],"wp:term":[{"taxonomy":"category","embeddable":true,"href":"https:\/\/brasilnoticias.org\/site\/wp-json\/wp\/v2\/categories?post=256"},{"taxonomy":"post_tag","embeddable":true,"href":"https:\/\/brasilnoticias.org\/site\/wp-json\/wp\/v2\/tags?post=256"}],"curies":[{"name":"wp","href":"https:\/\/api.w.org\/{rel}","templated":true}]}}