{"id":2574,"date":"2022-12-04T19:08:06","date_gmt":"2022-12-04T22:08:06","guid":{"rendered":"https:\/\/brasilnoticias.org\/site\/?p=2574"},"modified":"2022-12-04T19:08:06","modified_gmt":"2022-12-04T22:08:06","slug":"com-apoio-da-massa-fm-e-de-leandro-guerrilha-bairro-do-saboeiro-e-sede-da-1a-copa-de-futebol-feminino","status":"publish","type":"post","link":"https:\/\/brasilnoticias.org\/site\/com-apoio-da-massa-fm-e-de-leandro-guerrilha-bairro-do-saboeiro-e-sede-da-1a-copa-de-futebol-feminino\/","title":{"rendered":"Com apoio da Massa FM e de Leandro Guerrilha, bairro do Saboeiro \u00e9 sede da 1\u00aa Copa de Futebol Feminino"},"content":{"rendered":"<p>Aconteceu na manh\u00e3 deste domingo (4), no bairro do Saboeiro, em Salvador, a final da 1\u00aa Copa de Futebol Feminino.<\/p>\n<p>O evento contou com o apoio do programa Microfone Aberto da R\u00e1dio Massa FM e do vereador Leandro Guerrilha (PP), apresentador do matutino.<\/p>\n<p>\u201cUm evento muito importante para as mulheres aqui na regi\u00e3o, a gente promove a 1\u00aa Copa de Futebol Feminino e estamos lan\u00e7ando tamb\u00e9m a primeira escolinha de futebol feminino de Saboeiro e do Cabula. Agradecemos ao time do FTC de Sim\u00f5es Filho que foi campe\u00e3o e o time de cajazeiras tamb\u00e9m\u201d, disse o vereador.<\/p>\n<p>Guerrilha tamb\u00e9m aproveitou a oportunidade para agradecer o apoio que o evento recebeu da Massa FM, dos moradores do bairro, da Prefeitura e de outros ve\u00edculos de comunica\u00e7\u00e3o.<\/p>\n<p> \u201cAgrade\u00e7o a Massa que deu todo apoio institucional com a divulga\u00e7\u00e3o, ao Saboeiro Not\u00edcias a Associa\u00e7\u00e3o dos Moradores do Saboeiro e, ao falar em associa\u00e7\u00e3o, no pr\u00f3ximo dia 10 estaremos inaugurando a nossa associa\u00e7\u00e3o com muitas atra\u00e7\u00f5es, teremos o Cad\u00danico e servi\u00e7os sociais. Agrade\u00e7o tamb\u00e9m a Prefeitura de Salvador na pessoa do prefeito Bruno Reis e tamb\u00e9m aos ouvintes amigos da Massa FM\u201d.<\/p>\n<p>Al\u00e9m da campe\u00e3 da competi\u00e7\u00e3o, o FTC Sim\u00f5es Filho, o certame tamb\u00e9m contou com a participa\u00e7\u00e3o das equipes do Saboeiro, Cajazeiras e Cabula.<\/p>\n","protected":false},"excerpt":{"rendered":"<p>Aconteceu na manh\u00e3 deste domingo (4), no bairro do Saboeiro, em Salvador, a final da 1\u00aa Copa de Futebol Feminino.<\/p>\n","protected":false},"author":1,"featured_media":2575,"comment_status":"open","ping_status":"open","sticky":false,"template":"","format":"standard","meta":{"colormag_page_container_layout":"default_layout","colormag_page_sidebar_layout":"default_layout","_FSMCFIC_featured_image_caption":"","_FSMCFIC_featured_image_nocaption":"","_FSMCFIC_featured_image_hide":"","footnotes":""},"categories":[2,1],"tags":[],"class_list":["post-2574","post","type-post","status-publish","format-standard","has-post-thumbnail","hentry","category-noticias","category-ultimas"],"yoast_head":"<!-- This site is optimized with the Yoast SEO plugin v27.1.1 - https:\/\/yoast.com\/product\/yoast-seo-wordpress\/ -->\n<title>Com apoio da Massa FM e de Leandro Guerrilha, bairro do Saboeiro \u00e9 sede da 1\u00aa Copa de Futebol Feminino - Brasil not\u00edcias<\/title>\n<meta name=\"robots\" content=\"index, follow, max-snippet:-1, max-image-preview:large, max-video-preview:-1\" \/>\n<link rel=\"canonical\" href=\"https:\/\/brasilnoticias.org\/site\/com-apoio-da-massa-fm-e-de-leandro-guerrilha-bairro-do-saboeiro-e-sede-da-1a-copa-de-futebol-feminino\/\" \/>\n<meta property=\"og:locale\" content=\"pt_PT\" \/>\n<meta property=\"og:type\" content=\"article\" \/>\n<meta property=\"og:title\" content=\"Com apoio da Massa FM e de Leandro Guerrilha, bairro do Saboeiro \u00e9 sede da 1\u00aa Copa de Futebol Feminino - Brasil not\u00edcias\" \/>\n<meta property=\"og:description\" content=\"Aconteceu na manh\u00e3 deste domingo (4), no bairro do Saboeiro, em Salvador, a final da 1\u00aa Copa de Futebol Feminino.\" \/>\n<meta property=\"og:url\" content=\"https:\/\/brasilnoticias.org\/site\/com-apoio-da-massa-fm-e-de-leandro-guerrilha-bairro-do-saboeiro-e-sede-da-1a-copa-de-futebol-feminino\/\" \/>\n<meta property=\"og:site_name\" content=\"Brasil not\u00edcias\" \/>\n<meta property=\"article:published_time\" content=\"2022-12-04T22:08:06+00:00\" \/>\n<meta property=\"og:image\" content=\"https:\/\/brasilnoticias.org\/site\/wp-content\/uploads\/2022\/12\/WhatsApp-Image-2022-12-04-at-13.35.02..jpg\" \/>\n\t<meta property=\"og:image:width\" content=\"1024\" \/>\n\t<meta property=\"og:image:height\" content=\"768\" \/>\n\t<meta property=\"og:image:type\" content=\"image\/jpeg\" \/>\n<meta name=\"author\" content=\"Reda\u00e7\u00e3o\" \/>\n<meta name=\"twitter:card\" content=\"summary_large_image\" \/>\n<meta name=\"twitter:label1\" content=\"Escrito por\" \/>\n\t<meta name=\"twitter:data1\" content=\"Reda\u00e7\u00e3o\" \/>\n\t<meta name=\"twitter:label2\" content=\"Tempo estimado de leitura\" \/>\n\t<meta name=\"twitter:data2\" content=\"1 minuto\" \/>\n<script type=\"application\/ld+json\" class=\"yoast-schema-graph\">{\"@context\":\"https:\/\/schema.org\",\"@graph\":[{\"@type\":\"Article\",\"@id\":\"https:\/\/brasilnoticias.org\/site\/com-apoio-da-massa-fm-e-de-leandro-guerrilha-bairro-do-saboeiro-e-sede-da-1a-copa-de-futebol-feminino\/#article\",\"isPartOf\":{\"@id\":\"https:\/\/brasilnoticias.org\/site\/com-apoio-da-massa-fm-e-de-leandro-guerrilha-bairro-do-saboeiro-e-sede-da-1a-copa-de-futebol-feminino\/\"},\"author\":{\"name\":\"Reda\u00e7\u00e3o\",\"@id\":\"https:\/\/brasilnoticias.org\/site\/#\/schema\/person\/a0e05b973ec4d15c658d51911e53507b\"},\"headline\":\"Com apoio da Massa FM e de Leandro Guerrilha, bairro do Saboeiro \u00e9 sede da 1\u00aa Copa de Futebol Feminino\",\"datePublished\":\"2022-12-04T22:08:06+00:00\",\"mainEntityOfPage\":{\"@id\":\"https:\/\/brasilnoticias.org\/site\/com-apoio-da-massa-fm-e-de-leandro-guerrilha-bairro-do-saboeiro-e-sede-da-1a-copa-de-futebol-feminino\/\"},\"wordCount\":253,\"commentCount\":0,\"publisher\":{\"@id\":\"https:\/\/brasilnoticias.org\/site\/#organization\"},\"image\":{\"@id\":\"https:\/\/brasilnoticias.org\/site\/com-apoio-da-massa-fm-e-de-leandro-guerrilha-bairro-do-saboeiro-e-sede-da-1a-copa-de-futebol-feminino\/#primaryimage\"},\"thumbnailUrl\":\"https:\/\/brasilnoticias.org\/site\/wp-content\/uploads\/2022\/12\/WhatsApp-Image-2022-12-04-at-13.35.02..jpg\",\"articleSection\":[\"Not\u00edcias\",\"\u00daltimas\"],\"inLanguage\":\"pt-PT\",\"potentialAction\":[{\"@type\":\"CommentAction\",\"name\":\"Comment\",\"target\":[\"https:\/\/brasilnoticias.org\/site\/com-apoio-da-massa-fm-e-de-leandro-guerrilha-bairro-do-saboeiro-e-sede-da-1a-copa-de-futebol-feminino\/#respond\"]}]},{\"@type\":\"WebPage\",\"@id\":\"https:\/\/brasilnoticias.org\/site\/com-apoio-da-massa-fm-e-de-leandro-guerrilha-bairro-do-saboeiro-e-sede-da-1a-copa-de-futebol-feminino\/\",\"url\":\"https:\/\/brasilnoticias.org\/site\/com-apoio-da-massa-fm-e-de-leandro-guerrilha-bairro-do-saboeiro-e-sede-da-1a-copa-de-futebol-feminino\/\",\"name\":\"Com apoio da Massa FM e de Leandro Guerrilha, bairro do Saboeiro \u00e9 sede da 1\u00aa Copa de Futebol Feminino - Brasil not\u00edcias\",\"isPartOf\":{\"@id\":\"https:\/\/brasilnoticias.org\/site\/#website\"},\"primaryImageOfPage\":{\"@id\":\"https:\/\/brasilnoticias.org\/site\/com-apoio-da-massa-fm-e-de-leandro-guerrilha-bairro-do-saboeiro-e-sede-da-1a-copa-de-futebol-feminino\/#primaryimage\"},\"image\":{\"@id\":\"https:\/\/brasilnoticias.org\/site\/com-apoio-da-massa-fm-e-de-leandro-guerrilha-bairro-do-saboeiro-e-sede-da-1a-copa-de-futebol-feminino\/#primaryimage\"},\"thumbnailUrl\":\"https:\/\/brasilnoticias.org\/site\/wp-content\/uploads\/2022\/12\/WhatsApp-Image-2022-12-04-at-13.35.02..jpg\",\"datePublished\":\"2022-12-04T22:08:06+00:00\",\"breadcrumb\":{\"@id\":\"https:\/\/brasilnoticias.org\/site\/com-apoio-da-massa-fm-e-de-leandro-guerrilha-bairro-do-saboeiro-e-sede-da-1a-copa-de-futebol-feminino\/#breadcrumb\"},\"inLanguage\":\"pt-PT\",\"potentialAction\":[{\"@type\":\"ReadAction\",\"target\":[\"https:\/\/brasilnoticias.org\/site\/com-apoio-da-massa-fm-e-de-leandro-guerrilha-bairro-do-saboeiro-e-sede-da-1a-copa-de-futebol-feminino\/\"]}]},{\"@type\":\"ImageObject\",\"inLanguage\":\"pt-PT\",\"@id\":\"https:\/\/brasilnoticias.org\/site\/com-apoio-da-massa-fm-e-de-leandro-guerrilha-bairro-do-saboeiro-e-sede-da-1a-copa-de-futebol-feminino\/#primaryimage\",\"url\":\"https:\/\/brasilnoticias.org\/site\/wp-content\/uploads\/2022\/12\/WhatsApp-Image-2022-12-04-at-13.35.02..jpg\",\"contentUrl\":\"https:\/\/brasilnoticias.org\/site\/wp-content\/uploads\/2022\/12\/WhatsApp-Image-2022-12-04-at-13.35.02..jpg\",\"width\":1024,\"height\":768},{\"@type\":\"BreadcrumbList\",\"@id\":\"https:\/\/brasilnoticias.org\/site\/com-apoio-da-massa-fm-e-de-leandro-guerrilha-bairro-do-saboeiro-e-sede-da-1a-copa-de-futebol-feminino\/#breadcrumb\",\"itemListElement\":[{\"@type\":\"ListItem\",\"position\":1,\"name\":\"In\u00edcio\",\"item\":\"https:\/\/brasilnoticias.org\/site\/\"},{\"@type\":\"ListItem\",\"position\":2,\"name\":\"Com apoio da Massa FM e de Leandro Guerrilha, bairro do Saboeiro \u00e9 sede da 1\u00aa Copa de Futebol Feminino\"}]},{\"@type\":\"WebSite\",\"@id\":\"https:\/\/brasilnoticias.org\/site\/#website\",\"url\":\"https:\/\/brasilnoticias.org\/site\/\",\"name\":\"Brasil not\u00edcias\",\"description\":\"Brasil not\u00edcias\",\"publisher\":{\"@id\":\"https:\/\/brasilnoticias.org\/site\/#organization\"},\"potentialAction\":[{\"@type\":\"SearchAction\",\"target\":{\"@type\":\"EntryPoint\",\"urlTemplate\":\"https:\/\/brasilnoticias.org\/site\/?s={search_term_string}\"},\"query-input\":{\"@type\":\"PropertyValueSpecification\",\"valueRequired\":true,\"valueName\":\"search_term_string\"}}],\"inLanguage\":\"pt-PT\"},{\"@type\":\"Organization\",\"@id\":\"https:\/\/brasilnoticias.org\/site\/#organization\",\"name\":\"Brasil not\u00edcias\",\"url\":\"https:\/\/brasilnoticias.org\/site\/\",\"logo\":{\"@type\":\"ImageObject\",\"inLanguage\":\"pt-PT\",\"@id\":\"https:\/\/brasilnoticias.org\/site\/#\/schema\/logo\/image\/\",\"url\":\"https:\/\/brasilnoticias.org\/site\/wp-content\/uploads\/2022\/05\/cropped-brasilnoticias-mini.jpg\",\"contentUrl\":\"https:\/\/brasilnoticias.org\/site\/wp-content\/uploads\/2022\/05\/cropped-brasilnoticias-mini.jpg\",\"width\":314,\"height\":86,\"caption\":\"Brasil not\u00edcias\"},\"image\":{\"@id\":\"https:\/\/brasilnoticias.org\/site\/#\/schema\/logo\/image\/\"}},{\"@type\":\"Person\",\"@id\":\"https:\/\/brasilnoticias.org\/site\/#\/schema\/person\/a0e05b973ec4d15c658d51911e53507b\",\"name\":\"Reda\u00e7\u00e3o\",\"image\":{\"@type\":\"ImageObject\",\"inLanguage\":\"pt-PT\",\"@id\":\"https:\/\/brasilnoticias.org\/site\/#\/schema\/person\/image\/\",\"url\":\"https:\/\/secure.gravatar.com\/avatar\/75d8b050df2de108b08ae78dfb8e374892df24a383c67db9c46a9c604f6aee9c?s=96&d=mm&r=g\",\"contentUrl\":\"https:\/\/secure.gravatar.com\/avatar\/75d8b050df2de108b08ae78dfb8e374892df24a383c67db9c46a9c604f6aee9c?s=96&d=mm&r=g\",\"caption\":\"Reda\u00e7\u00e3o\"},\"sameAs\":[\"https:\/\/brasilnoticias.org\/site\"],\"url\":\"https:\/\/brasilnoticias.org\/site\/author\/fernandozsngmail-com\/\"}]}<\/script>\n<!-- \/ Yoast SEO plugin. -->","yoast_head_json":{"title":"Com apoio da Massa FM e de Leandro Guerrilha, bairro do Saboeiro \u00e9 sede da 1\u00aa Copa de Futebol Feminino - Brasil not\u00edcias","robots":{"index":"index","follow":"follow","max-snippet":"max-snippet:-1","max-image-preview":"max-image-preview:large","max-video-preview":"max-video-preview:-1"},"canonical":"https:\/\/brasilnoticias.org\/site\/com-apoio-da-massa-fm-e-de-leandro-guerrilha-bairro-do-saboeiro-e-sede-da-1a-copa-de-futebol-feminino\/","og_locale":"pt_PT","og_type":"article","og_title":"Com apoio da Massa FM e de Leandro Guerrilha, bairro do Saboeiro \u00e9 sede da 1\u00aa Copa de Futebol Feminino - Brasil not\u00edcias","og_description":"Aconteceu na manh\u00e3 deste domingo (4), no bairro do Saboeiro, em Salvador, a final da 1\u00aa Copa de Futebol Feminino.","og_url":"https:\/\/brasilnoticias.org\/site\/com-apoio-da-massa-fm-e-de-leandro-guerrilha-bairro-do-saboeiro-e-sede-da-1a-copa-de-futebol-feminino\/","og_site_name":"Brasil not\u00edcias","article_published_time":"2022-12-04T22:08:06+00:00","og_image":[{"width":1024,"height":768,"url":"https:\/\/brasilnoticias.org\/site\/wp-content\/uploads\/2022\/12\/WhatsApp-Image-2022-12-04-at-13.35.02..jpg","type":"image\/jpeg"}],"author":"Reda\u00e7\u00e3o","twitter_card":"summary_large_image","twitter_misc":{"Escrito por":"Reda\u00e7\u00e3o","Tempo estimado de leitura":"1 minuto"},"schema":{"@context":"https:\/\/schema.org","@graph":[{"@type":"Article","@id":"https:\/\/brasilnoticias.org\/site\/com-apoio-da-massa-fm-e-de-leandro-guerrilha-bairro-do-saboeiro-e-sede-da-1a-copa-de-futebol-feminino\/#article","isPartOf":{"@id":"https:\/\/brasilnoticias.org\/site\/com-apoio-da-massa-fm-e-de-leandro-guerrilha-bairro-do-saboeiro-e-sede-da-1a-copa-de-futebol-feminino\/"},"author":{"name":"Reda\u00e7\u00e3o","@id":"https:\/\/brasilnoticias.org\/site\/#\/schema\/person\/a0e05b973ec4d15c658d51911e53507b"},"headline":"Com apoio da Massa FM e de Leandro Guerrilha, bairro do Saboeiro \u00e9 sede da 1\u00aa Copa de Futebol Feminino","datePublished":"2022-12-04T22:08:06+00:00","mainEntityOfPage":{"@id":"https:\/\/brasilnoticias.org\/site\/com-apoio-da-massa-fm-e-de-leandro-guerrilha-bairro-do-saboeiro-e-sede-da-1a-copa-de-futebol-feminino\/"},"wordCount":253,"commentCount":0,"publisher":{"@id":"https:\/\/brasilnoticias.org\/site\/#organization"},"image":{"@id":"https:\/\/brasilnoticias.org\/site\/com-apoio-da-massa-fm-e-de-leandro-guerrilha-bairro-do-saboeiro-e-sede-da-1a-copa-de-futebol-feminino\/#primaryimage"},"thumbnailUrl":"https:\/\/brasilnoticias.org\/site\/wp-content\/uploads\/2022\/12\/WhatsApp-Image-2022-12-04-at-13.35.02..jpg","articleSection":["Not\u00edcias","\u00daltimas"],"inLanguage":"pt-PT","potentialAction":[{"@type":"CommentAction","name":"Comment","target":["https:\/\/brasilnoticias.org\/site\/com-apoio-da-massa-fm-e-de-leandro-guerrilha-bairro-do-saboeiro-e-sede-da-1a-copa-de-futebol-feminino\/#respond"]}]},{"@type":"WebPage","@id":"https:\/\/brasilnoticias.org\/site\/com-apoio-da-massa-fm-e-de-leandro-guerrilha-bairro-do-saboeiro-e-sede-da-1a-copa-de-futebol-feminino\/","url":"https:\/\/brasilnoticias.org\/site\/com-apoio-da-massa-fm-e-de-leandro-guerrilha-bairro-do-saboeiro-e-sede-da-1a-copa-de-futebol-feminino\/","name":"Com apoio da Massa FM e de Leandro Guerrilha, bairro do Saboeiro \u00e9 sede da 1\u00aa Copa de Futebol Feminino - Brasil not\u00edcias","isPartOf":{"@id":"https:\/\/brasilnoticias.org\/site\/#website"},"primaryImageOfPage":{"@id":"https:\/\/brasilnoticias.org\/site\/com-apoio-da-massa-fm-e-de-leandro-guerrilha-bairro-do-saboeiro-e-sede-da-1a-copa-de-futebol-feminino\/#primaryimage"},"image":{"@id":"https:\/\/brasilnoticias.org\/site\/com-apoio-da-massa-fm-e-de-leandro-guerrilha-bairro-do-saboeiro-e-sede-da-1a-copa-de-futebol-feminino\/#primaryimage"},"thumbnailUrl":"https:\/\/brasilnoticias.org\/site\/wp-content\/uploads\/2022\/12\/WhatsApp-Image-2022-12-04-at-13.35.02..jpg","datePublished":"2022-12-04T22:08:06+00:00","breadcrumb":{"@id":"https:\/\/brasilnoticias.org\/site\/com-apoio-da-massa-fm-e-de-leandro-guerrilha-bairro-do-saboeiro-e-sede-da-1a-copa-de-futebol-feminino\/#breadcrumb"},"inLanguage":"pt-PT","potentialAction":[{"@type":"ReadAction","target":["https:\/\/brasilnoticias.org\/site\/com-apoio-da-massa-fm-e-de-leandro-guerrilha-bairro-do-saboeiro-e-sede-da-1a-copa-de-futebol-feminino\/"]}]},{"@type":"ImageObject","inLanguage":"pt-PT","@id":"https:\/\/brasilnoticias.org\/site\/com-apoio-da-massa-fm-e-de-leandro-guerrilha-bairro-do-saboeiro-e-sede-da-1a-copa-de-futebol-feminino\/#primaryimage","url":"https:\/\/brasilnoticias.org\/site\/wp-content\/uploads\/2022\/12\/WhatsApp-Image-2022-12-04-at-13.35.02..jpg","contentUrl":"https:\/\/brasilnoticias.org\/site\/wp-content\/uploads\/2022\/12\/WhatsApp-Image-2022-12-04-at-13.35.02..jpg","width":1024,"height":768},{"@type":"BreadcrumbList","@id":"https:\/\/brasilnoticias.org\/site\/com-apoio-da-massa-fm-e-de-leandro-guerrilha-bairro-do-saboeiro-e-sede-da-1a-copa-de-futebol-feminino\/#breadcrumb","itemListElement":[{"@type":"ListItem","position":1,"name":"In\u00edcio","item":"https:\/\/brasilnoticias.org\/site\/"},{"@type":"ListItem","position":2,"name":"Com apoio da Massa FM e de Leandro Guerrilha, bairro do Saboeiro \u00e9 sede da 1\u00aa Copa de Futebol Feminino"}]},{"@type":"WebSite","@id":"https:\/\/brasilnoticias.org\/site\/#website","url":"https:\/\/brasilnoticias.org\/site\/","name":"Brasil not\u00edcias","description":"Brasil not\u00edcias","publisher":{"@id":"https:\/\/brasilnoticias.org\/site\/#organization"},"potentialAction":[{"@type":"SearchAction","target":{"@type":"EntryPoint","urlTemplate":"https:\/\/brasilnoticias.org\/site\/?s={search_term_string}"},"query-input":{"@type":"PropertyValueSpecification","valueRequired":true,"valueName":"search_term_string"}}],"inLanguage":"pt-PT"},{"@type":"Organization","@id":"https:\/\/brasilnoticias.org\/site\/#organization","name":"Brasil not\u00edcias","url":"https:\/\/brasilnoticias.org\/site\/","logo":{"@type":"ImageObject","inLanguage":"pt-PT","@id":"https:\/\/brasilnoticias.org\/site\/#\/schema\/logo\/image\/","url":"https:\/\/brasilnoticias.org\/site\/wp-content\/uploads\/2022\/05\/cropped-brasilnoticias-mini.jpg","contentUrl":"https:\/\/brasilnoticias.org\/site\/wp-content\/uploads\/2022\/05\/cropped-brasilnoticias-mini.jpg","width":314,"height":86,"caption":"Brasil not\u00edcias"},"image":{"@id":"https:\/\/brasilnoticias.org\/site\/#\/schema\/logo\/image\/"}},{"@type":"Person","@id":"https:\/\/brasilnoticias.org\/site\/#\/schema\/person\/a0e05b973ec4d15c658d51911e53507b","name":"Reda\u00e7\u00e3o","image":{"@type":"ImageObject","inLanguage":"pt-PT","@id":"https:\/\/brasilnoticias.org\/site\/#\/schema\/person\/image\/","url":"https:\/\/secure.gravatar.com\/avatar\/75d8b050df2de108b08ae78dfb8e374892df24a383c67db9c46a9c604f6aee9c?s=96&d=mm&r=g","contentUrl":"https:\/\/secure.gravatar.com\/avatar\/75d8b050df2de108b08ae78dfb8e374892df24a383c67db9c46a9c604f6aee9c?s=96&d=mm&r=g","caption":"Reda\u00e7\u00e3o"},"sameAs":["https:\/\/brasilnoticias.org\/site"],"url":"https:\/\/brasilnoticias.org\/site\/author\/fernandozsngmail-com\/"}]}},"_links":{"self":[{"href":"https:\/\/brasilnoticias.org\/site\/wp-json\/wp\/v2\/posts\/2574","targetHints":{"allow":["GET"]}}],"collection":[{"href":"https:\/\/brasilnoticias.org\/site\/wp-json\/wp\/v2\/posts"}],"about":[{"href":"https:\/\/brasilnoticias.org\/site\/wp-json\/wp\/v2\/types\/post"}],"author":[{"embeddable":true,"href":"https:\/\/brasilnoticias.org\/site\/wp-json\/wp\/v2\/users\/1"}],"replies":[{"embeddable":true,"href":"https:\/\/brasilnoticias.org\/site\/wp-json\/wp\/v2\/comments?post=2574"}],"version-history":[{"count":1,"href":"https:\/\/brasilnoticias.org\/site\/wp-json\/wp\/v2\/posts\/2574\/revisions"}],"predecessor-version":[{"id":2576,"href":"https:\/\/brasilnoticias.org\/site\/wp-json\/wp\/v2\/posts\/2574\/revisions\/2576"}],"wp:featuredmedia":[{"embeddable":true,"href":"https:\/\/brasilnoticias.org\/site\/wp-json\/wp\/v2\/media\/2575"}],"wp:attachment":[{"href":"https:\/\/brasilnoticias.org\/site\/wp-json\/wp\/v2\/media?parent=2574"}],"wp:term":[{"taxonomy":"category","embeddable":true,"href":"https:\/\/brasilnoticias.org\/site\/wp-json\/wp\/v2\/categories?post=2574"},{"taxonomy":"post_tag","embeddable":true,"href":"https:\/\/brasilnoticias.org\/site\/wp-json\/wp\/v2\/tags?post=2574"}],"curies":[{"name":"wp","href":"https:\/\/api.w.org\/{rel}","templated":true}]}}