{"id":2577,"date":"2022-12-05T07:00:34","date_gmt":"2022-12-05T10:00:34","guid":{"rendered":"https:\/\/brasilnoticias.org\/site\/?p=2577"},"modified":"2022-12-04T19:11:26","modified_gmt":"2022-12-04T22:11:26","slug":"com-recorde-de-mbappe-franca-vence-polonia-por-3-a-1-e-vai-para-quartas-de-final-na-copa-do-mundo","status":"publish","type":"post","link":"https:\/\/brasilnoticias.org\/site\/com-recorde-de-mbappe-franca-vence-polonia-por-3-a-1-e-vai-para-quartas-de-final-na-copa-do-mundo\/","title":{"rendered":"Com recorde de Mbapp\u00e9, Fran\u00e7a vence Pol\u00f4nia por 3 a 1 e vai para quartas de final na Copa do Mundo"},"content":{"rendered":"<p>A Fran\u00e7a venceu o jogo contra a Pol\u00f4nia nas oitavas de final da Copa do Mundo no Catar na tarde deste domingo (4). Com o resultado, os franceses foram classificados para as quartas de final. O time enfrentar\u00e1 na pr\u00f3xima etapa o vencedor do confronto entre Inglaterra e Senegal, que acontecer\u00e1 \u00e0s 16h deste domingo.<\/p>\n<p>A partida terminou em 3 a 1 para a sele\u00e7\u00e3o francesa, com um gol de Olivier Giroud no primeiro tempo e dois de Mbapp\u00e9. Assim, o atacante do Paris Saint-Germain torna-se o artilheiro do torneio da edi\u00e7\u00e3o do mundial no Catar, com cinco bolas dentro da rede. <\/p>\n<p>A vantagem da Fran\u00e7a no placar foi diminu\u00edda com o gol de Lewandowski nos p\u00eanaltis concedidos ao final do segundo tempo para a sele\u00e7\u00e3o polonesa.<\/p>\n<p>Foto: Reprodu\u00e7\u00e3o\/Redes Sociais\/Equipe de France<br \/>\nPor: Metro1 <\/p>\n","protected":false},"excerpt":{"rendered":"<p>A Fran\u00e7a venceu o jogo contra a Pol\u00f4nia nas oitavas de final da Copa do Mundo no Catar na tarde<\/p>\n","protected":false},"author":1,"featured_media":2578,"comment_status":"open","ping_status":"open","sticky":false,"template":"","format":"standard","meta":{"colormag_page_container_layout":"default_layout","colormag_page_sidebar_layout":"default_layout","_FSMCFIC_featured_image_caption":"","_FSMCFIC_featured_image_nocaption":"","_FSMCFIC_featured_image_hide":"","footnotes":""},"categories":[5,1],"tags":[],"class_list":["post-2577","post","type-post","status-publish","format-standard","has-post-thumbnail","hentry","category-politica","category-ultimas"],"yoast_head":"<!-- This site is optimized with the Yoast SEO plugin v27.1.1 - https:\/\/yoast.com\/product\/yoast-seo-wordpress\/ -->\n<title>Com recorde de Mbapp\u00e9, Fran\u00e7a vence Pol\u00f4nia por 3 a 1 e vai para quartas de final na Copa do Mundo - Brasil not\u00edcias<\/title>\n<meta name=\"robots\" content=\"index, follow, max-snippet:-1, max-image-preview:large, max-video-preview:-1\" \/>\n<link rel=\"canonical\" href=\"https:\/\/brasilnoticias.org\/site\/com-recorde-de-mbappe-franca-vence-polonia-por-3-a-1-e-vai-para-quartas-de-final-na-copa-do-mundo\/\" \/>\n<meta property=\"og:locale\" content=\"pt_PT\" \/>\n<meta property=\"og:type\" content=\"article\" \/>\n<meta property=\"og:title\" content=\"Com recorde de Mbapp\u00e9, Fran\u00e7a vence Pol\u00f4nia por 3 a 1 e vai para quartas de final na Copa do Mundo - Brasil not\u00edcias\" \/>\n<meta property=\"og:description\" content=\"A Fran\u00e7a venceu o jogo contra a Pol\u00f4nia nas oitavas de final da Copa do Mundo no Catar na tarde\" \/>\n<meta property=\"og:url\" content=\"https:\/\/brasilnoticias.org\/site\/com-recorde-de-mbappe-franca-vence-polonia-por-3-a-1-e-vai-para-quartas-de-final-na-copa-do-mundo\/\" \/>\n<meta property=\"og:site_name\" content=\"Brasil not\u00edcias\" \/>\n<meta property=\"article:published_time\" content=\"2022-12-05T10:00:34+00:00\" \/>\n<meta property=\"og:image\" content=\"https:\/\/brasilnoticias.org\/site\/wp-content\/uploads\/2022\/12\/130998com-recorde-de-mbappe-franca-vence-polonia-por-3-a-1-e-vai-para-quartas-de-final-na-copa-do-mundo-3.jpg\" \/>\n\t<meta property=\"og:image:width\" content=\"1600\" \/>\n\t<meta property=\"og:image:height\" content=\"752\" \/>\n\t<meta property=\"og:image:type\" content=\"image\/jpeg\" \/>\n<meta name=\"author\" content=\"Reda\u00e7\u00e3o\" \/>\n<meta name=\"twitter:card\" content=\"summary_large_image\" \/>\n<meta name=\"twitter:label1\" content=\"Escrito por\" \/>\n\t<meta name=\"twitter:data1\" content=\"Reda\u00e7\u00e3o\" \/>\n\t<meta name=\"twitter:label2\" content=\"Tempo estimado de leitura\" \/>\n\t<meta name=\"twitter:data2\" content=\"1 minuto\" \/>\n<script type=\"application\/ld+json\" class=\"yoast-schema-graph\">{\"@context\":\"https:\/\/schema.org\",\"@graph\":[{\"@type\":\"Article\",\"@id\":\"https:\/\/brasilnoticias.org\/site\/com-recorde-de-mbappe-franca-vence-polonia-por-3-a-1-e-vai-para-quartas-de-final-na-copa-do-mundo\/#article\",\"isPartOf\":{\"@id\":\"https:\/\/brasilnoticias.org\/site\/com-recorde-de-mbappe-franca-vence-polonia-por-3-a-1-e-vai-para-quartas-de-final-na-copa-do-mundo\/\"},\"author\":{\"name\":\"Reda\u00e7\u00e3o\",\"@id\":\"https:\/\/brasilnoticias.org\/site\/#\/schema\/person\/a0e05b973ec4d15c658d51911e53507b\"},\"headline\":\"Com recorde de Mbapp\u00e9, Fran\u00e7a vence Pol\u00f4nia por 3 a 1 e vai para quartas de final na Copa do Mundo\",\"datePublished\":\"2022-12-05T10:00:34+00:00\",\"mainEntityOfPage\":{\"@id\":\"https:\/\/brasilnoticias.org\/site\/com-recorde-de-mbappe-franca-vence-polonia-por-3-a-1-e-vai-para-quartas-de-final-na-copa-do-mundo\/\"},\"wordCount\":164,\"commentCount\":0,\"publisher\":{\"@id\":\"https:\/\/brasilnoticias.org\/site\/#organization\"},\"image\":{\"@id\":\"https:\/\/brasilnoticias.org\/site\/com-recorde-de-mbappe-franca-vence-polonia-por-3-a-1-e-vai-para-quartas-de-final-na-copa-do-mundo\/#primaryimage\"},\"thumbnailUrl\":\"https:\/\/brasilnoticias.org\/site\/wp-content\/uploads\/2022\/12\/130998com-recorde-de-mbappe-franca-vence-polonia-por-3-a-1-e-vai-para-quartas-de-final-na-copa-do-mundo-3.jpg\",\"articleSection\":[\"Pol\u00edtica\",\"\u00daltimas\"],\"inLanguage\":\"pt-PT\",\"potentialAction\":[{\"@type\":\"CommentAction\",\"name\":\"Comment\",\"target\":[\"https:\/\/brasilnoticias.org\/site\/com-recorde-de-mbappe-franca-vence-polonia-por-3-a-1-e-vai-para-quartas-de-final-na-copa-do-mundo\/#respond\"]}]},{\"@type\":\"WebPage\",\"@id\":\"https:\/\/brasilnoticias.org\/site\/com-recorde-de-mbappe-franca-vence-polonia-por-3-a-1-e-vai-para-quartas-de-final-na-copa-do-mundo\/\",\"url\":\"https:\/\/brasilnoticias.org\/site\/com-recorde-de-mbappe-franca-vence-polonia-por-3-a-1-e-vai-para-quartas-de-final-na-copa-do-mundo\/\",\"name\":\"Com recorde de Mbapp\u00e9, Fran\u00e7a vence Pol\u00f4nia por 3 a 1 e vai para quartas de final na Copa do Mundo - Brasil not\u00edcias\",\"isPartOf\":{\"@id\":\"https:\/\/brasilnoticias.org\/site\/#website\"},\"primaryImageOfPage\":{\"@id\":\"https:\/\/brasilnoticias.org\/site\/com-recorde-de-mbappe-franca-vence-polonia-por-3-a-1-e-vai-para-quartas-de-final-na-copa-do-mundo\/#primaryimage\"},\"image\":{\"@id\":\"https:\/\/brasilnoticias.org\/site\/com-recorde-de-mbappe-franca-vence-polonia-por-3-a-1-e-vai-para-quartas-de-final-na-copa-do-mundo\/#primaryimage\"},\"thumbnailUrl\":\"https:\/\/brasilnoticias.org\/site\/wp-content\/uploads\/2022\/12\/130998com-recorde-de-mbappe-franca-vence-polonia-por-3-a-1-e-vai-para-quartas-de-final-na-copa-do-mundo-3.jpg\",\"datePublished\":\"2022-12-05T10:00:34+00:00\",\"breadcrumb\":{\"@id\":\"https:\/\/brasilnoticias.org\/site\/com-recorde-de-mbappe-franca-vence-polonia-por-3-a-1-e-vai-para-quartas-de-final-na-copa-do-mundo\/#breadcrumb\"},\"inLanguage\":\"pt-PT\",\"potentialAction\":[{\"@type\":\"ReadAction\",\"target\":[\"https:\/\/brasilnoticias.org\/site\/com-recorde-de-mbappe-franca-vence-polonia-por-3-a-1-e-vai-para-quartas-de-final-na-copa-do-mundo\/\"]}]},{\"@type\":\"ImageObject\",\"inLanguage\":\"pt-PT\",\"@id\":\"https:\/\/brasilnoticias.org\/site\/com-recorde-de-mbappe-franca-vence-polonia-por-3-a-1-e-vai-para-quartas-de-final-na-copa-do-mundo\/#primaryimage\",\"url\":\"https:\/\/brasilnoticias.org\/site\/wp-content\/uploads\/2022\/12\/130998com-recorde-de-mbappe-franca-vence-polonia-por-3-a-1-e-vai-para-quartas-de-final-na-copa-do-mundo-3.jpg\",\"contentUrl\":\"https:\/\/brasilnoticias.org\/site\/wp-content\/uploads\/2022\/12\/130998com-recorde-de-mbappe-franca-vence-polonia-por-3-a-1-e-vai-para-quartas-de-final-na-copa-do-mundo-3.jpg\",\"width\":1600,\"height\":752},{\"@type\":\"BreadcrumbList\",\"@id\":\"https:\/\/brasilnoticias.org\/site\/com-recorde-de-mbappe-franca-vence-polonia-por-3-a-1-e-vai-para-quartas-de-final-na-copa-do-mundo\/#breadcrumb\",\"itemListElement\":[{\"@type\":\"ListItem\",\"position\":1,\"name\":\"In\u00edcio\",\"item\":\"https:\/\/brasilnoticias.org\/site\/\"},{\"@type\":\"ListItem\",\"position\":2,\"name\":\"Com recorde de Mbapp\u00e9, Fran\u00e7a vence Pol\u00f4nia por 3 a 1 e vai para quartas de final na Copa do Mundo\"}]},{\"@type\":\"WebSite\",\"@id\":\"https:\/\/brasilnoticias.org\/site\/#website\",\"url\":\"https:\/\/brasilnoticias.org\/site\/\",\"name\":\"Brasil not\u00edcias\",\"description\":\"Brasil not\u00edcias\",\"publisher\":{\"@id\":\"https:\/\/brasilnoticias.org\/site\/#organization\"},\"potentialAction\":[{\"@type\":\"SearchAction\",\"target\":{\"@type\":\"EntryPoint\",\"urlTemplate\":\"https:\/\/brasilnoticias.org\/site\/?s={search_term_string}\"},\"query-input\":{\"@type\":\"PropertyValueSpecification\",\"valueRequired\":true,\"valueName\":\"search_term_string\"}}],\"inLanguage\":\"pt-PT\"},{\"@type\":\"Organization\",\"@id\":\"https:\/\/brasilnoticias.org\/site\/#organization\",\"name\":\"Brasil not\u00edcias\",\"url\":\"https:\/\/brasilnoticias.org\/site\/\",\"logo\":{\"@type\":\"ImageObject\",\"inLanguage\":\"pt-PT\",\"@id\":\"https:\/\/brasilnoticias.org\/site\/#\/schema\/logo\/image\/\",\"url\":\"https:\/\/brasilnoticias.org\/site\/wp-content\/uploads\/2022\/05\/cropped-brasilnoticias-mini.jpg\",\"contentUrl\":\"https:\/\/brasilnoticias.org\/site\/wp-content\/uploads\/2022\/05\/cropped-brasilnoticias-mini.jpg\",\"width\":314,\"height\":86,\"caption\":\"Brasil not\u00edcias\"},\"image\":{\"@id\":\"https:\/\/brasilnoticias.org\/site\/#\/schema\/logo\/image\/\"}},{\"@type\":\"Person\",\"@id\":\"https:\/\/brasilnoticias.org\/site\/#\/schema\/person\/a0e05b973ec4d15c658d51911e53507b\",\"name\":\"Reda\u00e7\u00e3o\",\"image\":{\"@type\":\"ImageObject\",\"inLanguage\":\"pt-PT\",\"@id\":\"https:\/\/brasilnoticias.org\/site\/#\/schema\/person\/image\/\",\"url\":\"https:\/\/secure.gravatar.com\/avatar\/75d8b050df2de108b08ae78dfb8e374892df24a383c67db9c46a9c604f6aee9c?s=96&d=mm&r=g\",\"contentUrl\":\"https:\/\/secure.gravatar.com\/avatar\/75d8b050df2de108b08ae78dfb8e374892df24a383c67db9c46a9c604f6aee9c?s=96&d=mm&r=g\",\"caption\":\"Reda\u00e7\u00e3o\"},\"sameAs\":[\"https:\/\/brasilnoticias.org\/site\"],\"url\":\"https:\/\/brasilnoticias.org\/site\/author\/fernandozsngmail-com\/\"}]}<\/script>\n<!-- \/ Yoast SEO plugin. -->","yoast_head_json":{"title":"Com recorde de Mbapp\u00e9, Fran\u00e7a vence Pol\u00f4nia por 3 a 1 e vai para quartas de final na Copa do Mundo - Brasil not\u00edcias","robots":{"index":"index","follow":"follow","max-snippet":"max-snippet:-1","max-image-preview":"max-image-preview:large","max-video-preview":"max-video-preview:-1"},"canonical":"https:\/\/brasilnoticias.org\/site\/com-recorde-de-mbappe-franca-vence-polonia-por-3-a-1-e-vai-para-quartas-de-final-na-copa-do-mundo\/","og_locale":"pt_PT","og_type":"article","og_title":"Com recorde de Mbapp\u00e9, Fran\u00e7a vence Pol\u00f4nia por 3 a 1 e vai para quartas de final na Copa do Mundo - Brasil not\u00edcias","og_description":"A Fran\u00e7a venceu o jogo contra a Pol\u00f4nia nas oitavas de final da Copa do Mundo no Catar na tarde","og_url":"https:\/\/brasilnoticias.org\/site\/com-recorde-de-mbappe-franca-vence-polonia-por-3-a-1-e-vai-para-quartas-de-final-na-copa-do-mundo\/","og_site_name":"Brasil not\u00edcias","article_published_time":"2022-12-05T10:00:34+00:00","og_image":[{"width":1600,"height":752,"url":"https:\/\/brasilnoticias.org\/site\/wp-content\/uploads\/2022\/12\/130998com-recorde-de-mbappe-franca-vence-polonia-por-3-a-1-e-vai-para-quartas-de-final-na-copa-do-mundo-3.jpg","type":"image\/jpeg"}],"author":"Reda\u00e7\u00e3o","twitter_card":"summary_large_image","twitter_misc":{"Escrito por":"Reda\u00e7\u00e3o","Tempo estimado de leitura":"1 minuto"},"schema":{"@context":"https:\/\/schema.org","@graph":[{"@type":"Article","@id":"https:\/\/brasilnoticias.org\/site\/com-recorde-de-mbappe-franca-vence-polonia-por-3-a-1-e-vai-para-quartas-de-final-na-copa-do-mundo\/#article","isPartOf":{"@id":"https:\/\/brasilnoticias.org\/site\/com-recorde-de-mbappe-franca-vence-polonia-por-3-a-1-e-vai-para-quartas-de-final-na-copa-do-mundo\/"},"author":{"name":"Reda\u00e7\u00e3o","@id":"https:\/\/brasilnoticias.org\/site\/#\/schema\/person\/a0e05b973ec4d15c658d51911e53507b"},"headline":"Com recorde de Mbapp\u00e9, Fran\u00e7a vence Pol\u00f4nia por 3 a 1 e vai para quartas de final na Copa do Mundo","datePublished":"2022-12-05T10:00:34+00:00","mainEntityOfPage":{"@id":"https:\/\/brasilnoticias.org\/site\/com-recorde-de-mbappe-franca-vence-polonia-por-3-a-1-e-vai-para-quartas-de-final-na-copa-do-mundo\/"},"wordCount":164,"commentCount":0,"publisher":{"@id":"https:\/\/brasilnoticias.org\/site\/#organization"},"image":{"@id":"https:\/\/brasilnoticias.org\/site\/com-recorde-de-mbappe-franca-vence-polonia-por-3-a-1-e-vai-para-quartas-de-final-na-copa-do-mundo\/#primaryimage"},"thumbnailUrl":"https:\/\/brasilnoticias.org\/site\/wp-content\/uploads\/2022\/12\/130998com-recorde-de-mbappe-franca-vence-polonia-por-3-a-1-e-vai-para-quartas-de-final-na-copa-do-mundo-3.jpg","articleSection":["Pol\u00edtica","\u00daltimas"],"inLanguage":"pt-PT","potentialAction":[{"@type":"CommentAction","name":"Comment","target":["https:\/\/brasilnoticias.org\/site\/com-recorde-de-mbappe-franca-vence-polonia-por-3-a-1-e-vai-para-quartas-de-final-na-copa-do-mundo\/#respond"]}]},{"@type":"WebPage","@id":"https:\/\/brasilnoticias.org\/site\/com-recorde-de-mbappe-franca-vence-polonia-por-3-a-1-e-vai-para-quartas-de-final-na-copa-do-mundo\/","url":"https:\/\/brasilnoticias.org\/site\/com-recorde-de-mbappe-franca-vence-polonia-por-3-a-1-e-vai-para-quartas-de-final-na-copa-do-mundo\/","name":"Com recorde de Mbapp\u00e9, Fran\u00e7a vence Pol\u00f4nia por 3 a 1 e vai para quartas de final na Copa do Mundo - Brasil not\u00edcias","isPartOf":{"@id":"https:\/\/brasilnoticias.org\/site\/#website"},"primaryImageOfPage":{"@id":"https:\/\/brasilnoticias.org\/site\/com-recorde-de-mbappe-franca-vence-polonia-por-3-a-1-e-vai-para-quartas-de-final-na-copa-do-mundo\/#primaryimage"},"image":{"@id":"https:\/\/brasilnoticias.org\/site\/com-recorde-de-mbappe-franca-vence-polonia-por-3-a-1-e-vai-para-quartas-de-final-na-copa-do-mundo\/#primaryimage"},"thumbnailUrl":"https:\/\/brasilnoticias.org\/site\/wp-content\/uploads\/2022\/12\/130998com-recorde-de-mbappe-franca-vence-polonia-por-3-a-1-e-vai-para-quartas-de-final-na-copa-do-mundo-3.jpg","datePublished":"2022-12-05T10:00:34+00:00","breadcrumb":{"@id":"https:\/\/brasilnoticias.org\/site\/com-recorde-de-mbappe-franca-vence-polonia-por-3-a-1-e-vai-para-quartas-de-final-na-copa-do-mundo\/#breadcrumb"},"inLanguage":"pt-PT","potentialAction":[{"@type":"ReadAction","target":["https:\/\/brasilnoticias.org\/site\/com-recorde-de-mbappe-franca-vence-polonia-por-3-a-1-e-vai-para-quartas-de-final-na-copa-do-mundo\/"]}]},{"@type":"ImageObject","inLanguage":"pt-PT","@id":"https:\/\/brasilnoticias.org\/site\/com-recorde-de-mbappe-franca-vence-polonia-por-3-a-1-e-vai-para-quartas-de-final-na-copa-do-mundo\/#primaryimage","url":"https:\/\/brasilnoticias.org\/site\/wp-content\/uploads\/2022\/12\/130998com-recorde-de-mbappe-franca-vence-polonia-por-3-a-1-e-vai-para-quartas-de-final-na-copa-do-mundo-3.jpg","contentUrl":"https:\/\/brasilnoticias.org\/site\/wp-content\/uploads\/2022\/12\/130998com-recorde-de-mbappe-franca-vence-polonia-por-3-a-1-e-vai-para-quartas-de-final-na-copa-do-mundo-3.jpg","width":1600,"height":752},{"@type":"BreadcrumbList","@id":"https:\/\/brasilnoticias.org\/site\/com-recorde-de-mbappe-franca-vence-polonia-por-3-a-1-e-vai-para-quartas-de-final-na-copa-do-mundo\/#breadcrumb","itemListElement":[{"@type":"ListItem","position":1,"name":"In\u00edcio","item":"https:\/\/brasilnoticias.org\/site\/"},{"@type":"ListItem","position":2,"name":"Com recorde de Mbapp\u00e9, Fran\u00e7a vence Pol\u00f4nia por 3 a 1 e vai para quartas de final na Copa do Mundo"}]},{"@type":"WebSite","@id":"https:\/\/brasilnoticias.org\/site\/#website","url":"https:\/\/brasilnoticias.org\/site\/","name":"Brasil not\u00edcias","description":"Brasil not\u00edcias","publisher":{"@id":"https:\/\/brasilnoticias.org\/site\/#organization"},"potentialAction":[{"@type":"SearchAction","target":{"@type":"EntryPoint","urlTemplate":"https:\/\/brasilnoticias.org\/site\/?s={search_term_string}"},"query-input":{"@type":"PropertyValueSpecification","valueRequired":true,"valueName":"search_term_string"}}],"inLanguage":"pt-PT"},{"@type":"Organization","@id":"https:\/\/brasilnoticias.org\/site\/#organization","name":"Brasil not\u00edcias","url":"https:\/\/brasilnoticias.org\/site\/","logo":{"@type":"ImageObject","inLanguage":"pt-PT","@id":"https:\/\/brasilnoticias.org\/site\/#\/schema\/logo\/image\/","url":"https:\/\/brasilnoticias.org\/site\/wp-content\/uploads\/2022\/05\/cropped-brasilnoticias-mini.jpg","contentUrl":"https:\/\/brasilnoticias.org\/site\/wp-content\/uploads\/2022\/05\/cropped-brasilnoticias-mini.jpg","width":314,"height":86,"caption":"Brasil not\u00edcias"},"image":{"@id":"https:\/\/brasilnoticias.org\/site\/#\/schema\/logo\/image\/"}},{"@type":"Person","@id":"https:\/\/brasilnoticias.org\/site\/#\/schema\/person\/a0e05b973ec4d15c658d51911e53507b","name":"Reda\u00e7\u00e3o","image":{"@type":"ImageObject","inLanguage":"pt-PT","@id":"https:\/\/brasilnoticias.org\/site\/#\/schema\/person\/image\/","url":"https:\/\/secure.gravatar.com\/avatar\/75d8b050df2de108b08ae78dfb8e374892df24a383c67db9c46a9c604f6aee9c?s=96&d=mm&r=g","contentUrl":"https:\/\/secure.gravatar.com\/avatar\/75d8b050df2de108b08ae78dfb8e374892df24a383c67db9c46a9c604f6aee9c?s=96&d=mm&r=g","caption":"Reda\u00e7\u00e3o"},"sameAs":["https:\/\/brasilnoticias.org\/site"],"url":"https:\/\/brasilnoticias.org\/site\/author\/fernandozsngmail-com\/"}]}},"_links":{"self":[{"href":"https:\/\/brasilnoticias.org\/site\/wp-json\/wp\/v2\/posts\/2577","targetHints":{"allow":["GET"]}}],"collection":[{"href":"https:\/\/brasilnoticias.org\/site\/wp-json\/wp\/v2\/posts"}],"about":[{"href":"https:\/\/brasilnoticias.org\/site\/wp-json\/wp\/v2\/types\/post"}],"author":[{"embeddable":true,"href":"https:\/\/brasilnoticias.org\/site\/wp-json\/wp\/v2\/users\/1"}],"replies":[{"embeddable":true,"href":"https:\/\/brasilnoticias.org\/site\/wp-json\/wp\/v2\/comments?post=2577"}],"version-history":[{"count":1,"href":"https:\/\/brasilnoticias.org\/site\/wp-json\/wp\/v2\/posts\/2577\/revisions"}],"predecessor-version":[{"id":2579,"href":"https:\/\/brasilnoticias.org\/site\/wp-json\/wp\/v2\/posts\/2577\/revisions\/2579"}],"wp:featuredmedia":[{"embeddable":true,"href":"https:\/\/brasilnoticias.org\/site\/wp-json\/wp\/v2\/media\/2578"}],"wp:attachment":[{"href":"https:\/\/brasilnoticias.org\/site\/wp-json\/wp\/v2\/media?parent=2577"}],"wp:term":[{"taxonomy":"category","embeddable":true,"href":"https:\/\/brasilnoticias.org\/site\/wp-json\/wp\/v2\/categories?post=2577"},{"taxonomy":"post_tag","embeddable":true,"href":"https:\/\/brasilnoticias.org\/site\/wp-json\/wp\/v2\/tags?post=2577"}],"curies":[{"name":"wp","href":"https:\/\/api.w.org\/{rel}","templated":true}]}}