{"id":2580,"date":"2022-12-05T07:20:31","date_gmt":"2022-12-05T10:20:31","guid":{"rendered":"https:\/\/brasilnoticias.org\/site\/?p=2580"},"modified":"2022-12-04T19:16:17","modified_gmt":"2022-12-04T22:16:17","slug":"policia-da-moralidade-entenda-como-atuava-o-orgao-oficial-do-governo-iraniano","status":"publish","type":"post","link":"https:\/\/brasilnoticias.org\/site\/policia-da-moralidade-entenda-como-atuava-o-orgao-oficial-do-governo-iraniano\/","title":{"rendered":"Pol\u00edcia da moralidade: entenda como atuava o \u00f3rg\u00e3o oficial do governo iraniano"},"content":{"rendered":"<p>O Ir\u00e3 decidiu abolir a pol\u00edcia da moralidade ap\u00f3s mais de dois meses de protestos desencadeados pela morte da curdo-iraniana Mahsa Amini, de 22 anos, detida por supostamente violar o r\u00edgido c\u00f3digo de vestimenta do pa\u00eds. O an\u00fancio foi feito pelo procurador-geral do pa\u00eds, Hojatolislam Mohammad Jafar Montazari.<\/p>\n<p>Visto como um gesto em dire\u00e7\u00e3o aos manifestantes, o fim da pol\u00edcia da moralidade ocorre ap\u00f3s as autoridades anunciarem que estavam analisando se a lei de 1983 sobre o uso obrigat\u00f3rio do hijab (o v\u00e9u isl\u00e2mico) precisava de mudan\u00e7as.<\/p>\n<p>Nessa reportagem, voc\u00ea vai entender como surgiu a pol\u00edcia da moralidade, de que forma ela atuava e o que muda agora ap\u00f3s os protestos.<br \/>\nO que diz a lei iraniana?<br \/>\nO uso do v\u00e9u se tornou obrigat\u00f3rio no Ir\u00e3 em 1983, quatro anos depois da Revolu\u00e7\u00e3o Isl\u00e2mica de 1979.<\/p>\n<p>A lei estabelece que tanto as mulheres iranianas quanto as estrangeiras, independentemente de sua religi\u00e3o, devem usar v\u00e9u cobrindo o cabelo e usar roupas largas em p\u00fablico. A lei se aplica a todas as mulheres a partir da puberdade, mas sem especificar uma idade exata.<\/p>\n<p>Grande parte dos regulamentos do Ir\u00e3 \u00e9 baseada na interpreta\u00e7\u00e3o do Estado da lei isl\u00e2mica da Sharia, que exige que homens e mulheres se vistam modestamente.<\/p>\n<p>N\u00e3o existe uma determina\u00e7\u00e3o clara sobre quais roupas podem ser consideradas como inadequadas, o que deixa muito espa\u00e7o para a interpreta\u00e7\u00e3o da pol\u00edcia da moralidade. Importante ressaltar que as patrulhas visam principalmente \u00e0s mulheres.<\/p>\n<p>Como era antes?<br \/>\nAntes da Revolu\u00e7\u00e3o de 1979, o v\u00e9u havia sido abolido no pa\u00eds, em 1936. Durante esses mais de 40 anos, o Ir\u00e3 foi considerado um pa\u00eds liberal, onde as mulheres podiam usar as roupas que quisessem. Tamb\u00e9m n\u00e3o havia segrega\u00e7\u00e3o entre g\u00eaneros nas escolas e as mulheres tinham direito ao voto.<\/p>\n<p>No entanto, as mulheres que queriam usar o hijab se viram expostas ao ter que sair na rua sem o v\u00e9u. Muitos conservadores no pa\u00eds n\u00e3o apoiaram essa liberdade.<\/p>\n<p>Como essa lei \u00e9 aplicada?<br \/>\nDurante os mandatos do presidente moderado Hassan Rohani (2013-2021), era comum observar mulheres de cal\u00e7as jeans justas e v\u00e9us coloridos.<\/p>\n<p>Em julho, por\u00e9m, seu sucessor, o ultraconservador Ebrahim Raisi pediu a &#8220;todas as institui\u00e7\u00f5es estatais&#8221; o refor\u00e7o na aplica\u00e7\u00e3o da lei do v\u00e9u. &#8220;Os inimigos do Ir\u00e3 e do Isl\u00e3 querem minar os valores culturais e religiosos da sociedade, divulgando a corrup\u00e7\u00e3o&#8221;, afirmou na ocasi\u00e3o.<\/p>\n<p>As mulheres que violavam o r\u00edgido c\u00f3digo de vestimenta come\u00e7aram a correr o risco de serem punidas.<\/p>\n<p>Como a pol\u00edcia da moralidade agia?<br \/>\nDepois de 1979, &#8220;Comit\u00eas da Revolu\u00e7\u00e3o Isl\u00e2mica&#8221;, vinculados \u00e0 Guarda Revolucion\u00e1ria, patrulhavam as ruas para observar o cumprimento dos c\u00f3digos de vestimenta e de moral no Ir\u00e3.<\/p>\n<p>A pol\u00edcia da moralidade, conhecida como Gasht-e Ershad (patrulhas de orienta\u00e7\u00e3o, em uma tradu\u00e7\u00e3o livre), foi criada bem depois, sob o regime do presidente ultraconservador Mahmoud Ahmadinejad (2005-2013) para &#8220;espalhar a cultura da dec\u00eancia e do hijab&#8221;, o v\u00e9u mu\u00e7ulmano feminino. Conforme explicado em reportagem do Fant\u00e1stico, a pol\u00edcia da moralidade reprimia menos ou mais, dependendo do governo.<\/p>\n<p>Recentemente, a Anistia Internacional cobrou &#8220;uma investiga\u00e7\u00e3o sobre as acusa\u00e7\u00f5es de tortura&#8221; e a ONU recebeu &#8220;numerosos v\u00eddeos verificados de tratamento violento contra mulheres&#8221;.<br \/>\nQuem s\u00e3o os membros dessa pol\u00edcia?<br \/>\nSuas unidades s\u00e3o formadas por homens em uniforme verde e mulheres em xador preto, uma vestimenta que cobre todo corpo, exceto o rosto. As primeiras patrulhas come\u00e7aram seu trabalho em 2006.<\/p>\n<p>A Gasht-e Ershad era um \u00f3rg\u00e3o oficial do pa\u00eds e o papel desta pol\u00edcia mudou com o passar dos anos, mas sempre gerou divis\u00f5es na classe pol\u00edtica.<\/p>\n<p>Foto: ISNA<br \/>\nG1<\/p>\n","protected":false},"excerpt":{"rendered":"<p>O Ir\u00e3 decidiu abolir a pol\u00edcia da moralidade ap\u00f3s mais de dois meses de protestos desencadeados pela morte da curdo-iraniana<\/p>\n","protected":false},"author":1,"featured_media":2581,"comment_status":"open","ping_status":"open","sticky":false,"template":"","format":"standard","meta":{"colormag_page_container_layout":"default_layout","colormag_page_sidebar_layout":"default_layout","_FSMCFIC_featured_image_caption":"","_FSMCFIC_featured_image_nocaption":"","_FSMCFIC_featured_image_hide":"","footnotes":""},"categories":[6,1],"tags":[],"class_list":["post-2580","post","type-post","status-publish","format-standard","has-post-thumbnail","hentry","category-mundo","category-ultimas"],"yoast_head":"<!-- This site is optimized with the Yoast SEO plugin v27.1.1 - https:\/\/yoast.com\/product\/yoast-seo-wordpress\/ -->\n<title>Pol\u00edcia da moralidade: entenda como atuava o \u00f3rg\u00e3o oficial do governo iraniano - Brasil not\u00edcias<\/title>\n<meta name=\"robots\" content=\"index, follow, max-snippet:-1, max-image-preview:large, max-video-preview:-1\" \/>\n<link rel=\"canonical\" href=\"https:\/\/brasilnoticias.org\/site\/policia-da-moralidade-entenda-como-atuava-o-orgao-oficial-do-governo-iraniano\/\" \/>\n<meta property=\"og:locale\" content=\"pt_PT\" \/>\n<meta property=\"og:type\" content=\"article\" \/>\n<meta property=\"og:title\" content=\"Pol\u00edcia da moralidade: entenda como atuava o \u00f3rg\u00e3o oficial do governo iraniano - Brasil not\u00edcias\" \/>\n<meta property=\"og:description\" content=\"O Ir\u00e3 decidiu abolir a pol\u00edcia da moralidade ap\u00f3s mais de dois meses de protestos desencadeados pela morte da curdo-iraniana\" \/>\n<meta property=\"og:url\" content=\"https:\/\/brasilnoticias.org\/site\/policia-da-moralidade-entenda-como-atuava-o-orgao-oficial-do-governo-iraniano\/\" \/>\n<meta property=\"og:site_name\" content=\"Brasil not\u00edcias\" \/>\n<meta property=\"article:published_time\" content=\"2022-12-05T10:20:31+00:00\" \/>\n<meta property=\"og:image\" content=\"https:\/\/brasilnoticias.org\/site\/wp-content\/uploads\/2022\/12\/5.webp\" \/>\n\t<meta property=\"og:image:width\" content=\"640\" \/>\n\t<meta property=\"og:image:height\" content=\"360\" \/>\n\t<meta property=\"og:image:type\" content=\"image\/webp\" \/>\n<meta name=\"author\" content=\"Reda\u00e7\u00e3o\" \/>\n<meta name=\"twitter:card\" content=\"summary_large_image\" \/>\n<meta name=\"twitter:label1\" content=\"Escrito por\" \/>\n\t<meta name=\"twitter:data1\" content=\"Reda\u00e7\u00e3o\" \/>\n\t<meta name=\"twitter:label2\" content=\"Tempo estimado de leitura\" \/>\n\t<meta name=\"twitter:data2\" content=\"3 minutos\" \/>\n<script type=\"application\/ld+json\" class=\"yoast-schema-graph\">{\"@context\":\"https:\/\/schema.org\",\"@graph\":[{\"@type\":\"Article\",\"@id\":\"https:\/\/brasilnoticias.org\/site\/policia-da-moralidade-entenda-como-atuava-o-orgao-oficial-do-governo-iraniano\/#article\",\"isPartOf\":{\"@id\":\"https:\/\/brasilnoticias.org\/site\/policia-da-moralidade-entenda-como-atuava-o-orgao-oficial-do-governo-iraniano\/\"},\"author\":{\"name\":\"Reda\u00e7\u00e3o\",\"@id\":\"https:\/\/brasilnoticias.org\/site\/#\/schema\/person\/a0e05b973ec4d15c658d51911e53507b\"},\"headline\":\"Pol\u00edcia da moralidade: entenda como atuava o \u00f3rg\u00e3o oficial do governo iraniano\",\"datePublished\":\"2022-12-05T10:20:31+00:00\",\"mainEntityOfPage\":{\"@id\":\"https:\/\/brasilnoticias.org\/site\/policia-da-moralidade-entenda-como-atuava-o-orgao-oficial-do-governo-iraniano\/\"},\"wordCount\":674,\"commentCount\":0,\"publisher\":{\"@id\":\"https:\/\/brasilnoticias.org\/site\/#organization\"},\"image\":{\"@id\":\"https:\/\/brasilnoticias.org\/site\/policia-da-moralidade-entenda-como-atuava-o-orgao-oficial-do-governo-iraniano\/#primaryimage\"},\"thumbnailUrl\":\"https:\/\/brasilnoticias.org\/site\/wp-content\/uploads\/2022\/12\/5.webp\",\"articleSection\":[\"Mundo\",\"\u00daltimas\"],\"inLanguage\":\"pt-PT\",\"potentialAction\":[{\"@type\":\"CommentAction\",\"name\":\"Comment\",\"target\":[\"https:\/\/brasilnoticias.org\/site\/policia-da-moralidade-entenda-como-atuava-o-orgao-oficial-do-governo-iraniano\/#respond\"]}]},{\"@type\":\"WebPage\",\"@id\":\"https:\/\/brasilnoticias.org\/site\/policia-da-moralidade-entenda-como-atuava-o-orgao-oficial-do-governo-iraniano\/\",\"url\":\"https:\/\/brasilnoticias.org\/site\/policia-da-moralidade-entenda-como-atuava-o-orgao-oficial-do-governo-iraniano\/\",\"name\":\"Pol\u00edcia da moralidade: entenda como atuava o \u00f3rg\u00e3o oficial do governo iraniano - Brasil not\u00edcias\",\"isPartOf\":{\"@id\":\"https:\/\/brasilnoticias.org\/site\/#website\"},\"primaryImageOfPage\":{\"@id\":\"https:\/\/brasilnoticias.org\/site\/policia-da-moralidade-entenda-como-atuava-o-orgao-oficial-do-governo-iraniano\/#primaryimage\"},\"image\":{\"@id\":\"https:\/\/brasilnoticias.org\/site\/policia-da-moralidade-entenda-como-atuava-o-orgao-oficial-do-governo-iraniano\/#primaryimage\"},\"thumbnailUrl\":\"https:\/\/brasilnoticias.org\/site\/wp-content\/uploads\/2022\/12\/5.webp\",\"datePublished\":\"2022-12-05T10:20:31+00:00\",\"breadcrumb\":{\"@id\":\"https:\/\/brasilnoticias.org\/site\/policia-da-moralidade-entenda-como-atuava-o-orgao-oficial-do-governo-iraniano\/#breadcrumb\"},\"inLanguage\":\"pt-PT\",\"potentialAction\":[{\"@type\":\"ReadAction\",\"target\":[\"https:\/\/brasilnoticias.org\/site\/policia-da-moralidade-entenda-como-atuava-o-orgao-oficial-do-governo-iraniano\/\"]}]},{\"@type\":\"ImageObject\",\"inLanguage\":\"pt-PT\",\"@id\":\"https:\/\/brasilnoticias.org\/site\/policia-da-moralidade-entenda-como-atuava-o-orgao-oficial-do-governo-iraniano\/#primaryimage\",\"url\":\"https:\/\/brasilnoticias.org\/site\/wp-content\/uploads\/2022\/12\/5.webp\",\"contentUrl\":\"https:\/\/brasilnoticias.org\/site\/wp-content\/uploads\/2022\/12\/5.webp\",\"width\":640,\"height\":360},{\"@type\":\"BreadcrumbList\",\"@id\":\"https:\/\/brasilnoticias.org\/site\/policia-da-moralidade-entenda-como-atuava-o-orgao-oficial-do-governo-iraniano\/#breadcrumb\",\"itemListElement\":[{\"@type\":\"ListItem\",\"position\":1,\"name\":\"In\u00edcio\",\"item\":\"https:\/\/brasilnoticias.org\/site\/\"},{\"@type\":\"ListItem\",\"position\":2,\"name\":\"Pol\u00edcia da moralidade: entenda como atuava o \u00f3rg\u00e3o oficial do governo iraniano\"}]},{\"@type\":\"WebSite\",\"@id\":\"https:\/\/brasilnoticias.org\/site\/#website\",\"url\":\"https:\/\/brasilnoticias.org\/site\/\",\"name\":\"Brasil not\u00edcias\",\"description\":\"Brasil not\u00edcias\",\"publisher\":{\"@id\":\"https:\/\/brasilnoticias.org\/site\/#organization\"},\"potentialAction\":[{\"@type\":\"SearchAction\",\"target\":{\"@type\":\"EntryPoint\",\"urlTemplate\":\"https:\/\/brasilnoticias.org\/site\/?s={search_term_string}\"},\"query-input\":{\"@type\":\"PropertyValueSpecification\",\"valueRequired\":true,\"valueName\":\"search_term_string\"}}],\"inLanguage\":\"pt-PT\"},{\"@type\":\"Organization\",\"@id\":\"https:\/\/brasilnoticias.org\/site\/#organization\",\"name\":\"Brasil not\u00edcias\",\"url\":\"https:\/\/brasilnoticias.org\/site\/\",\"logo\":{\"@type\":\"ImageObject\",\"inLanguage\":\"pt-PT\",\"@id\":\"https:\/\/brasilnoticias.org\/site\/#\/schema\/logo\/image\/\",\"url\":\"https:\/\/brasilnoticias.org\/site\/wp-content\/uploads\/2022\/05\/cropped-brasilnoticias-mini.jpg\",\"contentUrl\":\"https:\/\/brasilnoticias.org\/site\/wp-content\/uploads\/2022\/05\/cropped-brasilnoticias-mini.jpg\",\"width\":314,\"height\":86,\"caption\":\"Brasil not\u00edcias\"},\"image\":{\"@id\":\"https:\/\/brasilnoticias.org\/site\/#\/schema\/logo\/image\/\"}},{\"@type\":\"Person\",\"@id\":\"https:\/\/brasilnoticias.org\/site\/#\/schema\/person\/a0e05b973ec4d15c658d51911e53507b\",\"name\":\"Reda\u00e7\u00e3o\",\"image\":{\"@type\":\"ImageObject\",\"inLanguage\":\"pt-PT\",\"@id\":\"https:\/\/brasilnoticias.org\/site\/#\/schema\/person\/image\/\",\"url\":\"https:\/\/secure.gravatar.com\/avatar\/75d8b050df2de108b08ae78dfb8e374892df24a383c67db9c46a9c604f6aee9c?s=96&d=mm&r=g\",\"contentUrl\":\"https:\/\/secure.gravatar.com\/avatar\/75d8b050df2de108b08ae78dfb8e374892df24a383c67db9c46a9c604f6aee9c?s=96&d=mm&r=g\",\"caption\":\"Reda\u00e7\u00e3o\"},\"sameAs\":[\"https:\/\/brasilnoticias.org\/site\"],\"url\":\"https:\/\/brasilnoticias.org\/site\/author\/fernandozsngmail-com\/\"}]}<\/script>\n<!-- \/ Yoast SEO plugin. -->","yoast_head_json":{"title":"Pol\u00edcia da moralidade: entenda como atuava o \u00f3rg\u00e3o oficial do governo iraniano - Brasil not\u00edcias","robots":{"index":"index","follow":"follow","max-snippet":"max-snippet:-1","max-image-preview":"max-image-preview:large","max-video-preview":"max-video-preview:-1"},"canonical":"https:\/\/brasilnoticias.org\/site\/policia-da-moralidade-entenda-como-atuava-o-orgao-oficial-do-governo-iraniano\/","og_locale":"pt_PT","og_type":"article","og_title":"Pol\u00edcia da moralidade: entenda como atuava o \u00f3rg\u00e3o oficial do governo iraniano - Brasil not\u00edcias","og_description":"O Ir\u00e3 decidiu abolir a pol\u00edcia da moralidade ap\u00f3s mais de dois meses de protestos desencadeados pela morte da curdo-iraniana","og_url":"https:\/\/brasilnoticias.org\/site\/policia-da-moralidade-entenda-como-atuava-o-orgao-oficial-do-governo-iraniano\/","og_site_name":"Brasil not\u00edcias","article_published_time":"2022-12-05T10:20:31+00:00","og_image":[{"width":640,"height":360,"url":"https:\/\/brasilnoticias.org\/site\/wp-content\/uploads\/2022\/12\/5.webp","type":"image\/webp"}],"author":"Reda\u00e7\u00e3o","twitter_card":"summary_large_image","twitter_misc":{"Escrito por":"Reda\u00e7\u00e3o","Tempo estimado de leitura":"3 minutos"},"schema":{"@context":"https:\/\/schema.org","@graph":[{"@type":"Article","@id":"https:\/\/brasilnoticias.org\/site\/policia-da-moralidade-entenda-como-atuava-o-orgao-oficial-do-governo-iraniano\/#article","isPartOf":{"@id":"https:\/\/brasilnoticias.org\/site\/policia-da-moralidade-entenda-como-atuava-o-orgao-oficial-do-governo-iraniano\/"},"author":{"name":"Reda\u00e7\u00e3o","@id":"https:\/\/brasilnoticias.org\/site\/#\/schema\/person\/a0e05b973ec4d15c658d51911e53507b"},"headline":"Pol\u00edcia da moralidade: entenda como atuava o \u00f3rg\u00e3o oficial do governo iraniano","datePublished":"2022-12-05T10:20:31+00:00","mainEntityOfPage":{"@id":"https:\/\/brasilnoticias.org\/site\/policia-da-moralidade-entenda-como-atuava-o-orgao-oficial-do-governo-iraniano\/"},"wordCount":674,"commentCount":0,"publisher":{"@id":"https:\/\/brasilnoticias.org\/site\/#organization"},"image":{"@id":"https:\/\/brasilnoticias.org\/site\/policia-da-moralidade-entenda-como-atuava-o-orgao-oficial-do-governo-iraniano\/#primaryimage"},"thumbnailUrl":"https:\/\/brasilnoticias.org\/site\/wp-content\/uploads\/2022\/12\/5.webp","articleSection":["Mundo","\u00daltimas"],"inLanguage":"pt-PT","potentialAction":[{"@type":"CommentAction","name":"Comment","target":["https:\/\/brasilnoticias.org\/site\/policia-da-moralidade-entenda-como-atuava-o-orgao-oficial-do-governo-iraniano\/#respond"]}]},{"@type":"WebPage","@id":"https:\/\/brasilnoticias.org\/site\/policia-da-moralidade-entenda-como-atuava-o-orgao-oficial-do-governo-iraniano\/","url":"https:\/\/brasilnoticias.org\/site\/policia-da-moralidade-entenda-como-atuava-o-orgao-oficial-do-governo-iraniano\/","name":"Pol\u00edcia da moralidade: entenda como atuava o \u00f3rg\u00e3o oficial do governo iraniano - Brasil not\u00edcias","isPartOf":{"@id":"https:\/\/brasilnoticias.org\/site\/#website"},"primaryImageOfPage":{"@id":"https:\/\/brasilnoticias.org\/site\/policia-da-moralidade-entenda-como-atuava-o-orgao-oficial-do-governo-iraniano\/#primaryimage"},"image":{"@id":"https:\/\/brasilnoticias.org\/site\/policia-da-moralidade-entenda-como-atuava-o-orgao-oficial-do-governo-iraniano\/#primaryimage"},"thumbnailUrl":"https:\/\/brasilnoticias.org\/site\/wp-content\/uploads\/2022\/12\/5.webp","datePublished":"2022-12-05T10:20:31+00:00","breadcrumb":{"@id":"https:\/\/brasilnoticias.org\/site\/policia-da-moralidade-entenda-como-atuava-o-orgao-oficial-do-governo-iraniano\/#breadcrumb"},"inLanguage":"pt-PT","potentialAction":[{"@type":"ReadAction","target":["https:\/\/brasilnoticias.org\/site\/policia-da-moralidade-entenda-como-atuava-o-orgao-oficial-do-governo-iraniano\/"]}]},{"@type":"ImageObject","inLanguage":"pt-PT","@id":"https:\/\/brasilnoticias.org\/site\/policia-da-moralidade-entenda-como-atuava-o-orgao-oficial-do-governo-iraniano\/#primaryimage","url":"https:\/\/brasilnoticias.org\/site\/wp-content\/uploads\/2022\/12\/5.webp","contentUrl":"https:\/\/brasilnoticias.org\/site\/wp-content\/uploads\/2022\/12\/5.webp","width":640,"height":360},{"@type":"BreadcrumbList","@id":"https:\/\/brasilnoticias.org\/site\/policia-da-moralidade-entenda-como-atuava-o-orgao-oficial-do-governo-iraniano\/#breadcrumb","itemListElement":[{"@type":"ListItem","position":1,"name":"In\u00edcio","item":"https:\/\/brasilnoticias.org\/site\/"},{"@type":"ListItem","position":2,"name":"Pol\u00edcia da moralidade: entenda como atuava o \u00f3rg\u00e3o oficial do governo iraniano"}]},{"@type":"WebSite","@id":"https:\/\/brasilnoticias.org\/site\/#website","url":"https:\/\/brasilnoticias.org\/site\/","name":"Brasil not\u00edcias","description":"Brasil not\u00edcias","publisher":{"@id":"https:\/\/brasilnoticias.org\/site\/#organization"},"potentialAction":[{"@type":"SearchAction","target":{"@type":"EntryPoint","urlTemplate":"https:\/\/brasilnoticias.org\/site\/?s={search_term_string}"},"query-input":{"@type":"PropertyValueSpecification","valueRequired":true,"valueName":"search_term_string"}}],"inLanguage":"pt-PT"},{"@type":"Organization","@id":"https:\/\/brasilnoticias.org\/site\/#organization","name":"Brasil not\u00edcias","url":"https:\/\/brasilnoticias.org\/site\/","logo":{"@type":"ImageObject","inLanguage":"pt-PT","@id":"https:\/\/brasilnoticias.org\/site\/#\/schema\/logo\/image\/","url":"https:\/\/brasilnoticias.org\/site\/wp-content\/uploads\/2022\/05\/cropped-brasilnoticias-mini.jpg","contentUrl":"https:\/\/brasilnoticias.org\/site\/wp-content\/uploads\/2022\/05\/cropped-brasilnoticias-mini.jpg","width":314,"height":86,"caption":"Brasil not\u00edcias"},"image":{"@id":"https:\/\/brasilnoticias.org\/site\/#\/schema\/logo\/image\/"}},{"@type":"Person","@id":"https:\/\/brasilnoticias.org\/site\/#\/schema\/person\/a0e05b973ec4d15c658d51911e53507b","name":"Reda\u00e7\u00e3o","image":{"@type":"ImageObject","inLanguage":"pt-PT","@id":"https:\/\/brasilnoticias.org\/site\/#\/schema\/person\/image\/","url":"https:\/\/secure.gravatar.com\/avatar\/75d8b050df2de108b08ae78dfb8e374892df24a383c67db9c46a9c604f6aee9c?s=96&d=mm&r=g","contentUrl":"https:\/\/secure.gravatar.com\/avatar\/75d8b050df2de108b08ae78dfb8e374892df24a383c67db9c46a9c604f6aee9c?s=96&d=mm&r=g","caption":"Reda\u00e7\u00e3o"},"sameAs":["https:\/\/brasilnoticias.org\/site"],"url":"https:\/\/brasilnoticias.org\/site\/author\/fernandozsngmail-com\/"}]}},"_links":{"self":[{"href":"https:\/\/brasilnoticias.org\/site\/wp-json\/wp\/v2\/posts\/2580","targetHints":{"allow":["GET"]}}],"collection":[{"href":"https:\/\/brasilnoticias.org\/site\/wp-json\/wp\/v2\/posts"}],"about":[{"href":"https:\/\/brasilnoticias.org\/site\/wp-json\/wp\/v2\/types\/post"}],"author":[{"embeddable":true,"href":"https:\/\/brasilnoticias.org\/site\/wp-json\/wp\/v2\/users\/1"}],"replies":[{"embeddable":true,"href":"https:\/\/brasilnoticias.org\/site\/wp-json\/wp\/v2\/comments?post=2580"}],"version-history":[{"count":1,"href":"https:\/\/brasilnoticias.org\/site\/wp-json\/wp\/v2\/posts\/2580\/revisions"}],"predecessor-version":[{"id":2582,"href":"https:\/\/brasilnoticias.org\/site\/wp-json\/wp\/v2\/posts\/2580\/revisions\/2582"}],"wp:featuredmedia":[{"embeddable":true,"href":"https:\/\/brasilnoticias.org\/site\/wp-json\/wp\/v2\/media\/2581"}],"wp:attachment":[{"href":"https:\/\/brasilnoticias.org\/site\/wp-json\/wp\/v2\/media?parent=2580"}],"wp:term":[{"taxonomy":"category","embeddable":true,"href":"https:\/\/brasilnoticias.org\/site\/wp-json\/wp\/v2\/categories?post=2580"},{"taxonomy":"post_tag","embeddable":true,"href":"https:\/\/brasilnoticias.org\/site\/wp-json\/wp\/v2\/tags?post=2580"}],"curies":[{"name":"wp","href":"https:\/\/api.w.org\/{rel}","templated":true}]}}