{"id":2588,"date":"2022-12-05T18:10:28","date_gmt":"2022-12-05T21:10:28","guid":{"rendered":"https:\/\/brasilnoticias.org\/site\/?p=2588"},"modified":"2022-12-05T14:30:31","modified_gmt":"2022-12-05T17:30:31","slug":"janja-anuncia-paulinho-da-viola-e-margareth-menezes-na-posse-de-lula-2","status":"publish","type":"post","link":"https:\/\/brasilnoticias.org\/site\/janja-anuncia-paulinho-da-viola-e-margareth-menezes-na-posse-de-lula-2\/","title":{"rendered":"Janja anuncia Paulinho da Viola e Margareth Menezes na posse de Lula"},"content":{"rendered":"<p>O presidente da Anatel, Carlos Baigorri, deu um ultimato aos fabricantes de roteadores wifi-6, que operam em uma frequ\u00eancia que pode ser usada para o 5G.<\/p>\n<p>Frequ\u00eancias s\u00e3o avenidas no ar por onde as operadoras fazem trafegar seus sinais. Fora deles ocorrem interfer\u00eancias.<\/p>\n<p>Em setembro, o chefe da ag\u00eancia brasileira viajou para os EUA, onde est\u00e3o sediadas as principais empresas do ramo, e amea\u00e7ou reverter a decis\u00e3o da ag\u00eancia que destinou, sem custos, as faixas para o servi\u00e7o -mesmo se indispondo com as operadoras, que queriam que esse espectro (como \u00e9 chamada a reserva de frequ\u00eancias fora de uso) ficasse reservado para novo leil\u00e3o de 5G, bem l\u00e1 no futuro.<\/p>\n<p>Baigorri disse diretamente aos presidentes das empresas, com Qualcomm e Cisco, e dirigentes do FCC, a Anatel dos EUA, que o pa\u00eds n\u00e3o pode ficar \u00e0 espera da massifica\u00e7\u00e3o de aparelhos ao p\u00fablico em geral por tanto tempo.<\/p>\n<p>Segundo ele, o sinal est\u00e1 aberto, pode ser usado sem custo pelas empresas em todo o territ\u00f3rio nacional desde 2020. At\u00e9 o momento, no entanto, n\u00e3o h\u00e1 equipamento dispon\u00edvel no mercado para uso pessoal.<\/p>\n<p>&#8220;Existem somente seis modelos licenciados, mas para uso empresarial&#8221;, disse Baigorri \u00e0 reportagem. &#8220;Se voc\u00ea tiver ouro e for numa rede varejista comprar um roteador de wifi-6 para sua casa, n\u00e3o vai conseguir.&#8221;<\/p>\n<p>Essas frequ\u00eancias foram liberadas no momento em que a Anatel aprovou as regras para o leil\u00e3o do 5G.<\/p>\n<p>No caso do wifi-6, a ag\u00eancia decidiu liberar 1.200 MHz (megaherzt) para serem explorados e liberados sem custos para as empresas. Bastaria que se habilitasse para a presta\u00e7\u00e3o do servi\u00e7o.<\/p>\n<p>O assunto virou um cabo de guerra comercial. De um lado, as operadoras e os grandes fabricantes de equipamentos, como Huawei, Ericsson, Nokia, querem contar com essa frequ\u00eancia de 6 GHz (gigahertz) no futuro para uma poss\u00edvel nova rodada destinada ao 5G.<\/p>\n<p>Do outro lado, est\u00e3o basicamente fabricantes americanas, que ganhariam com a venda de aparelhos wifi-6.<\/p>\n<p>O grupo que defende a destina\u00e7\u00e3o dessa faixa para o 5G -e, por tabela, o fim do sinal gr\u00e1tis de wifi para a popula\u00e7\u00e3o por pequenos provedores aguarda a pr\u00f3xima reuni\u00e3o da UIT, bra\u00e7o da ONU para as telecomunica\u00e7\u00f5es, que ocorre em novembro de 2023.<\/p>\n<p>Segundo Baigorri, h\u00e1 chances de que seja definido o padr\u00e3o mundial para essa frequ\u00eancia.<\/p>\n<p>Se a maioria dos pa\u00edses-membros votarem pela destina\u00e7\u00e3o dessa faixa para o 5G, a Anatel ter\u00e1 de cancelar sua decis\u00e3o sobre o wifi-6 -como querem os grandes competidores do mercado.<\/p>\n<p>Brasil e EUA foram os primeiros pa\u00edses a decidirem pela prioriza\u00e7\u00e3o do wifi nesse bloco, forma de levar sinal de internet em quinta gera\u00e7\u00e3o para os menos favorecidos por meio de pequenos provedores.<\/p>\n<p>Not\u00edcias ao minuto<br \/>\nFoto Shutterstock<\/p>\n","protected":false},"excerpt":{"rendered":"<p>O presidente da Anatel, Carlos Baigorri, deu um ultimato aos fabricantes de roteadores wifi-6, que operam em uma frequ\u00eancia que<\/p>\n","protected":false},"author":1,"featured_media":2589,"comment_status":"open","ping_status":"open","sticky":false,"template":"","format":"standard","meta":{"colormag_page_container_layout":"default_layout","colormag_page_sidebar_layout":"default_layout","_FSMCFIC_featured_image_caption":"","_FSMCFIC_featured_image_nocaption":"","_FSMCFIC_featured_image_hide":"","footnotes":""},"categories":[2,1],"tags":[],"class_list":["post-2588","post","type-post","status-publish","format-standard","has-post-thumbnail","hentry","category-noticias","category-ultimas"],"yoast_head":"<!-- This site is optimized with the Yoast SEO plugin v27.1.1 - https:\/\/yoast.com\/product\/yoast-seo-wordpress\/ -->\n<title>Janja anuncia Paulinho da Viola e Margareth Menezes na posse de Lula - Brasil not\u00edcias<\/title>\n<meta name=\"robots\" content=\"index, follow, max-snippet:-1, max-image-preview:large, max-video-preview:-1\" \/>\n<link rel=\"canonical\" href=\"https:\/\/brasilnoticias.org\/site\/janja-anuncia-paulinho-da-viola-e-margareth-menezes-na-posse-de-lula-2\/\" \/>\n<meta property=\"og:locale\" content=\"pt_PT\" \/>\n<meta property=\"og:type\" content=\"article\" \/>\n<meta property=\"og:title\" content=\"Janja anuncia Paulinho da Viola e Margareth Menezes na posse de Lula - Brasil not\u00edcias\" \/>\n<meta property=\"og:description\" content=\"O presidente da Anatel, Carlos Baigorri, deu um ultimato aos fabricantes de roteadores wifi-6, que operam em uma frequ\u00eancia que\" \/>\n<meta property=\"og:url\" content=\"https:\/\/brasilnoticias.org\/site\/janja-anuncia-paulinho-da-viola-e-margareth-menezes-na-posse-de-lula-2\/\" \/>\n<meta property=\"og:site_name\" content=\"Brasil not\u00edcias\" \/>\n<meta property=\"article:published_time\" content=\"2022-12-05T21:10:28+00:00\" \/>\n<meta property=\"og:image\" content=\"https:\/\/brasilnoticias.org\/site\/wp-content\/uploads\/2022\/12\/naom_6184e9ac9d186.jpg\" \/>\n\t<meta property=\"og:image:width\" content=\"960\" \/>\n\t<meta property=\"og:image:height\" content=\"540\" \/>\n\t<meta property=\"og:image:type\" content=\"image\/jpeg\" \/>\n<meta name=\"author\" content=\"Reda\u00e7\u00e3o\" \/>\n<meta name=\"twitter:card\" content=\"summary_large_image\" \/>\n<meta name=\"twitter:label1\" content=\"Escrito por\" \/>\n\t<meta name=\"twitter:data1\" content=\"Reda\u00e7\u00e3o\" \/>\n\t<meta name=\"twitter:label2\" content=\"Tempo estimado de leitura\" \/>\n\t<meta name=\"twitter:data2\" content=\"2 minutos\" \/>\n<script type=\"application\/ld+json\" class=\"yoast-schema-graph\">{\"@context\":\"https:\/\/schema.org\",\"@graph\":[{\"@type\":\"Article\",\"@id\":\"https:\/\/brasilnoticias.org\/site\/janja-anuncia-paulinho-da-viola-e-margareth-menezes-na-posse-de-lula-2\/#article\",\"isPartOf\":{\"@id\":\"https:\/\/brasilnoticias.org\/site\/janja-anuncia-paulinho-da-viola-e-margareth-menezes-na-posse-de-lula-2\/\"},\"author\":{\"name\":\"Reda\u00e7\u00e3o\",\"@id\":\"https:\/\/brasilnoticias.org\/site\/#\/schema\/person\/a0e05b973ec4d15c658d51911e53507b\"},\"headline\":\"Janja anuncia Paulinho da Viola e Margareth Menezes na posse de Lula\",\"datePublished\":\"2022-12-05T21:10:28+00:00\",\"mainEntityOfPage\":{\"@id\":\"https:\/\/brasilnoticias.org\/site\/janja-anuncia-paulinho-da-viola-e-margareth-menezes-na-posse-de-lula-2\/\"},\"wordCount\":496,\"commentCount\":0,\"publisher\":{\"@id\":\"https:\/\/brasilnoticias.org\/site\/#organization\"},\"image\":{\"@id\":\"https:\/\/brasilnoticias.org\/site\/janja-anuncia-paulinho-da-viola-e-margareth-menezes-na-posse-de-lula-2\/#primaryimage\"},\"thumbnailUrl\":\"https:\/\/brasilnoticias.org\/site\/wp-content\/uploads\/2022\/12\/naom_6184e9ac9d186.jpg\",\"articleSection\":[\"Not\u00edcias\",\"\u00daltimas\"],\"inLanguage\":\"pt-PT\",\"potentialAction\":[{\"@type\":\"CommentAction\",\"name\":\"Comment\",\"target\":[\"https:\/\/brasilnoticias.org\/site\/janja-anuncia-paulinho-da-viola-e-margareth-menezes-na-posse-de-lula-2\/#respond\"]}]},{\"@type\":\"WebPage\",\"@id\":\"https:\/\/brasilnoticias.org\/site\/janja-anuncia-paulinho-da-viola-e-margareth-menezes-na-posse-de-lula-2\/\",\"url\":\"https:\/\/brasilnoticias.org\/site\/janja-anuncia-paulinho-da-viola-e-margareth-menezes-na-posse-de-lula-2\/\",\"name\":\"Janja anuncia Paulinho da Viola e Margareth Menezes na posse de Lula - Brasil not\u00edcias\",\"isPartOf\":{\"@id\":\"https:\/\/brasilnoticias.org\/site\/#website\"},\"primaryImageOfPage\":{\"@id\":\"https:\/\/brasilnoticias.org\/site\/janja-anuncia-paulinho-da-viola-e-margareth-menezes-na-posse-de-lula-2\/#primaryimage\"},\"image\":{\"@id\":\"https:\/\/brasilnoticias.org\/site\/janja-anuncia-paulinho-da-viola-e-margareth-menezes-na-posse-de-lula-2\/#primaryimage\"},\"thumbnailUrl\":\"https:\/\/brasilnoticias.org\/site\/wp-content\/uploads\/2022\/12\/naom_6184e9ac9d186.jpg\",\"datePublished\":\"2022-12-05T21:10:28+00:00\",\"breadcrumb\":{\"@id\":\"https:\/\/brasilnoticias.org\/site\/janja-anuncia-paulinho-da-viola-e-margareth-menezes-na-posse-de-lula-2\/#breadcrumb\"},\"inLanguage\":\"pt-PT\",\"potentialAction\":[{\"@type\":\"ReadAction\",\"target\":[\"https:\/\/brasilnoticias.org\/site\/janja-anuncia-paulinho-da-viola-e-margareth-menezes-na-posse-de-lula-2\/\"]}]},{\"@type\":\"ImageObject\",\"inLanguage\":\"pt-PT\",\"@id\":\"https:\/\/brasilnoticias.org\/site\/janja-anuncia-paulinho-da-viola-e-margareth-menezes-na-posse-de-lula-2\/#primaryimage\",\"url\":\"https:\/\/brasilnoticias.org\/site\/wp-content\/uploads\/2022\/12\/naom_6184e9ac9d186.jpg\",\"contentUrl\":\"https:\/\/brasilnoticias.org\/site\/wp-content\/uploads\/2022\/12\/naom_6184e9ac9d186.jpg\",\"width\":960,\"height\":540},{\"@type\":\"BreadcrumbList\",\"@id\":\"https:\/\/brasilnoticias.org\/site\/janja-anuncia-paulinho-da-viola-e-margareth-menezes-na-posse-de-lula-2\/#breadcrumb\",\"itemListElement\":[{\"@type\":\"ListItem\",\"position\":1,\"name\":\"In\u00edcio\",\"item\":\"https:\/\/brasilnoticias.org\/site\/\"},{\"@type\":\"ListItem\",\"position\":2,\"name\":\"Janja anuncia Paulinho da Viola e Margareth Menezes na posse de Lula\"}]},{\"@type\":\"WebSite\",\"@id\":\"https:\/\/brasilnoticias.org\/site\/#website\",\"url\":\"https:\/\/brasilnoticias.org\/site\/\",\"name\":\"Brasil not\u00edcias\",\"description\":\"Brasil not\u00edcias\",\"publisher\":{\"@id\":\"https:\/\/brasilnoticias.org\/site\/#organization\"},\"potentialAction\":[{\"@type\":\"SearchAction\",\"target\":{\"@type\":\"EntryPoint\",\"urlTemplate\":\"https:\/\/brasilnoticias.org\/site\/?s={search_term_string}\"},\"query-input\":{\"@type\":\"PropertyValueSpecification\",\"valueRequired\":true,\"valueName\":\"search_term_string\"}}],\"inLanguage\":\"pt-PT\"},{\"@type\":\"Organization\",\"@id\":\"https:\/\/brasilnoticias.org\/site\/#organization\",\"name\":\"Brasil not\u00edcias\",\"url\":\"https:\/\/brasilnoticias.org\/site\/\",\"logo\":{\"@type\":\"ImageObject\",\"inLanguage\":\"pt-PT\",\"@id\":\"https:\/\/brasilnoticias.org\/site\/#\/schema\/logo\/image\/\",\"url\":\"https:\/\/brasilnoticias.org\/site\/wp-content\/uploads\/2022\/05\/cropped-brasilnoticias-mini.jpg\",\"contentUrl\":\"https:\/\/brasilnoticias.org\/site\/wp-content\/uploads\/2022\/05\/cropped-brasilnoticias-mini.jpg\",\"width\":314,\"height\":86,\"caption\":\"Brasil not\u00edcias\"},\"image\":{\"@id\":\"https:\/\/brasilnoticias.org\/site\/#\/schema\/logo\/image\/\"}},{\"@type\":\"Person\",\"@id\":\"https:\/\/brasilnoticias.org\/site\/#\/schema\/person\/a0e05b973ec4d15c658d51911e53507b\",\"name\":\"Reda\u00e7\u00e3o\",\"image\":{\"@type\":\"ImageObject\",\"inLanguage\":\"pt-PT\",\"@id\":\"https:\/\/brasilnoticias.org\/site\/#\/schema\/person\/image\/\",\"url\":\"https:\/\/secure.gravatar.com\/avatar\/75d8b050df2de108b08ae78dfb8e374892df24a383c67db9c46a9c604f6aee9c?s=96&d=mm&r=g\",\"contentUrl\":\"https:\/\/secure.gravatar.com\/avatar\/75d8b050df2de108b08ae78dfb8e374892df24a383c67db9c46a9c604f6aee9c?s=96&d=mm&r=g\",\"caption\":\"Reda\u00e7\u00e3o\"},\"sameAs\":[\"https:\/\/brasilnoticias.org\/site\"],\"url\":\"https:\/\/brasilnoticias.org\/site\/author\/fernandozsngmail-com\/\"}]}<\/script>\n<!-- \/ Yoast SEO plugin. -->","yoast_head_json":{"title":"Janja anuncia Paulinho da Viola e Margareth Menezes na posse de Lula - Brasil not\u00edcias","robots":{"index":"index","follow":"follow","max-snippet":"max-snippet:-1","max-image-preview":"max-image-preview:large","max-video-preview":"max-video-preview:-1"},"canonical":"https:\/\/brasilnoticias.org\/site\/janja-anuncia-paulinho-da-viola-e-margareth-menezes-na-posse-de-lula-2\/","og_locale":"pt_PT","og_type":"article","og_title":"Janja anuncia Paulinho da Viola e Margareth Menezes na posse de Lula - Brasil not\u00edcias","og_description":"O presidente da Anatel, Carlos Baigorri, deu um ultimato aos fabricantes de roteadores wifi-6, que operam em uma frequ\u00eancia que","og_url":"https:\/\/brasilnoticias.org\/site\/janja-anuncia-paulinho-da-viola-e-margareth-menezes-na-posse-de-lula-2\/","og_site_name":"Brasil not\u00edcias","article_published_time":"2022-12-05T21:10:28+00:00","og_image":[{"width":960,"height":540,"url":"https:\/\/brasilnoticias.org\/site\/wp-content\/uploads\/2022\/12\/naom_6184e9ac9d186.jpg","type":"image\/jpeg"}],"author":"Reda\u00e7\u00e3o","twitter_card":"summary_large_image","twitter_misc":{"Escrito por":"Reda\u00e7\u00e3o","Tempo estimado de leitura":"2 minutos"},"schema":{"@context":"https:\/\/schema.org","@graph":[{"@type":"Article","@id":"https:\/\/brasilnoticias.org\/site\/janja-anuncia-paulinho-da-viola-e-margareth-menezes-na-posse-de-lula-2\/#article","isPartOf":{"@id":"https:\/\/brasilnoticias.org\/site\/janja-anuncia-paulinho-da-viola-e-margareth-menezes-na-posse-de-lula-2\/"},"author":{"name":"Reda\u00e7\u00e3o","@id":"https:\/\/brasilnoticias.org\/site\/#\/schema\/person\/a0e05b973ec4d15c658d51911e53507b"},"headline":"Janja anuncia Paulinho da Viola e Margareth Menezes na posse de Lula","datePublished":"2022-12-05T21:10:28+00:00","mainEntityOfPage":{"@id":"https:\/\/brasilnoticias.org\/site\/janja-anuncia-paulinho-da-viola-e-margareth-menezes-na-posse-de-lula-2\/"},"wordCount":496,"commentCount":0,"publisher":{"@id":"https:\/\/brasilnoticias.org\/site\/#organization"},"image":{"@id":"https:\/\/brasilnoticias.org\/site\/janja-anuncia-paulinho-da-viola-e-margareth-menezes-na-posse-de-lula-2\/#primaryimage"},"thumbnailUrl":"https:\/\/brasilnoticias.org\/site\/wp-content\/uploads\/2022\/12\/naom_6184e9ac9d186.jpg","articleSection":["Not\u00edcias","\u00daltimas"],"inLanguage":"pt-PT","potentialAction":[{"@type":"CommentAction","name":"Comment","target":["https:\/\/brasilnoticias.org\/site\/janja-anuncia-paulinho-da-viola-e-margareth-menezes-na-posse-de-lula-2\/#respond"]}]},{"@type":"WebPage","@id":"https:\/\/brasilnoticias.org\/site\/janja-anuncia-paulinho-da-viola-e-margareth-menezes-na-posse-de-lula-2\/","url":"https:\/\/brasilnoticias.org\/site\/janja-anuncia-paulinho-da-viola-e-margareth-menezes-na-posse-de-lula-2\/","name":"Janja anuncia Paulinho da Viola e Margareth Menezes na posse de Lula - Brasil not\u00edcias","isPartOf":{"@id":"https:\/\/brasilnoticias.org\/site\/#website"},"primaryImageOfPage":{"@id":"https:\/\/brasilnoticias.org\/site\/janja-anuncia-paulinho-da-viola-e-margareth-menezes-na-posse-de-lula-2\/#primaryimage"},"image":{"@id":"https:\/\/brasilnoticias.org\/site\/janja-anuncia-paulinho-da-viola-e-margareth-menezes-na-posse-de-lula-2\/#primaryimage"},"thumbnailUrl":"https:\/\/brasilnoticias.org\/site\/wp-content\/uploads\/2022\/12\/naom_6184e9ac9d186.jpg","datePublished":"2022-12-05T21:10:28+00:00","breadcrumb":{"@id":"https:\/\/brasilnoticias.org\/site\/janja-anuncia-paulinho-da-viola-e-margareth-menezes-na-posse-de-lula-2\/#breadcrumb"},"inLanguage":"pt-PT","potentialAction":[{"@type":"ReadAction","target":["https:\/\/brasilnoticias.org\/site\/janja-anuncia-paulinho-da-viola-e-margareth-menezes-na-posse-de-lula-2\/"]}]},{"@type":"ImageObject","inLanguage":"pt-PT","@id":"https:\/\/brasilnoticias.org\/site\/janja-anuncia-paulinho-da-viola-e-margareth-menezes-na-posse-de-lula-2\/#primaryimage","url":"https:\/\/brasilnoticias.org\/site\/wp-content\/uploads\/2022\/12\/naom_6184e9ac9d186.jpg","contentUrl":"https:\/\/brasilnoticias.org\/site\/wp-content\/uploads\/2022\/12\/naom_6184e9ac9d186.jpg","width":960,"height":540},{"@type":"BreadcrumbList","@id":"https:\/\/brasilnoticias.org\/site\/janja-anuncia-paulinho-da-viola-e-margareth-menezes-na-posse-de-lula-2\/#breadcrumb","itemListElement":[{"@type":"ListItem","position":1,"name":"In\u00edcio","item":"https:\/\/brasilnoticias.org\/site\/"},{"@type":"ListItem","position":2,"name":"Janja anuncia Paulinho da Viola e Margareth Menezes na posse de Lula"}]},{"@type":"WebSite","@id":"https:\/\/brasilnoticias.org\/site\/#website","url":"https:\/\/brasilnoticias.org\/site\/","name":"Brasil not\u00edcias","description":"Brasil not\u00edcias","publisher":{"@id":"https:\/\/brasilnoticias.org\/site\/#organization"},"potentialAction":[{"@type":"SearchAction","target":{"@type":"EntryPoint","urlTemplate":"https:\/\/brasilnoticias.org\/site\/?s={search_term_string}"},"query-input":{"@type":"PropertyValueSpecification","valueRequired":true,"valueName":"search_term_string"}}],"inLanguage":"pt-PT"},{"@type":"Organization","@id":"https:\/\/brasilnoticias.org\/site\/#organization","name":"Brasil not\u00edcias","url":"https:\/\/brasilnoticias.org\/site\/","logo":{"@type":"ImageObject","inLanguage":"pt-PT","@id":"https:\/\/brasilnoticias.org\/site\/#\/schema\/logo\/image\/","url":"https:\/\/brasilnoticias.org\/site\/wp-content\/uploads\/2022\/05\/cropped-brasilnoticias-mini.jpg","contentUrl":"https:\/\/brasilnoticias.org\/site\/wp-content\/uploads\/2022\/05\/cropped-brasilnoticias-mini.jpg","width":314,"height":86,"caption":"Brasil not\u00edcias"},"image":{"@id":"https:\/\/brasilnoticias.org\/site\/#\/schema\/logo\/image\/"}},{"@type":"Person","@id":"https:\/\/brasilnoticias.org\/site\/#\/schema\/person\/a0e05b973ec4d15c658d51911e53507b","name":"Reda\u00e7\u00e3o","image":{"@type":"ImageObject","inLanguage":"pt-PT","@id":"https:\/\/brasilnoticias.org\/site\/#\/schema\/person\/image\/","url":"https:\/\/secure.gravatar.com\/avatar\/75d8b050df2de108b08ae78dfb8e374892df24a383c67db9c46a9c604f6aee9c?s=96&d=mm&r=g","contentUrl":"https:\/\/secure.gravatar.com\/avatar\/75d8b050df2de108b08ae78dfb8e374892df24a383c67db9c46a9c604f6aee9c?s=96&d=mm&r=g","caption":"Reda\u00e7\u00e3o"},"sameAs":["https:\/\/brasilnoticias.org\/site"],"url":"https:\/\/brasilnoticias.org\/site\/author\/fernandozsngmail-com\/"}]}},"_links":{"self":[{"href":"https:\/\/brasilnoticias.org\/site\/wp-json\/wp\/v2\/posts\/2588","targetHints":{"allow":["GET"]}}],"collection":[{"href":"https:\/\/brasilnoticias.org\/site\/wp-json\/wp\/v2\/posts"}],"about":[{"href":"https:\/\/brasilnoticias.org\/site\/wp-json\/wp\/v2\/types\/post"}],"author":[{"embeddable":true,"href":"https:\/\/brasilnoticias.org\/site\/wp-json\/wp\/v2\/users\/1"}],"replies":[{"embeddable":true,"href":"https:\/\/brasilnoticias.org\/site\/wp-json\/wp\/v2\/comments?post=2588"}],"version-history":[{"count":1,"href":"https:\/\/brasilnoticias.org\/site\/wp-json\/wp\/v2\/posts\/2588\/revisions"}],"predecessor-version":[{"id":2590,"href":"https:\/\/brasilnoticias.org\/site\/wp-json\/wp\/v2\/posts\/2588\/revisions\/2590"}],"wp:featuredmedia":[{"embeddable":true,"href":"https:\/\/brasilnoticias.org\/site\/wp-json\/wp\/v2\/media\/2589"}],"wp:attachment":[{"href":"https:\/\/brasilnoticias.org\/site\/wp-json\/wp\/v2\/media?parent=2588"}],"wp:term":[{"taxonomy":"category","embeddable":true,"href":"https:\/\/brasilnoticias.org\/site\/wp-json\/wp\/v2\/categories?post=2588"},{"taxonomy":"post_tag","embeddable":true,"href":"https:\/\/brasilnoticias.org\/site\/wp-json\/wp\/v2\/tags?post=2588"}],"curies":[{"name":"wp","href":"https:\/\/api.w.org\/{rel}","templated":true}]}}