{"id":2614,"date":"2022-12-07T18:20:22","date_gmt":"2022-12-07T21:20:22","guid":{"rendered":"https:\/\/brasilnoticias.org\/site\/?p=2614"},"modified":"2022-12-07T06:29:03","modified_gmt":"2022-12-07T09:29:03","slug":"whatsapp-lanca-emojis-personalizados-veja-como-criar-o-seu","status":"publish","type":"post","link":"https:\/\/brasilnoticias.org\/site\/whatsapp-lanca-emojis-personalizados-veja-como-criar-o-seu\/","title":{"rendered":"WhatsApp lan\u00e7a emojis personalizados; veja como criar o seu"},"content":{"rendered":"<p>A Meta anuncia nesta quarta-feira, 7, a chegada de emojis personalizados no WhatsApp. Com a atualiza\u00e7\u00e3o, \u00e9 poss\u00edvel criar um \u201cavatar digital\u201d com as caracter\u00edsticas f\u00edsicas do usu\u00e1rio e utiliz\u00e1-lo como foto de perfil ou compartilhar como figurinha (sticker) nas conversas do mensageiro.<\/p>\n<p>O aplicativo de mensagens ir\u00e1 gerar um pacote com 36 adesivos \u00fanicos do Avatar criado pelo usu\u00e1rio, com a\u00e7\u00f5es e express\u00f5es diferentes das carinhas de intera\u00e7\u00e3o, que tomaram as redes sociais nos \u00faltimos anos. A empresa j\u00e1 tinha adicionado um recurso semelhante no Facebook em 2020, com menos personaliza\u00e7\u00e3o e design mais \u201cr\u00fastico\u201d.<\/p>\n<p>Sobre a novidade, Mark Zuckerberg, fundador do Facebook e CEO da Meta, publicou em sua p\u00e1gina oficial na rede social: \u201cEstamos trazendo Avatares para o WhatsApp! Agora voc\u00ea pode usar seu Avatar como uma figurinha nas suas conversas. Mais estilos estar\u00e3o dispon\u00edveis em breve em todos os nossos apps\u201d.<\/p>\n<p>Na Central de Ajuda do site do WhatsApp, a empresa garantiu que, ao utilizar o seu avatar personalizado como foto de perfil, as configura\u00e7\u00f5es de privacidade do mensageiro continuam sendo v\u00e1lidas. Al\u00e9m disso, o aplicativo est\u00e1 desenvolvendo a possibilidade de cria\u00e7\u00e3o de figurinhas com os emojis personalizados de outros usu\u00e1rios.<\/p>\n<p>Os novos emojis personalizados do WhatsApp s\u00e3o uma ferramenta similar ao Memoji, formato exclusivo dos aparelhos Apple \u2014 lan\u00e7ado em 2018, a funcionalidade usa a c\u00e2mera de selfie do iPhone para criar um avatar com as caracter\u00edsticas f\u00edsicas dos usu\u00e1rios. Desde janeiro deste ano, os Avatares da Meta est\u00e3o dispon\u00edveis no Instagram como op\u00e7\u00e3o para reagir Stories.<\/p>\n<p>Como criar o seu avatar personalizado no WhatsApp<\/p>\n<p>V\u00e1 na aba \u2018Configura\u00e7\u00f5es\u2019;<br \/>\nToque em \u2018Avatar\u2019 e, depois, em \u2018Criar Avatar\u2019;<br \/>\nSiga as instru\u00e7\u00f5es;<br \/>\nPara salvar seu avatar, clique em \u2018OK\u2019;<\/p>\n<p>V\u00e1 na aba \u2018Configura\u00e7\u00f5es\u2019;<br \/>\nToque em \u2018Avatar\u2019 e, depois, em \u2018Criar Avatar\u2019;<br \/>\nSiga as instru\u00e7\u00f5es;<br \/>\nPara salvar seu avatar, clique em \u2018OK\u2019;<\/p>\n<p><img decoding=\"async\" src=\"https:\/\/img-s-msn-com.akamaized.net\/tenant\/amp\/entityid\/AA14ZScJ.img?w=612&amp;h=344&amp;m=6&amp;x=616&amp;y=123&amp;s=45&amp;d=45\" alt=\"WhatsApp lan\u00e7a avatar personaliz\u00e1vel com as suas caracter\u00edsticas f\u00edsicas. Foto: Divulga\u00e7\u00e3o\/WhatsApp\" \/><\/p>\n<div class=\"mm_conteudo blog-multimidia foto\">\n<div class=\"article-image-slot\" data-image-href=\"https:\/\/www.msn.com\/pt-br\/noticias\/ciencia-e-tecnologia\/whatsapp-copia-apple-e-lan%C3%A7a-emojis-personalizados-veja-como-criar-o-seu\/ar-AA1504XT?ocid=msedgdhp&amp;cvid=edfc04696030412b91ada960436a69f9&amp;fullscreen=true#image=4\" data-doc-id=\"cms\/api\/amp\/image\/AA14ZScJ\" data-rendered=\"true\">\n<div class=\"article-image-container\" data-t=\"{&quot;n&quot;:&quot;OpenModal&quot;,&quot;t&quot;:13}\">\n<div class=\"image-caption-container content-small-text\"><span class=\"image-caption\">WhatsApp lan\u00e7a avatar personaliz\u00e1vel com as suas caracter\u00edsticas f\u00edsicas. Foto: Divulga\u00e7\u00e3o\/WhatsApp<\/span><span class=\"image-attribution\">\u00a9\u00a0Fornecido por Estad\u00e3o<\/span><\/div>\n<\/div>\n<div><\/div>\n<\/div>\n<\/div>\n<h3 class=\"article-sub-heading\">Como usar seu avatar como foto de perfil no WhatsApp<\/h3>\n<ol class=\"\">\n<li data-t=\"{&quot;n&quot;:&quot;blueLinks&quot;}\">V\u00e1 na aba \u2018Configura\u00e7\u00f5es\u2019;<\/li>\n<li data-t=\"{&quot;n&quot;:&quot;blueLinks&quot;}\">Clique na sua foto de perfil;<\/li>\n<li data-t=\"{&quot;n&quot;:&quot;blueLinks&quot;}\">Toque em \u2018Editar\u2019;<\/li>\n<li data-t=\"{&quot;n&quot;:&quot;blueLinks&quot;}\">Selecione a op\u00e7\u00e3o \u2018Usar avatar\u2019;<\/li>\n<\/ol>\n<div class=\"article-clear-div\">\n<article>\n<div class=\"views-article-body articlePage_body-DS-EntryPoint1-1\" data-test-id=\"test-article\">\n<h3 class=\"article-sub-heading\">Como deletar seu emoji personalizado no WhatsApp<\/h3>\n<ol class=\"\">\n<li data-t=\"{&quot;n&quot;:&quot;blueLinks&quot;}\">V\u00e1 na aba \u2018Configura\u00e7\u00f5es\u2019;<\/li>\n<li data-t=\"{&quot;n&quot;:&quot;blueLinks&quot;}\">Selecione \u2018Avatar\u2019;<\/li>\n<li data-t=\"{&quot;n&quot;:&quot;blueLinks&quot;}\">Clique em \u2018Apagar avatar\u2019 e confirme clicando em \u2018Apagar\u2019;<\/li>\n<\/ol>\n<\/div>\n<div class=\"subscriptionPaywall\"><\/div>\n<\/article>\n<div id=\"civsci-id-76398579-AA1504XT\" data-civicscience-widget=\"dc47b0af-1755-c124-4d1b-758f0eee9014\">Estad\u00e3o<\/div>\n<div data-civicscience-widget=\"dc47b0af-1755-c124-4d1b-758f0eee9014\">Foto Estad\u00e3o<\/div>\n<\/div>\n","protected":false},"excerpt":{"rendered":"<p>A Meta anuncia nesta quarta-feira, 7, a chegada de emojis personalizados no WhatsApp. Com a atualiza\u00e7\u00e3o, \u00e9 poss\u00edvel criar um<\/p>\n","protected":false},"author":1,"featured_media":2615,"comment_status":"open","ping_status":"open","sticky":false,"template":"","format":"standard","meta":{"colormag_page_container_layout":"default_layout","colormag_page_sidebar_layout":"default_layout","_FSMCFIC_featured_image_caption":"","_FSMCFIC_featured_image_nocaption":"","_FSMCFIC_featured_image_hide":"","footnotes":""},"categories":[2,1],"tags":[],"class_list":["post-2614","post","type-post","status-publish","format-standard","has-post-thumbnail","hentry","category-noticias","category-ultimas"],"yoast_head":"<!-- This site is optimized with the Yoast SEO plugin v27.1.1 - https:\/\/yoast.com\/product\/yoast-seo-wordpress\/ -->\n<title>WhatsApp lan\u00e7a emojis personalizados; veja como criar o seu - Brasil not\u00edcias<\/title>\n<meta name=\"robots\" content=\"index, follow, max-snippet:-1, max-image-preview:large, max-video-preview:-1\" \/>\n<link rel=\"canonical\" href=\"https:\/\/brasilnoticias.org\/site\/whatsapp-lanca-emojis-personalizados-veja-como-criar-o-seu\/\" \/>\n<meta property=\"og:locale\" content=\"pt_PT\" \/>\n<meta property=\"og:type\" content=\"article\" \/>\n<meta property=\"og:title\" content=\"WhatsApp lan\u00e7a emojis personalizados; veja como criar o seu - Brasil not\u00edcias\" \/>\n<meta property=\"og:description\" content=\"A Meta anuncia nesta quarta-feira, 7, a chegada de emojis personalizados no WhatsApp. Com a atualiza\u00e7\u00e3o, \u00e9 poss\u00edvel criar um\" \/>\n<meta property=\"og:url\" content=\"https:\/\/brasilnoticias.org\/site\/whatsapp-lanca-emojis-personalizados-veja-como-criar-o-seu\/\" \/>\n<meta property=\"og:site_name\" content=\"Brasil not\u00edcias\" \/>\n<meta property=\"article:published_time\" content=\"2022-12-07T21:20:22+00:00\" \/>\n<meta property=\"og:image\" content=\"https:\/\/brasilnoticias.org\/site\/wp-content\/uploads\/2022\/12\/AA14ZScy.jpeg\" \/>\n\t<meta property=\"og:image:width\" content=\"300\" \/>\n\t<meta property=\"og:image:height\" content=\"169\" \/>\n\t<meta property=\"og:image:type\" content=\"image\/jpeg\" \/>\n<meta name=\"author\" content=\"Reda\u00e7\u00e3o\" \/>\n<meta name=\"twitter:card\" content=\"summary_large_image\" \/>\n<meta name=\"twitter:label1\" content=\"Escrito por\" \/>\n\t<meta name=\"twitter:data1\" content=\"Reda\u00e7\u00e3o\" \/>\n\t<meta name=\"twitter:label2\" content=\"Tempo estimado de leitura\" \/>\n\t<meta name=\"twitter:data2\" content=\"2 minutos\" \/>\n<script type=\"application\/ld+json\" class=\"yoast-schema-graph\">{\"@context\":\"https:\/\/schema.org\",\"@graph\":[{\"@type\":\"Article\",\"@id\":\"https:\/\/brasilnoticias.org\/site\/whatsapp-lanca-emojis-personalizados-veja-como-criar-o-seu\/#article\",\"isPartOf\":{\"@id\":\"https:\/\/brasilnoticias.org\/site\/whatsapp-lanca-emojis-personalizados-veja-como-criar-o-seu\/\"},\"author\":{\"name\":\"Reda\u00e7\u00e3o\",\"@id\":\"https:\/\/brasilnoticias.org\/site\/#\/schema\/person\/a0e05b973ec4d15c658d51911e53507b\"},\"headline\":\"WhatsApp lan\u00e7a emojis personalizados; veja como criar o seu\",\"datePublished\":\"2022-12-07T21:20:22+00:00\",\"mainEntityOfPage\":{\"@id\":\"https:\/\/brasilnoticias.org\/site\/whatsapp-lanca-emojis-personalizados-veja-como-criar-o-seu\/\"},\"wordCount\":420,\"commentCount\":0,\"publisher\":{\"@id\":\"https:\/\/brasilnoticias.org\/site\/#organization\"},\"image\":{\"@id\":\"https:\/\/brasilnoticias.org\/site\/whatsapp-lanca-emojis-personalizados-veja-como-criar-o-seu\/#primaryimage\"},\"thumbnailUrl\":\"https:\/\/brasilnoticias.org\/site\/wp-content\/uploads\/2022\/12\/AA14ZScy.jpeg\",\"articleSection\":[\"Not\u00edcias\",\"\u00daltimas\"],\"inLanguage\":\"pt-PT\",\"potentialAction\":[{\"@type\":\"CommentAction\",\"name\":\"Comment\",\"target\":[\"https:\/\/brasilnoticias.org\/site\/whatsapp-lanca-emojis-personalizados-veja-como-criar-o-seu\/#respond\"]}]},{\"@type\":\"WebPage\",\"@id\":\"https:\/\/brasilnoticias.org\/site\/whatsapp-lanca-emojis-personalizados-veja-como-criar-o-seu\/\",\"url\":\"https:\/\/brasilnoticias.org\/site\/whatsapp-lanca-emojis-personalizados-veja-como-criar-o-seu\/\",\"name\":\"WhatsApp lan\u00e7a emojis personalizados; veja como criar o seu - Brasil not\u00edcias\",\"isPartOf\":{\"@id\":\"https:\/\/brasilnoticias.org\/site\/#website\"},\"primaryImageOfPage\":{\"@id\":\"https:\/\/brasilnoticias.org\/site\/whatsapp-lanca-emojis-personalizados-veja-como-criar-o-seu\/#primaryimage\"},\"image\":{\"@id\":\"https:\/\/brasilnoticias.org\/site\/whatsapp-lanca-emojis-personalizados-veja-como-criar-o-seu\/#primaryimage\"},\"thumbnailUrl\":\"https:\/\/brasilnoticias.org\/site\/wp-content\/uploads\/2022\/12\/AA14ZScy.jpeg\",\"datePublished\":\"2022-12-07T21:20:22+00:00\",\"breadcrumb\":{\"@id\":\"https:\/\/brasilnoticias.org\/site\/whatsapp-lanca-emojis-personalizados-veja-como-criar-o-seu\/#breadcrumb\"},\"inLanguage\":\"pt-PT\",\"potentialAction\":[{\"@type\":\"ReadAction\",\"target\":[\"https:\/\/brasilnoticias.org\/site\/whatsapp-lanca-emojis-personalizados-veja-como-criar-o-seu\/\"]}]},{\"@type\":\"ImageObject\",\"inLanguage\":\"pt-PT\",\"@id\":\"https:\/\/brasilnoticias.org\/site\/whatsapp-lanca-emojis-personalizados-veja-como-criar-o-seu\/#primaryimage\",\"url\":\"https:\/\/brasilnoticias.org\/site\/wp-content\/uploads\/2022\/12\/AA14ZScy.jpeg\",\"contentUrl\":\"https:\/\/brasilnoticias.org\/site\/wp-content\/uploads\/2022\/12\/AA14ZScy.jpeg\",\"width\":300,\"height\":169},{\"@type\":\"BreadcrumbList\",\"@id\":\"https:\/\/brasilnoticias.org\/site\/whatsapp-lanca-emojis-personalizados-veja-como-criar-o-seu\/#breadcrumb\",\"itemListElement\":[{\"@type\":\"ListItem\",\"position\":1,\"name\":\"In\u00edcio\",\"item\":\"https:\/\/brasilnoticias.org\/site\/\"},{\"@type\":\"ListItem\",\"position\":2,\"name\":\"WhatsApp lan\u00e7a emojis personalizados; veja como criar o seu\"}]},{\"@type\":\"WebSite\",\"@id\":\"https:\/\/brasilnoticias.org\/site\/#website\",\"url\":\"https:\/\/brasilnoticias.org\/site\/\",\"name\":\"Brasil not\u00edcias\",\"description\":\"Brasil not\u00edcias\",\"publisher\":{\"@id\":\"https:\/\/brasilnoticias.org\/site\/#organization\"},\"potentialAction\":[{\"@type\":\"SearchAction\",\"target\":{\"@type\":\"EntryPoint\",\"urlTemplate\":\"https:\/\/brasilnoticias.org\/site\/?s={search_term_string}\"},\"query-input\":{\"@type\":\"PropertyValueSpecification\",\"valueRequired\":true,\"valueName\":\"search_term_string\"}}],\"inLanguage\":\"pt-PT\"},{\"@type\":\"Organization\",\"@id\":\"https:\/\/brasilnoticias.org\/site\/#organization\",\"name\":\"Brasil not\u00edcias\",\"url\":\"https:\/\/brasilnoticias.org\/site\/\",\"logo\":{\"@type\":\"ImageObject\",\"inLanguage\":\"pt-PT\",\"@id\":\"https:\/\/brasilnoticias.org\/site\/#\/schema\/logo\/image\/\",\"url\":\"https:\/\/brasilnoticias.org\/site\/wp-content\/uploads\/2022\/05\/cropped-brasilnoticias-mini.jpg\",\"contentUrl\":\"https:\/\/brasilnoticias.org\/site\/wp-content\/uploads\/2022\/05\/cropped-brasilnoticias-mini.jpg\",\"width\":314,\"height\":86,\"caption\":\"Brasil not\u00edcias\"},\"image\":{\"@id\":\"https:\/\/brasilnoticias.org\/site\/#\/schema\/logo\/image\/\"}},{\"@type\":\"Person\",\"@id\":\"https:\/\/brasilnoticias.org\/site\/#\/schema\/person\/a0e05b973ec4d15c658d51911e53507b\",\"name\":\"Reda\u00e7\u00e3o\",\"image\":{\"@type\":\"ImageObject\",\"inLanguage\":\"pt-PT\",\"@id\":\"https:\/\/brasilnoticias.org\/site\/#\/schema\/person\/image\/\",\"url\":\"https:\/\/secure.gravatar.com\/avatar\/75d8b050df2de108b08ae78dfb8e374892df24a383c67db9c46a9c604f6aee9c?s=96&d=mm&r=g\",\"contentUrl\":\"https:\/\/secure.gravatar.com\/avatar\/75d8b050df2de108b08ae78dfb8e374892df24a383c67db9c46a9c604f6aee9c?s=96&d=mm&r=g\",\"caption\":\"Reda\u00e7\u00e3o\"},\"sameAs\":[\"https:\/\/brasilnoticias.org\/site\"],\"url\":\"https:\/\/brasilnoticias.org\/site\/author\/fernandozsngmail-com\/\"}]}<\/script>\n<!-- \/ Yoast SEO plugin. -->","yoast_head_json":{"title":"WhatsApp lan\u00e7a emojis personalizados; veja como criar o seu - Brasil not\u00edcias","robots":{"index":"index","follow":"follow","max-snippet":"max-snippet:-1","max-image-preview":"max-image-preview:large","max-video-preview":"max-video-preview:-1"},"canonical":"https:\/\/brasilnoticias.org\/site\/whatsapp-lanca-emojis-personalizados-veja-como-criar-o-seu\/","og_locale":"pt_PT","og_type":"article","og_title":"WhatsApp lan\u00e7a emojis personalizados; veja como criar o seu - Brasil not\u00edcias","og_description":"A Meta anuncia nesta quarta-feira, 7, a chegada de emojis personalizados no WhatsApp. Com a atualiza\u00e7\u00e3o, \u00e9 poss\u00edvel criar um","og_url":"https:\/\/brasilnoticias.org\/site\/whatsapp-lanca-emojis-personalizados-veja-como-criar-o-seu\/","og_site_name":"Brasil not\u00edcias","article_published_time":"2022-12-07T21:20:22+00:00","og_image":[{"width":300,"height":169,"url":"https:\/\/brasilnoticias.org\/site\/wp-content\/uploads\/2022\/12\/AA14ZScy.jpeg","type":"image\/jpeg"}],"author":"Reda\u00e7\u00e3o","twitter_card":"summary_large_image","twitter_misc":{"Escrito por":"Reda\u00e7\u00e3o","Tempo estimado de leitura":"2 minutos"},"schema":{"@context":"https:\/\/schema.org","@graph":[{"@type":"Article","@id":"https:\/\/brasilnoticias.org\/site\/whatsapp-lanca-emojis-personalizados-veja-como-criar-o-seu\/#article","isPartOf":{"@id":"https:\/\/brasilnoticias.org\/site\/whatsapp-lanca-emojis-personalizados-veja-como-criar-o-seu\/"},"author":{"name":"Reda\u00e7\u00e3o","@id":"https:\/\/brasilnoticias.org\/site\/#\/schema\/person\/a0e05b973ec4d15c658d51911e53507b"},"headline":"WhatsApp lan\u00e7a emojis personalizados; veja como criar o seu","datePublished":"2022-12-07T21:20:22+00:00","mainEntityOfPage":{"@id":"https:\/\/brasilnoticias.org\/site\/whatsapp-lanca-emojis-personalizados-veja-como-criar-o-seu\/"},"wordCount":420,"commentCount":0,"publisher":{"@id":"https:\/\/brasilnoticias.org\/site\/#organization"},"image":{"@id":"https:\/\/brasilnoticias.org\/site\/whatsapp-lanca-emojis-personalizados-veja-como-criar-o-seu\/#primaryimage"},"thumbnailUrl":"https:\/\/brasilnoticias.org\/site\/wp-content\/uploads\/2022\/12\/AA14ZScy.jpeg","articleSection":["Not\u00edcias","\u00daltimas"],"inLanguage":"pt-PT","potentialAction":[{"@type":"CommentAction","name":"Comment","target":["https:\/\/brasilnoticias.org\/site\/whatsapp-lanca-emojis-personalizados-veja-como-criar-o-seu\/#respond"]}]},{"@type":"WebPage","@id":"https:\/\/brasilnoticias.org\/site\/whatsapp-lanca-emojis-personalizados-veja-como-criar-o-seu\/","url":"https:\/\/brasilnoticias.org\/site\/whatsapp-lanca-emojis-personalizados-veja-como-criar-o-seu\/","name":"WhatsApp lan\u00e7a emojis personalizados; veja como criar o seu - Brasil not\u00edcias","isPartOf":{"@id":"https:\/\/brasilnoticias.org\/site\/#website"},"primaryImageOfPage":{"@id":"https:\/\/brasilnoticias.org\/site\/whatsapp-lanca-emojis-personalizados-veja-como-criar-o-seu\/#primaryimage"},"image":{"@id":"https:\/\/brasilnoticias.org\/site\/whatsapp-lanca-emojis-personalizados-veja-como-criar-o-seu\/#primaryimage"},"thumbnailUrl":"https:\/\/brasilnoticias.org\/site\/wp-content\/uploads\/2022\/12\/AA14ZScy.jpeg","datePublished":"2022-12-07T21:20:22+00:00","breadcrumb":{"@id":"https:\/\/brasilnoticias.org\/site\/whatsapp-lanca-emojis-personalizados-veja-como-criar-o-seu\/#breadcrumb"},"inLanguage":"pt-PT","potentialAction":[{"@type":"ReadAction","target":["https:\/\/brasilnoticias.org\/site\/whatsapp-lanca-emojis-personalizados-veja-como-criar-o-seu\/"]}]},{"@type":"ImageObject","inLanguage":"pt-PT","@id":"https:\/\/brasilnoticias.org\/site\/whatsapp-lanca-emojis-personalizados-veja-como-criar-o-seu\/#primaryimage","url":"https:\/\/brasilnoticias.org\/site\/wp-content\/uploads\/2022\/12\/AA14ZScy.jpeg","contentUrl":"https:\/\/brasilnoticias.org\/site\/wp-content\/uploads\/2022\/12\/AA14ZScy.jpeg","width":300,"height":169},{"@type":"BreadcrumbList","@id":"https:\/\/brasilnoticias.org\/site\/whatsapp-lanca-emojis-personalizados-veja-como-criar-o-seu\/#breadcrumb","itemListElement":[{"@type":"ListItem","position":1,"name":"In\u00edcio","item":"https:\/\/brasilnoticias.org\/site\/"},{"@type":"ListItem","position":2,"name":"WhatsApp lan\u00e7a emojis personalizados; veja como criar o seu"}]},{"@type":"WebSite","@id":"https:\/\/brasilnoticias.org\/site\/#website","url":"https:\/\/brasilnoticias.org\/site\/","name":"Brasil not\u00edcias","description":"Brasil not\u00edcias","publisher":{"@id":"https:\/\/brasilnoticias.org\/site\/#organization"},"potentialAction":[{"@type":"SearchAction","target":{"@type":"EntryPoint","urlTemplate":"https:\/\/brasilnoticias.org\/site\/?s={search_term_string}"},"query-input":{"@type":"PropertyValueSpecification","valueRequired":true,"valueName":"search_term_string"}}],"inLanguage":"pt-PT"},{"@type":"Organization","@id":"https:\/\/brasilnoticias.org\/site\/#organization","name":"Brasil not\u00edcias","url":"https:\/\/brasilnoticias.org\/site\/","logo":{"@type":"ImageObject","inLanguage":"pt-PT","@id":"https:\/\/brasilnoticias.org\/site\/#\/schema\/logo\/image\/","url":"https:\/\/brasilnoticias.org\/site\/wp-content\/uploads\/2022\/05\/cropped-brasilnoticias-mini.jpg","contentUrl":"https:\/\/brasilnoticias.org\/site\/wp-content\/uploads\/2022\/05\/cropped-brasilnoticias-mini.jpg","width":314,"height":86,"caption":"Brasil not\u00edcias"},"image":{"@id":"https:\/\/brasilnoticias.org\/site\/#\/schema\/logo\/image\/"}},{"@type":"Person","@id":"https:\/\/brasilnoticias.org\/site\/#\/schema\/person\/a0e05b973ec4d15c658d51911e53507b","name":"Reda\u00e7\u00e3o","image":{"@type":"ImageObject","inLanguage":"pt-PT","@id":"https:\/\/brasilnoticias.org\/site\/#\/schema\/person\/image\/","url":"https:\/\/secure.gravatar.com\/avatar\/75d8b050df2de108b08ae78dfb8e374892df24a383c67db9c46a9c604f6aee9c?s=96&d=mm&r=g","contentUrl":"https:\/\/secure.gravatar.com\/avatar\/75d8b050df2de108b08ae78dfb8e374892df24a383c67db9c46a9c604f6aee9c?s=96&d=mm&r=g","caption":"Reda\u00e7\u00e3o"},"sameAs":["https:\/\/brasilnoticias.org\/site"],"url":"https:\/\/brasilnoticias.org\/site\/author\/fernandozsngmail-com\/"}]}},"_links":{"self":[{"href":"https:\/\/brasilnoticias.org\/site\/wp-json\/wp\/v2\/posts\/2614","targetHints":{"allow":["GET"]}}],"collection":[{"href":"https:\/\/brasilnoticias.org\/site\/wp-json\/wp\/v2\/posts"}],"about":[{"href":"https:\/\/brasilnoticias.org\/site\/wp-json\/wp\/v2\/types\/post"}],"author":[{"embeddable":true,"href":"https:\/\/brasilnoticias.org\/site\/wp-json\/wp\/v2\/users\/1"}],"replies":[{"embeddable":true,"href":"https:\/\/brasilnoticias.org\/site\/wp-json\/wp\/v2\/comments?post=2614"}],"version-history":[{"count":1,"href":"https:\/\/brasilnoticias.org\/site\/wp-json\/wp\/v2\/posts\/2614\/revisions"}],"predecessor-version":[{"id":2616,"href":"https:\/\/brasilnoticias.org\/site\/wp-json\/wp\/v2\/posts\/2614\/revisions\/2616"}],"wp:featuredmedia":[{"embeddable":true,"href":"https:\/\/brasilnoticias.org\/site\/wp-json\/wp\/v2\/media\/2615"}],"wp:attachment":[{"href":"https:\/\/brasilnoticias.org\/site\/wp-json\/wp\/v2\/media?parent=2614"}],"wp:term":[{"taxonomy":"category","embeddable":true,"href":"https:\/\/brasilnoticias.org\/site\/wp-json\/wp\/v2\/categories?post=2614"},{"taxonomy":"post_tag","embeddable":true,"href":"https:\/\/brasilnoticias.org\/site\/wp-json\/wp\/v2\/tags?post=2614"}],"curies":[{"name":"wp","href":"https:\/\/api.w.org\/{rel}","templated":true}]}}