{"id":262,"date":"2022-05-15T08:36:04","date_gmt":"2022-05-15T11:36:04","guid":{"rendered":"https:\/\/brasilnoticias.org\/site\/?p=262"},"modified":"2022-05-15T08:36:04","modified_gmt":"2022-05-15T11:36:04","slug":"em-itabuna-caca-leao-diz-que-o-sul-da-bahia-merece-voltar-a-crescer-economicamente","status":"publish","type":"post","link":"https:\/\/brasilnoticias.org\/site\/em-itabuna-caca-leao-diz-que-o-sul-da-bahia-merece-voltar-a-crescer-economicamente\/","title":{"rendered":"EM ITABUNA, CAC\u00c1 LE\u00c3O DIZ QUE O SUL DA BAHIA MERECE VOLTAR A CRESCER ECONOMICAMENTE"},"content":{"rendered":"<p>No Sul da Bahia com ACM Neto, neste final de semana, o pr\u00e9-candidato ao Senado, deputado federal Cac\u00e1 Le\u00e3o (PP), disse que est\u00e1 empenhado a trabalhar para devolver o desenvolvimento econ\u00f4mico e potencializar o turismo da regi\u00e3o. Neste s\u00e1bado (14), em Itabuna e Itaju\u00edpe, Cac\u00e1 destacou ainda que a Bahia n\u00e3o pode mais ser a campe\u00e3 em viol\u00eancia e ter o pior \u00edndice de educa\u00e7\u00e3o do pa\u00eds.<\/p>\n<p>\u201cPrecisamos devolver a pujan\u00e7a, a for\u00e7a motora que essa regi\u00e3o j\u00e1 teve na economia do estado da Bahia e voc\u00eas podem ter certeza que, com ACM Neto no governo, Itabuna e toda a regi\u00e3o Sul v\u00e3o ter um parceiro\u201d, disse.<\/p>\n<p>Cac\u00e1 Le\u00e3o afirmou tamb\u00e9m que, ao lado de Neto, quer inverter a l\u00f3gica atual do estado amargar t\u00edtulos de m\u00e1 educa\u00e7\u00e3o, de viol\u00eancia, desemprego e falta de pol\u00edticas de desenvolvimento tur\u00edstico regional. \u201c\u00c9 por isso que eu estou caminhando ao lado de ACM Neto, porque eu acredito que ele \u00e9 capaz de mudar essa situa\u00e7\u00e3o e ser, com certeza, o melhor governador da hist\u00f3ria da Bahia\u201d.<\/p>\n<p>&nbsp;<\/p>\n<p>&nbsp;<\/p>\n<p>&nbsp;<\/p>\n<p>Pol\u00edtica Livre<\/p>\n","protected":false},"excerpt":{"rendered":"<p>No Sul da Bahia com ACM Neto, neste final de semana, o pr\u00e9-candidato ao Senado, deputado federal Cac\u00e1 Le\u00e3o (PP),<\/p>\n","protected":false},"author":2,"featured_media":263,"comment_status":"open","ping_status":"open","sticky":false,"template":"","format":"standard","meta":{"colormag_page_container_layout":"default_layout","colormag_page_sidebar_layout":"default_layout","_FSMCFIC_featured_image_caption":"","_FSMCFIC_featured_image_nocaption":"","_FSMCFIC_featured_image_hide":"","footnotes":""},"categories":[5,1],"tags":[],"class_list":["post-262","post","type-post","status-publish","format-standard","has-post-thumbnail","hentry","category-politica","category-ultimas"],"yoast_head":"<!-- This site is optimized with the Yoast SEO plugin v27.1.1 - https:\/\/yoast.com\/product\/yoast-seo-wordpress\/ -->\n<title>EM ITABUNA, CAC\u00c1 LE\u00c3O DIZ QUE O SUL DA BAHIA MERECE VOLTAR A CRESCER ECONOMICAMENTE - Brasil not\u00edcias<\/title>\n<meta name=\"robots\" content=\"index, follow, max-snippet:-1, max-image-preview:large, max-video-preview:-1\" \/>\n<link rel=\"canonical\" href=\"https:\/\/brasilnoticias.org\/site\/em-itabuna-caca-leao-diz-que-o-sul-da-bahia-merece-voltar-a-crescer-economicamente\/\" \/>\n<meta property=\"og:locale\" content=\"pt_PT\" \/>\n<meta property=\"og:type\" content=\"article\" \/>\n<meta property=\"og:title\" content=\"EM ITABUNA, CAC\u00c1 LE\u00c3O DIZ QUE O SUL DA BAHIA MERECE VOLTAR A CRESCER ECONOMICAMENTE - Brasil not\u00edcias\" \/>\n<meta property=\"og:description\" content=\"No Sul da Bahia com ACM Neto, neste final de semana, o pr\u00e9-candidato ao Senado, deputado federal Cac\u00e1 Le\u00e3o (PP),\" \/>\n<meta property=\"og:url\" content=\"https:\/\/brasilnoticias.org\/site\/em-itabuna-caca-leao-diz-que-o-sul-da-bahia-merece-voltar-a-crescer-economicamente\/\" \/>\n<meta property=\"og:site_name\" content=\"Brasil not\u00edcias\" \/>\n<meta property=\"article:published_time\" content=\"2022-05-15T11:36:04+00:00\" \/>\n<meta property=\"og:image\" content=\"https:\/\/brasilnoticias.org\/site\/wp-content\/uploads\/2022\/05\/Screenshot_20220515-082322-260.png\" \/>\n\t<meta property=\"og:image:width\" content=\"720\" \/>\n\t<meta property=\"og:image:height\" content=\"704\" \/>\n\t<meta property=\"og:image:type\" content=\"image\/png\" \/>\n<meta name=\"author\" content=\"Reda\u00e7\u00e3o\" \/>\n<meta name=\"twitter:card\" content=\"summary_large_image\" \/>\n<meta name=\"twitter:label1\" content=\"Escrito por\" \/>\n\t<meta name=\"twitter:data1\" content=\"Reda\u00e7\u00e3o\" \/>\n\t<meta name=\"twitter:label2\" content=\"Tempo estimado de leitura\" \/>\n\t<meta name=\"twitter:data2\" content=\"1 minuto\" \/>\n<script type=\"application\/ld+json\" class=\"yoast-schema-graph\">{\"@context\":\"https:\/\/schema.org\",\"@graph\":[{\"@type\":\"Article\",\"@id\":\"https:\/\/brasilnoticias.org\/site\/em-itabuna-caca-leao-diz-que-o-sul-da-bahia-merece-voltar-a-crescer-economicamente\/#article\",\"isPartOf\":{\"@id\":\"https:\/\/brasilnoticias.org\/site\/em-itabuna-caca-leao-diz-que-o-sul-da-bahia-merece-voltar-a-crescer-economicamente\/\"},\"author\":{\"name\":\"Reda\u00e7\u00e3o\",\"@id\":\"https:\/\/brasilnoticias.org\/site\/#\/schema\/person\/f609fa847b5314f1c8b983342f34c798\"},\"headline\":\"EM ITABUNA, CAC\u00c1 LE\u00c3O DIZ QUE O SUL DA BAHIA MERECE VOLTAR A CRESCER ECONOMICAMENTE\",\"datePublished\":\"2022-05-15T11:36:04+00:00\",\"mainEntityOfPage\":{\"@id\":\"https:\/\/brasilnoticias.org\/site\/em-itabuna-caca-leao-diz-que-o-sul-da-bahia-merece-voltar-a-crescer-economicamente\/\"},\"wordCount\":218,\"commentCount\":0,\"publisher\":{\"@id\":\"https:\/\/brasilnoticias.org\/site\/#organization\"},\"image\":{\"@id\":\"https:\/\/brasilnoticias.org\/site\/em-itabuna-caca-leao-diz-que-o-sul-da-bahia-merece-voltar-a-crescer-economicamente\/#primaryimage\"},\"thumbnailUrl\":\"https:\/\/brasilnoticias.org\/site\/wp-content\/uploads\/2022\/05\/Screenshot_20220515-082322-260.png\",\"articleSection\":[\"Pol\u00edtica\",\"\u00daltimas\"],\"inLanguage\":\"pt-PT\",\"potentialAction\":[{\"@type\":\"CommentAction\",\"name\":\"Comment\",\"target\":[\"https:\/\/brasilnoticias.org\/site\/em-itabuna-caca-leao-diz-que-o-sul-da-bahia-merece-voltar-a-crescer-economicamente\/#respond\"]}]},{\"@type\":\"WebPage\",\"@id\":\"https:\/\/brasilnoticias.org\/site\/em-itabuna-caca-leao-diz-que-o-sul-da-bahia-merece-voltar-a-crescer-economicamente\/\",\"url\":\"https:\/\/brasilnoticias.org\/site\/em-itabuna-caca-leao-diz-que-o-sul-da-bahia-merece-voltar-a-crescer-economicamente\/\",\"name\":\"EM ITABUNA, CAC\u00c1 LE\u00c3O DIZ QUE O SUL DA BAHIA MERECE VOLTAR A CRESCER ECONOMICAMENTE - Brasil not\u00edcias\",\"isPartOf\":{\"@id\":\"https:\/\/brasilnoticias.org\/site\/#website\"},\"primaryImageOfPage\":{\"@id\":\"https:\/\/brasilnoticias.org\/site\/em-itabuna-caca-leao-diz-que-o-sul-da-bahia-merece-voltar-a-crescer-economicamente\/#primaryimage\"},\"image\":{\"@id\":\"https:\/\/brasilnoticias.org\/site\/em-itabuna-caca-leao-diz-que-o-sul-da-bahia-merece-voltar-a-crescer-economicamente\/#primaryimage\"},\"thumbnailUrl\":\"https:\/\/brasilnoticias.org\/site\/wp-content\/uploads\/2022\/05\/Screenshot_20220515-082322-260.png\",\"datePublished\":\"2022-05-15T11:36:04+00:00\",\"breadcrumb\":{\"@id\":\"https:\/\/brasilnoticias.org\/site\/em-itabuna-caca-leao-diz-que-o-sul-da-bahia-merece-voltar-a-crescer-economicamente\/#breadcrumb\"},\"inLanguage\":\"pt-PT\",\"potentialAction\":[{\"@type\":\"ReadAction\",\"target\":[\"https:\/\/brasilnoticias.org\/site\/em-itabuna-caca-leao-diz-que-o-sul-da-bahia-merece-voltar-a-crescer-economicamente\/\"]}]},{\"@type\":\"ImageObject\",\"inLanguage\":\"pt-PT\",\"@id\":\"https:\/\/brasilnoticias.org\/site\/em-itabuna-caca-leao-diz-que-o-sul-da-bahia-merece-voltar-a-crescer-economicamente\/#primaryimage\",\"url\":\"https:\/\/brasilnoticias.org\/site\/wp-content\/uploads\/2022\/05\/Screenshot_20220515-082322-260.png\",\"contentUrl\":\"https:\/\/brasilnoticias.org\/site\/wp-content\/uploads\/2022\/05\/Screenshot_20220515-082322-260.png\",\"width\":720,\"height\":704},{\"@type\":\"BreadcrumbList\",\"@id\":\"https:\/\/brasilnoticias.org\/site\/em-itabuna-caca-leao-diz-que-o-sul-da-bahia-merece-voltar-a-crescer-economicamente\/#breadcrumb\",\"itemListElement\":[{\"@type\":\"ListItem\",\"position\":1,\"name\":\"In\u00edcio\",\"item\":\"https:\/\/brasilnoticias.org\/site\/\"},{\"@type\":\"ListItem\",\"position\":2,\"name\":\"EM ITABUNA, CAC\u00c1 LE\u00c3O DIZ QUE O SUL DA BAHIA MERECE VOLTAR A CRESCER ECONOMICAMENTE\"}]},{\"@type\":\"WebSite\",\"@id\":\"https:\/\/brasilnoticias.org\/site\/#website\",\"url\":\"https:\/\/brasilnoticias.org\/site\/\",\"name\":\"Brasil not\u00edcias\",\"description\":\"Brasil not\u00edcias\",\"publisher\":{\"@id\":\"https:\/\/brasilnoticias.org\/site\/#organization\"},\"potentialAction\":[{\"@type\":\"SearchAction\",\"target\":{\"@type\":\"EntryPoint\",\"urlTemplate\":\"https:\/\/brasilnoticias.org\/site\/?s={search_term_string}\"},\"query-input\":{\"@type\":\"PropertyValueSpecification\",\"valueRequired\":true,\"valueName\":\"search_term_string\"}}],\"inLanguage\":\"pt-PT\"},{\"@type\":\"Organization\",\"@id\":\"https:\/\/brasilnoticias.org\/site\/#organization\",\"name\":\"Brasil not\u00edcias\",\"url\":\"https:\/\/brasilnoticias.org\/site\/\",\"logo\":{\"@type\":\"ImageObject\",\"inLanguage\":\"pt-PT\",\"@id\":\"https:\/\/brasilnoticias.org\/site\/#\/schema\/logo\/image\/\",\"url\":\"https:\/\/brasilnoticias.org\/site\/wp-content\/uploads\/2022\/05\/cropped-brasilnoticias-mini.jpg\",\"contentUrl\":\"https:\/\/brasilnoticias.org\/site\/wp-content\/uploads\/2022\/05\/cropped-brasilnoticias-mini.jpg\",\"width\":314,\"height\":86,\"caption\":\"Brasil not\u00edcias\"},\"image\":{\"@id\":\"https:\/\/brasilnoticias.org\/site\/#\/schema\/logo\/image\/\"}},{\"@type\":\"Person\",\"@id\":\"https:\/\/brasilnoticias.org\/site\/#\/schema\/person\/f609fa847b5314f1c8b983342f34c798\",\"name\":\"Reda\u00e7\u00e3o\",\"image\":{\"@type\":\"ImageObject\",\"inLanguage\":\"pt-PT\",\"@id\":\"https:\/\/brasilnoticias.org\/site\/#\/schema\/person\/image\/\",\"url\":\"https:\/\/secure.gravatar.com\/avatar\/447284c06c1ad8b46465a36de9cd0d8326b73387a22799b8b1ffb1fbcff2ed0c?s=96&d=mm&r=g\",\"contentUrl\":\"https:\/\/secure.gravatar.com\/avatar\/447284c06c1ad8b46465a36de9cd0d8326b73387a22799b8b1ffb1fbcff2ed0c?s=96&d=mm&r=g\",\"caption\":\"Reda\u00e7\u00e3o\"},\"url\":\"https:\/\/brasilnoticias.org\/site\/author\/redacao\/\"}]}<\/script>\n<!-- \/ Yoast SEO plugin. -->","yoast_head_json":{"title":"EM ITABUNA, CAC\u00c1 LE\u00c3O DIZ QUE O SUL DA BAHIA MERECE VOLTAR A CRESCER ECONOMICAMENTE - Brasil not\u00edcias","robots":{"index":"index","follow":"follow","max-snippet":"max-snippet:-1","max-image-preview":"max-image-preview:large","max-video-preview":"max-video-preview:-1"},"canonical":"https:\/\/brasilnoticias.org\/site\/em-itabuna-caca-leao-diz-que-o-sul-da-bahia-merece-voltar-a-crescer-economicamente\/","og_locale":"pt_PT","og_type":"article","og_title":"EM ITABUNA, CAC\u00c1 LE\u00c3O DIZ QUE O SUL DA BAHIA MERECE VOLTAR A CRESCER ECONOMICAMENTE - Brasil not\u00edcias","og_description":"No Sul da Bahia com ACM Neto, neste final de semana, o pr\u00e9-candidato ao Senado, deputado federal Cac\u00e1 Le\u00e3o (PP),","og_url":"https:\/\/brasilnoticias.org\/site\/em-itabuna-caca-leao-diz-que-o-sul-da-bahia-merece-voltar-a-crescer-economicamente\/","og_site_name":"Brasil not\u00edcias","article_published_time":"2022-05-15T11:36:04+00:00","og_image":[{"width":720,"height":704,"url":"https:\/\/brasilnoticias.org\/site\/wp-content\/uploads\/2022\/05\/Screenshot_20220515-082322-260.png","type":"image\/png"}],"author":"Reda\u00e7\u00e3o","twitter_card":"summary_large_image","twitter_misc":{"Escrito por":"Reda\u00e7\u00e3o","Tempo estimado de leitura":"1 minuto"},"schema":{"@context":"https:\/\/schema.org","@graph":[{"@type":"Article","@id":"https:\/\/brasilnoticias.org\/site\/em-itabuna-caca-leao-diz-que-o-sul-da-bahia-merece-voltar-a-crescer-economicamente\/#article","isPartOf":{"@id":"https:\/\/brasilnoticias.org\/site\/em-itabuna-caca-leao-diz-que-o-sul-da-bahia-merece-voltar-a-crescer-economicamente\/"},"author":{"name":"Reda\u00e7\u00e3o","@id":"https:\/\/brasilnoticias.org\/site\/#\/schema\/person\/f609fa847b5314f1c8b983342f34c798"},"headline":"EM ITABUNA, CAC\u00c1 LE\u00c3O DIZ QUE O SUL DA BAHIA MERECE VOLTAR A CRESCER ECONOMICAMENTE","datePublished":"2022-05-15T11:36:04+00:00","mainEntityOfPage":{"@id":"https:\/\/brasilnoticias.org\/site\/em-itabuna-caca-leao-diz-que-o-sul-da-bahia-merece-voltar-a-crescer-economicamente\/"},"wordCount":218,"commentCount":0,"publisher":{"@id":"https:\/\/brasilnoticias.org\/site\/#organization"},"image":{"@id":"https:\/\/brasilnoticias.org\/site\/em-itabuna-caca-leao-diz-que-o-sul-da-bahia-merece-voltar-a-crescer-economicamente\/#primaryimage"},"thumbnailUrl":"https:\/\/brasilnoticias.org\/site\/wp-content\/uploads\/2022\/05\/Screenshot_20220515-082322-260.png","articleSection":["Pol\u00edtica","\u00daltimas"],"inLanguage":"pt-PT","potentialAction":[{"@type":"CommentAction","name":"Comment","target":["https:\/\/brasilnoticias.org\/site\/em-itabuna-caca-leao-diz-que-o-sul-da-bahia-merece-voltar-a-crescer-economicamente\/#respond"]}]},{"@type":"WebPage","@id":"https:\/\/brasilnoticias.org\/site\/em-itabuna-caca-leao-diz-que-o-sul-da-bahia-merece-voltar-a-crescer-economicamente\/","url":"https:\/\/brasilnoticias.org\/site\/em-itabuna-caca-leao-diz-que-o-sul-da-bahia-merece-voltar-a-crescer-economicamente\/","name":"EM ITABUNA, CAC\u00c1 LE\u00c3O DIZ QUE O SUL DA BAHIA MERECE VOLTAR A CRESCER ECONOMICAMENTE - Brasil not\u00edcias","isPartOf":{"@id":"https:\/\/brasilnoticias.org\/site\/#website"},"primaryImageOfPage":{"@id":"https:\/\/brasilnoticias.org\/site\/em-itabuna-caca-leao-diz-que-o-sul-da-bahia-merece-voltar-a-crescer-economicamente\/#primaryimage"},"image":{"@id":"https:\/\/brasilnoticias.org\/site\/em-itabuna-caca-leao-diz-que-o-sul-da-bahia-merece-voltar-a-crescer-economicamente\/#primaryimage"},"thumbnailUrl":"https:\/\/brasilnoticias.org\/site\/wp-content\/uploads\/2022\/05\/Screenshot_20220515-082322-260.png","datePublished":"2022-05-15T11:36:04+00:00","breadcrumb":{"@id":"https:\/\/brasilnoticias.org\/site\/em-itabuna-caca-leao-diz-que-o-sul-da-bahia-merece-voltar-a-crescer-economicamente\/#breadcrumb"},"inLanguage":"pt-PT","potentialAction":[{"@type":"ReadAction","target":["https:\/\/brasilnoticias.org\/site\/em-itabuna-caca-leao-diz-que-o-sul-da-bahia-merece-voltar-a-crescer-economicamente\/"]}]},{"@type":"ImageObject","inLanguage":"pt-PT","@id":"https:\/\/brasilnoticias.org\/site\/em-itabuna-caca-leao-diz-que-o-sul-da-bahia-merece-voltar-a-crescer-economicamente\/#primaryimage","url":"https:\/\/brasilnoticias.org\/site\/wp-content\/uploads\/2022\/05\/Screenshot_20220515-082322-260.png","contentUrl":"https:\/\/brasilnoticias.org\/site\/wp-content\/uploads\/2022\/05\/Screenshot_20220515-082322-260.png","width":720,"height":704},{"@type":"BreadcrumbList","@id":"https:\/\/brasilnoticias.org\/site\/em-itabuna-caca-leao-diz-que-o-sul-da-bahia-merece-voltar-a-crescer-economicamente\/#breadcrumb","itemListElement":[{"@type":"ListItem","position":1,"name":"In\u00edcio","item":"https:\/\/brasilnoticias.org\/site\/"},{"@type":"ListItem","position":2,"name":"EM ITABUNA, CAC\u00c1 LE\u00c3O DIZ QUE O SUL DA BAHIA MERECE VOLTAR A CRESCER ECONOMICAMENTE"}]},{"@type":"WebSite","@id":"https:\/\/brasilnoticias.org\/site\/#website","url":"https:\/\/brasilnoticias.org\/site\/","name":"Brasil not\u00edcias","description":"Brasil not\u00edcias","publisher":{"@id":"https:\/\/brasilnoticias.org\/site\/#organization"},"potentialAction":[{"@type":"SearchAction","target":{"@type":"EntryPoint","urlTemplate":"https:\/\/brasilnoticias.org\/site\/?s={search_term_string}"},"query-input":{"@type":"PropertyValueSpecification","valueRequired":true,"valueName":"search_term_string"}}],"inLanguage":"pt-PT"},{"@type":"Organization","@id":"https:\/\/brasilnoticias.org\/site\/#organization","name":"Brasil not\u00edcias","url":"https:\/\/brasilnoticias.org\/site\/","logo":{"@type":"ImageObject","inLanguage":"pt-PT","@id":"https:\/\/brasilnoticias.org\/site\/#\/schema\/logo\/image\/","url":"https:\/\/brasilnoticias.org\/site\/wp-content\/uploads\/2022\/05\/cropped-brasilnoticias-mini.jpg","contentUrl":"https:\/\/brasilnoticias.org\/site\/wp-content\/uploads\/2022\/05\/cropped-brasilnoticias-mini.jpg","width":314,"height":86,"caption":"Brasil not\u00edcias"},"image":{"@id":"https:\/\/brasilnoticias.org\/site\/#\/schema\/logo\/image\/"}},{"@type":"Person","@id":"https:\/\/brasilnoticias.org\/site\/#\/schema\/person\/f609fa847b5314f1c8b983342f34c798","name":"Reda\u00e7\u00e3o","image":{"@type":"ImageObject","inLanguage":"pt-PT","@id":"https:\/\/brasilnoticias.org\/site\/#\/schema\/person\/image\/","url":"https:\/\/secure.gravatar.com\/avatar\/447284c06c1ad8b46465a36de9cd0d8326b73387a22799b8b1ffb1fbcff2ed0c?s=96&d=mm&r=g","contentUrl":"https:\/\/secure.gravatar.com\/avatar\/447284c06c1ad8b46465a36de9cd0d8326b73387a22799b8b1ffb1fbcff2ed0c?s=96&d=mm&r=g","caption":"Reda\u00e7\u00e3o"},"url":"https:\/\/brasilnoticias.org\/site\/author\/redacao\/"}]}},"_links":{"self":[{"href":"https:\/\/brasilnoticias.org\/site\/wp-json\/wp\/v2\/posts\/262","targetHints":{"allow":["GET"]}}],"collection":[{"href":"https:\/\/brasilnoticias.org\/site\/wp-json\/wp\/v2\/posts"}],"about":[{"href":"https:\/\/brasilnoticias.org\/site\/wp-json\/wp\/v2\/types\/post"}],"author":[{"embeddable":true,"href":"https:\/\/brasilnoticias.org\/site\/wp-json\/wp\/v2\/users\/2"}],"replies":[{"embeddable":true,"href":"https:\/\/brasilnoticias.org\/site\/wp-json\/wp\/v2\/comments?post=262"}],"version-history":[{"count":1,"href":"https:\/\/brasilnoticias.org\/site\/wp-json\/wp\/v2\/posts\/262\/revisions"}],"predecessor-version":[{"id":264,"href":"https:\/\/brasilnoticias.org\/site\/wp-json\/wp\/v2\/posts\/262\/revisions\/264"}],"wp:featuredmedia":[{"embeddable":true,"href":"https:\/\/brasilnoticias.org\/site\/wp-json\/wp\/v2\/media\/263"}],"wp:attachment":[{"href":"https:\/\/brasilnoticias.org\/site\/wp-json\/wp\/v2\/media?parent=262"}],"wp:term":[{"taxonomy":"category","embeddable":true,"href":"https:\/\/brasilnoticias.org\/site\/wp-json\/wp\/v2\/categories?post=262"},{"taxonomy":"post_tag","embeddable":true,"href":"https:\/\/brasilnoticias.org\/site\/wp-json\/wp\/v2\/tags?post=262"}],"curies":[{"name":"wp","href":"https:\/\/api.w.org\/{rel}","templated":true}]}}