{"id":2623,"date":"2022-12-08T07:10:30","date_gmt":"2022-12-08T10:10:30","guid":{"rendered":"https:\/\/brasilnoticias.org\/site\/?p=2623"},"modified":"2022-12-07T15:55:08","modified_gmt":"2022-12-07T18:55:08","slug":"muro-desaba-e-mata-dois-homens-soterrados-em-osasco","status":"publish","type":"post","link":"https:\/\/brasilnoticias.org\/site\/muro-desaba-e-mata-dois-homens-soterrados-em-osasco\/","title":{"rendered":"Muro desaba e mata dois homens soterrados em Osasco"},"content":{"rendered":"<p>Dois homens morreram soterrados no in\u00edcio da madrugada desta quarta-feira (7) no bairro Padroeira, em Osasco, na regi\u00e3o metropolitana de S\u00e3o Paulo, ap\u00f3s o desabamento de um muro sobre uma casa.<\/p>\n<p>Oito viaturas do Corpo de Bombeiros foram para o local e as equipes retiraram as v\u00edtimas dos escombros. Houve tentativas de socorro, mas os dois homens n\u00e3o resistiram.<br \/>\nO muro que desabou e destruiu a casa separa uma comunidade nas proximidades do rodoanel M\u00e1rio Covas de um galp\u00e3o de ind\u00fastrias.<\/p>\n<p>Os bombeiros atenderam 84 chamados para quedas de \u00e1rvores, 57 para inunda\u00e7\u00f5es e alagamentos e 12 para desmoronamentos e desabamentos nesta ter\u00e7a-feira (6) em S\u00e3o Paulo.<\/p>\n<p>Na zona sul, uma \u00e1rvore de grande porte caiu e atingiu a fachada de um pr\u00e9dio no Real Parque.<\/p>\n<p>Na regi\u00e3o metropolitana, um menino de 12 anos morreu ap\u00f3s cair em uma caixa de drenagem pluvial em Franco da Rocha, na segunda-feira (5). Segundo a prefeitura, quatro crian\u00e7as brincavam na canaleta do equipamento em um terreno particular no bairro Jardim Alice.<\/p>\n<p>A cidade tem recebido alto volume de chuvas nos \u00faltimos dias. Segundo o CGE (Centro de Gerenciamento de Emerg\u00eancias), da Prefeitura de S\u00e3o Paulo, nesta quarta o tempo permanece inst\u00e1vel com chuva e per\u00edodos de melhoria.<\/p>\n<p>O solo encharcado mant\u00e9m elevado o potencial para deslizamentos de terra nas \u00e1reas de encosta. A partir do fim da tarde, os ventos passam a soprar do quadrante sul, diminuindo a temperatura e a condi\u00e7\u00e3o para chuvas significativas.<\/p>\n<p>Foto Shutterstock<br \/>\nNot\u00edcias ao minuto<\/p>\n","protected":false},"excerpt":{"rendered":"<p>Dois homens morreram soterrados no in\u00edcio da madrugada desta quarta-feira (7) no bairro Padroeira, em Osasco, na regi\u00e3o metropolitana de<\/p>\n","protected":false},"author":1,"featured_media":2624,"comment_status":"open","ping_status":"open","sticky":false,"template":"","format":"standard","meta":{"colormag_page_container_layout":"default_layout","colormag_page_sidebar_layout":"default_layout","_FSMCFIC_featured_image_caption":"","_FSMCFIC_featured_image_nocaption":"","_FSMCFIC_featured_image_hide":"","footnotes":""},"categories":[2,1],"tags":[],"class_list":["post-2623","post","type-post","status-publish","format-standard","has-post-thumbnail","hentry","category-noticias","category-ultimas"],"yoast_head":"<!-- This site is optimized with the Yoast SEO plugin v27.1.1 - https:\/\/yoast.com\/product\/yoast-seo-wordpress\/ -->\n<title>Muro desaba e mata dois homens soterrados em Osasco - Brasil not\u00edcias<\/title>\n<meta name=\"robots\" content=\"index, follow, max-snippet:-1, max-image-preview:large, max-video-preview:-1\" \/>\n<link rel=\"canonical\" href=\"https:\/\/brasilnoticias.org\/site\/muro-desaba-e-mata-dois-homens-soterrados-em-osasco\/\" \/>\n<meta property=\"og:locale\" content=\"pt_PT\" \/>\n<meta property=\"og:type\" content=\"article\" \/>\n<meta property=\"og:title\" content=\"Muro desaba e mata dois homens soterrados em Osasco - Brasil not\u00edcias\" \/>\n<meta property=\"og:description\" content=\"Dois homens morreram soterrados no in\u00edcio da madrugada desta quarta-feira (7) no bairro Padroeira, em Osasco, na regi\u00e3o metropolitana de\" \/>\n<meta property=\"og:url\" content=\"https:\/\/brasilnoticias.org\/site\/muro-desaba-e-mata-dois-homens-soterrados-em-osasco\/\" \/>\n<meta property=\"og:site_name\" content=\"Brasil not\u00edcias\" \/>\n<meta property=\"article:published_time\" content=\"2022-12-08T10:10:30+00:00\" \/>\n<meta property=\"og:image\" content=\"https:\/\/brasilnoticias.org\/site\/wp-content\/uploads\/2022\/12\/naom_6232f3f19f675.jpg\" \/>\n\t<meta property=\"og:image:width\" content=\"960\" \/>\n\t<meta property=\"og:image:height\" content=\"540\" \/>\n\t<meta property=\"og:image:type\" content=\"image\/jpeg\" \/>\n<meta name=\"author\" content=\"Reda\u00e7\u00e3o\" \/>\n<meta name=\"twitter:card\" content=\"summary_large_image\" \/>\n<meta name=\"twitter:label1\" content=\"Escrito por\" \/>\n\t<meta name=\"twitter:data1\" content=\"Reda\u00e7\u00e3o\" \/>\n\t<meta name=\"twitter:label2\" content=\"Tempo estimado de leitura\" \/>\n\t<meta name=\"twitter:data2\" content=\"1 minuto\" \/>\n<script type=\"application\/ld+json\" class=\"yoast-schema-graph\">{\"@context\":\"https:\/\/schema.org\",\"@graph\":[{\"@type\":\"Article\",\"@id\":\"https:\/\/brasilnoticias.org\/site\/muro-desaba-e-mata-dois-homens-soterrados-em-osasco\/#article\",\"isPartOf\":{\"@id\":\"https:\/\/brasilnoticias.org\/site\/muro-desaba-e-mata-dois-homens-soterrados-em-osasco\/\"},\"author\":{\"name\":\"Reda\u00e7\u00e3o\",\"@id\":\"https:\/\/brasilnoticias.org\/site\/#\/schema\/person\/a0e05b973ec4d15c658d51911e53507b\"},\"headline\":\"Muro desaba e mata dois homens soterrados em Osasco\",\"datePublished\":\"2022-12-08T10:10:30+00:00\",\"mainEntityOfPage\":{\"@id\":\"https:\/\/brasilnoticias.org\/site\/muro-desaba-e-mata-dois-homens-soterrados-em-osasco\/\"},\"wordCount\":272,\"commentCount\":0,\"publisher\":{\"@id\":\"https:\/\/brasilnoticias.org\/site\/#organization\"},\"image\":{\"@id\":\"https:\/\/brasilnoticias.org\/site\/muro-desaba-e-mata-dois-homens-soterrados-em-osasco\/#primaryimage\"},\"thumbnailUrl\":\"https:\/\/brasilnoticias.org\/site\/wp-content\/uploads\/2022\/12\/naom_6232f3f19f675.jpg\",\"articleSection\":[\"Not\u00edcias\",\"\u00daltimas\"],\"inLanguage\":\"pt-PT\",\"potentialAction\":[{\"@type\":\"CommentAction\",\"name\":\"Comment\",\"target\":[\"https:\/\/brasilnoticias.org\/site\/muro-desaba-e-mata-dois-homens-soterrados-em-osasco\/#respond\"]}]},{\"@type\":\"WebPage\",\"@id\":\"https:\/\/brasilnoticias.org\/site\/muro-desaba-e-mata-dois-homens-soterrados-em-osasco\/\",\"url\":\"https:\/\/brasilnoticias.org\/site\/muro-desaba-e-mata-dois-homens-soterrados-em-osasco\/\",\"name\":\"Muro desaba e mata dois homens soterrados em Osasco - Brasil not\u00edcias\",\"isPartOf\":{\"@id\":\"https:\/\/brasilnoticias.org\/site\/#website\"},\"primaryImageOfPage\":{\"@id\":\"https:\/\/brasilnoticias.org\/site\/muro-desaba-e-mata-dois-homens-soterrados-em-osasco\/#primaryimage\"},\"image\":{\"@id\":\"https:\/\/brasilnoticias.org\/site\/muro-desaba-e-mata-dois-homens-soterrados-em-osasco\/#primaryimage\"},\"thumbnailUrl\":\"https:\/\/brasilnoticias.org\/site\/wp-content\/uploads\/2022\/12\/naom_6232f3f19f675.jpg\",\"datePublished\":\"2022-12-08T10:10:30+00:00\",\"breadcrumb\":{\"@id\":\"https:\/\/brasilnoticias.org\/site\/muro-desaba-e-mata-dois-homens-soterrados-em-osasco\/#breadcrumb\"},\"inLanguage\":\"pt-PT\",\"potentialAction\":[{\"@type\":\"ReadAction\",\"target\":[\"https:\/\/brasilnoticias.org\/site\/muro-desaba-e-mata-dois-homens-soterrados-em-osasco\/\"]}]},{\"@type\":\"ImageObject\",\"inLanguage\":\"pt-PT\",\"@id\":\"https:\/\/brasilnoticias.org\/site\/muro-desaba-e-mata-dois-homens-soterrados-em-osasco\/#primaryimage\",\"url\":\"https:\/\/brasilnoticias.org\/site\/wp-content\/uploads\/2022\/12\/naom_6232f3f19f675.jpg\",\"contentUrl\":\"https:\/\/brasilnoticias.org\/site\/wp-content\/uploads\/2022\/12\/naom_6232f3f19f675.jpg\",\"width\":960,\"height\":540},{\"@type\":\"BreadcrumbList\",\"@id\":\"https:\/\/brasilnoticias.org\/site\/muro-desaba-e-mata-dois-homens-soterrados-em-osasco\/#breadcrumb\",\"itemListElement\":[{\"@type\":\"ListItem\",\"position\":1,\"name\":\"In\u00edcio\",\"item\":\"https:\/\/brasilnoticias.org\/site\/\"},{\"@type\":\"ListItem\",\"position\":2,\"name\":\"Muro desaba e mata dois homens soterrados em Osasco\"}]},{\"@type\":\"WebSite\",\"@id\":\"https:\/\/brasilnoticias.org\/site\/#website\",\"url\":\"https:\/\/brasilnoticias.org\/site\/\",\"name\":\"Brasil not\u00edcias\",\"description\":\"Brasil not\u00edcias\",\"publisher\":{\"@id\":\"https:\/\/brasilnoticias.org\/site\/#organization\"},\"potentialAction\":[{\"@type\":\"SearchAction\",\"target\":{\"@type\":\"EntryPoint\",\"urlTemplate\":\"https:\/\/brasilnoticias.org\/site\/?s={search_term_string}\"},\"query-input\":{\"@type\":\"PropertyValueSpecification\",\"valueRequired\":true,\"valueName\":\"search_term_string\"}}],\"inLanguage\":\"pt-PT\"},{\"@type\":\"Organization\",\"@id\":\"https:\/\/brasilnoticias.org\/site\/#organization\",\"name\":\"Brasil not\u00edcias\",\"url\":\"https:\/\/brasilnoticias.org\/site\/\",\"logo\":{\"@type\":\"ImageObject\",\"inLanguage\":\"pt-PT\",\"@id\":\"https:\/\/brasilnoticias.org\/site\/#\/schema\/logo\/image\/\",\"url\":\"https:\/\/brasilnoticias.org\/site\/wp-content\/uploads\/2022\/05\/cropped-brasilnoticias-mini.jpg\",\"contentUrl\":\"https:\/\/brasilnoticias.org\/site\/wp-content\/uploads\/2022\/05\/cropped-brasilnoticias-mini.jpg\",\"width\":314,\"height\":86,\"caption\":\"Brasil not\u00edcias\"},\"image\":{\"@id\":\"https:\/\/brasilnoticias.org\/site\/#\/schema\/logo\/image\/\"}},{\"@type\":\"Person\",\"@id\":\"https:\/\/brasilnoticias.org\/site\/#\/schema\/person\/a0e05b973ec4d15c658d51911e53507b\",\"name\":\"Reda\u00e7\u00e3o\",\"image\":{\"@type\":\"ImageObject\",\"inLanguage\":\"pt-PT\",\"@id\":\"https:\/\/brasilnoticias.org\/site\/#\/schema\/person\/image\/\",\"url\":\"https:\/\/secure.gravatar.com\/avatar\/75d8b050df2de108b08ae78dfb8e374892df24a383c67db9c46a9c604f6aee9c?s=96&d=mm&r=g\",\"contentUrl\":\"https:\/\/secure.gravatar.com\/avatar\/75d8b050df2de108b08ae78dfb8e374892df24a383c67db9c46a9c604f6aee9c?s=96&d=mm&r=g\",\"caption\":\"Reda\u00e7\u00e3o\"},\"sameAs\":[\"https:\/\/brasilnoticias.org\/site\"],\"url\":\"https:\/\/brasilnoticias.org\/site\/author\/fernandozsngmail-com\/\"}]}<\/script>\n<!-- \/ Yoast SEO plugin. -->","yoast_head_json":{"title":"Muro desaba e mata dois homens soterrados em Osasco - Brasil not\u00edcias","robots":{"index":"index","follow":"follow","max-snippet":"max-snippet:-1","max-image-preview":"max-image-preview:large","max-video-preview":"max-video-preview:-1"},"canonical":"https:\/\/brasilnoticias.org\/site\/muro-desaba-e-mata-dois-homens-soterrados-em-osasco\/","og_locale":"pt_PT","og_type":"article","og_title":"Muro desaba e mata dois homens soterrados em Osasco - Brasil not\u00edcias","og_description":"Dois homens morreram soterrados no in\u00edcio da madrugada desta quarta-feira (7) no bairro Padroeira, em Osasco, na regi\u00e3o metropolitana de","og_url":"https:\/\/brasilnoticias.org\/site\/muro-desaba-e-mata-dois-homens-soterrados-em-osasco\/","og_site_name":"Brasil not\u00edcias","article_published_time":"2022-12-08T10:10:30+00:00","og_image":[{"width":960,"height":540,"url":"https:\/\/brasilnoticias.org\/site\/wp-content\/uploads\/2022\/12\/naom_6232f3f19f675.jpg","type":"image\/jpeg"}],"author":"Reda\u00e7\u00e3o","twitter_card":"summary_large_image","twitter_misc":{"Escrito por":"Reda\u00e7\u00e3o","Tempo estimado de leitura":"1 minuto"},"schema":{"@context":"https:\/\/schema.org","@graph":[{"@type":"Article","@id":"https:\/\/brasilnoticias.org\/site\/muro-desaba-e-mata-dois-homens-soterrados-em-osasco\/#article","isPartOf":{"@id":"https:\/\/brasilnoticias.org\/site\/muro-desaba-e-mata-dois-homens-soterrados-em-osasco\/"},"author":{"name":"Reda\u00e7\u00e3o","@id":"https:\/\/brasilnoticias.org\/site\/#\/schema\/person\/a0e05b973ec4d15c658d51911e53507b"},"headline":"Muro desaba e mata dois homens soterrados em Osasco","datePublished":"2022-12-08T10:10:30+00:00","mainEntityOfPage":{"@id":"https:\/\/brasilnoticias.org\/site\/muro-desaba-e-mata-dois-homens-soterrados-em-osasco\/"},"wordCount":272,"commentCount":0,"publisher":{"@id":"https:\/\/brasilnoticias.org\/site\/#organization"},"image":{"@id":"https:\/\/brasilnoticias.org\/site\/muro-desaba-e-mata-dois-homens-soterrados-em-osasco\/#primaryimage"},"thumbnailUrl":"https:\/\/brasilnoticias.org\/site\/wp-content\/uploads\/2022\/12\/naom_6232f3f19f675.jpg","articleSection":["Not\u00edcias","\u00daltimas"],"inLanguage":"pt-PT","potentialAction":[{"@type":"CommentAction","name":"Comment","target":["https:\/\/brasilnoticias.org\/site\/muro-desaba-e-mata-dois-homens-soterrados-em-osasco\/#respond"]}]},{"@type":"WebPage","@id":"https:\/\/brasilnoticias.org\/site\/muro-desaba-e-mata-dois-homens-soterrados-em-osasco\/","url":"https:\/\/brasilnoticias.org\/site\/muro-desaba-e-mata-dois-homens-soterrados-em-osasco\/","name":"Muro desaba e mata dois homens soterrados em Osasco - Brasil not\u00edcias","isPartOf":{"@id":"https:\/\/brasilnoticias.org\/site\/#website"},"primaryImageOfPage":{"@id":"https:\/\/brasilnoticias.org\/site\/muro-desaba-e-mata-dois-homens-soterrados-em-osasco\/#primaryimage"},"image":{"@id":"https:\/\/brasilnoticias.org\/site\/muro-desaba-e-mata-dois-homens-soterrados-em-osasco\/#primaryimage"},"thumbnailUrl":"https:\/\/brasilnoticias.org\/site\/wp-content\/uploads\/2022\/12\/naom_6232f3f19f675.jpg","datePublished":"2022-12-08T10:10:30+00:00","breadcrumb":{"@id":"https:\/\/brasilnoticias.org\/site\/muro-desaba-e-mata-dois-homens-soterrados-em-osasco\/#breadcrumb"},"inLanguage":"pt-PT","potentialAction":[{"@type":"ReadAction","target":["https:\/\/brasilnoticias.org\/site\/muro-desaba-e-mata-dois-homens-soterrados-em-osasco\/"]}]},{"@type":"ImageObject","inLanguage":"pt-PT","@id":"https:\/\/brasilnoticias.org\/site\/muro-desaba-e-mata-dois-homens-soterrados-em-osasco\/#primaryimage","url":"https:\/\/brasilnoticias.org\/site\/wp-content\/uploads\/2022\/12\/naom_6232f3f19f675.jpg","contentUrl":"https:\/\/brasilnoticias.org\/site\/wp-content\/uploads\/2022\/12\/naom_6232f3f19f675.jpg","width":960,"height":540},{"@type":"BreadcrumbList","@id":"https:\/\/brasilnoticias.org\/site\/muro-desaba-e-mata-dois-homens-soterrados-em-osasco\/#breadcrumb","itemListElement":[{"@type":"ListItem","position":1,"name":"In\u00edcio","item":"https:\/\/brasilnoticias.org\/site\/"},{"@type":"ListItem","position":2,"name":"Muro desaba e mata dois homens soterrados em Osasco"}]},{"@type":"WebSite","@id":"https:\/\/brasilnoticias.org\/site\/#website","url":"https:\/\/brasilnoticias.org\/site\/","name":"Brasil not\u00edcias","description":"Brasil not\u00edcias","publisher":{"@id":"https:\/\/brasilnoticias.org\/site\/#organization"},"potentialAction":[{"@type":"SearchAction","target":{"@type":"EntryPoint","urlTemplate":"https:\/\/brasilnoticias.org\/site\/?s={search_term_string}"},"query-input":{"@type":"PropertyValueSpecification","valueRequired":true,"valueName":"search_term_string"}}],"inLanguage":"pt-PT"},{"@type":"Organization","@id":"https:\/\/brasilnoticias.org\/site\/#organization","name":"Brasil not\u00edcias","url":"https:\/\/brasilnoticias.org\/site\/","logo":{"@type":"ImageObject","inLanguage":"pt-PT","@id":"https:\/\/brasilnoticias.org\/site\/#\/schema\/logo\/image\/","url":"https:\/\/brasilnoticias.org\/site\/wp-content\/uploads\/2022\/05\/cropped-brasilnoticias-mini.jpg","contentUrl":"https:\/\/brasilnoticias.org\/site\/wp-content\/uploads\/2022\/05\/cropped-brasilnoticias-mini.jpg","width":314,"height":86,"caption":"Brasil not\u00edcias"},"image":{"@id":"https:\/\/brasilnoticias.org\/site\/#\/schema\/logo\/image\/"}},{"@type":"Person","@id":"https:\/\/brasilnoticias.org\/site\/#\/schema\/person\/a0e05b973ec4d15c658d51911e53507b","name":"Reda\u00e7\u00e3o","image":{"@type":"ImageObject","inLanguage":"pt-PT","@id":"https:\/\/brasilnoticias.org\/site\/#\/schema\/person\/image\/","url":"https:\/\/secure.gravatar.com\/avatar\/75d8b050df2de108b08ae78dfb8e374892df24a383c67db9c46a9c604f6aee9c?s=96&d=mm&r=g","contentUrl":"https:\/\/secure.gravatar.com\/avatar\/75d8b050df2de108b08ae78dfb8e374892df24a383c67db9c46a9c604f6aee9c?s=96&d=mm&r=g","caption":"Reda\u00e7\u00e3o"},"sameAs":["https:\/\/brasilnoticias.org\/site"],"url":"https:\/\/brasilnoticias.org\/site\/author\/fernandozsngmail-com\/"}]}},"_links":{"self":[{"href":"https:\/\/brasilnoticias.org\/site\/wp-json\/wp\/v2\/posts\/2623","targetHints":{"allow":["GET"]}}],"collection":[{"href":"https:\/\/brasilnoticias.org\/site\/wp-json\/wp\/v2\/posts"}],"about":[{"href":"https:\/\/brasilnoticias.org\/site\/wp-json\/wp\/v2\/types\/post"}],"author":[{"embeddable":true,"href":"https:\/\/brasilnoticias.org\/site\/wp-json\/wp\/v2\/users\/1"}],"replies":[{"embeddable":true,"href":"https:\/\/brasilnoticias.org\/site\/wp-json\/wp\/v2\/comments?post=2623"}],"version-history":[{"count":1,"href":"https:\/\/brasilnoticias.org\/site\/wp-json\/wp\/v2\/posts\/2623\/revisions"}],"predecessor-version":[{"id":2625,"href":"https:\/\/brasilnoticias.org\/site\/wp-json\/wp\/v2\/posts\/2623\/revisions\/2625"}],"wp:featuredmedia":[{"embeddable":true,"href":"https:\/\/brasilnoticias.org\/site\/wp-json\/wp\/v2\/media\/2624"}],"wp:attachment":[{"href":"https:\/\/brasilnoticias.org\/site\/wp-json\/wp\/v2\/media?parent=2623"}],"wp:term":[{"taxonomy":"category","embeddable":true,"href":"https:\/\/brasilnoticias.org\/site\/wp-json\/wp\/v2\/categories?post=2623"},{"taxonomy":"post_tag","embeddable":true,"href":"https:\/\/brasilnoticias.org\/site\/wp-json\/wp\/v2\/tags?post=2623"}],"curies":[{"name":"wp","href":"https:\/\/api.w.org\/{rel}","templated":true}]}}