{"id":2629,"date":"2022-12-08T07:30:06","date_gmt":"2022-12-08T10:30:06","guid":{"rendered":"https:\/\/brasilnoticias.org\/site\/?p=2629"},"modified":"2022-12-07T16:15:20","modified_gmt":"2022-12-07T19:15:20","slug":"russia-nao-enlouqueceu-para-usar-arma-nuclear-de-forma-imprudente-diz-putin","status":"publish","type":"post","link":"https:\/\/brasilnoticias.org\/site\/russia-nao-enlouqueceu-para-usar-arma-nuclear-de-forma-imprudente-diz-putin\/","title":{"rendered":"R\u00fassia n\u00e3o enlouqueceu para usar arma nuclear de forma imprudente, diz Putin"},"content":{"rendered":"<p> O presidente da R\u00fassia, Vladimir Putin, disse nesta quarta-feira (7) que seu pa\u00eds &#8220;n\u00e3o enlouqueceu&#8221; e que n\u00e3o amea\u00e7aria usar armas nucleares de forma imprudente.<\/p>\n<p> &#8220;Temos esses meios em uma forma mais avan\u00e7ada e moderna do que qualquer outro pa\u00eds nuclear, isso \u00e9 um fato \u00f3bvio. Mas n\u00e3o vamos correr pelo mundo brandindo essa arma como uma navalha&#8221;, disse ele.<\/p>\n<p>Ecoando a mesma ret\u00f3rica desde a invas\u00e3o da Ucr\u00e2nia, o l\u00edder russo ainda afirmou que Moscou n\u00e3o teve escolha a n\u00e3o ser intervir militarmente no pa\u00eds vizinho. Segundo ele, a guerra se iniciou ainda 2014, quando o ent\u00e3o presidente ucraniano e aliado ao Kremlin, Viktor Ianukovich, fugiu do pa\u00eds em meio a uma revolta pr\u00f3-Ocidente.<\/p>\n<p>A declara\u00e7\u00e3o foi feita em uma sess\u00e3o de seu Conselho de Direitos Humanos. No evento, ele reclamou que as organiza\u00e7\u00f5es ocidentais de direitos humanos viam a R\u00fassia como &#8220;um pa\u00eds de segunda classe que n\u00e3o tem o direito de existir&#8221;. Curiosamente, nesta quarta, a ONU divulgou um relat\u00f3rio atribuindo aos russos centenas de mortes de civis na guerra.<\/p>\n<p>&#8220;S\u00f3 pode haver uma resposta de nossa parte: uma luta consistente por nossos interesses nacionais&#8221;, disse Putin. &#8220;Faremos isso de v\u00e1rias maneiras e meios. Em primeiro lugar, \u00e9 claro, vamos nos concentrar em meios pac\u00edficos, mas se nada mais restar, nos defenderemos com todos os meios \u00e0 nossa disposi\u00e7\u00e3o&#8221;, acrescentou.<\/p>\n<p>Ainda nesta quarta, Putin reconheceu que a guerra pode se estender por um longo tempo, mas descartou que esteja preparando uma nova mobiliza\u00e7\u00e3o de reservistas -a \u00faltima, de 300 mil homens, foi conclu\u00edda em outubro.<\/p>\n<p>O presidente russo disse que desse total, 150 mil foram alocados na Ucr\u00e2nia, sendo que 77 mil est\u00e3o em unidades de combate, e o restante desempenha fun\u00e7\u00f5es defensivas.<\/p>\n<p>Relat\u00f3rio da ONU Tropas russas mataram ao menos 441 civis nos primeiros dias da invas\u00e3o da Ucr\u00e2nia, informou o escrit\u00f3rio de Direitos Humanos da ONU nesta quarta. Para chegar \u00e0 conta, o \u00f3rg\u00e3o documentou ataques e execu\u00e7\u00f5es at\u00e9 abril em dezenas de cidades.<\/p>\n<p>&#8220;H\u00e1 fortes ind\u00edcios de que as execu\u00e7\u00f5es sum\u00e1rias documentadas no relat\u00f3rio constituem crime de guerra de homic\u00eddio doloso&#8221;, disse o alto comiss\u00e1rio da ONU para os Direitos Humanos, Volker T\u00fcrk, em um comunicado. Ao todo, foram contabilizados ataques e mortes em 102 cidades e vilarejos.<\/p>\n<p>Entre os civis mortos, est\u00e3o 341 homens, 72 mulheres, 20 meninos e 8 meninas. Segundo o \u00f3rg\u00e3o, o n\u00famero real de civis mortos, por\u00e9m, deve ser muito maior, principalmente nas regi\u00f5es de Kiev, Tchernihiv e Sumy -cen\u00e1rios de alguns dos piores confrontos no in\u00edcio da guerra. No final de outubro, o \u00f3rg\u00e3o ainda tentava corroborar outros 198 supostos assassinatos de civis nas tr\u00eas regi\u00f5es.<\/p>\n<p>Em uma conta paralela, as Na\u00e7\u00f5es Unidas dizem ter registrado 6.702 mortes de civis desde o in\u00edcio da invas\u00e3o, sendo que a maioria delas teria sido causadas por tropas russas. Os minist\u00e9rios das Rela\u00e7\u00f5es Exteriores e da Defesa da R\u00fassia n\u00e3o responderam aos pedidos de coment\u00e1rios da ag\u00eancia de not\u00edcias Reuters.<\/p>\n<p>Moscou nega que seus ataques tenham civis como alvo. Na semana passada, por outro lado, Putin, disse que seu pa\u00eds n\u00e3o cessaria os ataques \u00e0 infraestrutura civil da Ucr\u00e2nia, em especial \u00e0 rede de energia, alegando que tais a\u00e7\u00f5es s\u00e3o uma resposta \u00e0 explos\u00e3o da ponte que liga a R\u00fassia continental \u00e0 Crimeia.<\/p>\n<p>A ONU, por sua vez, anunciou que est\u00e1 apurando se os ataques \u00e0 infraestrutura civil n\u00e3o representam crimes de guerra. A falta de energia em v\u00e1rias regi\u00f5es do pa\u00eds, por exemplo, tende a deixar o inverno mais rigoroso e, consequentemente, aumentar o n\u00famero de mortos na guerra.<\/p>\n<p>O escopo do relat\u00f3rio divulgado nesta quarta se limitou \u00e0s \u00e1reas controladas pela R\u00fassia durante os primeiros dias de combate, inclusive em Butcha, onde centenas de corpos foram encontrados ap\u00f3s tropas russas abandonarem a cidade. A ONU j\u00e1 documentou 73 mortes no munic\u00edpio e analisa outros 105 casos -segundo a organiza\u00e7\u00e3o, muitos dos corpos apresentavam sinais de que as v\u00edtimas poderiam ter sido mortas intencionalmente.<\/p>\n<p>Um dos objetivos do relat\u00f3rio \u00e9 documentar as v\u00edtimas e os poss\u00edveis respons\u00e1veis pelas mortes. De cem casos analisados detalhadamente pela ONU, 57 foram classificados como execu\u00e7\u00f5es sum\u00e1rias, das quais 30 foram de pessoas detidas. Em outros 43 epis\u00f3dios, civis foram mortos enquanto se moviam entre assentamentos a p\u00e9, de bicicleta, de carro ou de van.<\/p>\n<p>&#8220;A maioria das v\u00edtimas foi alvejada enquanto se deslocava para o trabalho, entregando comida a outras pessoas, visitando vizinhos ou parentes ou tentando fugir das hostilidades&#8221;, afirmou T\u00fcrk.<\/p>\n<p>Foto Getty<br \/>\nNot\u00edcias a minuto<\/p>\n","protected":false},"excerpt":{"rendered":"<p>O presidente da R\u00fassia, Vladimir Putin, disse nesta quarta-feira (7) que seu pa\u00eds &#8220;n\u00e3o enlouqueceu&#8221; e que n\u00e3o amea\u00e7aria usar<\/p>\n","protected":false},"author":1,"featured_media":2630,"comment_status":"open","ping_status":"open","sticky":false,"template":"","format":"standard","meta":{"colormag_page_container_layout":"default_layout","colormag_page_sidebar_layout":"default_layout","_FSMCFIC_featured_image_caption":"","_FSMCFIC_featured_image_nocaption":"","_FSMCFIC_featured_image_hide":"","footnotes":""},"categories":[6,1],"tags":[],"class_list":["post-2629","post","type-post","status-publish","format-standard","has-post-thumbnail","hentry","category-mundo","category-ultimas"],"yoast_head":"<!-- This site is optimized with the Yoast SEO plugin v27.1.1 - https:\/\/yoast.com\/product\/yoast-seo-wordpress\/ -->\n<title>R\u00fassia n\u00e3o enlouqueceu para usar arma nuclear de forma imprudente, diz Putin - Brasil not\u00edcias<\/title>\n<meta name=\"robots\" content=\"index, follow, max-snippet:-1, max-image-preview:large, max-video-preview:-1\" \/>\n<link rel=\"canonical\" href=\"https:\/\/brasilnoticias.org\/site\/russia-nao-enlouqueceu-para-usar-arma-nuclear-de-forma-imprudente-diz-putin\/\" \/>\n<meta property=\"og:locale\" content=\"pt_PT\" \/>\n<meta property=\"og:type\" content=\"article\" \/>\n<meta property=\"og:title\" content=\"R\u00fassia n\u00e3o enlouqueceu para usar arma nuclear de forma imprudente, diz Putin - Brasil not\u00edcias\" \/>\n<meta property=\"og:description\" content=\"O presidente da R\u00fassia, Vladimir Putin, disse nesta quarta-feira (7) que seu pa\u00eds &#8220;n\u00e3o enlouqueceu&#8221; e que n\u00e3o amea\u00e7aria usar\" \/>\n<meta property=\"og:url\" content=\"https:\/\/brasilnoticias.org\/site\/russia-nao-enlouqueceu-para-usar-arma-nuclear-de-forma-imprudente-diz-putin\/\" \/>\n<meta property=\"og:site_name\" content=\"Brasil not\u00edcias\" \/>\n<meta property=\"article:published_time\" content=\"2022-12-08T10:30:06+00:00\" \/>\n<meta property=\"og:image\" content=\"https:\/\/brasilnoticias.org\/site\/wp-content\/uploads\/2022\/12\/naom_63594e73473e7.jpg\" \/>\n\t<meta property=\"og:image:width\" content=\"960\" \/>\n\t<meta property=\"og:image:height\" content=\"540\" \/>\n\t<meta property=\"og:image:type\" content=\"image\/jpeg\" \/>\n<meta name=\"author\" content=\"Reda\u00e7\u00e3o\" \/>\n<meta name=\"twitter:card\" content=\"summary_large_image\" \/>\n<meta name=\"twitter:label1\" content=\"Escrito por\" \/>\n\t<meta name=\"twitter:data1\" content=\"Reda\u00e7\u00e3o\" \/>\n\t<meta name=\"twitter:label2\" content=\"Tempo estimado de leitura\" \/>\n\t<meta name=\"twitter:data2\" content=\"4 minutos\" \/>\n<script type=\"application\/ld+json\" class=\"yoast-schema-graph\">{\"@context\":\"https:\/\/schema.org\",\"@graph\":[{\"@type\":\"Article\",\"@id\":\"https:\/\/brasilnoticias.org\/site\/russia-nao-enlouqueceu-para-usar-arma-nuclear-de-forma-imprudente-diz-putin\/#article\",\"isPartOf\":{\"@id\":\"https:\/\/brasilnoticias.org\/site\/russia-nao-enlouqueceu-para-usar-arma-nuclear-de-forma-imprudente-diz-putin\/\"},\"author\":{\"name\":\"Reda\u00e7\u00e3o\",\"@id\":\"https:\/\/brasilnoticias.org\/site\/#\/schema\/person\/a0e05b973ec4d15c658d51911e53507b\"},\"headline\":\"R\u00fassia n\u00e3o enlouqueceu para usar arma nuclear de forma imprudente, diz Putin\",\"datePublished\":\"2022-12-08T10:30:06+00:00\",\"mainEntityOfPage\":{\"@id\":\"https:\/\/brasilnoticias.org\/site\/russia-nao-enlouqueceu-para-usar-arma-nuclear-de-forma-imprudente-diz-putin\/\"},\"wordCount\":823,\"commentCount\":0,\"publisher\":{\"@id\":\"https:\/\/brasilnoticias.org\/site\/#organization\"},\"image\":{\"@id\":\"https:\/\/brasilnoticias.org\/site\/russia-nao-enlouqueceu-para-usar-arma-nuclear-de-forma-imprudente-diz-putin\/#primaryimage\"},\"thumbnailUrl\":\"https:\/\/brasilnoticias.org\/site\/wp-content\/uploads\/2022\/12\/naom_63594e73473e7.jpg\",\"articleSection\":[\"Mundo\",\"\u00daltimas\"],\"inLanguage\":\"pt-PT\",\"potentialAction\":[{\"@type\":\"CommentAction\",\"name\":\"Comment\",\"target\":[\"https:\/\/brasilnoticias.org\/site\/russia-nao-enlouqueceu-para-usar-arma-nuclear-de-forma-imprudente-diz-putin\/#respond\"]}]},{\"@type\":\"WebPage\",\"@id\":\"https:\/\/brasilnoticias.org\/site\/russia-nao-enlouqueceu-para-usar-arma-nuclear-de-forma-imprudente-diz-putin\/\",\"url\":\"https:\/\/brasilnoticias.org\/site\/russia-nao-enlouqueceu-para-usar-arma-nuclear-de-forma-imprudente-diz-putin\/\",\"name\":\"R\u00fassia n\u00e3o enlouqueceu para usar arma nuclear de forma imprudente, diz Putin - Brasil not\u00edcias\",\"isPartOf\":{\"@id\":\"https:\/\/brasilnoticias.org\/site\/#website\"},\"primaryImageOfPage\":{\"@id\":\"https:\/\/brasilnoticias.org\/site\/russia-nao-enlouqueceu-para-usar-arma-nuclear-de-forma-imprudente-diz-putin\/#primaryimage\"},\"image\":{\"@id\":\"https:\/\/brasilnoticias.org\/site\/russia-nao-enlouqueceu-para-usar-arma-nuclear-de-forma-imprudente-diz-putin\/#primaryimage\"},\"thumbnailUrl\":\"https:\/\/brasilnoticias.org\/site\/wp-content\/uploads\/2022\/12\/naom_63594e73473e7.jpg\",\"datePublished\":\"2022-12-08T10:30:06+00:00\",\"breadcrumb\":{\"@id\":\"https:\/\/brasilnoticias.org\/site\/russia-nao-enlouqueceu-para-usar-arma-nuclear-de-forma-imprudente-diz-putin\/#breadcrumb\"},\"inLanguage\":\"pt-PT\",\"potentialAction\":[{\"@type\":\"ReadAction\",\"target\":[\"https:\/\/brasilnoticias.org\/site\/russia-nao-enlouqueceu-para-usar-arma-nuclear-de-forma-imprudente-diz-putin\/\"]}]},{\"@type\":\"ImageObject\",\"inLanguage\":\"pt-PT\",\"@id\":\"https:\/\/brasilnoticias.org\/site\/russia-nao-enlouqueceu-para-usar-arma-nuclear-de-forma-imprudente-diz-putin\/#primaryimage\",\"url\":\"https:\/\/brasilnoticias.org\/site\/wp-content\/uploads\/2022\/12\/naom_63594e73473e7.jpg\",\"contentUrl\":\"https:\/\/brasilnoticias.org\/site\/wp-content\/uploads\/2022\/12\/naom_63594e73473e7.jpg\",\"width\":960,\"height\":540},{\"@type\":\"BreadcrumbList\",\"@id\":\"https:\/\/brasilnoticias.org\/site\/russia-nao-enlouqueceu-para-usar-arma-nuclear-de-forma-imprudente-diz-putin\/#breadcrumb\",\"itemListElement\":[{\"@type\":\"ListItem\",\"position\":1,\"name\":\"In\u00edcio\",\"item\":\"https:\/\/brasilnoticias.org\/site\/\"},{\"@type\":\"ListItem\",\"position\":2,\"name\":\"R\u00fassia n\u00e3o enlouqueceu para usar arma nuclear de forma imprudente, diz Putin\"}]},{\"@type\":\"WebSite\",\"@id\":\"https:\/\/brasilnoticias.org\/site\/#website\",\"url\":\"https:\/\/brasilnoticias.org\/site\/\",\"name\":\"Brasil not\u00edcias\",\"description\":\"Brasil not\u00edcias\",\"publisher\":{\"@id\":\"https:\/\/brasilnoticias.org\/site\/#organization\"},\"potentialAction\":[{\"@type\":\"SearchAction\",\"target\":{\"@type\":\"EntryPoint\",\"urlTemplate\":\"https:\/\/brasilnoticias.org\/site\/?s={search_term_string}\"},\"query-input\":{\"@type\":\"PropertyValueSpecification\",\"valueRequired\":true,\"valueName\":\"search_term_string\"}}],\"inLanguage\":\"pt-PT\"},{\"@type\":\"Organization\",\"@id\":\"https:\/\/brasilnoticias.org\/site\/#organization\",\"name\":\"Brasil not\u00edcias\",\"url\":\"https:\/\/brasilnoticias.org\/site\/\",\"logo\":{\"@type\":\"ImageObject\",\"inLanguage\":\"pt-PT\",\"@id\":\"https:\/\/brasilnoticias.org\/site\/#\/schema\/logo\/image\/\",\"url\":\"https:\/\/brasilnoticias.org\/site\/wp-content\/uploads\/2022\/05\/cropped-brasilnoticias-mini.jpg\",\"contentUrl\":\"https:\/\/brasilnoticias.org\/site\/wp-content\/uploads\/2022\/05\/cropped-brasilnoticias-mini.jpg\",\"width\":314,\"height\":86,\"caption\":\"Brasil not\u00edcias\"},\"image\":{\"@id\":\"https:\/\/brasilnoticias.org\/site\/#\/schema\/logo\/image\/\"}},{\"@type\":\"Person\",\"@id\":\"https:\/\/brasilnoticias.org\/site\/#\/schema\/person\/a0e05b973ec4d15c658d51911e53507b\",\"name\":\"Reda\u00e7\u00e3o\",\"image\":{\"@type\":\"ImageObject\",\"inLanguage\":\"pt-PT\",\"@id\":\"https:\/\/brasilnoticias.org\/site\/#\/schema\/person\/image\/\",\"url\":\"https:\/\/secure.gravatar.com\/avatar\/75d8b050df2de108b08ae78dfb8e374892df24a383c67db9c46a9c604f6aee9c?s=96&d=mm&r=g\",\"contentUrl\":\"https:\/\/secure.gravatar.com\/avatar\/75d8b050df2de108b08ae78dfb8e374892df24a383c67db9c46a9c604f6aee9c?s=96&d=mm&r=g\",\"caption\":\"Reda\u00e7\u00e3o\"},\"sameAs\":[\"https:\/\/brasilnoticias.org\/site\"],\"url\":\"https:\/\/brasilnoticias.org\/site\/author\/fernandozsngmail-com\/\"}]}<\/script>\n<!-- \/ Yoast SEO plugin. -->","yoast_head_json":{"title":"R\u00fassia n\u00e3o enlouqueceu para usar arma nuclear de forma imprudente, diz Putin - Brasil not\u00edcias","robots":{"index":"index","follow":"follow","max-snippet":"max-snippet:-1","max-image-preview":"max-image-preview:large","max-video-preview":"max-video-preview:-1"},"canonical":"https:\/\/brasilnoticias.org\/site\/russia-nao-enlouqueceu-para-usar-arma-nuclear-de-forma-imprudente-diz-putin\/","og_locale":"pt_PT","og_type":"article","og_title":"R\u00fassia n\u00e3o enlouqueceu para usar arma nuclear de forma imprudente, diz Putin - Brasil not\u00edcias","og_description":"O presidente da R\u00fassia, Vladimir Putin, disse nesta quarta-feira (7) que seu pa\u00eds &#8220;n\u00e3o enlouqueceu&#8221; e que n\u00e3o amea\u00e7aria usar","og_url":"https:\/\/brasilnoticias.org\/site\/russia-nao-enlouqueceu-para-usar-arma-nuclear-de-forma-imprudente-diz-putin\/","og_site_name":"Brasil not\u00edcias","article_published_time":"2022-12-08T10:30:06+00:00","og_image":[{"width":960,"height":540,"url":"https:\/\/brasilnoticias.org\/site\/wp-content\/uploads\/2022\/12\/naom_63594e73473e7.jpg","type":"image\/jpeg"}],"author":"Reda\u00e7\u00e3o","twitter_card":"summary_large_image","twitter_misc":{"Escrito por":"Reda\u00e7\u00e3o","Tempo estimado de leitura":"4 minutos"},"schema":{"@context":"https:\/\/schema.org","@graph":[{"@type":"Article","@id":"https:\/\/brasilnoticias.org\/site\/russia-nao-enlouqueceu-para-usar-arma-nuclear-de-forma-imprudente-diz-putin\/#article","isPartOf":{"@id":"https:\/\/brasilnoticias.org\/site\/russia-nao-enlouqueceu-para-usar-arma-nuclear-de-forma-imprudente-diz-putin\/"},"author":{"name":"Reda\u00e7\u00e3o","@id":"https:\/\/brasilnoticias.org\/site\/#\/schema\/person\/a0e05b973ec4d15c658d51911e53507b"},"headline":"R\u00fassia n\u00e3o enlouqueceu para usar arma nuclear de forma imprudente, diz Putin","datePublished":"2022-12-08T10:30:06+00:00","mainEntityOfPage":{"@id":"https:\/\/brasilnoticias.org\/site\/russia-nao-enlouqueceu-para-usar-arma-nuclear-de-forma-imprudente-diz-putin\/"},"wordCount":823,"commentCount":0,"publisher":{"@id":"https:\/\/brasilnoticias.org\/site\/#organization"},"image":{"@id":"https:\/\/brasilnoticias.org\/site\/russia-nao-enlouqueceu-para-usar-arma-nuclear-de-forma-imprudente-diz-putin\/#primaryimage"},"thumbnailUrl":"https:\/\/brasilnoticias.org\/site\/wp-content\/uploads\/2022\/12\/naom_63594e73473e7.jpg","articleSection":["Mundo","\u00daltimas"],"inLanguage":"pt-PT","potentialAction":[{"@type":"CommentAction","name":"Comment","target":["https:\/\/brasilnoticias.org\/site\/russia-nao-enlouqueceu-para-usar-arma-nuclear-de-forma-imprudente-diz-putin\/#respond"]}]},{"@type":"WebPage","@id":"https:\/\/brasilnoticias.org\/site\/russia-nao-enlouqueceu-para-usar-arma-nuclear-de-forma-imprudente-diz-putin\/","url":"https:\/\/brasilnoticias.org\/site\/russia-nao-enlouqueceu-para-usar-arma-nuclear-de-forma-imprudente-diz-putin\/","name":"R\u00fassia n\u00e3o enlouqueceu para usar arma nuclear de forma imprudente, diz Putin - Brasil not\u00edcias","isPartOf":{"@id":"https:\/\/brasilnoticias.org\/site\/#website"},"primaryImageOfPage":{"@id":"https:\/\/brasilnoticias.org\/site\/russia-nao-enlouqueceu-para-usar-arma-nuclear-de-forma-imprudente-diz-putin\/#primaryimage"},"image":{"@id":"https:\/\/brasilnoticias.org\/site\/russia-nao-enlouqueceu-para-usar-arma-nuclear-de-forma-imprudente-diz-putin\/#primaryimage"},"thumbnailUrl":"https:\/\/brasilnoticias.org\/site\/wp-content\/uploads\/2022\/12\/naom_63594e73473e7.jpg","datePublished":"2022-12-08T10:30:06+00:00","breadcrumb":{"@id":"https:\/\/brasilnoticias.org\/site\/russia-nao-enlouqueceu-para-usar-arma-nuclear-de-forma-imprudente-diz-putin\/#breadcrumb"},"inLanguage":"pt-PT","potentialAction":[{"@type":"ReadAction","target":["https:\/\/brasilnoticias.org\/site\/russia-nao-enlouqueceu-para-usar-arma-nuclear-de-forma-imprudente-diz-putin\/"]}]},{"@type":"ImageObject","inLanguage":"pt-PT","@id":"https:\/\/brasilnoticias.org\/site\/russia-nao-enlouqueceu-para-usar-arma-nuclear-de-forma-imprudente-diz-putin\/#primaryimage","url":"https:\/\/brasilnoticias.org\/site\/wp-content\/uploads\/2022\/12\/naom_63594e73473e7.jpg","contentUrl":"https:\/\/brasilnoticias.org\/site\/wp-content\/uploads\/2022\/12\/naom_63594e73473e7.jpg","width":960,"height":540},{"@type":"BreadcrumbList","@id":"https:\/\/brasilnoticias.org\/site\/russia-nao-enlouqueceu-para-usar-arma-nuclear-de-forma-imprudente-diz-putin\/#breadcrumb","itemListElement":[{"@type":"ListItem","position":1,"name":"In\u00edcio","item":"https:\/\/brasilnoticias.org\/site\/"},{"@type":"ListItem","position":2,"name":"R\u00fassia n\u00e3o enlouqueceu para usar arma nuclear de forma imprudente, diz Putin"}]},{"@type":"WebSite","@id":"https:\/\/brasilnoticias.org\/site\/#website","url":"https:\/\/brasilnoticias.org\/site\/","name":"Brasil not\u00edcias","description":"Brasil not\u00edcias","publisher":{"@id":"https:\/\/brasilnoticias.org\/site\/#organization"},"potentialAction":[{"@type":"SearchAction","target":{"@type":"EntryPoint","urlTemplate":"https:\/\/brasilnoticias.org\/site\/?s={search_term_string}"},"query-input":{"@type":"PropertyValueSpecification","valueRequired":true,"valueName":"search_term_string"}}],"inLanguage":"pt-PT"},{"@type":"Organization","@id":"https:\/\/brasilnoticias.org\/site\/#organization","name":"Brasil not\u00edcias","url":"https:\/\/brasilnoticias.org\/site\/","logo":{"@type":"ImageObject","inLanguage":"pt-PT","@id":"https:\/\/brasilnoticias.org\/site\/#\/schema\/logo\/image\/","url":"https:\/\/brasilnoticias.org\/site\/wp-content\/uploads\/2022\/05\/cropped-brasilnoticias-mini.jpg","contentUrl":"https:\/\/brasilnoticias.org\/site\/wp-content\/uploads\/2022\/05\/cropped-brasilnoticias-mini.jpg","width":314,"height":86,"caption":"Brasil not\u00edcias"},"image":{"@id":"https:\/\/brasilnoticias.org\/site\/#\/schema\/logo\/image\/"}},{"@type":"Person","@id":"https:\/\/brasilnoticias.org\/site\/#\/schema\/person\/a0e05b973ec4d15c658d51911e53507b","name":"Reda\u00e7\u00e3o","image":{"@type":"ImageObject","inLanguage":"pt-PT","@id":"https:\/\/brasilnoticias.org\/site\/#\/schema\/person\/image\/","url":"https:\/\/secure.gravatar.com\/avatar\/75d8b050df2de108b08ae78dfb8e374892df24a383c67db9c46a9c604f6aee9c?s=96&d=mm&r=g","contentUrl":"https:\/\/secure.gravatar.com\/avatar\/75d8b050df2de108b08ae78dfb8e374892df24a383c67db9c46a9c604f6aee9c?s=96&d=mm&r=g","caption":"Reda\u00e7\u00e3o"},"sameAs":["https:\/\/brasilnoticias.org\/site"],"url":"https:\/\/brasilnoticias.org\/site\/author\/fernandozsngmail-com\/"}]}},"_links":{"self":[{"href":"https:\/\/brasilnoticias.org\/site\/wp-json\/wp\/v2\/posts\/2629","targetHints":{"allow":["GET"]}}],"collection":[{"href":"https:\/\/brasilnoticias.org\/site\/wp-json\/wp\/v2\/posts"}],"about":[{"href":"https:\/\/brasilnoticias.org\/site\/wp-json\/wp\/v2\/types\/post"}],"author":[{"embeddable":true,"href":"https:\/\/brasilnoticias.org\/site\/wp-json\/wp\/v2\/users\/1"}],"replies":[{"embeddable":true,"href":"https:\/\/brasilnoticias.org\/site\/wp-json\/wp\/v2\/comments?post=2629"}],"version-history":[{"count":1,"href":"https:\/\/brasilnoticias.org\/site\/wp-json\/wp\/v2\/posts\/2629\/revisions"}],"predecessor-version":[{"id":2631,"href":"https:\/\/brasilnoticias.org\/site\/wp-json\/wp\/v2\/posts\/2629\/revisions\/2631"}],"wp:featuredmedia":[{"embeddable":true,"href":"https:\/\/brasilnoticias.org\/site\/wp-json\/wp\/v2\/media\/2630"}],"wp:attachment":[{"href":"https:\/\/brasilnoticias.org\/site\/wp-json\/wp\/v2\/media?parent=2629"}],"wp:term":[{"taxonomy":"category","embeddable":true,"href":"https:\/\/brasilnoticias.org\/site\/wp-json\/wp\/v2\/categories?post=2629"},{"taxonomy":"post_tag","embeddable":true,"href":"https:\/\/brasilnoticias.org\/site\/wp-json\/wp\/v2\/tags?post=2629"}],"curies":[{"name":"wp","href":"https:\/\/api.w.org\/{rel}","templated":true}]}}