{"id":2635,"date":"2022-12-08T18:10:43","date_gmt":"2022-12-08T21:10:43","guid":{"rendered":"https:\/\/brasilnoticias.org\/site\/?p=2635"},"modified":"2022-12-08T17:33:12","modified_gmt":"2022-12-08T20:33:12","slug":"cantora-baiana-margareth-menezes-e-cotada-para-ministerio-da-cultura-no-governo-lula-diz-blog","status":"publish","type":"post","link":"https:\/\/brasilnoticias.org\/site\/cantora-baiana-margareth-menezes-e-cotada-para-ministerio-da-cultura-no-governo-lula-diz-blog\/","title":{"rendered":"Cantora baiana Margareth Menezes \u00e9 cotada para Minist\u00e9rio da Cultura no governo Lula, diz blog"},"content":{"rendered":"<p>A cantora baiana Margareth Menezes, 60 anos, \u00e9 cotada para assumir o Minist\u00e9rio da Cultura no pr\u00f3ximo governo Lula (PT), de acordo com informa\u00e7\u00f5es do blog da Andreia Sadi, no G1. A cantora deve participar do show da posse do presidente eleito, ao lado de outros artistas como Paulinho da Viola, pastor Kleber Lucas e Leonardo Gon\u00e7alves.<\/p>\n<p>Janja, mulher de Lula, seria uma das principais defensoras do nome para a pasta. Al\u00e9m de Margareth, foram cogitados os nomes dos atores L\u00e1zaro Ramos e Marieta Severo e do rapper Emicida.<\/p>\n<p>Margareth Menezes tem mais de 10 \u00e1lbuns lan\u00e7ados, v\u00e1rias indica\u00e7\u00f5es ao Grammy e fez mais de 20 turn\u00eas internacionais. A cantora tamb\u00e9m fundou a Associa\u00e7\u00e3o F\u00e1brica Cultural, de combate ao trabalho infantil, explora\u00e7\u00e3o sexual e outras viola\u00e7\u00f5es de direitos.<\/p>\n<p>Foto: Max Haack\/Agecom<br \/>\nPor: Metro1<\/p>\n","protected":false},"excerpt":{"rendered":"<p>A cantora baiana Margareth Menezes, 60 anos, \u00e9 cotada para assumir o Minist\u00e9rio da Cultura no pr\u00f3ximo governo Lula (PT),<\/p>\n","protected":false},"author":1,"featured_media":2636,"comment_status":"open","ping_status":"open","sticky":false,"template":"","format":"standard","meta":{"colormag_page_container_layout":"default_layout","colormag_page_sidebar_layout":"default_layout","_FSMCFIC_featured_image_caption":"","_FSMCFIC_featured_image_nocaption":"","_FSMCFIC_featured_image_hide":"","footnotes":""},"categories":[5,1],"tags":[],"class_list":["post-2635","post","type-post","status-publish","format-standard","has-post-thumbnail","hentry","category-politica","category-ultimas"],"yoast_head":"<!-- This site is optimized with the Yoast SEO plugin v27.1.1 - https:\/\/yoast.com\/product\/yoast-seo-wordpress\/ -->\n<title>Cantora baiana Margareth Menezes \u00e9 cotada para Minist\u00e9rio da Cultura no governo Lula, diz blog - Brasil not\u00edcias<\/title>\n<meta name=\"robots\" content=\"index, follow, max-snippet:-1, max-image-preview:large, max-video-preview:-1\" \/>\n<link rel=\"canonical\" href=\"https:\/\/brasilnoticias.org\/site\/cantora-baiana-margareth-menezes-e-cotada-para-ministerio-da-cultura-no-governo-lula-diz-blog\/\" \/>\n<meta property=\"og:locale\" content=\"pt_PT\" \/>\n<meta property=\"og:type\" content=\"article\" \/>\n<meta property=\"og:title\" content=\"Cantora baiana Margareth Menezes \u00e9 cotada para Minist\u00e9rio da Cultura no governo Lula, diz blog - Brasil not\u00edcias\" \/>\n<meta property=\"og:description\" content=\"A cantora baiana Margareth Menezes, 60 anos, \u00e9 cotada para assumir o Minist\u00e9rio da Cultura no pr\u00f3ximo governo Lula (PT),\" \/>\n<meta property=\"og:url\" content=\"https:\/\/brasilnoticias.org\/site\/cantora-baiana-margareth-menezes-e-cotada-para-ministerio-da-cultura-no-governo-lula-diz-blog\/\" \/>\n<meta property=\"og:site_name\" content=\"Brasil not\u00edcias\" \/>\n<meta property=\"article:published_time\" content=\"2022-12-08T21:10:43+00:00\" \/>\n<meta property=\"og:image\" content=\"https:\/\/brasilnoticias.org\/site\/wp-content\/uploads\/2022\/12\/131127cantora-baiana-margareth-menezes-e-cotada-para-ministerio-da-cultura-no-governo-lula-diz-blog-3.jpg\" \/>\n\t<meta property=\"og:image:width\" content=\"1600\" \/>\n\t<meta property=\"og:image:height\" content=\"752\" \/>\n\t<meta property=\"og:image:type\" content=\"image\/jpeg\" \/>\n<meta name=\"author\" content=\"Reda\u00e7\u00e3o\" \/>\n<meta name=\"twitter:card\" content=\"summary_large_image\" \/>\n<meta name=\"twitter:label1\" content=\"Escrito por\" \/>\n\t<meta name=\"twitter:data1\" content=\"Reda\u00e7\u00e3o\" \/>\n\t<meta name=\"twitter:label2\" content=\"Tempo estimado de leitura\" \/>\n\t<meta name=\"twitter:data2\" content=\"1 minuto\" \/>\n<script type=\"application\/ld+json\" class=\"yoast-schema-graph\">{\"@context\":\"https:\/\/schema.org\",\"@graph\":[{\"@type\":\"Article\",\"@id\":\"https:\/\/brasilnoticias.org\/site\/cantora-baiana-margareth-menezes-e-cotada-para-ministerio-da-cultura-no-governo-lula-diz-blog\/#article\",\"isPartOf\":{\"@id\":\"https:\/\/brasilnoticias.org\/site\/cantora-baiana-margareth-menezes-e-cotada-para-ministerio-da-cultura-no-governo-lula-diz-blog\/\"},\"author\":{\"name\":\"Reda\u00e7\u00e3o\",\"@id\":\"https:\/\/brasilnoticias.org\/site\/#\/schema\/person\/a0e05b973ec4d15c658d51911e53507b\"},\"headline\":\"Cantora baiana Margareth Menezes \u00e9 cotada para Minist\u00e9rio da Cultura no governo Lula, diz blog\",\"datePublished\":\"2022-12-08T21:10:43+00:00\",\"mainEntityOfPage\":{\"@id\":\"https:\/\/brasilnoticias.org\/site\/cantora-baiana-margareth-menezes-e-cotada-para-ministerio-da-cultura-no-governo-lula-diz-blog\/\"},\"wordCount\":160,\"commentCount\":0,\"publisher\":{\"@id\":\"https:\/\/brasilnoticias.org\/site\/#organization\"},\"image\":{\"@id\":\"https:\/\/brasilnoticias.org\/site\/cantora-baiana-margareth-menezes-e-cotada-para-ministerio-da-cultura-no-governo-lula-diz-blog\/#primaryimage\"},\"thumbnailUrl\":\"https:\/\/brasilnoticias.org\/site\/wp-content\/uploads\/2022\/12\/131127cantora-baiana-margareth-menezes-e-cotada-para-ministerio-da-cultura-no-governo-lula-diz-blog-3.jpg\",\"articleSection\":[\"Pol\u00edtica\",\"\u00daltimas\"],\"inLanguage\":\"pt-PT\",\"potentialAction\":[{\"@type\":\"CommentAction\",\"name\":\"Comment\",\"target\":[\"https:\/\/brasilnoticias.org\/site\/cantora-baiana-margareth-menezes-e-cotada-para-ministerio-da-cultura-no-governo-lula-diz-blog\/#respond\"]}]},{\"@type\":\"WebPage\",\"@id\":\"https:\/\/brasilnoticias.org\/site\/cantora-baiana-margareth-menezes-e-cotada-para-ministerio-da-cultura-no-governo-lula-diz-blog\/\",\"url\":\"https:\/\/brasilnoticias.org\/site\/cantora-baiana-margareth-menezes-e-cotada-para-ministerio-da-cultura-no-governo-lula-diz-blog\/\",\"name\":\"Cantora baiana Margareth Menezes \u00e9 cotada para Minist\u00e9rio da Cultura no governo Lula, diz blog - Brasil not\u00edcias\",\"isPartOf\":{\"@id\":\"https:\/\/brasilnoticias.org\/site\/#website\"},\"primaryImageOfPage\":{\"@id\":\"https:\/\/brasilnoticias.org\/site\/cantora-baiana-margareth-menezes-e-cotada-para-ministerio-da-cultura-no-governo-lula-diz-blog\/#primaryimage\"},\"image\":{\"@id\":\"https:\/\/brasilnoticias.org\/site\/cantora-baiana-margareth-menezes-e-cotada-para-ministerio-da-cultura-no-governo-lula-diz-blog\/#primaryimage\"},\"thumbnailUrl\":\"https:\/\/brasilnoticias.org\/site\/wp-content\/uploads\/2022\/12\/131127cantora-baiana-margareth-menezes-e-cotada-para-ministerio-da-cultura-no-governo-lula-diz-blog-3.jpg\",\"datePublished\":\"2022-12-08T21:10:43+00:00\",\"breadcrumb\":{\"@id\":\"https:\/\/brasilnoticias.org\/site\/cantora-baiana-margareth-menezes-e-cotada-para-ministerio-da-cultura-no-governo-lula-diz-blog\/#breadcrumb\"},\"inLanguage\":\"pt-PT\",\"potentialAction\":[{\"@type\":\"ReadAction\",\"target\":[\"https:\/\/brasilnoticias.org\/site\/cantora-baiana-margareth-menezes-e-cotada-para-ministerio-da-cultura-no-governo-lula-diz-blog\/\"]}]},{\"@type\":\"ImageObject\",\"inLanguage\":\"pt-PT\",\"@id\":\"https:\/\/brasilnoticias.org\/site\/cantora-baiana-margareth-menezes-e-cotada-para-ministerio-da-cultura-no-governo-lula-diz-blog\/#primaryimage\",\"url\":\"https:\/\/brasilnoticias.org\/site\/wp-content\/uploads\/2022\/12\/131127cantora-baiana-margareth-menezes-e-cotada-para-ministerio-da-cultura-no-governo-lula-diz-blog-3.jpg\",\"contentUrl\":\"https:\/\/brasilnoticias.org\/site\/wp-content\/uploads\/2022\/12\/131127cantora-baiana-margareth-menezes-e-cotada-para-ministerio-da-cultura-no-governo-lula-diz-blog-3.jpg\",\"width\":1600,\"height\":752},{\"@type\":\"BreadcrumbList\",\"@id\":\"https:\/\/brasilnoticias.org\/site\/cantora-baiana-margareth-menezes-e-cotada-para-ministerio-da-cultura-no-governo-lula-diz-blog\/#breadcrumb\",\"itemListElement\":[{\"@type\":\"ListItem\",\"position\":1,\"name\":\"In\u00edcio\",\"item\":\"https:\/\/brasilnoticias.org\/site\/\"},{\"@type\":\"ListItem\",\"position\":2,\"name\":\"Cantora baiana Margareth Menezes \u00e9 cotada para Minist\u00e9rio da Cultura no governo Lula, diz blog\"}]},{\"@type\":\"WebSite\",\"@id\":\"https:\/\/brasilnoticias.org\/site\/#website\",\"url\":\"https:\/\/brasilnoticias.org\/site\/\",\"name\":\"Brasil not\u00edcias\",\"description\":\"Brasil not\u00edcias\",\"publisher\":{\"@id\":\"https:\/\/brasilnoticias.org\/site\/#organization\"},\"potentialAction\":[{\"@type\":\"SearchAction\",\"target\":{\"@type\":\"EntryPoint\",\"urlTemplate\":\"https:\/\/brasilnoticias.org\/site\/?s={search_term_string}\"},\"query-input\":{\"@type\":\"PropertyValueSpecification\",\"valueRequired\":true,\"valueName\":\"search_term_string\"}}],\"inLanguage\":\"pt-PT\"},{\"@type\":\"Organization\",\"@id\":\"https:\/\/brasilnoticias.org\/site\/#organization\",\"name\":\"Brasil not\u00edcias\",\"url\":\"https:\/\/brasilnoticias.org\/site\/\",\"logo\":{\"@type\":\"ImageObject\",\"inLanguage\":\"pt-PT\",\"@id\":\"https:\/\/brasilnoticias.org\/site\/#\/schema\/logo\/image\/\",\"url\":\"https:\/\/brasilnoticias.org\/site\/wp-content\/uploads\/2022\/05\/cropped-brasilnoticias-mini.jpg\",\"contentUrl\":\"https:\/\/brasilnoticias.org\/site\/wp-content\/uploads\/2022\/05\/cropped-brasilnoticias-mini.jpg\",\"width\":314,\"height\":86,\"caption\":\"Brasil not\u00edcias\"},\"image\":{\"@id\":\"https:\/\/brasilnoticias.org\/site\/#\/schema\/logo\/image\/\"}},{\"@type\":\"Person\",\"@id\":\"https:\/\/brasilnoticias.org\/site\/#\/schema\/person\/a0e05b973ec4d15c658d51911e53507b\",\"name\":\"Reda\u00e7\u00e3o\",\"image\":{\"@type\":\"ImageObject\",\"inLanguage\":\"pt-PT\",\"@id\":\"https:\/\/brasilnoticias.org\/site\/#\/schema\/person\/image\/\",\"url\":\"https:\/\/secure.gravatar.com\/avatar\/75d8b050df2de108b08ae78dfb8e374892df24a383c67db9c46a9c604f6aee9c?s=96&d=mm&r=g\",\"contentUrl\":\"https:\/\/secure.gravatar.com\/avatar\/75d8b050df2de108b08ae78dfb8e374892df24a383c67db9c46a9c604f6aee9c?s=96&d=mm&r=g\",\"caption\":\"Reda\u00e7\u00e3o\"},\"sameAs\":[\"https:\/\/brasilnoticias.org\/site\"],\"url\":\"https:\/\/brasilnoticias.org\/site\/author\/fernandozsngmail-com\/\"}]}<\/script>\n<!-- \/ Yoast SEO plugin. -->","yoast_head_json":{"title":"Cantora baiana Margareth Menezes \u00e9 cotada para Minist\u00e9rio da Cultura no governo Lula, diz blog - Brasil not\u00edcias","robots":{"index":"index","follow":"follow","max-snippet":"max-snippet:-1","max-image-preview":"max-image-preview:large","max-video-preview":"max-video-preview:-1"},"canonical":"https:\/\/brasilnoticias.org\/site\/cantora-baiana-margareth-menezes-e-cotada-para-ministerio-da-cultura-no-governo-lula-diz-blog\/","og_locale":"pt_PT","og_type":"article","og_title":"Cantora baiana Margareth Menezes \u00e9 cotada para Minist\u00e9rio da Cultura no governo Lula, diz blog - Brasil not\u00edcias","og_description":"A cantora baiana Margareth Menezes, 60 anos, \u00e9 cotada para assumir o Minist\u00e9rio da Cultura no pr\u00f3ximo governo Lula (PT),","og_url":"https:\/\/brasilnoticias.org\/site\/cantora-baiana-margareth-menezes-e-cotada-para-ministerio-da-cultura-no-governo-lula-diz-blog\/","og_site_name":"Brasil not\u00edcias","article_published_time":"2022-12-08T21:10:43+00:00","og_image":[{"width":1600,"height":752,"url":"https:\/\/brasilnoticias.org\/site\/wp-content\/uploads\/2022\/12\/131127cantora-baiana-margareth-menezes-e-cotada-para-ministerio-da-cultura-no-governo-lula-diz-blog-3.jpg","type":"image\/jpeg"}],"author":"Reda\u00e7\u00e3o","twitter_card":"summary_large_image","twitter_misc":{"Escrito por":"Reda\u00e7\u00e3o","Tempo estimado de leitura":"1 minuto"},"schema":{"@context":"https:\/\/schema.org","@graph":[{"@type":"Article","@id":"https:\/\/brasilnoticias.org\/site\/cantora-baiana-margareth-menezes-e-cotada-para-ministerio-da-cultura-no-governo-lula-diz-blog\/#article","isPartOf":{"@id":"https:\/\/brasilnoticias.org\/site\/cantora-baiana-margareth-menezes-e-cotada-para-ministerio-da-cultura-no-governo-lula-diz-blog\/"},"author":{"name":"Reda\u00e7\u00e3o","@id":"https:\/\/brasilnoticias.org\/site\/#\/schema\/person\/a0e05b973ec4d15c658d51911e53507b"},"headline":"Cantora baiana Margareth Menezes \u00e9 cotada para Minist\u00e9rio da Cultura no governo Lula, diz blog","datePublished":"2022-12-08T21:10:43+00:00","mainEntityOfPage":{"@id":"https:\/\/brasilnoticias.org\/site\/cantora-baiana-margareth-menezes-e-cotada-para-ministerio-da-cultura-no-governo-lula-diz-blog\/"},"wordCount":160,"commentCount":0,"publisher":{"@id":"https:\/\/brasilnoticias.org\/site\/#organization"},"image":{"@id":"https:\/\/brasilnoticias.org\/site\/cantora-baiana-margareth-menezes-e-cotada-para-ministerio-da-cultura-no-governo-lula-diz-blog\/#primaryimage"},"thumbnailUrl":"https:\/\/brasilnoticias.org\/site\/wp-content\/uploads\/2022\/12\/131127cantora-baiana-margareth-menezes-e-cotada-para-ministerio-da-cultura-no-governo-lula-diz-blog-3.jpg","articleSection":["Pol\u00edtica","\u00daltimas"],"inLanguage":"pt-PT","potentialAction":[{"@type":"CommentAction","name":"Comment","target":["https:\/\/brasilnoticias.org\/site\/cantora-baiana-margareth-menezes-e-cotada-para-ministerio-da-cultura-no-governo-lula-diz-blog\/#respond"]}]},{"@type":"WebPage","@id":"https:\/\/brasilnoticias.org\/site\/cantora-baiana-margareth-menezes-e-cotada-para-ministerio-da-cultura-no-governo-lula-diz-blog\/","url":"https:\/\/brasilnoticias.org\/site\/cantora-baiana-margareth-menezes-e-cotada-para-ministerio-da-cultura-no-governo-lula-diz-blog\/","name":"Cantora baiana Margareth Menezes \u00e9 cotada para Minist\u00e9rio da Cultura no governo Lula, diz blog - Brasil not\u00edcias","isPartOf":{"@id":"https:\/\/brasilnoticias.org\/site\/#website"},"primaryImageOfPage":{"@id":"https:\/\/brasilnoticias.org\/site\/cantora-baiana-margareth-menezes-e-cotada-para-ministerio-da-cultura-no-governo-lula-diz-blog\/#primaryimage"},"image":{"@id":"https:\/\/brasilnoticias.org\/site\/cantora-baiana-margareth-menezes-e-cotada-para-ministerio-da-cultura-no-governo-lula-diz-blog\/#primaryimage"},"thumbnailUrl":"https:\/\/brasilnoticias.org\/site\/wp-content\/uploads\/2022\/12\/131127cantora-baiana-margareth-menezes-e-cotada-para-ministerio-da-cultura-no-governo-lula-diz-blog-3.jpg","datePublished":"2022-12-08T21:10:43+00:00","breadcrumb":{"@id":"https:\/\/brasilnoticias.org\/site\/cantora-baiana-margareth-menezes-e-cotada-para-ministerio-da-cultura-no-governo-lula-diz-blog\/#breadcrumb"},"inLanguage":"pt-PT","potentialAction":[{"@type":"ReadAction","target":["https:\/\/brasilnoticias.org\/site\/cantora-baiana-margareth-menezes-e-cotada-para-ministerio-da-cultura-no-governo-lula-diz-blog\/"]}]},{"@type":"ImageObject","inLanguage":"pt-PT","@id":"https:\/\/brasilnoticias.org\/site\/cantora-baiana-margareth-menezes-e-cotada-para-ministerio-da-cultura-no-governo-lula-diz-blog\/#primaryimage","url":"https:\/\/brasilnoticias.org\/site\/wp-content\/uploads\/2022\/12\/131127cantora-baiana-margareth-menezes-e-cotada-para-ministerio-da-cultura-no-governo-lula-diz-blog-3.jpg","contentUrl":"https:\/\/brasilnoticias.org\/site\/wp-content\/uploads\/2022\/12\/131127cantora-baiana-margareth-menezes-e-cotada-para-ministerio-da-cultura-no-governo-lula-diz-blog-3.jpg","width":1600,"height":752},{"@type":"BreadcrumbList","@id":"https:\/\/brasilnoticias.org\/site\/cantora-baiana-margareth-menezes-e-cotada-para-ministerio-da-cultura-no-governo-lula-diz-blog\/#breadcrumb","itemListElement":[{"@type":"ListItem","position":1,"name":"In\u00edcio","item":"https:\/\/brasilnoticias.org\/site\/"},{"@type":"ListItem","position":2,"name":"Cantora baiana Margareth Menezes \u00e9 cotada para Minist\u00e9rio da Cultura no governo Lula, diz blog"}]},{"@type":"WebSite","@id":"https:\/\/brasilnoticias.org\/site\/#website","url":"https:\/\/brasilnoticias.org\/site\/","name":"Brasil not\u00edcias","description":"Brasil not\u00edcias","publisher":{"@id":"https:\/\/brasilnoticias.org\/site\/#organization"},"potentialAction":[{"@type":"SearchAction","target":{"@type":"EntryPoint","urlTemplate":"https:\/\/brasilnoticias.org\/site\/?s={search_term_string}"},"query-input":{"@type":"PropertyValueSpecification","valueRequired":true,"valueName":"search_term_string"}}],"inLanguage":"pt-PT"},{"@type":"Organization","@id":"https:\/\/brasilnoticias.org\/site\/#organization","name":"Brasil not\u00edcias","url":"https:\/\/brasilnoticias.org\/site\/","logo":{"@type":"ImageObject","inLanguage":"pt-PT","@id":"https:\/\/brasilnoticias.org\/site\/#\/schema\/logo\/image\/","url":"https:\/\/brasilnoticias.org\/site\/wp-content\/uploads\/2022\/05\/cropped-brasilnoticias-mini.jpg","contentUrl":"https:\/\/brasilnoticias.org\/site\/wp-content\/uploads\/2022\/05\/cropped-brasilnoticias-mini.jpg","width":314,"height":86,"caption":"Brasil not\u00edcias"},"image":{"@id":"https:\/\/brasilnoticias.org\/site\/#\/schema\/logo\/image\/"}},{"@type":"Person","@id":"https:\/\/brasilnoticias.org\/site\/#\/schema\/person\/a0e05b973ec4d15c658d51911e53507b","name":"Reda\u00e7\u00e3o","image":{"@type":"ImageObject","inLanguage":"pt-PT","@id":"https:\/\/brasilnoticias.org\/site\/#\/schema\/person\/image\/","url":"https:\/\/secure.gravatar.com\/avatar\/75d8b050df2de108b08ae78dfb8e374892df24a383c67db9c46a9c604f6aee9c?s=96&d=mm&r=g","contentUrl":"https:\/\/secure.gravatar.com\/avatar\/75d8b050df2de108b08ae78dfb8e374892df24a383c67db9c46a9c604f6aee9c?s=96&d=mm&r=g","caption":"Reda\u00e7\u00e3o"},"sameAs":["https:\/\/brasilnoticias.org\/site"],"url":"https:\/\/brasilnoticias.org\/site\/author\/fernandozsngmail-com\/"}]}},"_links":{"self":[{"href":"https:\/\/brasilnoticias.org\/site\/wp-json\/wp\/v2\/posts\/2635","targetHints":{"allow":["GET"]}}],"collection":[{"href":"https:\/\/brasilnoticias.org\/site\/wp-json\/wp\/v2\/posts"}],"about":[{"href":"https:\/\/brasilnoticias.org\/site\/wp-json\/wp\/v2\/types\/post"}],"author":[{"embeddable":true,"href":"https:\/\/brasilnoticias.org\/site\/wp-json\/wp\/v2\/users\/1"}],"replies":[{"embeddable":true,"href":"https:\/\/brasilnoticias.org\/site\/wp-json\/wp\/v2\/comments?post=2635"}],"version-history":[{"count":1,"href":"https:\/\/brasilnoticias.org\/site\/wp-json\/wp\/v2\/posts\/2635\/revisions"}],"predecessor-version":[{"id":2637,"href":"https:\/\/brasilnoticias.org\/site\/wp-json\/wp\/v2\/posts\/2635\/revisions\/2637"}],"wp:featuredmedia":[{"embeddable":true,"href":"https:\/\/brasilnoticias.org\/site\/wp-json\/wp\/v2\/media\/2636"}],"wp:attachment":[{"href":"https:\/\/brasilnoticias.org\/site\/wp-json\/wp\/v2\/media?parent=2635"}],"wp:term":[{"taxonomy":"category","embeddable":true,"href":"https:\/\/brasilnoticias.org\/site\/wp-json\/wp\/v2\/categories?post=2635"},{"taxonomy":"post_tag","embeddable":true,"href":"https:\/\/brasilnoticias.org\/site\/wp-json\/wp\/v2\/tags?post=2635"}],"curies":[{"name":"wp","href":"https:\/\/api.w.org\/{rel}","templated":true}]}}