{"id":2638,"date":"2022-12-08T18:20:53","date_gmt":"2022-12-08T21:20:53","guid":{"rendered":"https:\/\/brasilnoticias.org\/site\/?p=2638"},"modified":"2022-12-08T17:35:21","modified_gmt":"2022-12-08T20:35:21","slug":"lula-deve-anunciar-rui-costa-como-ministro-da-casa-civil-nesta-sexta-feira","status":"publish","type":"post","link":"https:\/\/brasilnoticias.org\/site\/lula-deve-anunciar-rui-costa-como-ministro-da-casa-civil-nesta-sexta-feira\/","title":{"rendered":"Lula deve anunciar Rui Costa como ministro da Casa Civil nesta sexta-feira"},"content":{"rendered":"<p>O presidente eleito Luiz In\u00e1cio Lula da Silva (PT) deve confirmar, nesta sexta-feira (9), o governador da Bahia, Rui Costa (PT), como ministro da Casa Civil. A informa\u00e7\u00e3o foi confirmada por aliados de Lula ao jornal Folha de S. Paulo.<\/p>\n<p>Al\u00e9m de Rui, Lula deve confirmar os nomes de  Fl\u00e1vio Dino na Justi\u00e7a, Jos\u00e9 M\u00facio, na Defesa, e Fernando Haddad na Fazenda. Haver\u00e1 uma avalia\u00e7\u00e3o ainda que pode incluir outros nomes no pacote, mas os quatro est\u00e3o certos.<\/p>\n<p>&#8220;O presidente deve come\u00e7ar amanh\u00e3 (sexta) a divulgar (nomes). Ele acabou de me chamar para o final da tarde (desta quinta) para conversar, est\u00e1 querendo pelo menos amanh\u00e3 anunciar alguns nomes de ministros&#8221;, disse a presidente nacional do PT, Gleisi Hoffmann (PR).<\/p>\n<p>Como noticiou o Metro1 nesta quarta-feira (7), a nomea\u00e7\u00e3o de Rui Costa para a Casa Civil j\u00e1 \u00e9 dada como certa por aliados em Bras\u00edlia. Rui ser\u00e1 o primeiro baiano a ocupar o posto, pelo menos, desde a redemocratiza\u00e7\u00e3o.<\/p>\n<p>Foto: Ricardo Stuckert\/Divulga\u00e7\u00e3o<br \/>\nPor: Metro1<\/p>\n","protected":false},"excerpt":{"rendered":"<p>O presidente eleito Luiz In\u00e1cio Lula da Silva (PT) deve confirmar, nesta sexta-feira (9), o governador da Bahia, Rui Costa<\/p>\n","protected":false},"author":1,"featured_media":2639,"comment_status":"open","ping_status":"open","sticky":false,"template":"","format":"standard","meta":{"colormag_page_container_layout":"default_layout","colormag_page_sidebar_layout":"default_layout","_FSMCFIC_featured_image_caption":"","_FSMCFIC_featured_image_nocaption":"","_FSMCFIC_featured_image_hide":"","footnotes":""},"categories":[5,1],"tags":[],"class_list":["post-2638","post","type-post","status-publish","format-standard","has-post-thumbnail","hentry","category-politica","category-ultimas"],"yoast_head":"<!-- This site is optimized with the Yoast SEO plugin v27.1.1 - https:\/\/yoast.com\/product\/yoast-seo-wordpress\/ -->\n<title>Lula deve anunciar Rui Costa como ministro da Casa Civil nesta sexta-feira - Brasil not\u00edcias<\/title>\n<meta name=\"robots\" content=\"index, follow, max-snippet:-1, max-image-preview:large, max-video-preview:-1\" \/>\n<link rel=\"canonical\" href=\"https:\/\/brasilnoticias.org\/site\/lula-deve-anunciar-rui-costa-como-ministro-da-casa-civil-nesta-sexta-feira\/\" \/>\n<meta property=\"og:locale\" content=\"pt_PT\" \/>\n<meta property=\"og:type\" content=\"article\" \/>\n<meta property=\"og:title\" content=\"Lula deve anunciar Rui Costa como ministro da Casa Civil nesta sexta-feira - Brasil not\u00edcias\" \/>\n<meta property=\"og:description\" content=\"O presidente eleito Luiz In\u00e1cio Lula da Silva (PT) deve confirmar, nesta sexta-feira (9), o governador da Bahia, Rui Costa\" \/>\n<meta property=\"og:url\" content=\"https:\/\/brasilnoticias.org\/site\/lula-deve-anunciar-rui-costa-como-ministro-da-casa-civil-nesta-sexta-feira\/\" \/>\n<meta property=\"og:site_name\" content=\"Brasil not\u00edcias\" \/>\n<meta property=\"article:published_time\" content=\"2022-12-08T21:20:53+00:00\" \/>\n<meta property=\"og:image\" content=\"https:\/\/brasilnoticias.org\/site\/wp-content\/uploads\/2022\/12\/131130lula-deve-anunciar-rui-costa-como-ministro-da-casa-civil-nesta-sexta-feira-3.jpg\" \/>\n\t<meta property=\"og:image:width\" content=\"1600\" \/>\n\t<meta property=\"og:image:height\" content=\"752\" \/>\n\t<meta property=\"og:image:type\" content=\"image\/jpeg\" \/>\n<meta name=\"author\" content=\"Reda\u00e7\u00e3o\" \/>\n<meta name=\"twitter:card\" content=\"summary_large_image\" \/>\n<meta name=\"twitter:label1\" content=\"Escrito por\" \/>\n\t<meta name=\"twitter:data1\" content=\"Reda\u00e7\u00e3o\" \/>\n\t<meta name=\"twitter:label2\" content=\"Tempo estimado de leitura\" \/>\n\t<meta name=\"twitter:data2\" content=\"1 minuto\" \/>\n<script type=\"application\/ld+json\" class=\"yoast-schema-graph\">{\"@context\":\"https:\/\/schema.org\",\"@graph\":[{\"@type\":\"Article\",\"@id\":\"https:\/\/brasilnoticias.org\/site\/lula-deve-anunciar-rui-costa-como-ministro-da-casa-civil-nesta-sexta-feira\/#article\",\"isPartOf\":{\"@id\":\"https:\/\/brasilnoticias.org\/site\/lula-deve-anunciar-rui-costa-como-ministro-da-casa-civil-nesta-sexta-feira\/\"},\"author\":{\"name\":\"Reda\u00e7\u00e3o\",\"@id\":\"https:\/\/brasilnoticias.org\/site\/#\/schema\/person\/a0e05b973ec4d15c658d51911e53507b\"},\"headline\":\"Lula deve anunciar Rui Costa como ministro da Casa Civil nesta sexta-feira\",\"datePublished\":\"2022-12-08T21:20:53+00:00\",\"mainEntityOfPage\":{\"@id\":\"https:\/\/brasilnoticias.org\/site\/lula-deve-anunciar-rui-costa-como-ministro-da-casa-civil-nesta-sexta-feira\/\"},\"wordCount\":187,\"commentCount\":0,\"publisher\":{\"@id\":\"https:\/\/brasilnoticias.org\/site\/#organization\"},\"image\":{\"@id\":\"https:\/\/brasilnoticias.org\/site\/lula-deve-anunciar-rui-costa-como-ministro-da-casa-civil-nesta-sexta-feira\/#primaryimage\"},\"thumbnailUrl\":\"https:\/\/brasilnoticias.org\/site\/wp-content\/uploads\/2022\/12\/131130lula-deve-anunciar-rui-costa-como-ministro-da-casa-civil-nesta-sexta-feira-3.jpg\",\"articleSection\":[\"Pol\u00edtica\",\"\u00daltimas\"],\"inLanguage\":\"pt-PT\",\"potentialAction\":[{\"@type\":\"CommentAction\",\"name\":\"Comment\",\"target\":[\"https:\/\/brasilnoticias.org\/site\/lula-deve-anunciar-rui-costa-como-ministro-da-casa-civil-nesta-sexta-feira\/#respond\"]}]},{\"@type\":\"WebPage\",\"@id\":\"https:\/\/brasilnoticias.org\/site\/lula-deve-anunciar-rui-costa-como-ministro-da-casa-civil-nesta-sexta-feira\/\",\"url\":\"https:\/\/brasilnoticias.org\/site\/lula-deve-anunciar-rui-costa-como-ministro-da-casa-civil-nesta-sexta-feira\/\",\"name\":\"Lula deve anunciar Rui Costa como ministro da Casa Civil nesta sexta-feira - Brasil not\u00edcias\",\"isPartOf\":{\"@id\":\"https:\/\/brasilnoticias.org\/site\/#website\"},\"primaryImageOfPage\":{\"@id\":\"https:\/\/brasilnoticias.org\/site\/lula-deve-anunciar-rui-costa-como-ministro-da-casa-civil-nesta-sexta-feira\/#primaryimage\"},\"image\":{\"@id\":\"https:\/\/brasilnoticias.org\/site\/lula-deve-anunciar-rui-costa-como-ministro-da-casa-civil-nesta-sexta-feira\/#primaryimage\"},\"thumbnailUrl\":\"https:\/\/brasilnoticias.org\/site\/wp-content\/uploads\/2022\/12\/131130lula-deve-anunciar-rui-costa-como-ministro-da-casa-civil-nesta-sexta-feira-3.jpg\",\"datePublished\":\"2022-12-08T21:20:53+00:00\",\"breadcrumb\":{\"@id\":\"https:\/\/brasilnoticias.org\/site\/lula-deve-anunciar-rui-costa-como-ministro-da-casa-civil-nesta-sexta-feira\/#breadcrumb\"},\"inLanguage\":\"pt-PT\",\"potentialAction\":[{\"@type\":\"ReadAction\",\"target\":[\"https:\/\/brasilnoticias.org\/site\/lula-deve-anunciar-rui-costa-como-ministro-da-casa-civil-nesta-sexta-feira\/\"]}]},{\"@type\":\"ImageObject\",\"inLanguage\":\"pt-PT\",\"@id\":\"https:\/\/brasilnoticias.org\/site\/lula-deve-anunciar-rui-costa-como-ministro-da-casa-civil-nesta-sexta-feira\/#primaryimage\",\"url\":\"https:\/\/brasilnoticias.org\/site\/wp-content\/uploads\/2022\/12\/131130lula-deve-anunciar-rui-costa-como-ministro-da-casa-civil-nesta-sexta-feira-3.jpg\",\"contentUrl\":\"https:\/\/brasilnoticias.org\/site\/wp-content\/uploads\/2022\/12\/131130lula-deve-anunciar-rui-costa-como-ministro-da-casa-civil-nesta-sexta-feira-3.jpg\",\"width\":1600,\"height\":752},{\"@type\":\"BreadcrumbList\",\"@id\":\"https:\/\/brasilnoticias.org\/site\/lula-deve-anunciar-rui-costa-como-ministro-da-casa-civil-nesta-sexta-feira\/#breadcrumb\",\"itemListElement\":[{\"@type\":\"ListItem\",\"position\":1,\"name\":\"In\u00edcio\",\"item\":\"https:\/\/brasilnoticias.org\/site\/\"},{\"@type\":\"ListItem\",\"position\":2,\"name\":\"Lula deve anunciar Rui Costa como ministro da Casa Civil nesta sexta-feira\"}]},{\"@type\":\"WebSite\",\"@id\":\"https:\/\/brasilnoticias.org\/site\/#website\",\"url\":\"https:\/\/brasilnoticias.org\/site\/\",\"name\":\"Brasil not\u00edcias\",\"description\":\"Brasil not\u00edcias\",\"publisher\":{\"@id\":\"https:\/\/brasilnoticias.org\/site\/#organization\"},\"potentialAction\":[{\"@type\":\"SearchAction\",\"target\":{\"@type\":\"EntryPoint\",\"urlTemplate\":\"https:\/\/brasilnoticias.org\/site\/?s={search_term_string}\"},\"query-input\":{\"@type\":\"PropertyValueSpecification\",\"valueRequired\":true,\"valueName\":\"search_term_string\"}}],\"inLanguage\":\"pt-PT\"},{\"@type\":\"Organization\",\"@id\":\"https:\/\/brasilnoticias.org\/site\/#organization\",\"name\":\"Brasil not\u00edcias\",\"url\":\"https:\/\/brasilnoticias.org\/site\/\",\"logo\":{\"@type\":\"ImageObject\",\"inLanguage\":\"pt-PT\",\"@id\":\"https:\/\/brasilnoticias.org\/site\/#\/schema\/logo\/image\/\",\"url\":\"https:\/\/brasilnoticias.org\/site\/wp-content\/uploads\/2022\/05\/cropped-brasilnoticias-mini.jpg\",\"contentUrl\":\"https:\/\/brasilnoticias.org\/site\/wp-content\/uploads\/2022\/05\/cropped-brasilnoticias-mini.jpg\",\"width\":314,\"height\":86,\"caption\":\"Brasil not\u00edcias\"},\"image\":{\"@id\":\"https:\/\/brasilnoticias.org\/site\/#\/schema\/logo\/image\/\"}},{\"@type\":\"Person\",\"@id\":\"https:\/\/brasilnoticias.org\/site\/#\/schema\/person\/a0e05b973ec4d15c658d51911e53507b\",\"name\":\"Reda\u00e7\u00e3o\",\"image\":{\"@type\":\"ImageObject\",\"inLanguage\":\"pt-PT\",\"@id\":\"https:\/\/brasilnoticias.org\/site\/#\/schema\/person\/image\/\",\"url\":\"https:\/\/secure.gravatar.com\/avatar\/75d8b050df2de108b08ae78dfb8e374892df24a383c67db9c46a9c604f6aee9c?s=96&d=mm&r=g\",\"contentUrl\":\"https:\/\/secure.gravatar.com\/avatar\/75d8b050df2de108b08ae78dfb8e374892df24a383c67db9c46a9c604f6aee9c?s=96&d=mm&r=g\",\"caption\":\"Reda\u00e7\u00e3o\"},\"sameAs\":[\"https:\/\/brasilnoticias.org\/site\"],\"url\":\"https:\/\/brasilnoticias.org\/site\/author\/fernandozsngmail-com\/\"}]}<\/script>\n<!-- \/ Yoast SEO plugin. -->","yoast_head_json":{"title":"Lula deve anunciar Rui Costa como ministro da Casa Civil nesta sexta-feira - Brasil not\u00edcias","robots":{"index":"index","follow":"follow","max-snippet":"max-snippet:-1","max-image-preview":"max-image-preview:large","max-video-preview":"max-video-preview:-1"},"canonical":"https:\/\/brasilnoticias.org\/site\/lula-deve-anunciar-rui-costa-como-ministro-da-casa-civil-nesta-sexta-feira\/","og_locale":"pt_PT","og_type":"article","og_title":"Lula deve anunciar Rui Costa como ministro da Casa Civil nesta sexta-feira - Brasil not\u00edcias","og_description":"O presidente eleito Luiz In\u00e1cio Lula da Silva (PT) deve confirmar, nesta sexta-feira (9), o governador da Bahia, Rui Costa","og_url":"https:\/\/brasilnoticias.org\/site\/lula-deve-anunciar-rui-costa-como-ministro-da-casa-civil-nesta-sexta-feira\/","og_site_name":"Brasil not\u00edcias","article_published_time":"2022-12-08T21:20:53+00:00","og_image":[{"width":1600,"height":752,"url":"https:\/\/brasilnoticias.org\/site\/wp-content\/uploads\/2022\/12\/131130lula-deve-anunciar-rui-costa-como-ministro-da-casa-civil-nesta-sexta-feira-3.jpg","type":"image\/jpeg"}],"author":"Reda\u00e7\u00e3o","twitter_card":"summary_large_image","twitter_misc":{"Escrito por":"Reda\u00e7\u00e3o","Tempo estimado de leitura":"1 minuto"},"schema":{"@context":"https:\/\/schema.org","@graph":[{"@type":"Article","@id":"https:\/\/brasilnoticias.org\/site\/lula-deve-anunciar-rui-costa-como-ministro-da-casa-civil-nesta-sexta-feira\/#article","isPartOf":{"@id":"https:\/\/brasilnoticias.org\/site\/lula-deve-anunciar-rui-costa-como-ministro-da-casa-civil-nesta-sexta-feira\/"},"author":{"name":"Reda\u00e7\u00e3o","@id":"https:\/\/brasilnoticias.org\/site\/#\/schema\/person\/a0e05b973ec4d15c658d51911e53507b"},"headline":"Lula deve anunciar Rui Costa como ministro da Casa Civil nesta sexta-feira","datePublished":"2022-12-08T21:20:53+00:00","mainEntityOfPage":{"@id":"https:\/\/brasilnoticias.org\/site\/lula-deve-anunciar-rui-costa-como-ministro-da-casa-civil-nesta-sexta-feira\/"},"wordCount":187,"commentCount":0,"publisher":{"@id":"https:\/\/brasilnoticias.org\/site\/#organization"},"image":{"@id":"https:\/\/brasilnoticias.org\/site\/lula-deve-anunciar-rui-costa-como-ministro-da-casa-civil-nesta-sexta-feira\/#primaryimage"},"thumbnailUrl":"https:\/\/brasilnoticias.org\/site\/wp-content\/uploads\/2022\/12\/131130lula-deve-anunciar-rui-costa-como-ministro-da-casa-civil-nesta-sexta-feira-3.jpg","articleSection":["Pol\u00edtica","\u00daltimas"],"inLanguage":"pt-PT","potentialAction":[{"@type":"CommentAction","name":"Comment","target":["https:\/\/brasilnoticias.org\/site\/lula-deve-anunciar-rui-costa-como-ministro-da-casa-civil-nesta-sexta-feira\/#respond"]}]},{"@type":"WebPage","@id":"https:\/\/brasilnoticias.org\/site\/lula-deve-anunciar-rui-costa-como-ministro-da-casa-civil-nesta-sexta-feira\/","url":"https:\/\/brasilnoticias.org\/site\/lula-deve-anunciar-rui-costa-como-ministro-da-casa-civil-nesta-sexta-feira\/","name":"Lula deve anunciar Rui Costa como ministro da Casa Civil nesta sexta-feira - Brasil not\u00edcias","isPartOf":{"@id":"https:\/\/brasilnoticias.org\/site\/#website"},"primaryImageOfPage":{"@id":"https:\/\/brasilnoticias.org\/site\/lula-deve-anunciar-rui-costa-como-ministro-da-casa-civil-nesta-sexta-feira\/#primaryimage"},"image":{"@id":"https:\/\/brasilnoticias.org\/site\/lula-deve-anunciar-rui-costa-como-ministro-da-casa-civil-nesta-sexta-feira\/#primaryimage"},"thumbnailUrl":"https:\/\/brasilnoticias.org\/site\/wp-content\/uploads\/2022\/12\/131130lula-deve-anunciar-rui-costa-como-ministro-da-casa-civil-nesta-sexta-feira-3.jpg","datePublished":"2022-12-08T21:20:53+00:00","breadcrumb":{"@id":"https:\/\/brasilnoticias.org\/site\/lula-deve-anunciar-rui-costa-como-ministro-da-casa-civil-nesta-sexta-feira\/#breadcrumb"},"inLanguage":"pt-PT","potentialAction":[{"@type":"ReadAction","target":["https:\/\/brasilnoticias.org\/site\/lula-deve-anunciar-rui-costa-como-ministro-da-casa-civil-nesta-sexta-feira\/"]}]},{"@type":"ImageObject","inLanguage":"pt-PT","@id":"https:\/\/brasilnoticias.org\/site\/lula-deve-anunciar-rui-costa-como-ministro-da-casa-civil-nesta-sexta-feira\/#primaryimage","url":"https:\/\/brasilnoticias.org\/site\/wp-content\/uploads\/2022\/12\/131130lula-deve-anunciar-rui-costa-como-ministro-da-casa-civil-nesta-sexta-feira-3.jpg","contentUrl":"https:\/\/brasilnoticias.org\/site\/wp-content\/uploads\/2022\/12\/131130lula-deve-anunciar-rui-costa-como-ministro-da-casa-civil-nesta-sexta-feira-3.jpg","width":1600,"height":752},{"@type":"BreadcrumbList","@id":"https:\/\/brasilnoticias.org\/site\/lula-deve-anunciar-rui-costa-como-ministro-da-casa-civil-nesta-sexta-feira\/#breadcrumb","itemListElement":[{"@type":"ListItem","position":1,"name":"In\u00edcio","item":"https:\/\/brasilnoticias.org\/site\/"},{"@type":"ListItem","position":2,"name":"Lula deve anunciar Rui Costa como ministro da Casa Civil nesta sexta-feira"}]},{"@type":"WebSite","@id":"https:\/\/brasilnoticias.org\/site\/#website","url":"https:\/\/brasilnoticias.org\/site\/","name":"Brasil not\u00edcias","description":"Brasil not\u00edcias","publisher":{"@id":"https:\/\/brasilnoticias.org\/site\/#organization"},"potentialAction":[{"@type":"SearchAction","target":{"@type":"EntryPoint","urlTemplate":"https:\/\/brasilnoticias.org\/site\/?s={search_term_string}"},"query-input":{"@type":"PropertyValueSpecification","valueRequired":true,"valueName":"search_term_string"}}],"inLanguage":"pt-PT"},{"@type":"Organization","@id":"https:\/\/brasilnoticias.org\/site\/#organization","name":"Brasil not\u00edcias","url":"https:\/\/brasilnoticias.org\/site\/","logo":{"@type":"ImageObject","inLanguage":"pt-PT","@id":"https:\/\/brasilnoticias.org\/site\/#\/schema\/logo\/image\/","url":"https:\/\/brasilnoticias.org\/site\/wp-content\/uploads\/2022\/05\/cropped-brasilnoticias-mini.jpg","contentUrl":"https:\/\/brasilnoticias.org\/site\/wp-content\/uploads\/2022\/05\/cropped-brasilnoticias-mini.jpg","width":314,"height":86,"caption":"Brasil not\u00edcias"},"image":{"@id":"https:\/\/brasilnoticias.org\/site\/#\/schema\/logo\/image\/"}},{"@type":"Person","@id":"https:\/\/brasilnoticias.org\/site\/#\/schema\/person\/a0e05b973ec4d15c658d51911e53507b","name":"Reda\u00e7\u00e3o","image":{"@type":"ImageObject","inLanguage":"pt-PT","@id":"https:\/\/brasilnoticias.org\/site\/#\/schema\/person\/image\/","url":"https:\/\/secure.gravatar.com\/avatar\/75d8b050df2de108b08ae78dfb8e374892df24a383c67db9c46a9c604f6aee9c?s=96&d=mm&r=g","contentUrl":"https:\/\/secure.gravatar.com\/avatar\/75d8b050df2de108b08ae78dfb8e374892df24a383c67db9c46a9c604f6aee9c?s=96&d=mm&r=g","caption":"Reda\u00e7\u00e3o"},"sameAs":["https:\/\/brasilnoticias.org\/site"],"url":"https:\/\/brasilnoticias.org\/site\/author\/fernandozsngmail-com\/"}]}},"_links":{"self":[{"href":"https:\/\/brasilnoticias.org\/site\/wp-json\/wp\/v2\/posts\/2638","targetHints":{"allow":["GET"]}}],"collection":[{"href":"https:\/\/brasilnoticias.org\/site\/wp-json\/wp\/v2\/posts"}],"about":[{"href":"https:\/\/brasilnoticias.org\/site\/wp-json\/wp\/v2\/types\/post"}],"author":[{"embeddable":true,"href":"https:\/\/brasilnoticias.org\/site\/wp-json\/wp\/v2\/users\/1"}],"replies":[{"embeddable":true,"href":"https:\/\/brasilnoticias.org\/site\/wp-json\/wp\/v2\/comments?post=2638"}],"version-history":[{"count":1,"href":"https:\/\/brasilnoticias.org\/site\/wp-json\/wp\/v2\/posts\/2638\/revisions"}],"predecessor-version":[{"id":2640,"href":"https:\/\/brasilnoticias.org\/site\/wp-json\/wp\/v2\/posts\/2638\/revisions\/2640"}],"wp:featuredmedia":[{"embeddable":true,"href":"https:\/\/brasilnoticias.org\/site\/wp-json\/wp\/v2\/media\/2639"}],"wp:attachment":[{"href":"https:\/\/brasilnoticias.org\/site\/wp-json\/wp\/v2\/media?parent=2638"}],"wp:term":[{"taxonomy":"category","embeddable":true,"href":"https:\/\/brasilnoticias.org\/site\/wp-json\/wp\/v2\/categories?post=2638"},{"taxonomy":"post_tag","embeddable":true,"href":"https:\/\/brasilnoticias.org\/site\/wp-json\/wp\/v2\/tags?post=2638"}],"curies":[{"name":"wp","href":"https:\/\/api.w.org\/{rel}","templated":true}]}}