{"id":2644,"date":"2022-12-09T07:00:45","date_gmt":"2022-12-09T10:00:45","guid":{"rendered":"https:\/\/brasilnoticias.org\/site\/?p=2644"},"modified":"2022-12-08T18:09:26","modified_gmt":"2022-12-08T21:09:26","slug":"espanha-confirma-saida-do-tecnico-luis-enrique-e-anuncia-substituto","status":"publish","type":"post","link":"https:\/\/brasilnoticias.org\/site\/espanha-confirma-saida-do-tecnico-luis-enrique-e-anuncia-substituto\/","title":{"rendered":"Espanha confirma sa\u00edda do t\u00e9cnico Luis Enrique e anuncia substituto"},"content":{"rendered":"<p>Nesta quinta-feira (8), a Federa\u00e7\u00e3o da Espanha oficializou a sa\u00edda de Luis Enrique do cargo da sele\u00e7\u00e3o, ap\u00f3s a elimina\u00e7\u00e3o na Copa do Mundo do Qatar. O t\u00e9cnico espanhol se despediu do Mundial nas oitavas de final, depois de perder para Marrocos nos p\u00eanaltis.<\/p>\n<p>&#8220;A Federa\u00e7\u00e3o Espanhola de Futebol agradece a Luis Enrique e toda sua comiss\u00e3o t\u00e9cnica pelo trabalho frente \u00e0 sele\u00e7\u00e3o da Espanha&#8221;, diz a postagem, que continua: &#8220;o treinador tem o carinho e a admira\u00e7\u00e3o dos seus colaboradores da sele\u00e7\u00e3o e de toda a Federa\u00e7\u00e3o, que ser\u00e1 sempre a sua casa&#8221;.<\/p>\n<p>Em pouco mais de quatro anos no cargo -Luis Enrique entrou logo ap\u00f3s a queda de Fernando Hierro na Copa da R\u00fassia, em 2018 -, o comandante chegou nas semifinais da Eurocopa 2020 e foi vice-campe\u00e3o da Liga das Na\u00e7\u00f5es em 2021.<\/p>\n<p>Comandou a sele\u00e7\u00e3o em 45 oportunidades, somando 25 vit\u00f3rias, 11 empates e 9 derrotas.<\/p>\n<p>ESPANHA CONFIRMA NOVO T\u00c9CNICO<\/p>\n<p>A Espanha j\u00e1 anunciou um novo substituto para o ex-Barcelona. Luis de la Fuente, que comandava a equipe Sub-21 espanhola desde 2018, foi efetivado e ser\u00e1 o novo treinador da F\u00faria.<\/p>\n<p>Al\u00e9m de treinar as categorias de base da Espanha, ele tamb\u00e9m esteve no Athletic Bilbao (de 2006 a 2011) e Alav\u00e9s (2011).<\/p>\n<p>Confira a publica\u00e7\u00e3o na \u00edntegra:<\/p>\n<p>A dire\u00e7\u00e3o esportiva transmitiu ao presidente um relat\u00f3rio no qual se determina que um novo projeto deve come\u00e7ar para a Sele\u00e7\u00e3o Espanhola de Futebol, com o objetivo de continuar o crescimento alcan\u00e7ado nos \u00faltimos anos gra\u00e7as ao trabalho realizado por Luis Enrique e seus colaboradores. Tanto o presidente, Luis Rubiales, quanto o diretor esportivo, Jos\u00e9 Francisco Molina, transmitiram a decis\u00e3o ao t\u00e9cnico.<\/p>\n<p>O treinador asturiano conseguiu dar um novo f\u00f4lego \u00e0 sele\u00e7\u00e3o nacional desde a sua chegada, em 2018, atrav\u00e9s de uma profunda renova\u00e7\u00e3o que consolidou uma mudan\u00e7a geracional na equipa e no futebol espanhol.<\/p>\n<p>Luis Enrique se classificou para duas Final Four da Liga das Na\u00e7\u00f5es da UEFA, das tr\u00eas que disputou como treinador; e chegou \u00e0s semifinais da Euro 2020 com cunho pr\u00f3prio e com estilo definido. Ele optou por jovens talentos e tem semeado esperan\u00e7a no futuro da sele\u00e7\u00e3o espanhola.<\/p>\n<p>A Federa\u00e7\u00e3o Espanhola de Futebol deseja enfaticamente a Luis Enrique e sua equipe boa sorte em seus futuros projetos profissionais. O treinador conquista o carinho e a admira\u00e7\u00e3o dos seus colaboradores da Sele\u00e7\u00e3o e de toda a Federa\u00e7\u00e3o, que ser\u00e1 sempre a sua casa.<\/p>\n<p>Not\u00edcias ao minuto<br \/>\nFoto Reuters<\/p>\n","protected":false},"excerpt":{"rendered":"<p>Nesta quinta-feira (8), a Federa\u00e7\u00e3o da Espanha oficializou a sa\u00edda de Luis Enrique do cargo da sele\u00e7\u00e3o, ap\u00f3s a elimina\u00e7\u00e3o<\/p>\n","protected":false},"author":1,"featured_media":2645,"comment_status":"open","ping_status":"open","sticky":false,"template":"","format":"standard","meta":{"colormag_page_container_layout":"default_layout","colormag_page_sidebar_layout":"default_layout","_FSMCFIC_featured_image_caption":"","_FSMCFIC_featured_image_nocaption":"","_FSMCFIC_featured_image_hide":"","footnotes":""},"categories":[4,1],"tags":[],"class_list":["post-2644","post","type-post","status-publish","format-standard","has-post-thumbnail","hentry","category-esporte","category-ultimas"],"yoast_head":"<!-- This site is optimized with the Yoast SEO plugin v27.1.1 - https:\/\/yoast.com\/product\/yoast-seo-wordpress\/ -->\n<title>Espanha confirma sa\u00edda do t\u00e9cnico Luis Enrique e anuncia substituto - Brasil not\u00edcias<\/title>\n<meta name=\"robots\" content=\"index, follow, max-snippet:-1, max-image-preview:large, max-video-preview:-1\" \/>\n<link rel=\"canonical\" href=\"https:\/\/brasilnoticias.org\/site\/espanha-confirma-saida-do-tecnico-luis-enrique-e-anuncia-substituto\/\" \/>\n<meta property=\"og:locale\" content=\"pt_PT\" \/>\n<meta property=\"og:type\" content=\"article\" \/>\n<meta property=\"og:title\" content=\"Espanha confirma sa\u00edda do t\u00e9cnico Luis Enrique e anuncia substituto - Brasil not\u00edcias\" \/>\n<meta property=\"og:description\" content=\"Nesta quinta-feira (8), a Federa\u00e7\u00e3o da Espanha oficializou a sa\u00edda de Luis Enrique do cargo da sele\u00e7\u00e3o, ap\u00f3s a elimina\u00e7\u00e3o\" \/>\n<meta property=\"og:url\" content=\"https:\/\/brasilnoticias.org\/site\/espanha-confirma-saida-do-tecnico-luis-enrique-e-anuncia-substituto\/\" \/>\n<meta property=\"og:site_name\" content=\"Brasil not\u00edcias\" \/>\n<meta property=\"article:published_time\" content=\"2022-12-09T10:00:45+00:00\" \/>\n<meta property=\"og:image\" content=\"https:\/\/brasilnoticias.org\/site\/wp-content\/uploads\/2022\/12\/naom_5e050d197279d.jpg\" \/>\n\t<meta property=\"og:image:width\" content=\"1920\" \/>\n\t<meta property=\"og:image:height\" content=\"1080\" \/>\n\t<meta property=\"og:image:type\" content=\"image\/jpeg\" \/>\n<meta name=\"author\" content=\"Reda\u00e7\u00e3o\" \/>\n<meta name=\"twitter:card\" content=\"summary_large_image\" \/>\n<meta name=\"twitter:label1\" content=\"Escrito por\" \/>\n\t<meta name=\"twitter:data1\" content=\"Reda\u00e7\u00e3o\" \/>\n\t<meta name=\"twitter:label2\" content=\"Tempo estimado de leitura\" \/>\n\t<meta name=\"twitter:data2\" content=\"2 minutos\" \/>\n<script type=\"application\/ld+json\" class=\"yoast-schema-graph\">{\"@context\":\"https:\/\/schema.org\",\"@graph\":[{\"@type\":\"Article\",\"@id\":\"https:\/\/brasilnoticias.org\/site\/espanha-confirma-saida-do-tecnico-luis-enrique-e-anuncia-substituto\/#article\",\"isPartOf\":{\"@id\":\"https:\/\/brasilnoticias.org\/site\/espanha-confirma-saida-do-tecnico-luis-enrique-e-anuncia-substituto\/\"},\"author\":{\"name\":\"Reda\u00e7\u00e3o\",\"@id\":\"https:\/\/brasilnoticias.org\/site\/#\/schema\/person\/a0e05b973ec4d15c658d51911e53507b\"},\"headline\":\"Espanha confirma sa\u00edda do t\u00e9cnico Luis Enrique e anuncia substituto\",\"datePublished\":\"2022-12-09T10:00:45+00:00\",\"mainEntityOfPage\":{\"@id\":\"https:\/\/brasilnoticias.org\/site\/espanha-confirma-saida-do-tecnico-luis-enrique-e-anuncia-substituto\/\"},\"wordCount\":449,\"commentCount\":0,\"publisher\":{\"@id\":\"https:\/\/brasilnoticias.org\/site\/#organization\"},\"image\":{\"@id\":\"https:\/\/brasilnoticias.org\/site\/espanha-confirma-saida-do-tecnico-luis-enrique-e-anuncia-substituto\/#primaryimage\"},\"thumbnailUrl\":\"https:\/\/brasilnoticias.org\/site\/wp-content\/uploads\/2022\/12\/naom_5e050d197279d.jpg\",\"articleSection\":[\"Esporte\",\"\u00daltimas\"],\"inLanguage\":\"pt-PT\",\"potentialAction\":[{\"@type\":\"CommentAction\",\"name\":\"Comment\",\"target\":[\"https:\/\/brasilnoticias.org\/site\/espanha-confirma-saida-do-tecnico-luis-enrique-e-anuncia-substituto\/#respond\"]}]},{\"@type\":\"WebPage\",\"@id\":\"https:\/\/brasilnoticias.org\/site\/espanha-confirma-saida-do-tecnico-luis-enrique-e-anuncia-substituto\/\",\"url\":\"https:\/\/brasilnoticias.org\/site\/espanha-confirma-saida-do-tecnico-luis-enrique-e-anuncia-substituto\/\",\"name\":\"Espanha confirma sa\u00edda do t\u00e9cnico Luis Enrique e anuncia substituto - Brasil not\u00edcias\",\"isPartOf\":{\"@id\":\"https:\/\/brasilnoticias.org\/site\/#website\"},\"primaryImageOfPage\":{\"@id\":\"https:\/\/brasilnoticias.org\/site\/espanha-confirma-saida-do-tecnico-luis-enrique-e-anuncia-substituto\/#primaryimage\"},\"image\":{\"@id\":\"https:\/\/brasilnoticias.org\/site\/espanha-confirma-saida-do-tecnico-luis-enrique-e-anuncia-substituto\/#primaryimage\"},\"thumbnailUrl\":\"https:\/\/brasilnoticias.org\/site\/wp-content\/uploads\/2022\/12\/naom_5e050d197279d.jpg\",\"datePublished\":\"2022-12-09T10:00:45+00:00\",\"breadcrumb\":{\"@id\":\"https:\/\/brasilnoticias.org\/site\/espanha-confirma-saida-do-tecnico-luis-enrique-e-anuncia-substituto\/#breadcrumb\"},\"inLanguage\":\"pt-PT\",\"potentialAction\":[{\"@type\":\"ReadAction\",\"target\":[\"https:\/\/brasilnoticias.org\/site\/espanha-confirma-saida-do-tecnico-luis-enrique-e-anuncia-substituto\/\"]}]},{\"@type\":\"ImageObject\",\"inLanguage\":\"pt-PT\",\"@id\":\"https:\/\/brasilnoticias.org\/site\/espanha-confirma-saida-do-tecnico-luis-enrique-e-anuncia-substituto\/#primaryimage\",\"url\":\"https:\/\/brasilnoticias.org\/site\/wp-content\/uploads\/2022\/12\/naom_5e050d197279d.jpg\",\"contentUrl\":\"https:\/\/brasilnoticias.org\/site\/wp-content\/uploads\/2022\/12\/naom_5e050d197279d.jpg\",\"width\":1920,\"height\":1080},{\"@type\":\"BreadcrumbList\",\"@id\":\"https:\/\/brasilnoticias.org\/site\/espanha-confirma-saida-do-tecnico-luis-enrique-e-anuncia-substituto\/#breadcrumb\",\"itemListElement\":[{\"@type\":\"ListItem\",\"position\":1,\"name\":\"In\u00edcio\",\"item\":\"https:\/\/brasilnoticias.org\/site\/\"},{\"@type\":\"ListItem\",\"position\":2,\"name\":\"Espanha confirma sa\u00edda do t\u00e9cnico Luis Enrique e anuncia substituto\"}]},{\"@type\":\"WebSite\",\"@id\":\"https:\/\/brasilnoticias.org\/site\/#website\",\"url\":\"https:\/\/brasilnoticias.org\/site\/\",\"name\":\"Brasil not\u00edcias\",\"description\":\"Brasil not\u00edcias\",\"publisher\":{\"@id\":\"https:\/\/brasilnoticias.org\/site\/#organization\"},\"potentialAction\":[{\"@type\":\"SearchAction\",\"target\":{\"@type\":\"EntryPoint\",\"urlTemplate\":\"https:\/\/brasilnoticias.org\/site\/?s={search_term_string}\"},\"query-input\":{\"@type\":\"PropertyValueSpecification\",\"valueRequired\":true,\"valueName\":\"search_term_string\"}}],\"inLanguage\":\"pt-PT\"},{\"@type\":\"Organization\",\"@id\":\"https:\/\/brasilnoticias.org\/site\/#organization\",\"name\":\"Brasil not\u00edcias\",\"url\":\"https:\/\/brasilnoticias.org\/site\/\",\"logo\":{\"@type\":\"ImageObject\",\"inLanguage\":\"pt-PT\",\"@id\":\"https:\/\/brasilnoticias.org\/site\/#\/schema\/logo\/image\/\",\"url\":\"https:\/\/brasilnoticias.org\/site\/wp-content\/uploads\/2022\/05\/cropped-brasilnoticias-mini.jpg\",\"contentUrl\":\"https:\/\/brasilnoticias.org\/site\/wp-content\/uploads\/2022\/05\/cropped-brasilnoticias-mini.jpg\",\"width\":314,\"height\":86,\"caption\":\"Brasil not\u00edcias\"},\"image\":{\"@id\":\"https:\/\/brasilnoticias.org\/site\/#\/schema\/logo\/image\/\"}},{\"@type\":\"Person\",\"@id\":\"https:\/\/brasilnoticias.org\/site\/#\/schema\/person\/a0e05b973ec4d15c658d51911e53507b\",\"name\":\"Reda\u00e7\u00e3o\",\"image\":{\"@type\":\"ImageObject\",\"inLanguage\":\"pt-PT\",\"@id\":\"https:\/\/brasilnoticias.org\/site\/#\/schema\/person\/image\/\",\"url\":\"https:\/\/secure.gravatar.com\/avatar\/75d8b050df2de108b08ae78dfb8e374892df24a383c67db9c46a9c604f6aee9c?s=96&d=mm&r=g\",\"contentUrl\":\"https:\/\/secure.gravatar.com\/avatar\/75d8b050df2de108b08ae78dfb8e374892df24a383c67db9c46a9c604f6aee9c?s=96&d=mm&r=g\",\"caption\":\"Reda\u00e7\u00e3o\"},\"sameAs\":[\"https:\/\/brasilnoticias.org\/site\"],\"url\":\"https:\/\/brasilnoticias.org\/site\/author\/fernandozsngmail-com\/\"}]}<\/script>\n<!-- \/ Yoast SEO plugin. -->","yoast_head_json":{"title":"Espanha confirma sa\u00edda do t\u00e9cnico Luis Enrique e anuncia substituto - Brasil not\u00edcias","robots":{"index":"index","follow":"follow","max-snippet":"max-snippet:-1","max-image-preview":"max-image-preview:large","max-video-preview":"max-video-preview:-1"},"canonical":"https:\/\/brasilnoticias.org\/site\/espanha-confirma-saida-do-tecnico-luis-enrique-e-anuncia-substituto\/","og_locale":"pt_PT","og_type":"article","og_title":"Espanha confirma sa\u00edda do t\u00e9cnico Luis Enrique e anuncia substituto - Brasil not\u00edcias","og_description":"Nesta quinta-feira (8), a Federa\u00e7\u00e3o da Espanha oficializou a sa\u00edda de Luis Enrique do cargo da sele\u00e7\u00e3o, ap\u00f3s a elimina\u00e7\u00e3o","og_url":"https:\/\/brasilnoticias.org\/site\/espanha-confirma-saida-do-tecnico-luis-enrique-e-anuncia-substituto\/","og_site_name":"Brasil not\u00edcias","article_published_time":"2022-12-09T10:00:45+00:00","og_image":[{"width":1920,"height":1080,"url":"https:\/\/brasilnoticias.org\/site\/wp-content\/uploads\/2022\/12\/naom_5e050d197279d.jpg","type":"image\/jpeg"}],"author":"Reda\u00e7\u00e3o","twitter_card":"summary_large_image","twitter_misc":{"Escrito por":"Reda\u00e7\u00e3o","Tempo estimado de leitura":"2 minutos"},"schema":{"@context":"https:\/\/schema.org","@graph":[{"@type":"Article","@id":"https:\/\/brasilnoticias.org\/site\/espanha-confirma-saida-do-tecnico-luis-enrique-e-anuncia-substituto\/#article","isPartOf":{"@id":"https:\/\/brasilnoticias.org\/site\/espanha-confirma-saida-do-tecnico-luis-enrique-e-anuncia-substituto\/"},"author":{"name":"Reda\u00e7\u00e3o","@id":"https:\/\/brasilnoticias.org\/site\/#\/schema\/person\/a0e05b973ec4d15c658d51911e53507b"},"headline":"Espanha confirma sa\u00edda do t\u00e9cnico Luis Enrique e anuncia substituto","datePublished":"2022-12-09T10:00:45+00:00","mainEntityOfPage":{"@id":"https:\/\/brasilnoticias.org\/site\/espanha-confirma-saida-do-tecnico-luis-enrique-e-anuncia-substituto\/"},"wordCount":449,"commentCount":0,"publisher":{"@id":"https:\/\/brasilnoticias.org\/site\/#organization"},"image":{"@id":"https:\/\/brasilnoticias.org\/site\/espanha-confirma-saida-do-tecnico-luis-enrique-e-anuncia-substituto\/#primaryimage"},"thumbnailUrl":"https:\/\/brasilnoticias.org\/site\/wp-content\/uploads\/2022\/12\/naom_5e050d197279d.jpg","articleSection":["Esporte","\u00daltimas"],"inLanguage":"pt-PT","potentialAction":[{"@type":"CommentAction","name":"Comment","target":["https:\/\/brasilnoticias.org\/site\/espanha-confirma-saida-do-tecnico-luis-enrique-e-anuncia-substituto\/#respond"]}]},{"@type":"WebPage","@id":"https:\/\/brasilnoticias.org\/site\/espanha-confirma-saida-do-tecnico-luis-enrique-e-anuncia-substituto\/","url":"https:\/\/brasilnoticias.org\/site\/espanha-confirma-saida-do-tecnico-luis-enrique-e-anuncia-substituto\/","name":"Espanha confirma sa\u00edda do t\u00e9cnico Luis Enrique e anuncia substituto - Brasil not\u00edcias","isPartOf":{"@id":"https:\/\/brasilnoticias.org\/site\/#website"},"primaryImageOfPage":{"@id":"https:\/\/brasilnoticias.org\/site\/espanha-confirma-saida-do-tecnico-luis-enrique-e-anuncia-substituto\/#primaryimage"},"image":{"@id":"https:\/\/brasilnoticias.org\/site\/espanha-confirma-saida-do-tecnico-luis-enrique-e-anuncia-substituto\/#primaryimage"},"thumbnailUrl":"https:\/\/brasilnoticias.org\/site\/wp-content\/uploads\/2022\/12\/naom_5e050d197279d.jpg","datePublished":"2022-12-09T10:00:45+00:00","breadcrumb":{"@id":"https:\/\/brasilnoticias.org\/site\/espanha-confirma-saida-do-tecnico-luis-enrique-e-anuncia-substituto\/#breadcrumb"},"inLanguage":"pt-PT","potentialAction":[{"@type":"ReadAction","target":["https:\/\/brasilnoticias.org\/site\/espanha-confirma-saida-do-tecnico-luis-enrique-e-anuncia-substituto\/"]}]},{"@type":"ImageObject","inLanguage":"pt-PT","@id":"https:\/\/brasilnoticias.org\/site\/espanha-confirma-saida-do-tecnico-luis-enrique-e-anuncia-substituto\/#primaryimage","url":"https:\/\/brasilnoticias.org\/site\/wp-content\/uploads\/2022\/12\/naom_5e050d197279d.jpg","contentUrl":"https:\/\/brasilnoticias.org\/site\/wp-content\/uploads\/2022\/12\/naom_5e050d197279d.jpg","width":1920,"height":1080},{"@type":"BreadcrumbList","@id":"https:\/\/brasilnoticias.org\/site\/espanha-confirma-saida-do-tecnico-luis-enrique-e-anuncia-substituto\/#breadcrumb","itemListElement":[{"@type":"ListItem","position":1,"name":"In\u00edcio","item":"https:\/\/brasilnoticias.org\/site\/"},{"@type":"ListItem","position":2,"name":"Espanha confirma sa\u00edda do t\u00e9cnico Luis Enrique e anuncia substituto"}]},{"@type":"WebSite","@id":"https:\/\/brasilnoticias.org\/site\/#website","url":"https:\/\/brasilnoticias.org\/site\/","name":"Brasil not\u00edcias","description":"Brasil not\u00edcias","publisher":{"@id":"https:\/\/brasilnoticias.org\/site\/#organization"},"potentialAction":[{"@type":"SearchAction","target":{"@type":"EntryPoint","urlTemplate":"https:\/\/brasilnoticias.org\/site\/?s={search_term_string}"},"query-input":{"@type":"PropertyValueSpecification","valueRequired":true,"valueName":"search_term_string"}}],"inLanguage":"pt-PT"},{"@type":"Organization","@id":"https:\/\/brasilnoticias.org\/site\/#organization","name":"Brasil not\u00edcias","url":"https:\/\/brasilnoticias.org\/site\/","logo":{"@type":"ImageObject","inLanguage":"pt-PT","@id":"https:\/\/brasilnoticias.org\/site\/#\/schema\/logo\/image\/","url":"https:\/\/brasilnoticias.org\/site\/wp-content\/uploads\/2022\/05\/cropped-brasilnoticias-mini.jpg","contentUrl":"https:\/\/brasilnoticias.org\/site\/wp-content\/uploads\/2022\/05\/cropped-brasilnoticias-mini.jpg","width":314,"height":86,"caption":"Brasil not\u00edcias"},"image":{"@id":"https:\/\/brasilnoticias.org\/site\/#\/schema\/logo\/image\/"}},{"@type":"Person","@id":"https:\/\/brasilnoticias.org\/site\/#\/schema\/person\/a0e05b973ec4d15c658d51911e53507b","name":"Reda\u00e7\u00e3o","image":{"@type":"ImageObject","inLanguage":"pt-PT","@id":"https:\/\/brasilnoticias.org\/site\/#\/schema\/person\/image\/","url":"https:\/\/secure.gravatar.com\/avatar\/75d8b050df2de108b08ae78dfb8e374892df24a383c67db9c46a9c604f6aee9c?s=96&d=mm&r=g","contentUrl":"https:\/\/secure.gravatar.com\/avatar\/75d8b050df2de108b08ae78dfb8e374892df24a383c67db9c46a9c604f6aee9c?s=96&d=mm&r=g","caption":"Reda\u00e7\u00e3o"},"sameAs":["https:\/\/brasilnoticias.org\/site"],"url":"https:\/\/brasilnoticias.org\/site\/author\/fernandozsngmail-com\/"}]}},"_links":{"self":[{"href":"https:\/\/brasilnoticias.org\/site\/wp-json\/wp\/v2\/posts\/2644","targetHints":{"allow":["GET"]}}],"collection":[{"href":"https:\/\/brasilnoticias.org\/site\/wp-json\/wp\/v2\/posts"}],"about":[{"href":"https:\/\/brasilnoticias.org\/site\/wp-json\/wp\/v2\/types\/post"}],"author":[{"embeddable":true,"href":"https:\/\/brasilnoticias.org\/site\/wp-json\/wp\/v2\/users\/1"}],"replies":[{"embeddable":true,"href":"https:\/\/brasilnoticias.org\/site\/wp-json\/wp\/v2\/comments?post=2644"}],"version-history":[{"count":1,"href":"https:\/\/brasilnoticias.org\/site\/wp-json\/wp\/v2\/posts\/2644\/revisions"}],"predecessor-version":[{"id":2646,"href":"https:\/\/brasilnoticias.org\/site\/wp-json\/wp\/v2\/posts\/2644\/revisions\/2646"}],"wp:featuredmedia":[{"embeddable":true,"href":"https:\/\/brasilnoticias.org\/site\/wp-json\/wp\/v2\/media\/2645"}],"wp:attachment":[{"href":"https:\/\/brasilnoticias.org\/site\/wp-json\/wp\/v2\/media?parent=2644"}],"wp:term":[{"taxonomy":"category","embeddable":true,"href":"https:\/\/brasilnoticias.org\/site\/wp-json\/wp\/v2\/categories?post=2644"},{"taxonomy":"post_tag","embeddable":true,"href":"https:\/\/brasilnoticias.org\/site\/wp-json\/wp\/v2\/tags?post=2644"}],"curies":[{"name":"wp","href":"https:\/\/api.w.org\/{rel}","templated":true}]}}