{"id":2647,"date":"2022-12-09T07:10:37","date_gmt":"2022-12-09T10:10:37","guid":{"rendered":"https:\/\/brasilnoticias.org\/site\/?p=2647"},"modified":"2022-12-08T18:11:37","modified_gmt":"2022-12-08T21:11:37","slug":"dezenove-municipios-nao-tiveram-casos-confirmados-de-covid-em-2021-diz-ibge","status":"publish","type":"post","link":"https:\/\/brasilnoticias.org\/site\/dezenove-municipios-nao-tiveram-casos-confirmados-de-covid-em-2021-diz-ibge\/","title":{"rendered":"Dezenove munic\u00edpios n\u00e3o tiveram casos confirmados de covid em 2021, diz IBGE"},"content":{"rendered":"<p>Apenas 19 munic\u00edpios brasileiros informaram n\u00e3o terem verificado casos confirmados clinica ou laboratorialmente de covid-19 em 2021. Outros 5.549 (99,6% do total) reportaram registros da doen\u00e7a. Os dados s\u00e3o da Pesquisa de Informa\u00e7\u00f5es B\u00e1sicas Municipais (Munic) e da Pesquisa de Informa\u00e7\u00f5es B\u00e1sicas Estaduais (Estadic), divulgados pelo Instituto Brasileiro de Geografia e Estat\u00edstica (IBGE) nesta quinta-feira.<br \/>\nHouve aumento no n\u00famero de cidades com registros de covid em rela\u00e7\u00e3o a 2020, quando 5.449 munic\u00edpios reportaram confirma\u00e7\u00f5es cl\u00ednicas ou laboratoriais.<\/p>\n<p>No ano passado, houve instala\u00e7\u00e3o de tendas de triagem de pacientes em 3.704 munic\u00edpios, 66,8% do total de cidades, ante 3.065 munic\u00edpios (56,2%) com esse tipo de estrutura em 2020.<\/p>\n<p>Tamb\u00e9m aumentou o n\u00famero de locais com necessidade de interna\u00e7\u00e3o de doentes na passagem de 2020 para 2021. Dos munic\u00edpios com casos registrados, 99,4% (5.517 cidades) relataram necessidade de interna\u00e7\u00e3o no ano passado, contra 93,8% (5.109) no ano anterior. Onde houve necessidade de interna\u00e7\u00e3o de doentes, quase todos relataram ocorr\u00eancia de mortes, 5.468 cidades com \u00f3bitos, 96,1% dos munic\u00edpios com interna\u00e7\u00f5es, contra uma fatia de 88,8% registrada em 2020.<\/p>\n<p>&#8220;Considerando-se os munic\u00edpios que informaram a necessidade de interna\u00e7\u00e3o de pessoas que contra\u00edram covid-19, duas quest\u00f5es chamam a aten\u00e7\u00e3o: o aumento da propor\u00e7\u00e3o de municipalidades onde o n\u00famero de interna\u00e7\u00f5es ultrapassou a capacidade de leitos e de unidades de tratamento intensivo (UTI) p\u00fablicos ou privados conveniados ao SUS, passando de 23,6%, em 2020, para 48,1%, em 2021; e a necessidade de manuten\u00e7\u00e3o de pessoas, por mais de 24 horas, em unidades sem interna\u00e7\u00e3o, passando de 31,1% para 51,9% nesse mesmo per\u00edodo&#8221;, ressaltou o estudo do IBGE. &#8220;Houve, tamb\u00e9m, aumento da propor\u00e7\u00e3o de municipalidades que declararam a necessidade de encaminhamento de pacientes para outro munic\u00edpio com vistas \u00e0 realiza\u00e7\u00e3o de procedimentos na \u00e1rea da sa\u00fade: de 91,6%, em 2020, para 95,8%, em 2021.&#8221;<\/p>\n<p>A propor\u00e7\u00e3o de cidades com n\u00famero de leitos ampliados foi de 57,5% em 2021, ante 58,2% em 2020.<\/p>\n<p>Terceiriza\u00e7\u00e3o na sa\u00fade<\/p>\n<p>O n\u00famero de munic\u00edpios e de estabelecimentos de sa\u00fade sob sua responsabilidade, administrados por terceiros, vem aumentando e se disseminando, passando de 685 em 2018 para 891 em 2021, informou o IBGE. O total de estabelecimentos terceirizados passou de 3.013 para 4.194 no per\u00edodo, mas o processo ainda se encontrava na regi\u00e3o Sudeste, onde 26,0% dos munic\u00edpios apresentavam esse modelo de gest\u00e3o.<\/p>\n<p>Em 2021, 21 Unidades da Federa\u00e7\u00e3o afirmaram possuir estabelecimentos de sa\u00fade de responsabilidade da gest\u00e3o estadual administrados por terceiros. Roraima, Tocantins, Rio Grande do Norte, Para\u00edba, Minas Gerais e Mato Grosso afirmaram n\u00e3o adotar esse modelo de gest\u00e3o da sa\u00fade. O tipo de administra\u00e7\u00e3o terceirizada mais recorrente foi o de Organiza\u00e7\u00f5es Sociais (OS), presentes em 15 Unidades da Federa\u00e7\u00e3o.<\/p>\n<p>Sa\u00fade da Fam\u00edlia<\/p>\n<p>Praticamente todos os munic\u00edpios brasileiros (99% deles) tinham estrat\u00e9gia de Sa\u00fade da Fam\u00edlia em 2021. O n\u00famero de equipes de Sa\u00fade da Fam\u00edlia cresceu de 44.742 em 2018 para 47.365 em 2021, um aumento de 5,9%. No entanto, entre os munic\u00edpios de mais de 500 mil habitantes houve redu\u00e7\u00e3o de -3,2%, 289 equipes a menos no per\u00edodo.<\/p>\n<p>O n\u00famero de agentes comunit\u00e1rios de sa\u00fade encolheu em 3.452 agentes, queda de 1,3% no contingente desses trabalhadores.<\/p>\n<p>O teste de HIV e de s\u00edfilis em gestantes estava presente em mais de 94,8% dos munic\u00edpios em 2021. O teste do pezinho era realizado em 91,1% das cidades, e o Pr\u00e9-natal masculino\/do parceiro ainda n\u00e3o alcan\u00e7ava nem metade dos munic\u00edpios (45,1%).<\/p>\n<p>Foto Shutterstock<br \/>\nNot\u00edcias ao minuto<\/p>\n","protected":false},"excerpt":{"rendered":"<p>Apenas 19 munic\u00edpios brasileiros informaram n\u00e3o terem verificado casos confirmados clinica ou laboratorialmente de covid-19 em 2021. Outros 5.549 (99,6%<\/p>\n","protected":false},"author":1,"featured_media":2648,"comment_status":"open","ping_status":"open","sticky":false,"template":"","format":"standard","meta":{"colormag_page_container_layout":"default_layout","colormag_page_sidebar_layout":"default_layout","_FSMCFIC_featured_image_caption":"","_FSMCFIC_featured_image_nocaption":"","_FSMCFIC_featured_image_hide":"","footnotes":""},"categories":[2,1],"tags":[],"class_list":["post-2647","post","type-post","status-publish","format-standard","has-post-thumbnail","hentry","category-noticias","category-ultimas"],"yoast_head":"<!-- This site is optimized with the Yoast SEO plugin v27.1.1 - https:\/\/yoast.com\/product\/yoast-seo-wordpress\/ -->\n<title>Dezenove munic\u00edpios n\u00e3o tiveram casos confirmados de covid em 2021, diz IBGE - Brasil not\u00edcias<\/title>\n<meta name=\"robots\" content=\"index, follow, max-snippet:-1, max-image-preview:large, max-video-preview:-1\" \/>\n<link rel=\"canonical\" href=\"https:\/\/brasilnoticias.org\/site\/dezenove-municipios-nao-tiveram-casos-confirmados-de-covid-em-2021-diz-ibge\/\" \/>\n<meta property=\"og:locale\" content=\"pt_PT\" \/>\n<meta property=\"og:type\" content=\"article\" \/>\n<meta property=\"og:title\" content=\"Dezenove munic\u00edpios n\u00e3o tiveram casos confirmados de covid em 2021, diz IBGE - Brasil not\u00edcias\" \/>\n<meta property=\"og:description\" content=\"Apenas 19 munic\u00edpios brasileiros informaram n\u00e3o terem verificado casos confirmados clinica ou laboratorialmente de covid-19 em 2021. Outros 5.549 (99,6%\" \/>\n<meta property=\"og:url\" content=\"https:\/\/brasilnoticias.org\/site\/dezenove-municipios-nao-tiveram-casos-confirmados-de-covid-em-2021-diz-ibge\/\" \/>\n<meta property=\"og:site_name\" content=\"Brasil not\u00edcias\" \/>\n<meta property=\"article:published_time\" content=\"2022-12-09T10:10:37+00:00\" \/>\n<meta property=\"og:image\" content=\"https:\/\/brasilnoticias.org\/site\/wp-content\/uploads\/2022\/12\/naom_61f259ef5de1a.jpg\" \/>\n\t<meta property=\"og:image:width\" content=\"1920\" \/>\n\t<meta property=\"og:image:height\" content=\"1080\" \/>\n\t<meta property=\"og:image:type\" content=\"image\/jpeg\" \/>\n<meta name=\"author\" content=\"Reda\u00e7\u00e3o\" \/>\n<meta name=\"twitter:card\" content=\"summary_large_image\" \/>\n<meta name=\"twitter:label1\" content=\"Escrito por\" \/>\n\t<meta name=\"twitter:data1\" content=\"Reda\u00e7\u00e3o\" \/>\n\t<meta name=\"twitter:label2\" content=\"Tempo estimado de leitura\" \/>\n\t<meta name=\"twitter:data2\" content=\"3 minutos\" \/>\n<script type=\"application\/ld+json\" class=\"yoast-schema-graph\">{\"@context\":\"https:\/\/schema.org\",\"@graph\":[{\"@type\":\"Article\",\"@id\":\"https:\/\/brasilnoticias.org\/site\/dezenove-municipios-nao-tiveram-casos-confirmados-de-covid-em-2021-diz-ibge\/#article\",\"isPartOf\":{\"@id\":\"https:\/\/brasilnoticias.org\/site\/dezenove-municipios-nao-tiveram-casos-confirmados-de-covid-em-2021-diz-ibge\/\"},\"author\":{\"name\":\"Reda\u00e7\u00e3o\",\"@id\":\"https:\/\/brasilnoticias.org\/site\/#\/schema\/person\/a0e05b973ec4d15c658d51911e53507b\"},\"headline\":\"Dezenove munic\u00edpios n\u00e3o tiveram casos confirmados de covid em 2021, diz IBGE\",\"datePublished\":\"2022-12-09T10:10:37+00:00\",\"mainEntityOfPage\":{\"@id\":\"https:\/\/brasilnoticias.org\/site\/dezenove-municipios-nao-tiveram-casos-confirmados-de-covid-em-2021-diz-ibge\/\"},\"wordCount\":603,\"commentCount\":0,\"publisher\":{\"@id\":\"https:\/\/brasilnoticias.org\/site\/#organization\"},\"image\":{\"@id\":\"https:\/\/brasilnoticias.org\/site\/dezenove-municipios-nao-tiveram-casos-confirmados-de-covid-em-2021-diz-ibge\/#primaryimage\"},\"thumbnailUrl\":\"https:\/\/brasilnoticias.org\/site\/wp-content\/uploads\/2022\/12\/naom_61f259ef5de1a.jpg\",\"articleSection\":[\"Not\u00edcias\",\"\u00daltimas\"],\"inLanguage\":\"pt-PT\",\"potentialAction\":[{\"@type\":\"CommentAction\",\"name\":\"Comment\",\"target\":[\"https:\/\/brasilnoticias.org\/site\/dezenove-municipios-nao-tiveram-casos-confirmados-de-covid-em-2021-diz-ibge\/#respond\"]}]},{\"@type\":\"WebPage\",\"@id\":\"https:\/\/brasilnoticias.org\/site\/dezenove-municipios-nao-tiveram-casos-confirmados-de-covid-em-2021-diz-ibge\/\",\"url\":\"https:\/\/brasilnoticias.org\/site\/dezenove-municipios-nao-tiveram-casos-confirmados-de-covid-em-2021-diz-ibge\/\",\"name\":\"Dezenove munic\u00edpios n\u00e3o tiveram casos confirmados de covid em 2021, diz IBGE - Brasil not\u00edcias\",\"isPartOf\":{\"@id\":\"https:\/\/brasilnoticias.org\/site\/#website\"},\"primaryImageOfPage\":{\"@id\":\"https:\/\/brasilnoticias.org\/site\/dezenove-municipios-nao-tiveram-casos-confirmados-de-covid-em-2021-diz-ibge\/#primaryimage\"},\"image\":{\"@id\":\"https:\/\/brasilnoticias.org\/site\/dezenove-municipios-nao-tiveram-casos-confirmados-de-covid-em-2021-diz-ibge\/#primaryimage\"},\"thumbnailUrl\":\"https:\/\/brasilnoticias.org\/site\/wp-content\/uploads\/2022\/12\/naom_61f259ef5de1a.jpg\",\"datePublished\":\"2022-12-09T10:10:37+00:00\",\"breadcrumb\":{\"@id\":\"https:\/\/brasilnoticias.org\/site\/dezenove-municipios-nao-tiveram-casos-confirmados-de-covid-em-2021-diz-ibge\/#breadcrumb\"},\"inLanguage\":\"pt-PT\",\"potentialAction\":[{\"@type\":\"ReadAction\",\"target\":[\"https:\/\/brasilnoticias.org\/site\/dezenove-municipios-nao-tiveram-casos-confirmados-de-covid-em-2021-diz-ibge\/\"]}]},{\"@type\":\"ImageObject\",\"inLanguage\":\"pt-PT\",\"@id\":\"https:\/\/brasilnoticias.org\/site\/dezenove-municipios-nao-tiveram-casos-confirmados-de-covid-em-2021-diz-ibge\/#primaryimage\",\"url\":\"https:\/\/brasilnoticias.org\/site\/wp-content\/uploads\/2022\/12\/naom_61f259ef5de1a.jpg\",\"contentUrl\":\"https:\/\/brasilnoticias.org\/site\/wp-content\/uploads\/2022\/12\/naom_61f259ef5de1a.jpg\",\"width\":1920,\"height\":1080},{\"@type\":\"BreadcrumbList\",\"@id\":\"https:\/\/brasilnoticias.org\/site\/dezenove-municipios-nao-tiveram-casos-confirmados-de-covid-em-2021-diz-ibge\/#breadcrumb\",\"itemListElement\":[{\"@type\":\"ListItem\",\"position\":1,\"name\":\"In\u00edcio\",\"item\":\"https:\/\/brasilnoticias.org\/site\/\"},{\"@type\":\"ListItem\",\"position\":2,\"name\":\"Dezenove munic\u00edpios n\u00e3o tiveram casos confirmados de covid em 2021, diz IBGE\"}]},{\"@type\":\"WebSite\",\"@id\":\"https:\/\/brasilnoticias.org\/site\/#website\",\"url\":\"https:\/\/brasilnoticias.org\/site\/\",\"name\":\"Brasil not\u00edcias\",\"description\":\"Brasil not\u00edcias\",\"publisher\":{\"@id\":\"https:\/\/brasilnoticias.org\/site\/#organization\"},\"potentialAction\":[{\"@type\":\"SearchAction\",\"target\":{\"@type\":\"EntryPoint\",\"urlTemplate\":\"https:\/\/brasilnoticias.org\/site\/?s={search_term_string}\"},\"query-input\":{\"@type\":\"PropertyValueSpecification\",\"valueRequired\":true,\"valueName\":\"search_term_string\"}}],\"inLanguage\":\"pt-PT\"},{\"@type\":\"Organization\",\"@id\":\"https:\/\/brasilnoticias.org\/site\/#organization\",\"name\":\"Brasil not\u00edcias\",\"url\":\"https:\/\/brasilnoticias.org\/site\/\",\"logo\":{\"@type\":\"ImageObject\",\"inLanguage\":\"pt-PT\",\"@id\":\"https:\/\/brasilnoticias.org\/site\/#\/schema\/logo\/image\/\",\"url\":\"https:\/\/brasilnoticias.org\/site\/wp-content\/uploads\/2022\/05\/cropped-brasilnoticias-mini.jpg\",\"contentUrl\":\"https:\/\/brasilnoticias.org\/site\/wp-content\/uploads\/2022\/05\/cropped-brasilnoticias-mini.jpg\",\"width\":314,\"height\":86,\"caption\":\"Brasil not\u00edcias\"},\"image\":{\"@id\":\"https:\/\/brasilnoticias.org\/site\/#\/schema\/logo\/image\/\"}},{\"@type\":\"Person\",\"@id\":\"https:\/\/brasilnoticias.org\/site\/#\/schema\/person\/a0e05b973ec4d15c658d51911e53507b\",\"name\":\"Reda\u00e7\u00e3o\",\"image\":{\"@type\":\"ImageObject\",\"inLanguage\":\"pt-PT\",\"@id\":\"https:\/\/brasilnoticias.org\/site\/#\/schema\/person\/image\/\",\"url\":\"https:\/\/secure.gravatar.com\/avatar\/75d8b050df2de108b08ae78dfb8e374892df24a383c67db9c46a9c604f6aee9c?s=96&d=mm&r=g\",\"contentUrl\":\"https:\/\/secure.gravatar.com\/avatar\/75d8b050df2de108b08ae78dfb8e374892df24a383c67db9c46a9c604f6aee9c?s=96&d=mm&r=g\",\"caption\":\"Reda\u00e7\u00e3o\"},\"sameAs\":[\"https:\/\/brasilnoticias.org\/site\"],\"url\":\"https:\/\/brasilnoticias.org\/site\/author\/fernandozsngmail-com\/\"}]}<\/script>\n<!-- \/ Yoast SEO plugin. -->","yoast_head_json":{"title":"Dezenove munic\u00edpios n\u00e3o tiveram casos confirmados de covid em 2021, diz IBGE - Brasil not\u00edcias","robots":{"index":"index","follow":"follow","max-snippet":"max-snippet:-1","max-image-preview":"max-image-preview:large","max-video-preview":"max-video-preview:-1"},"canonical":"https:\/\/brasilnoticias.org\/site\/dezenove-municipios-nao-tiveram-casos-confirmados-de-covid-em-2021-diz-ibge\/","og_locale":"pt_PT","og_type":"article","og_title":"Dezenove munic\u00edpios n\u00e3o tiveram casos confirmados de covid em 2021, diz IBGE - Brasil not\u00edcias","og_description":"Apenas 19 munic\u00edpios brasileiros informaram n\u00e3o terem verificado casos confirmados clinica ou laboratorialmente de covid-19 em 2021. Outros 5.549 (99,6%","og_url":"https:\/\/brasilnoticias.org\/site\/dezenove-municipios-nao-tiveram-casos-confirmados-de-covid-em-2021-diz-ibge\/","og_site_name":"Brasil not\u00edcias","article_published_time":"2022-12-09T10:10:37+00:00","og_image":[{"width":1920,"height":1080,"url":"https:\/\/brasilnoticias.org\/site\/wp-content\/uploads\/2022\/12\/naom_61f259ef5de1a.jpg","type":"image\/jpeg"}],"author":"Reda\u00e7\u00e3o","twitter_card":"summary_large_image","twitter_misc":{"Escrito por":"Reda\u00e7\u00e3o","Tempo estimado de leitura":"3 minutos"},"schema":{"@context":"https:\/\/schema.org","@graph":[{"@type":"Article","@id":"https:\/\/brasilnoticias.org\/site\/dezenove-municipios-nao-tiveram-casos-confirmados-de-covid-em-2021-diz-ibge\/#article","isPartOf":{"@id":"https:\/\/brasilnoticias.org\/site\/dezenove-municipios-nao-tiveram-casos-confirmados-de-covid-em-2021-diz-ibge\/"},"author":{"name":"Reda\u00e7\u00e3o","@id":"https:\/\/brasilnoticias.org\/site\/#\/schema\/person\/a0e05b973ec4d15c658d51911e53507b"},"headline":"Dezenove munic\u00edpios n\u00e3o tiveram casos confirmados de covid em 2021, diz IBGE","datePublished":"2022-12-09T10:10:37+00:00","mainEntityOfPage":{"@id":"https:\/\/brasilnoticias.org\/site\/dezenove-municipios-nao-tiveram-casos-confirmados-de-covid-em-2021-diz-ibge\/"},"wordCount":603,"commentCount":0,"publisher":{"@id":"https:\/\/brasilnoticias.org\/site\/#organization"},"image":{"@id":"https:\/\/brasilnoticias.org\/site\/dezenove-municipios-nao-tiveram-casos-confirmados-de-covid-em-2021-diz-ibge\/#primaryimage"},"thumbnailUrl":"https:\/\/brasilnoticias.org\/site\/wp-content\/uploads\/2022\/12\/naom_61f259ef5de1a.jpg","articleSection":["Not\u00edcias","\u00daltimas"],"inLanguage":"pt-PT","potentialAction":[{"@type":"CommentAction","name":"Comment","target":["https:\/\/brasilnoticias.org\/site\/dezenove-municipios-nao-tiveram-casos-confirmados-de-covid-em-2021-diz-ibge\/#respond"]}]},{"@type":"WebPage","@id":"https:\/\/brasilnoticias.org\/site\/dezenove-municipios-nao-tiveram-casos-confirmados-de-covid-em-2021-diz-ibge\/","url":"https:\/\/brasilnoticias.org\/site\/dezenove-municipios-nao-tiveram-casos-confirmados-de-covid-em-2021-diz-ibge\/","name":"Dezenove munic\u00edpios n\u00e3o tiveram casos confirmados de covid em 2021, diz IBGE - Brasil not\u00edcias","isPartOf":{"@id":"https:\/\/brasilnoticias.org\/site\/#website"},"primaryImageOfPage":{"@id":"https:\/\/brasilnoticias.org\/site\/dezenove-municipios-nao-tiveram-casos-confirmados-de-covid-em-2021-diz-ibge\/#primaryimage"},"image":{"@id":"https:\/\/brasilnoticias.org\/site\/dezenove-municipios-nao-tiveram-casos-confirmados-de-covid-em-2021-diz-ibge\/#primaryimage"},"thumbnailUrl":"https:\/\/brasilnoticias.org\/site\/wp-content\/uploads\/2022\/12\/naom_61f259ef5de1a.jpg","datePublished":"2022-12-09T10:10:37+00:00","breadcrumb":{"@id":"https:\/\/brasilnoticias.org\/site\/dezenove-municipios-nao-tiveram-casos-confirmados-de-covid-em-2021-diz-ibge\/#breadcrumb"},"inLanguage":"pt-PT","potentialAction":[{"@type":"ReadAction","target":["https:\/\/brasilnoticias.org\/site\/dezenove-municipios-nao-tiveram-casos-confirmados-de-covid-em-2021-diz-ibge\/"]}]},{"@type":"ImageObject","inLanguage":"pt-PT","@id":"https:\/\/brasilnoticias.org\/site\/dezenove-municipios-nao-tiveram-casos-confirmados-de-covid-em-2021-diz-ibge\/#primaryimage","url":"https:\/\/brasilnoticias.org\/site\/wp-content\/uploads\/2022\/12\/naom_61f259ef5de1a.jpg","contentUrl":"https:\/\/brasilnoticias.org\/site\/wp-content\/uploads\/2022\/12\/naom_61f259ef5de1a.jpg","width":1920,"height":1080},{"@type":"BreadcrumbList","@id":"https:\/\/brasilnoticias.org\/site\/dezenove-municipios-nao-tiveram-casos-confirmados-de-covid-em-2021-diz-ibge\/#breadcrumb","itemListElement":[{"@type":"ListItem","position":1,"name":"In\u00edcio","item":"https:\/\/brasilnoticias.org\/site\/"},{"@type":"ListItem","position":2,"name":"Dezenove munic\u00edpios n\u00e3o tiveram casos confirmados de covid em 2021, diz IBGE"}]},{"@type":"WebSite","@id":"https:\/\/brasilnoticias.org\/site\/#website","url":"https:\/\/brasilnoticias.org\/site\/","name":"Brasil not\u00edcias","description":"Brasil not\u00edcias","publisher":{"@id":"https:\/\/brasilnoticias.org\/site\/#organization"},"potentialAction":[{"@type":"SearchAction","target":{"@type":"EntryPoint","urlTemplate":"https:\/\/brasilnoticias.org\/site\/?s={search_term_string}"},"query-input":{"@type":"PropertyValueSpecification","valueRequired":true,"valueName":"search_term_string"}}],"inLanguage":"pt-PT"},{"@type":"Organization","@id":"https:\/\/brasilnoticias.org\/site\/#organization","name":"Brasil not\u00edcias","url":"https:\/\/brasilnoticias.org\/site\/","logo":{"@type":"ImageObject","inLanguage":"pt-PT","@id":"https:\/\/brasilnoticias.org\/site\/#\/schema\/logo\/image\/","url":"https:\/\/brasilnoticias.org\/site\/wp-content\/uploads\/2022\/05\/cropped-brasilnoticias-mini.jpg","contentUrl":"https:\/\/brasilnoticias.org\/site\/wp-content\/uploads\/2022\/05\/cropped-brasilnoticias-mini.jpg","width":314,"height":86,"caption":"Brasil not\u00edcias"},"image":{"@id":"https:\/\/brasilnoticias.org\/site\/#\/schema\/logo\/image\/"}},{"@type":"Person","@id":"https:\/\/brasilnoticias.org\/site\/#\/schema\/person\/a0e05b973ec4d15c658d51911e53507b","name":"Reda\u00e7\u00e3o","image":{"@type":"ImageObject","inLanguage":"pt-PT","@id":"https:\/\/brasilnoticias.org\/site\/#\/schema\/person\/image\/","url":"https:\/\/secure.gravatar.com\/avatar\/75d8b050df2de108b08ae78dfb8e374892df24a383c67db9c46a9c604f6aee9c?s=96&d=mm&r=g","contentUrl":"https:\/\/secure.gravatar.com\/avatar\/75d8b050df2de108b08ae78dfb8e374892df24a383c67db9c46a9c604f6aee9c?s=96&d=mm&r=g","caption":"Reda\u00e7\u00e3o"},"sameAs":["https:\/\/brasilnoticias.org\/site"],"url":"https:\/\/brasilnoticias.org\/site\/author\/fernandozsngmail-com\/"}]}},"_links":{"self":[{"href":"https:\/\/brasilnoticias.org\/site\/wp-json\/wp\/v2\/posts\/2647","targetHints":{"allow":["GET"]}}],"collection":[{"href":"https:\/\/brasilnoticias.org\/site\/wp-json\/wp\/v2\/posts"}],"about":[{"href":"https:\/\/brasilnoticias.org\/site\/wp-json\/wp\/v2\/types\/post"}],"author":[{"embeddable":true,"href":"https:\/\/brasilnoticias.org\/site\/wp-json\/wp\/v2\/users\/1"}],"replies":[{"embeddable":true,"href":"https:\/\/brasilnoticias.org\/site\/wp-json\/wp\/v2\/comments?post=2647"}],"version-history":[{"count":1,"href":"https:\/\/brasilnoticias.org\/site\/wp-json\/wp\/v2\/posts\/2647\/revisions"}],"predecessor-version":[{"id":2649,"href":"https:\/\/brasilnoticias.org\/site\/wp-json\/wp\/v2\/posts\/2647\/revisions\/2649"}],"wp:featuredmedia":[{"embeddable":true,"href":"https:\/\/brasilnoticias.org\/site\/wp-json\/wp\/v2\/media\/2648"}],"wp:attachment":[{"href":"https:\/\/brasilnoticias.org\/site\/wp-json\/wp\/v2\/media?parent=2647"}],"wp:term":[{"taxonomy":"category","embeddable":true,"href":"https:\/\/brasilnoticias.org\/site\/wp-json\/wp\/v2\/categories?post=2647"},{"taxonomy":"post_tag","embeddable":true,"href":"https:\/\/brasilnoticias.org\/site\/wp-json\/wp\/v2\/tags?post=2647"}],"curies":[{"name":"wp","href":"https:\/\/api.w.org\/{rel}","templated":true}]}}