{"id":265,"date":"2022-05-15T08:37:19","date_gmt":"2022-05-15T11:37:19","guid":{"rendered":"https:\/\/brasilnoticias.org\/site\/?p=265"},"modified":"2022-05-15T08:37:19","modified_gmt":"2022-05-15T11:37:19","slug":"suspeitos-de-participacao-em-roubos-de-caminhoes-sao-presos-no-norte-da-bahia","status":"publish","type":"post","link":"https:\/\/brasilnoticias.org\/site\/suspeitos-de-participacao-em-roubos-de-caminhoes-sao-presos-no-norte-da-bahia\/","title":{"rendered":"SUSPEITOS DE PARTICIPA\u00c7\u00c3O EM ROUBOS DE CAMINH\u00d5ES S\u00c3O PRESOS NO NORTE DA BAHIA"},"content":{"rendered":"<p>Uma opera\u00e7\u00e3o realizada pela Coordenadoria Regional de Pol\u00edcia do Interior (Coorpin) apreendeu quatro pessoas suspeitas de formarem uma quadrilha que realizavam roubos a caminh\u00f5es em Juazeiro, na regi\u00e3o norte do estado. Tr\u00eas homens e uma mulher foram levados em cust\u00f3dia para a delegacia de Repress\u00e3o a Furtos e Roubos (DRFR) da cidade.<\/p>\n<p>De acordo com a Pol\u00edcia Civil, os mandatos de pris\u00e3o foram cumpridos durante a Opera\u00e7\u00e3o Ajuste de Rota, realizada nas cidades de Juazeiro e Petrolina, na \u00faltima sexta-feira (13)<\/p>\n<p>O delegado da DRFR de Juazeiro, Reginaldo C\u00e9sar Cabal de Lima, afirmou que a quadrilha j\u00e1 vinha sendo investigada a mais de um ano. \u201cIniciamos as apura\u00e7\u00f5es ap\u00f3s v\u00e1rios registros de roubos de caminh\u00f5es, culminando na instaura\u00e7\u00e3o de 19 Inqu\u00e9ritos Policiais, tendo a 17\u00aa Coorpin procedido com as representa\u00e7\u00f5es pelas medidas cautelares necess\u00e1rias\u201d, disse Cabral.<\/p>\n<p>De acordo com as informa\u00e7\u00f5es divulgadas pela pol\u00edcia, a organiza\u00e7\u00e3o criminosa foi respons\u00e1vel por mais de 20 roubos a caminh\u00f5es e caminhonetes na regi\u00e3o.<\/p>\n<p>&nbsp;<\/p>\n<p>&nbsp;<\/p>\n<p>Bnews<\/p>\n","protected":false},"excerpt":{"rendered":"<p>Uma opera\u00e7\u00e3o realizada pela Coordenadoria Regional de Pol\u00edcia do Interior (Coorpin) apreendeu quatro pessoas suspeitas de formarem uma quadrilha que<\/p>\n","protected":false},"author":2,"featured_media":266,"comment_status":"open","ping_status":"open","sticky":false,"template":"","format":"standard","meta":{"colormag_page_container_layout":"default_layout","colormag_page_sidebar_layout":"default_layout","_FSMCFIC_featured_image_caption":"","_FSMCFIC_featured_image_nocaption":"","_FSMCFIC_featured_image_hide":"","footnotes":""},"categories":[3,1],"tags":[],"class_list":["post-265","post","type-post","status-publish","format-standard","has-post-thumbnail","hentry","category-policia","category-ultimas"],"yoast_head":"<!-- This site is optimized with the Yoast SEO plugin v27.1.1 - https:\/\/yoast.com\/product\/yoast-seo-wordpress\/ -->\n<title>SUSPEITOS DE PARTICIPA\u00c7\u00c3O EM ROUBOS DE CAMINH\u00d5ES S\u00c3O PRESOS NO NORTE DA BAHIA - Brasil not\u00edcias<\/title>\n<meta name=\"robots\" content=\"index, follow, max-snippet:-1, max-image-preview:large, max-video-preview:-1\" \/>\n<link rel=\"canonical\" href=\"https:\/\/brasilnoticias.org\/site\/suspeitos-de-participacao-em-roubos-de-caminhoes-sao-presos-no-norte-da-bahia\/\" \/>\n<meta property=\"og:locale\" content=\"pt_PT\" \/>\n<meta property=\"og:type\" content=\"article\" \/>\n<meta property=\"og:title\" content=\"SUSPEITOS DE PARTICIPA\u00c7\u00c3O EM ROUBOS DE CAMINH\u00d5ES S\u00c3O PRESOS NO NORTE DA BAHIA - Brasil not\u00edcias\" \/>\n<meta property=\"og:description\" content=\"Uma opera\u00e7\u00e3o realizada pela Coordenadoria Regional de Pol\u00edcia do Interior (Coorpin) apreendeu quatro pessoas suspeitas de formarem uma quadrilha que\" \/>\n<meta property=\"og:url\" content=\"https:\/\/brasilnoticias.org\/site\/suspeitos-de-participacao-em-roubos-de-caminhoes-sao-presos-no-norte-da-bahia\/\" \/>\n<meta property=\"og:site_name\" content=\"Brasil not\u00edcias\" \/>\n<meta property=\"article:published_time\" content=\"2022-05-15T11:37:19+00:00\" \/>\n<meta property=\"og:image\" content=\"https:\/\/brasilnoticias.org\/site\/wp-content\/uploads\/2022\/05\/whatsapp_image_2022-05-14_at_16.53.24_widelg.jpeg\" \/>\n\t<meta property=\"og:image:width\" content=\"800\" \/>\n\t<meta property=\"og:image:height\" content=\"450\" \/>\n\t<meta property=\"og:image:type\" content=\"image\/jpeg\" \/>\n<meta name=\"author\" content=\"Reda\u00e7\u00e3o\" \/>\n<meta name=\"twitter:card\" content=\"summary_large_image\" \/>\n<meta name=\"twitter:label1\" content=\"Escrito por\" \/>\n\t<meta name=\"twitter:data1\" content=\"Reda\u00e7\u00e3o\" \/>\n\t<meta name=\"twitter:label2\" content=\"Tempo estimado de leitura\" \/>\n\t<meta name=\"twitter:data2\" content=\"1 minuto\" \/>\n<script type=\"application\/ld+json\" class=\"yoast-schema-graph\">{\"@context\":\"https:\/\/schema.org\",\"@graph\":[{\"@type\":\"Article\",\"@id\":\"https:\/\/brasilnoticias.org\/site\/suspeitos-de-participacao-em-roubos-de-caminhoes-sao-presos-no-norte-da-bahia\/#article\",\"isPartOf\":{\"@id\":\"https:\/\/brasilnoticias.org\/site\/suspeitos-de-participacao-em-roubos-de-caminhoes-sao-presos-no-norte-da-bahia\/\"},\"author\":{\"name\":\"Reda\u00e7\u00e3o\",\"@id\":\"https:\/\/brasilnoticias.org\/site\/#\/schema\/person\/f609fa847b5314f1c8b983342f34c798\"},\"headline\":\"SUSPEITOS DE PARTICIPA\u00c7\u00c3O EM ROUBOS DE CAMINH\u00d5ES S\u00c3O PRESOS NO NORTE DA BAHIA\",\"datePublished\":\"2022-05-15T11:37:19+00:00\",\"mainEntityOfPage\":{\"@id\":\"https:\/\/brasilnoticias.org\/site\/suspeitos-de-participacao-em-roubos-de-caminhoes-sao-presos-no-norte-da-bahia\/\"},\"wordCount\":200,\"commentCount\":0,\"publisher\":{\"@id\":\"https:\/\/brasilnoticias.org\/site\/#organization\"},\"image\":{\"@id\":\"https:\/\/brasilnoticias.org\/site\/suspeitos-de-participacao-em-roubos-de-caminhoes-sao-presos-no-norte-da-bahia\/#primaryimage\"},\"thumbnailUrl\":\"https:\/\/brasilnoticias.org\/site\/wp-content\/uploads\/2022\/05\/whatsapp_image_2022-05-14_at_16.53.24_widelg.jpeg\",\"articleSection\":[\"Pol\u00edcia\",\"\u00daltimas\"],\"inLanguage\":\"pt-PT\",\"potentialAction\":[{\"@type\":\"CommentAction\",\"name\":\"Comment\",\"target\":[\"https:\/\/brasilnoticias.org\/site\/suspeitos-de-participacao-em-roubos-de-caminhoes-sao-presos-no-norte-da-bahia\/#respond\"]}]},{\"@type\":\"WebPage\",\"@id\":\"https:\/\/brasilnoticias.org\/site\/suspeitos-de-participacao-em-roubos-de-caminhoes-sao-presos-no-norte-da-bahia\/\",\"url\":\"https:\/\/brasilnoticias.org\/site\/suspeitos-de-participacao-em-roubos-de-caminhoes-sao-presos-no-norte-da-bahia\/\",\"name\":\"SUSPEITOS DE PARTICIPA\u00c7\u00c3O EM ROUBOS DE CAMINH\u00d5ES S\u00c3O PRESOS NO NORTE DA BAHIA - Brasil not\u00edcias\",\"isPartOf\":{\"@id\":\"https:\/\/brasilnoticias.org\/site\/#website\"},\"primaryImageOfPage\":{\"@id\":\"https:\/\/brasilnoticias.org\/site\/suspeitos-de-participacao-em-roubos-de-caminhoes-sao-presos-no-norte-da-bahia\/#primaryimage\"},\"image\":{\"@id\":\"https:\/\/brasilnoticias.org\/site\/suspeitos-de-participacao-em-roubos-de-caminhoes-sao-presos-no-norte-da-bahia\/#primaryimage\"},\"thumbnailUrl\":\"https:\/\/brasilnoticias.org\/site\/wp-content\/uploads\/2022\/05\/whatsapp_image_2022-05-14_at_16.53.24_widelg.jpeg\",\"datePublished\":\"2022-05-15T11:37:19+00:00\",\"breadcrumb\":{\"@id\":\"https:\/\/brasilnoticias.org\/site\/suspeitos-de-participacao-em-roubos-de-caminhoes-sao-presos-no-norte-da-bahia\/#breadcrumb\"},\"inLanguage\":\"pt-PT\",\"potentialAction\":[{\"@type\":\"ReadAction\",\"target\":[\"https:\/\/brasilnoticias.org\/site\/suspeitos-de-participacao-em-roubos-de-caminhoes-sao-presos-no-norte-da-bahia\/\"]}]},{\"@type\":\"ImageObject\",\"inLanguage\":\"pt-PT\",\"@id\":\"https:\/\/brasilnoticias.org\/site\/suspeitos-de-participacao-em-roubos-de-caminhoes-sao-presos-no-norte-da-bahia\/#primaryimage\",\"url\":\"https:\/\/brasilnoticias.org\/site\/wp-content\/uploads\/2022\/05\/whatsapp_image_2022-05-14_at_16.53.24_widelg.jpeg\",\"contentUrl\":\"https:\/\/brasilnoticias.org\/site\/wp-content\/uploads\/2022\/05\/whatsapp_image_2022-05-14_at_16.53.24_widelg.jpeg\",\"width\":800,\"height\":450},{\"@type\":\"BreadcrumbList\",\"@id\":\"https:\/\/brasilnoticias.org\/site\/suspeitos-de-participacao-em-roubos-de-caminhoes-sao-presos-no-norte-da-bahia\/#breadcrumb\",\"itemListElement\":[{\"@type\":\"ListItem\",\"position\":1,\"name\":\"In\u00edcio\",\"item\":\"https:\/\/brasilnoticias.org\/site\/\"},{\"@type\":\"ListItem\",\"position\":2,\"name\":\"SUSPEITOS DE PARTICIPA\u00c7\u00c3O EM ROUBOS DE CAMINH\u00d5ES S\u00c3O PRESOS NO NORTE DA BAHIA\"}]},{\"@type\":\"WebSite\",\"@id\":\"https:\/\/brasilnoticias.org\/site\/#website\",\"url\":\"https:\/\/brasilnoticias.org\/site\/\",\"name\":\"Brasil not\u00edcias\",\"description\":\"Brasil not\u00edcias\",\"publisher\":{\"@id\":\"https:\/\/brasilnoticias.org\/site\/#organization\"},\"potentialAction\":[{\"@type\":\"SearchAction\",\"target\":{\"@type\":\"EntryPoint\",\"urlTemplate\":\"https:\/\/brasilnoticias.org\/site\/?s={search_term_string}\"},\"query-input\":{\"@type\":\"PropertyValueSpecification\",\"valueRequired\":true,\"valueName\":\"search_term_string\"}}],\"inLanguage\":\"pt-PT\"},{\"@type\":\"Organization\",\"@id\":\"https:\/\/brasilnoticias.org\/site\/#organization\",\"name\":\"Brasil not\u00edcias\",\"url\":\"https:\/\/brasilnoticias.org\/site\/\",\"logo\":{\"@type\":\"ImageObject\",\"inLanguage\":\"pt-PT\",\"@id\":\"https:\/\/brasilnoticias.org\/site\/#\/schema\/logo\/image\/\",\"url\":\"https:\/\/brasilnoticias.org\/site\/wp-content\/uploads\/2022\/05\/cropped-brasilnoticias-mini.jpg\",\"contentUrl\":\"https:\/\/brasilnoticias.org\/site\/wp-content\/uploads\/2022\/05\/cropped-brasilnoticias-mini.jpg\",\"width\":314,\"height\":86,\"caption\":\"Brasil not\u00edcias\"},\"image\":{\"@id\":\"https:\/\/brasilnoticias.org\/site\/#\/schema\/logo\/image\/\"}},{\"@type\":\"Person\",\"@id\":\"https:\/\/brasilnoticias.org\/site\/#\/schema\/person\/f609fa847b5314f1c8b983342f34c798\",\"name\":\"Reda\u00e7\u00e3o\",\"image\":{\"@type\":\"ImageObject\",\"inLanguage\":\"pt-PT\",\"@id\":\"https:\/\/brasilnoticias.org\/site\/#\/schema\/person\/image\/\",\"url\":\"https:\/\/secure.gravatar.com\/avatar\/447284c06c1ad8b46465a36de9cd0d8326b73387a22799b8b1ffb1fbcff2ed0c?s=96&d=mm&r=g\",\"contentUrl\":\"https:\/\/secure.gravatar.com\/avatar\/447284c06c1ad8b46465a36de9cd0d8326b73387a22799b8b1ffb1fbcff2ed0c?s=96&d=mm&r=g\",\"caption\":\"Reda\u00e7\u00e3o\"},\"url\":\"https:\/\/brasilnoticias.org\/site\/author\/redacao\/\"}]}<\/script>\n<!-- \/ Yoast SEO plugin. -->","yoast_head_json":{"title":"SUSPEITOS DE PARTICIPA\u00c7\u00c3O EM ROUBOS DE CAMINH\u00d5ES S\u00c3O PRESOS NO NORTE DA BAHIA - Brasil not\u00edcias","robots":{"index":"index","follow":"follow","max-snippet":"max-snippet:-1","max-image-preview":"max-image-preview:large","max-video-preview":"max-video-preview:-1"},"canonical":"https:\/\/brasilnoticias.org\/site\/suspeitos-de-participacao-em-roubos-de-caminhoes-sao-presos-no-norte-da-bahia\/","og_locale":"pt_PT","og_type":"article","og_title":"SUSPEITOS DE PARTICIPA\u00c7\u00c3O EM ROUBOS DE CAMINH\u00d5ES S\u00c3O PRESOS NO NORTE DA BAHIA - Brasil not\u00edcias","og_description":"Uma opera\u00e7\u00e3o realizada pela Coordenadoria Regional de Pol\u00edcia do Interior (Coorpin) apreendeu quatro pessoas suspeitas de formarem uma quadrilha que","og_url":"https:\/\/brasilnoticias.org\/site\/suspeitos-de-participacao-em-roubos-de-caminhoes-sao-presos-no-norte-da-bahia\/","og_site_name":"Brasil not\u00edcias","article_published_time":"2022-05-15T11:37:19+00:00","og_image":[{"width":800,"height":450,"url":"https:\/\/brasilnoticias.org\/site\/wp-content\/uploads\/2022\/05\/whatsapp_image_2022-05-14_at_16.53.24_widelg.jpeg","type":"image\/jpeg"}],"author":"Reda\u00e7\u00e3o","twitter_card":"summary_large_image","twitter_misc":{"Escrito por":"Reda\u00e7\u00e3o","Tempo estimado de leitura":"1 minuto"},"schema":{"@context":"https:\/\/schema.org","@graph":[{"@type":"Article","@id":"https:\/\/brasilnoticias.org\/site\/suspeitos-de-participacao-em-roubos-de-caminhoes-sao-presos-no-norte-da-bahia\/#article","isPartOf":{"@id":"https:\/\/brasilnoticias.org\/site\/suspeitos-de-participacao-em-roubos-de-caminhoes-sao-presos-no-norte-da-bahia\/"},"author":{"name":"Reda\u00e7\u00e3o","@id":"https:\/\/brasilnoticias.org\/site\/#\/schema\/person\/f609fa847b5314f1c8b983342f34c798"},"headline":"SUSPEITOS DE PARTICIPA\u00c7\u00c3O EM ROUBOS DE CAMINH\u00d5ES S\u00c3O PRESOS NO NORTE DA BAHIA","datePublished":"2022-05-15T11:37:19+00:00","mainEntityOfPage":{"@id":"https:\/\/brasilnoticias.org\/site\/suspeitos-de-participacao-em-roubos-de-caminhoes-sao-presos-no-norte-da-bahia\/"},"wordCount":200,"commentCount":0,"publisher":{"@id":"https:\/\/brasilnoticias.org\/site\/#organization"},"image":{"@id":"https:\/\/brasilnoticias.org\/site\/suspeitos-de-participacao-em-roubos-de-caminhoes-sao-presos-no-norte-da-bahia\/#primaryimage"},"thumbnailUrl":"https:\/\/brasilnoticias.org\/site\/wp-content\/uploads\/2022\/05\/whatsapp_image_2022-05-14_at_16.53.24_widelg.jpeg","articleSection":["Pol\u00edcia","\u00daltimas"],"inLanguage":"pt-PT","potentialAction":[{"@type":"CommentAction","name":"Comment","target":["https:\/\/brasilnoticias.org\/site\/suspeitos-de-participacao-em-roubos-de-caminhoes-sao-presos-no-norte-da-bahia\/#respond"]}]},{"@type":"WebPage","@id":"https:\/\/brasilnoticias.org\/site\/suspeitos-de-participacao-em-roubos-de-caminhoes-sao-presos-no-norte-da-bahia\/","url":"https:\/\/brasilnoticias.org\/site\/suspeitos-de-participacao-em-roubos-de-caminhoes-sao-presos-no-norte-da-bahia\/","name":"SUSPEITOS DE PARTICIPA\u00c7\u00c3O EM ROUBOS DE CAMINH\u00d5ES S\u00c3O PRESOS NO NORTE DA BAHIA - Brasil not\u00edcias","isPartOf":{"@id":"https:\/\/brasilnoticias.org\/site\/#website"},"primaryImageOfPage":{"@id":"https:\/\/brasilnoticias.org\/site\/suspeitos-de-participacao-em-roubos-de-caminhoes-sao-presos-no-norte-da-bahia\/#primaryimage"},"image":{"@id":"https:\/\/brasilnoticias.org\/site\/suspeitos-de-participacao-em-roubos-de-caminhoes-sao-presos-no-norte-da-bahia\/#primaryimage"},"thumbnailUrl":"https:\/\/brasilnoticias.org\/site\/wp-content\/uploads\/2022\/05\/whatsapp_image_2022-05-14_at_16.53.24_widelg.jpeg","datePublished":"2022-05-15T11:37:19+00:00","breadcrumb":{"@id":"https:\/\/brasilnoticias.org\/site\/suspeitos-de-participacao-em-roubos-de-caminhoes-sao-presos-no-norte-da-bahia\/#breadcrumb"},"inLanguage":"pt-PT","potentialAction":[{"@type":"ReadAction","target":["https:\/\/brasilnoticias.org\/site\/suspeitos-de-participacao-em-roubos-de-caminhoes-sao-presos-no-norte-da-bahia\/"]}]},{"@type":"ImageObject","inLanguage":"pt-PT","@id":"https:\/\/brasilnoticias.org\/site\/suspeitos-de-participacao-em-roubos-de-caminhoes-sao-presos-no-norte-da-bahia\/#primaryimage","url":"https:\/\/brasilnoticias.org\/site\/wp-content\/uploads\/2022\/05\/whatsapp_image_2022-05-14_at_16.53.24_widelg.jpeg","contentUrl":"https:\/\/brasilnoticias.org\/site\/wp-content\/uploads\/2022\/05\/whatsapp_image_2022-05-14_at_16.53.24_widelg.jpeg","width":800,"height":450},{"@type":"BreadcrumbList","@id":"https:\/\/brasilnoticias.org\/site\/suspeitos-de-participacao-em-roubos-de-caminhoes-sao-presos-no-norte-da-bahia\/#breadcrumb","itemListElement":[{"@type":"ListItem","position":1,"name":"In\u00edcio","item":"https:\/\/brasilnoticias.org\/site\/"},{"@type":"ListItem","position":2,"name":"SUSPEITOS DE PARTICIPA\u00c7\u00c3O EM ROUBOS DE CAMINH\u00d5ES S\u00c3O PRESOS NO NORTE DA BAHIA"}]},{"@type":"WebSite","@id":"https:\/\/brasilnoticias.org\/site\/#website","url":"https:\/\/brasilnoticias.org\/site\/","name":"Brasil not\u00edcias","description":"Brasil not\u00edcias","publisher":{"@id":"https:\/\/brasilnoticias.org\/site\/#organization"},"potentialAction":[{"@type":"SearchAction","target":{"@type":"EntryPoint","urlTemplate":"https:\/\/brasilnoticias.org\/site\/?s={search_term_string}"},"query-input":{"@type":"PropertyValueSpecification","valueRequired":true,"valueName":"search_term_string"}}],"inLanguage":"pt-PT"},{"@type":"Organization","@id":"https:\/\/brasilnoticias.org\/site\/#organization","name":"Brasil not\u00edcias","url":"https:\/\/brasilnoticias.org\/site\/","logo":{"@type":"ImageObject","inLanguage":"pt-PT","@id":"https:\/\/brasilnoticias.org\/site\/#\/schema\/logo\/image\/","url":"https:\/\/brasilnoticias.org\/site\/wp-content\/uploads\/2022\/05\/cropped-brasilnoticias-mini.jpg","contentUrl":"https:\/\/brasilnoticias.org\/site\/wp-content\/uploads\/2022\/05\/cropped-brasilnoticias-mini.jpg","width":314,"height":86,"caption":"Brasil not\u00edcias"},"image":{"@id":"https:\/\/brasilnoticias.org\/site\/#\/schema\/logo\/image\/"}},{"@type":"Person","@id":"https:\/\/brasilnoticias.org\/site\/#\/schema\/person\/f609fa847b5314f1c8b983342f34c798","name":"Reda\u00e7\u00e3o","image":{"@type":"ImageObject","inLanguage":"pt-PT","@id":"https:\/\/brasilnoticias.org\/site\/#\/schema\/person\/image\/","url":"https:\/\/secure.gravatar.com\/avatar\/447284c06c1ad8b46465a36de9cd0d8326b73387a22799b8b1ffb1fbcff2ed0c?s=96&d=mm&r=g","contentUrl":"https:\/\/secure.gravatar.com\/avatar\/447284c06c1ad8b46465a36de9cd0d8326b73387a22799b8b1ffb1fbcff2ed0c?s=96&d=mm&r=g","caption":"Reda\u00e7\u00e3o"},"url":"https:\/\/brasilnoticias.org\/site\/author\/redacao\/"}]}},"_links":{"self":[{"href":"https:\/\/brasilnoticias.org\/site\/wp-json\/wp\/v2\/posts\/265","targetHints":{"allow":["GET"]}}],"collection":[{"href":"https:\/\/brasilnoticias.org\/site\/wp-json\/wp\/v2\/posts"}],"about":[{"href":"https:\/\/brasilnoticias.org\/site\/wp-json\/wp\/v2\/types\/post"}],"author":[{"embeddable":true,"href":"https:\/\/brasilnoticias.org\/site\/wp-json\/wp\/v2\/users\/2"}],"replies":[{"embeddable":true,"href":"https:\/\/brasilnoticias.org\/site\/wp-json\/wp\/v2\/comments?post=265"}],"version-history":[{"count":1,"href":"https:\/\/brasilnoticias.org\/site\/wp-json\/wp\/v2\/posts\/265\/revisions"}],"predecessor-version":[{"id":267,"href":"https:\/\/brasilnoticias.org\/site\/wp-json\/wp\/v2\/posts\/265\/revisions\/267"}],"wp:featuredmedia":[{"embeddable":true,"href":"https:\/\/brasilnoticias.org\/site\/wp-json\/wp\/v2\/media\/266"}],"wp:attachment":[{"href":"https:\/\/brasilnoticias.org\/site\/wp-json\/wp\/v2\/media?parent=265"}],"wp:term":[{"taxonomy":"category","embeddable":true,"href":"https:\/\/brasilnoticias.org\/site\/wp-json\/wp\/v2\/categories?post=265"},{"taxonomy":"post_tag","embeddable":true,"href":"https:\/\/brasilnoticias.org\/site\/wp-json\/wp\/v2\/tags?post=265"}],"curies":[{"name":"wp","href":"https:\/\/api.w.org\/{rel}","templated":true}]}}