{"id":2660,"date":"2022-12-09T18:10:46","date_gmt":"2022-12-09T21:10:46","guid":{"rendered":"https:\/\/brasilnoticias.org\/site\/?p=2660"},"modified":"2022-12-09T07:06:45","modified_gmt":"2022-12-09T10:06:45","slug":"palmeiras-chega-a-acordo-com-real-madrid-pelo-atacante-endrick-diz-jornal","status":"publish","type":"post","link":"https:\/\/brasilnoticias.org\/site\/palmeiras-chega-a-acordo-com-real-madrid-pelo-atacante-endrick-diz-jornal\/","title":{"rendered":"Palmeiras chega a acordo com Real Madrid pelo atacante Endrick, diz jornal"},"content":{"rendered":"<p>O Palmeiras entrou em acordo com o Real Madrid para negociar o atacante Endrick, de 16 anos. A proposta oferecida pelo clube merengue poderia chegar a 60 milh\u00f5es de euros (R$ 329 milh\u00f5es), o valor da multa rescis\u00f3ria do jogador para ir a clubes do exterior. As informa\u00e7\u00f5es s\u00e3o do jornal espanhol Marca.<\/p>\n<p>Pela negocia\u00e7\u00e3o, segundo o di\u00e1rio, o contrato seria de tr\u00eas anos com op\u00e7\u00e3o para renova\u00e7\u00e3o por mais tr\u00eas. A apresenta\u00e7\u00e3o do jogador, no entanto, se daria apenas em 2024, ap\u00f3s ele completar 18 anos, em 21 de julho.<\/p>\n<p>J\u00e1 o valor da transa\u00e7\u00e3o seria de 35 milh\u00f5es de euros fixos (R$ 192 milh\u00f5es) mais 25 milh\u00f5es de euros (R$ 137 milh\u00f5es) em b\u00f4nus vari\u00e1veis, dependendo do aproveitamento do atacante com a camisa do clube. Se o desenvolvimento de Endrick for o esperado, o valor total ser\u00e1 o da multa rescis\u00f3ria com o Verd\u00e3o.<\/p>\n<p>O clube tem 70% dos direitos econ\u00f4micos do atleta e a fam\u00edlia, os outros 30%.<\/p>\n<p>Se a negocia\u00e7\u00e3o entre os clubes j\u00e1 estaria finalizada, a transfer\u00eancia ainda n\u00e3o p\u00f4de ser concretizada porque, segundo o Marca, h\u00e1 uma pend\u00eancia burocr\u00e1tica com a Fifa, por se tratar de acordo envolvendo atleta menor de idade.<\/p>\n<p>A reportagem do di\u00e1rio explica que o Palmeiras n\u00e3o conseguiu inserir os dados da transa\u00e7\u00e3o no Fifa Transfer Matching System (sistema de correspond\u00eancia de transfer\u00eancia), que \u00e9 a plataforma habilitada para isso. Enquanto esse cadastro n\u00e3o for feito, o contrato n\u00e3o pode ser assinado.<\/p>\n<p>Dando certo a negocia\u00e7\u00e3o, o Real ter\u00e1 vencido uma grande concorr\u00eancia pelo jogador. Al\u00e9m dos merengues, o arquirrival Barcelona, o franc\u00eas PSG, a italiana Juventus e os ingleses Manchester City, Manchester United, Liverpool e Chelsea j\u00e1 haviam demonstrado interesse em contar com a joia alviverde.<\/p>\n<p>Ele, por\u00e9m, nunca escondeu a vontade de defender o Real, onde atuam outros quatro brasileiros, Vinicius Junior, Casemiro, Rodrygo e Milit\u00e3o.<\/p>\n<p>Neste ano, Endrick se tornou o \u00fanico jogador da hist\u00f3ria do Palmeiras a conquistar t\u00edtulos em todas as categorias que disputou, sub-11, sub-13, sub-15, sub-17, sub-20 e Copa S\u00e3o Paulo de Futebol Junior 2022, al\u00e9m do Brasileir\u00e3o com o elenco principal.<\/p>\n<p>Nesta \u00faltima competi\u00e7\u00e3o, ele disputou sete jogos e marcou tr\u00eas gols, ganhando o pr\u00eamio de revela\u00e7\u00e3o do campeonato.<\/p>\n<p>Esse desempenho acabou chamando aten\u00e7\u00e3o dos olheiros internacionais e ele passou a ser assediado pelos representantes. No fim de novembro, ele foi \u00e0 Europa com o pai, Douglas Ramos, para visitar os clubes interessados.<\/p>\n<p>Foto Palmeiras \/ Divulga\u00e7\u00e3o<br \/>\nNot\u00edcias ao minuto<\/p>\n","protected":false},"excerpt":{"rendered":"<p>O Palmeiras entrou em acordo com o Real Madrid para negociar o atacante Endrick, de 16 anos. A proposta oferecida<\/p>\n","protected":false},"author":1,"featured_media":2661,"comment_status":"open","ping_status":"open","sticky":false,"template":"","format":"standard","meta":{"colormag_page_container_layout":"default_layout","colormag_page_sidebar_layout":"default_layout","_FSMCFIC_featured_image_caption":"","_FSMCFIC_featured_image_nocaption":"","_FSMCFIC_featured_image_hide":"","footnotes":""},"categories":[4,1],"tags":[],"class_list":["post-2660","post","type-post","status-publish","format-standard","has-post-thumbnail","hentry","category-esporte","category-ultimas"],"yoast_head":"<!-- This site is optimized with the Yoast SEO plugin v27.1.1 - https:\/\/yoast.com\/product\/yoast-seo-wordpress\/ -->\n<title>Palmeiras chega a acordo com Real Madrid pelo atacante Endrick, diz jornal - Brasil not\u00edcias<\/title>\n<meta name=\"robots\" content=\"index, follow, max-snippet:-1, max-image-preview:large, max-video-preview:-1\" \/>\n<link rel=\"canonical\" href=\"https:\/\/brasilnoticias.org\/site\/palmeiras-chega-a-acordo-com-real-madrid-pelo-atacante-endrick-diz-jornal\/\" \/>\n<meta property=\"og:locale\" content=\"pt_PT\" \/>\n<meta property=\"og:type\" content=\"article\" \/>\n<meta property=\"og:title\" content=\"Palmeiras chega a acordo com Real Madrid pelo atacante Endrick, diz jornal - Brasil not\u00edcias\" \/>\n<meta property=\"og:description\" content=\"O Palmeiras entrou em acordo com o Real Madrid para negociar o atacante Endrick, de 16 anos. A proposta oferecida\" \/>\n<meta property=\"og:url\" content=\"https:\/\/brasilnoticias.org\/site\/palmeiras-chega-a-acordo-com-real-madrid-pelo-atacante-endrick-diz-jornal\/\" \/>\n<meta property=\"og:site_name\" content=\"Brasil not\u00edcias\" \/>\n<meta property=\"article:published_time\" content=\"2022-12-09T21:10:46+00:00\" \/>\n<meta property=\"og:image\" content=\"https:\/\/brasilnoticias.org\/site\/wp-content\/uploads\/2022\/12\/naom_62d961c2ccebc.jpg\" \/>\n\t<meta property=\"og:image:width\" content=\"960\" \/>\n\t<meta property=\"og:image:height\" content=\"540\" \/>\n\t<meta property=\"og:image:type\" content=\"image\/jpeg\" \/>\n<meta name=\"author\" content=\"Reda\u00e7\u00e3o\" \/>\n<meta name=\"twitter:card\" content=\"summary_large_image\" \/>\n<meta name=\"twitter:label1\" content=\"Escrito por\" \/>\n\t<meta name=\"twitter:data1\" content=\"Reda\u00e7\u00e3o\" \/>\n\t<meta name=\"twitter:label2\" content=\"Tempo estimado de leitura\" \/>\n\t<meta name=\"twitter:data2\" content=\"2 minutos\" \/>\n<script type=\"application\/ld+json\" class=\"yoast-schema-graph\">{\"@context\":\"https:\/\/schema.org\",\"@graph\":[{\"@type\":\"Article\",\"@id\":\"https:\/\/brasilnoticias.org\/site\/palmeiras-chega-a-acordo-com-real-madrid-pelo-atacante-endrick-diz-jornal\/#article\",\"isPartOf\":{\"@id\":\"https:\/\/brasilnoticias.org\/site\/palmeiras-chega-a-acordo-com-real-madrid-pelo-atacante-endrick-diz-jornal\/\"},\"author\":{\"name\":\"Reda\u00e7\u00e3o\",\"@id\":\"https:\/\/brasilnoticias.org\/site\/#\/schema\/person\/a0e05b973ec4d15c658d51911e53507b\"},\"headline\":\"Palmeiras chega a acordo com Real Madrid pelo atacante Endrick, diz jornal\",\"datePublished\":\"2022-12-09T21:10:46+00:00\",\"mainEntityOfPage\":{\"@id\":\"https:\/\/brasilnoticias.org\/site\/palmeiras-chega-a-acordo-com-real-madrid-pelo-atacante-endrick-diz-jornal\/\"},\"wordCount\":459,\"commentCount\":0,\"publisher\":{\"@id\":\"https:\/\/brasilnoticias.org\/site\/#organization\"},\"image\":{\"@id\":\"https:\/\/brasilnoticias.org\/site\/palmeiras-chega-a-acordo-com-real-madrid-pelo-atacante-endrick-diz-jornal\/#primaryimage\"},\"thumbnailUrl\":\"https:\/\/brasilnoticias.org\/site\/wp-content\/uploads\/2022\/12\/naom_62d961c2ccebc.jpg\",\"articleSection\":[\"Esporte\",\"\u00daltimas\"],\"inLanguage\":\"pt-PT\",\"potentialAction\":[{\"@type\":\"CommentAction\",\"name\":\"Comment\",\"target\":[\"https:\/\/brasilnoticias.org\/site\/palmeiras-chega-a-acordo-com-real-madrid-pelo-atacante-endrick-diz-jornal\/#respond\"]}]},{\"@type\":\"WebPage\",\"@id\":\"https:\/\/brasilnoticias.org\/site\/palmeiras-chega-a-acordo-com-real-madrid-pelo-atacante-endrick-diz-jornal\/\",\"url\":\"https:\/\/brasilnoticias.org\/site\/palmeiras-chega-a-acordo-com-real-madrid-pelo-atacante-endrick-diz-jornal\/\",\"name\":\"Palmeiras chega a acordo com Real Madrid pelo atacante Endrick, diz jornal - Brasil not\u00edcias\",\"isPartOf\":{\"@id\":\"https:\/\/brasilnoticias.org\/site\/#website\"},\"primaryImageOfPage\":{\"@id\":\"https:\/\/brasilnoticias.org\/site\/palmeiras-chega-a-acordo-com-real-madrid-pelo-atacante-endrick-diz-jornal\/#primaryimage\"},\"image\":{\"@id\":\"https:\/\/brasilnoticias.org\/site\/palmeiras-chega-a-acordo-com-real-madrid-pelo-atacante-endrick-diz-jornal\/#primaryimage\"},\"thumbnailUrl\":\"https:\/\/brasilnoticias.org\/site\/wp-content\/uploads\/2022\/12\/naom_62d961c2ccebc.jpg\",\"datePublished\":\"2022-12-09T21:10:46+00:00\",\"breadcrumb\":{\"@id\":\"https:\/\/brasilnoticias.org\/site\/palmeiras-chega-a-acordo-com-real-madrid-pelo-atacante-endrick-diz-jornal\/#breadcrumb\"},\"inLanguage\":\"pt-PT\",\"potentialAction\":[{\"@type\":\"ReadAction\",\"target\":[\"https:\/\/brasilnoticias.org\/site\/palmeiras-chega-a-acordo-com-real-madrid-pelo-atacante-endrick-diz-jornal\/\"]}]},{\"@type\":\"ImageObject\",\"inLanguage\":\"pt-PT\",\"@id\":\"https:\/\/brasilnoticias.org\/site\/palmeiras-chega-a-acordo-com-real-madrid-pelo-atacante-endrick-diz-jornal\/#primaryimage\",\"url\":\"https:\/\/brasilnoticias.org\/site\/wp-content\/uploads\/2022\/12\/naom_62d961c2ccebc.jpg\",\"contentUrl\":\"https:\/\/brasilnoticias.org\/site\/wp-content\/uploads\/2022\/12\/naom_62d961c2ccebc.jpg\",\"width\":960,\"height\":540},{\"@type\":\"BreadcrumbList\",\"@id\":\"https:\/\/brasilnoticias.org\/site\/palmeiras-chega-a-acordo-com-real-madrid-pelo-atacante-endrick-diz-jornal\/#breadcrumb\",\"itemListElement\":[{\"@type\":\"ListItem\",\"position\":1,\"name\":\"In\u00edcio\",\"item\":\"https:\/\/brasilnoticias.org\/site\/\"},{\"@type\":\"ListItem\",\"position\":2,\"name\":\"Palmeiras chega a acordo com Real Madrid pelo atacante Endrick, diz jornal\"}]},{\"@type\":\"WebSite\",\"@id\":\"https:\/\/brasilnoticias.org\/site\/#website\",\"url\":\"https:\/\/brasilnoticias.org\/site\/\",\"name\":\"Brasil not\u00edcias\",\"description\":\"Brasil not\u00edcias\",\"publisher\":{\"@id\":\"https:\/\/brasilnoticias.org\/site\/#organization\"},\"potentialAction\":[{\"@type\":\"SearchAction\",\"target\":{\"@type\":\"EntryPoint\",\"urlTemplate\":\"https:\/\/brasilnoticias.org\/site\/?s={search_term_string}\"},\"query-input\":{\"@type\":\"PropertyValueSpecification\",\"valueRequired\":true,\"valueName\":\"search_term_string\"}}],\"inLanguage\":\"pt-PT\"},{\"@type\":\"Organization\",\"@id\":\"https:\/\/brasilnoticias.org\/site\/#organization\",\"name\":\"Brasil not\u00edcias\",\"url\":\"https:\/\/brasilnoticias.org\/site\/\",\"logo\":{\"@type\":\"ImageObject\",\"inLanguage\":\"pt-PT\",\"@id\":\"https:\/\/brasilnoticias.org\/site\/#\/schema\/logo\/image\/\",\"url\":\"https:\/\/brasilnoticias.org\/site\/wp-content\/uploads\/2022\/05\/cropped-brasilnoticias-mini.jpg\",\"contentUrl\":\"https:\/\/brasilnoticias.org\/site\/wp-content\/uploads\/2022\/05\/cropped-brasilnoticias-mini.jpg\",\"width\":314,\"height\":86,\"caption\":\"Brasil not\u00edcias\"},\"image\":{\"@id\":\"https:\/\/brasilnoticias.org\/site\/#\/schema\/logo\/image\/\"}},{\"@type\":\"Person\",\"@id\":\"https:\/\/brasilnoticias.org\/site\/#\/schema\/person\/a0e05b973ec4d15c658d51911e53507b\",\"name\":\"Reda\u00e7\u00e3o\",\"image\":{\"@type\":\"ImageObject\",\"inLanguage\":\"pt-PT\",\"@id\":\"https:\/\/brasilnoticias.org\/site\/#\/schema\/person\/image\/\",\"url\":\"https:\/\/secure.gravatar.com\/avatar\/75d8b050df2de108b08ae78dfb8e374892df24a383c67db9c46a9c604f6aee9c?s=96&d=mm&r=g\",\"contentUrl\":\"https:\/\/secure.gravatar.com\/avatar\/75d8b050df2de108b08ae78dfb8e374892df24a383c67db9c46a9c604f6aee9c?s=96&d=mm&r=g\",\"caption\":\"Reda\u00e7\u00e3o\"},\"sameAs\":[\"https:\/\/brasilnoticias.org\/site\"],\"url\":\"https:\/\/brasilnoticias.org\/site\/author\/fernandozsngmail-com\/\"}]}<\/script>\n<!-- \/ Yoast SEO plugin. -->","yoast_head_json":{"title":"Palmeiras chega a acordo com Real Madrid pelo atacante Endrick, diz jornal - Brasil not\u00edcias","robots":{"index":"index","follow":"follow","max-snippet":"max-snippet:-1","max-image-preview":"max-image-preview:large","max-video-preview":"max-video-preview:-1"},"canonical":"https:\/\/brasilnoticias.org\/site\/palmeiras-chega-a-acordo-com-real-madrid-pelo-atacante-endrick-diz-jornal\/","og_locale":"pt_PT","og_type":"article","og_title":"Palmeiras chega a acordo com Real Madrid pelo atacante Endrick, diz jornal - Brasil not\u00edcias","og_description":"O Palmeiras entrou em acordo com o Real Madrid para negociar o atacante Endrick, de 16 anos. A proposta oferecida","og_url":"https:\/\/brasilnoticias.org\/site\/palmeiras-chega-a-acordo-com-real-madrid-pelo-atacante-endrick-diz-jornal\/","og_site_name":"Brasil not\u00edcias","article_published_time":"2022-12-09T21:10:46+00:00","og_image":[{"width":960,"height":540,"url":"https:\/\/brasilnoticias.org\/site\/wp-content\/uploads\/2022\/12\/naom_62d961c2ccebc.jpg","type":"image\/jpeg"}],"author":"Reda\u00e7\u00e3o","twitter_card":"summary_large_image","twitter_misc":{"Escrito por":"Reda\u00e7\u00e3o","Tempo estimado de leitura":"2 minutos"},"schema":{"@context":"https:\/\/schema.org","@graph":[{"@type":"Article","@id":"https:\/\/brasilnoticias.org\/site\/palmeiras-chega-a-acordo-com-real-madrid-pelo-atacante-endrick-diz-jornal\/#article","isPartOf":{"@id":"https:\/\/brasilnoticias.org\/site\/palmeiras-chega-a-acordo-com-real-madrid-pelo-atacante-endrick-diz-jornal\/"},"author":{"name":"Reda\u00e7\u00e3o","@id":"https:\/\/brasilnoticias.org\/site\/#\/schema\/person\/a0e05b973ec4d15c658d51911e53507b"},"headline":"Palmeiras chega a acordo com Real Madrid pelo atacante Endrick, diz jornal","datePublished":"2022-12-09T21:10:46+00:00","mainEntityOfPage":{"@id":"https:\/\/brasilnoticias.org\/site\/palmeiras-chega-a-acordo-com-real-madrid-pelo-atacante-endrick-diz-jornal\/"},"wordCount":459,"commentCount":0,"publisher":{"@id":"https:\/\/brasilnoticias.org\/site\/#organization"},"image":{"@id":"https:\/\/brasilnoticias.org\/site\/palmeiras-chega-a-acordo-com-real-madrid-pelo-atacante-endrick-diz-jornal\/#primaryimage"},"thumbnailUrl":"https:\/\/brasilnoticias.org\/site\/wp-content\/uploads\/2022\/12\/naom_62d961c2ccebc.jpg","articleSection":["Esporte","\u00daltimas"],"inLanguage":"pt-PT","potentialAction":[{"@type":"CommentAction","name":"Comment","target":["https:\/\/brasilnoticias.org\/site\/palmeiras-chega-a-acordo-com-real-madrid-pelo-atacante-endrick-diz-jornal\/#respond"]}]},{"@type":"WebPage","@id":"https:\/\/brasilnoticias.org\/site\/palmeiras-chega-a-acordo-com-real-madrid-pelo-atacante-endrick-diz-jornal\/","url":"https:\/\/brasilnoticias.org\/site\/palmeiras-chega-a-acordo-com-real-madrid-pelo-atacante-endrick-diz-jornal\/","name":"Palmeiras chega a acordo com Real Madrid pelo atacante Endrick, diz jornal - Brasil not\u00edcias","isPartOf":{"@id":"https:\/\/brasilnoticias.org\/site\/#website"},"primaryImageOfPage":{"@id":"https:\/\/brasilnoticias.org\/site\/palmeiras-chega-a-acordo-com-real-madrid-pelo-atacante-endrick-diz-jornal\/#primaryimage"},"image":{"@id":"https:\/\/brasilnoticias.org\/site\/palmeiras-chega-a-acordo-com-real-madrid-pelo-atacante-endrick-diz-jornal\/#primaryimage"},"thumbnailUrl":"https:\/\/brasilnoticias.org\/site\/wp-content\/uploads\/2022\/12\/naom_62d961c2ccebc.jpg","datePublished":"2022-12-09T21:10:46+00:00","breadcrumb":{"@id":"https:\/\/brasilnoticias.org\/site\/palmeiras-chega-a-acordo-com-real-madrid-pelo-atacante-endrick-diz-jornal\/#breadcrumb"},"inLanguage":"pt-PT","potentialAction":[{"@type":"ReadAction","target":["https:\/\/brasilnoticias.org\/site\/palmeiras-chega-a-acordo-com-real-madrid-pelo-atacante-endrick-diz-jornal\/"]}]},{"@type":"ImageObject","inLanguage":"pt-PT","@id":"https:\/\/brasilnoticias.org\/site\/palmeiras-chega-a-acordo-com-real-madrid-pelo-atacante-endrick-diz-jornal\/#primaryimage","url":"https:\/\/brasilnoticias.org\/site\/wp-content\/uploads\/2022\/12\/naom_62d961c2ccebc.jpg","contentUrl":"https:\/\/brasilnoticias.org\/site\/wp-content\/uploads\/2022\/12\/naom_62d961c2ccebc.jpg","width":960,"height":540},{"@type":"BreadcrumbList","@id":"https:\/\/brasilnoticias.org\/site\/palmeiras-chega-a-acordo-com-real-madrid-pelo-atacante-endrick-diz-jornal\/#breadcrumb","itemListElement":[{"@type":"ListItem","position":1,"name":"In\u00edcio","item":"https:\/\/brasilnoticias.org\/site\/"},{"@type":"ListItem","position":2,"name":"Palmeiras chega a acordo com Real Madrid pelo atacante Endrick, diz jornal"}]},{"@type":"WebSite","@id":"https:\/\/brasilnoticias.org\/site\/#website","url":"https:\/\/brasilnoticias.org\/site\/","name":"Brasil not\u00edcias","description":"Brasil not\u00edcias","publisher":{"@id":"https:\/\/brasilnoticias.org\/site\/#organization"},"potentialAction":[{"@type":"SearchAction","target":{"@type":"EntryPoint","urlTemplate":"https:\/\/brasilnoticias.org\/site\/?s={search_term_string}"},"query-input":{"@type":"PropertyValueSpecification","valueRequired":true,"valueName":"search_term_string"}}],"inLanguage":"pt-PT"},{"@type":"Organization","@id":"https:\/\/brasilnoticias.org\/site\/#organization","name":"Brasil not\u00edcias","url":"https:\/\/brasilnoticias.org\/site\/","logo":{"@type":"ImageObject","inLanguage":"pt-PT","@id":"https:\/\/brasilnoticias.org\/site\/#\/schema\/logo\/image\/","url":"https:\/\/brasilnoticias.org\/site\/wp-content\/uploads\/2022\/05\/cropped-brasilnoticias-mini.jpg","contentUrl":"https:\/\/brasilnoticias.org\/site\/wp-content\/uploads\/2022\/05\/cropped-brasilnoticias-mini.jpg","width":314,"height":86,"caption":"Brasil not\u00edcias"},"image":{"@id":"https:\/\/brasilnoticias.org\/site\/#\/schema\/logo\/image\/"}},{"@type":"Person","@id":"https:\/\/brasilnoticias.org\/site\/#\/schema\/person\/a0e05b973ec4d15c658d51911e53507b","name":"Reda\u00e7\u00e3o","image":{"@type":"ImageObject","inLanguage":"pt-PT","@id":"https:\/\/brasilnoticias.org\/site\/#\/schema\/person\/image\/","url":"https:\/\/secure.gravatar.com\/avatar\/75d8b050df2de108b08ae78dfb8e374892df24a383c67db9c46a9c604f6aee9c?s=96&d=mm&r=g","contentUrl":"https:\/\/secure.gravatar.com\/avatar\/75d8b050df2de108b08ae78dfb8e374892df24a383c67db9c46a9c604f6aee9c?s=96&d=mm&r=g","caption":"Reda\u00e7\u00e3o"},"sameAs":["https:\/\/brasilnoticias.org\/site"],"url":"https:\/\/brasilnoticias.org\/site\/author\/fernandozsngmail-com\/"}]}},"_links":{"self":[{"href":"https:\/\/brasilnoticias.org\/site\/wp-json\/wp\/v2\/posts\/2660","targetHints":{"allow":["GET"]}}],"collection":[{"href":"https:\/\/brasilnoticias.org\/site\/wp-json\/wp\/v2\/posts"}],"about":[{"href":"https:\/\/brasilnoticias.org\/site\/wp-json\/wp\/v2\/types\/post"}],"author":[{"embeddable":true,"href":"https:\/\/brasilnoticias.org\/site\/wp-json\/wp\/v2\/users\/1"}],"replies":[{"embeddable":true,"href":"https:\/\/brasilnoticias.org\/site\/wp-json\/wp\/v2\/comments?post=2660"}],"version-history":[{"count":1,"href":"https:\/\/brasilnoticias.org\/site\/wp-json\/wp\/v2\/posts\/2660\/revisions"}],"predecessor-version":[{"id":2662,"href":"https:\/\/brasilnoticias.org\/site\/wp-json\/wp\/v2\/posts\/2660\/revisions\/2662"}],"wp:featuredmedia":[{"embeddable":true,"href":"https:\/\/brasilnoticias.org\/site\/wp-json\/wp\/v2\/media\/2661"}],"wp:attachment":[{"href":"https:\/\/brasilnoticias.org\/site\/wp-json\/wp\/v2\/media?parent=2660"}],"wp:term":[{"taxonomy":"category","embeddable":true,"href":"https:\/\/brasilnoticias.org\/site\/wp-json\/wp\/v2\/categories?post=2660"},{"taxonomy":"post_tag","embeddable":true,"href":"https:\/\/brasilnoticias.org\/site\/wp-json\/wp\/v2\/tags?post=2660"}],"curies":[{"name":"wp","href":"https:\/\/api.w.org\/{rel}","templated":true}]}}