{"id":2663,"date":"2022-12-09T18:20:12","date_gmt":"2022-12-09T21:20:12","guid":{"rendered":"https:\/\/brasilnoticias.org\/site\/?p=2663"},"modified":"2022-12-09T07:09:38","modified_gmt":"2022-12-09T10:09:38","slug":"lula-antecipa-ministros-para-desfazer-impasses-com-a-camara-e-na-defesa","status":"publish","type":"post","link":"https:\/\/brasilnoticias.org\/site\/lula-antecipa-ministros-para-desfazer-impasses-com-a-camara-e-na-defesa\/","title":{"rendered":"Lula antecipa ministros para desfazer impasses com a C\u00e2mara e na Defesa"},"content":{"rendered":"<p>O presidente eleito Luiz In\u00e1cio Lula da Silva vai anunciar nesta sexta-feira, 9, titulares de cinco minist\u00e9rios. O ex-prefeito de S\u00e3o Paulo Fernando Haddad comandar\u00e1 a Fazenda; o governador da Bahia, Rui Costa, ir\u00e1 para a Casa Civil; Jos\u00e9 M\u00facio Monteiro ficar\u00e1 \u00e0 frente da Defesa; o senador eleito Fl\u00e1vio Dino ser\u00e1 ministro da Justi\u00e7a e o embaixador Mauro Vieira \u00e9 o novo chanceler.<br \/>\nLula decidiu antecipar em alguns dias o an\u00fancio dos ministros para solucionar impasses com a C\u00e2mara, com as For\u00e7as Armadas &#8211; tanto que tamb\u00e9m devem ser anunciados os comandantes do Ex\u00e9rcito, da Marinha e da Aeron\u00e1utica &#8211; e, ainda, para acalmar o mercado.<\/p>\n<p>Lula decidiu antecipar em alguns dias o an\u00fancio dos ministros para solucionar impasses com a C\u00e2mara, com as For\u00e7as Armadas &#8211; tanto que tamb\u00e9m devem ser anunciados os comandantes do Ex\u00e9rcito, da Marinha e da Aeron\u00e1utica &#8211; e, ainda, para acalmar o mercado.<\/p>\n<p>Em conversas reservadas, o presidente eleito afirmou que precisa p\u00f4r em campo articuladores pol\u00edticos para negociar a \u00faltima etapa da Proposta de Emenda \u00e0 Constitui\u00e7\u00e3o (PEC) da Transi\u00e7\u00e3o. Aprovado em dois turnos no Senado, nesta quarta, 7, o texto ainda deve passar pelo crivo da C\u00e2mara.<\/p>\n<p>A proposta amplia o teto de gastos em R$ 145 bilh\u00f5es, pelo per\u00edodo de dois anos, e libera outros R$ 23 bilh\u00f5es para investimentos, mediante receitas extraordin\u00e1rias. Na avalia\u00e7\u00e3o de Lula, o governo n\u00e3o pode correr qualquer tipo de risco com a tramita\u00e7\u00e3o da PEC e necessita transmitir confian\u00e7a e seguran\u00e7a jur\u00eddica.<\/p>\n<p>O an\u00fancio dos ministros, a 23 dias da posse, pode ajudar a dar um freio de arruma\u00e7\u00e3o no confuso cen\u00e1rio do Congresso no momento em que o Supremo Tribunal Federal (STF) come\u00e7ou a julgar a constitucionalidade do or\u00e7amento secreto. Lula j\u00e1 foi avisado que, se a Corte derrubar a pr\u00e1tica, pode enfrentar problemas com a PEC.<\/p>\n<p>Com aval do presidente da C\u00e2mara, Arthur Lira (PP-AL), o Centr\u00e3o quer esperar o resultado do julgamento para analisar essa proposta. O or\u00e7amento secreto, revelado pelo Estad\u00e3o, \u00e9 o instrumento pelo qual o presidente Jair Bolsonaro obteve apoio pol\u00edtico no Congresso, em troca da libera\u00e7\u00e3o de recursos de emendas parlamentares.<\/p>\n<p>Apelo<\/p>\n<p>Em conversa por telefone, anteontem, Lula disse a Lira n\u00e3o ter feito qualquer movimento para o Supremo derrubar o or\u00e7amento secreto. Garantiu, ainda, que o novo governo n\u00e3o quer tirar emendas de deputados e senadores, mas apenas ajustar os procedimentos. Agiu assim por receio de que o Centr\u00e3o queira diminuir o prazo do aumento do teto de gastos de dois anos para um.<\/p>\n<p>Ao participar ontem da reuni\u00e3o do Diret\u00f3rio Nacional do PT, por videoconfer\u00eancia, Lula afirmou que pretendia divulgar os nomes dos ministros somente ap\u00f3s a diploma\u00e7\u00e3o dele e do futuro vice-presidente Geraldo Alckmin, no Tribunal Superior Eleitoral (TSE), na pr\u00f3xima segunda-feira, 12. Argumentou, por\u00e9m, que precisava acelerar as articula\u00e7\u00f5es, dando a entender que era necess\u00e1rio evitar ru\u00eddos com agentes pol\u00edticos e econ\u00f4micos, al\u00e9m dos militares.<\/p>\n<p>O deputado Alexandre Padilha (PT-SP), ex-ministro da Sa\u00fade, deve comandar a Secretaria de Rela\u00e7\u00f5es Institucionais, cargo que j\u00e1 ocupou, e ajudar na articula\u00e7\u00e3o pol\u00edtica. Haddad, por sua vez, teve nesta quinta, 8, uma reuni\u00e3o com o atual ministro da Economia, Paulo Guedes. &#8220;Fui muito bem recebido. Definimos uma agenda de trabalho a partir da semana que vem e as coisas est\u00e3o transcorrendo bem&#8221;, afirmou o ex-prefeito de S\u00e3o Paulo.<\/p>\n<p>Horas mais tarde, ao conversar com deputados do PT, Lula reclamou de n\u00e3o poder usar a Granja do Torto nesta transi\u00e7\u00e3o de governo porque Guedes est\u00e1 morando l\u00e1. Disse que continuar\u00e1 despachando no hotel por um per\u00edodo, mesmo ap\u00f3s tomar posse, em 1.\u00ba de janeiro, porque a Pol\u00edcia Federal precisar\u00e1 fazer uma &#8220;varredura&#8221; no Pal\u00e1cio da Alvorada ap\u00f3s a sa\u00edda de Bolsonaro.<\/p>\n<p>Comando<\/p>\n<p>Futuro ministro da Defesa, Jos\u00e9 M\u00facio Monteiro acertou ontem com Lula os nomes dos militares que formar\u00e3o a c\u00fapula das For\u00e7as Armadas. O Estad\u00e3o apurou que o general Julio Cesar de Arruda ser\u00e1 o comandante do Ex\u00e9rcito; o tenente-brigadeiro do ar Marcelo Kanitz Damasceno, da Aeron\u00e1utica; e o almirante Marcos Sampaio Olsen, da Marinha. No Ex\u00e9rcito e na FAB, foram escolhidos os mais antigos, j\u00e1 na Marinha, o segundo mais antigo. O comandante do Estado-Maior das For\u00e7as Armadas dever\u00e1 ser o almirante de Esquadra Renato Rodrigues de Aguiar Freire.<\/p>\n<p>A escolha foi antecipada porque Lula recebeu a informa\u00e7\u00e3o de que os atuais titulares das For\u00e7as v\u00e3o deixar os cargos ainda neste m\u00eas, como mostrou o Estad\u00e3o. O fato obrigou o presidente eleito a agir r\u00e1pido para evitar uma crise militar no in\u00edcio do governo.<\/p>\n<p>Na primeira reuni\u00e3o do PT ap\u00f3s a elei\u00e7\u00e3o, o partido aprovou uma declara\u00e7\u00e3o pol\u00edtica que defende a supera\u00e7\u00e3o do &#8220;amargo receitu\u00e1rio neoliberal&#8221; derrotado nas urnas. No encontro, representantes de correntes internas enviaram \u00e0 presidente do partido, deputada Gleisi Hoffmann, listas com indica\u00e7\u00f5es de nomes para minist\u00e9rios e secretarias (mais informa\u00e7\u00f5es na p\u00e1gina ao lado).<\/p>\n<p>&#8220;Claro que o PT tem a compreens\u00e3o de que os aliados t\u00eam de participar do processo, mas obviamente tamb\u00e9m sabemos o tamanho que n\u00f3s somos, o tamanho que \u00e9 o PT, a import\u00e2ncia que tem nesse processo. \u00c9 o partido maior da coliga\u00e7\u00e3o, \u00e9 o partido do presidente, n\u00f3s tamb\u00e9m queremos colocar nossos nomes&#8221;, disse Gleisi. &#8220;N\u00f3s temos quadros \u00e0 disposi\u00e7\u00e3o, gente com capacidade, com condi\u00e7\u00f5es&#8221;, afirmou.<\/p>\n<p>O ex-chanceler Celso Amorim dever\u00e1 ficar no Planalto, no comando da Secretaria de Assuntos Estrat\u00e9gicos (SAE). Mauro Vieira, que ser\u00e1 o novo titular do Minist\u00e9rio das Rela\u00e7\u00f5es Exteriores, \u00e9 muito pr\u00f3ximo a Amorim. Vieira foi chanceler no governo Dilma Rousseff.<\/p>\n<p>Foto Getty<br \/>\nNot\u00edcias ao minuto<\/p>\n","protected":false},"excerpt":{"rendered":"<p>O presidente eleito Luiz In\u00e1cio Lula da Silva vai anunciar nesta sexta-feira, 9, titulares de cinco minist\u00e9rios. O ex-prefeito de<\/p>\n","protected":false},"author":1,"featured_media":2664,"comment_status":"open","ping_status":"open","sticky":false,"template":"","format":"standard","meta":{"colormag_page_container_layout":"default_layout","colormag_page_sidebar_layout":"default_layout","_FSMCFIC_featured_image_caption":"","_FSMCFIC_featured_image_nocaption":"","_FSMCFIC_featured_image_hide":"","footnotes":""},"categories":[5,1],"tags":[],"class_list":["post-2663","post","type-post","status-publish","format-standard","has-post-thumbnail","hentry","category-politica","category-ultimas"],"yoast_head":"<!-- This site is optimized with the Yoast SEO plugin v27.1.1 - https:\/\/yoast.com\/product\/yoast-seo-wordpress\/ -->\n<title>Lula antecipa ministros para desfazer impasses com a C\u00e2mara e na Defesa - Brasil not\u00edcias<\/title>\n<meta name=\"robots\" content=\"index, follow, max-snippet:-1, max-image-preview:large, max-video-preview:-1\" \/>\n<link rel=\"canonical\" href=\"https:\/\/brasilnoticias.org\/site\/lula-antecipa-ministros-para-desfazer-impasses-com-a-camara-e-na-defesa\/\" \/>\n<meta property=\"og:locale\" content=\"pt_PT\" \/>\n<meta property=\"og:type\" content=\"article\" \/>\n<meta property=\"og:title\" content=\"Lula antecipa ministros para desfazer impasses com a C\u00e2mara e na Defesa - Brasil not\u00edcias\" \/>\n<meta property=\"og:description\" content=\"O presidente eleito Luiz In\u00e1cio Lula da Silva vai anunciar nesta sexta-feira, 9, titulares de cinco minist\u00e9rios. O ex-prefeito de\" \/>\n<meta property=\"og:url\" content=\"https:\/\/brasilnoticias.org\/site\/lula-antecipa-ministros-para-desfazer-impasses-com-a-camara-e-na-defesa\/\" \/>\n<meta property=\"og:site_name\" content=\"Brasil not\u00edcias\" \/>\n<meta property=\"article:published_time\" content=\"2022-12-09T21:20:12+00:00\" \/>\n<meta property=\"og:image\" content=\"https:\/\/brasilnoticias.org\/site\/wp-content\/uploads\/2022\/12\/naom_63650e270659e.jpg\" \/>\n\t<meta property=\"og:image:width\" content=\"960\" \/>\n\t<meta property=\"og:image:height\" content=\"540\" \/>\n\t<meta property=\"og:image:type\" content=\"image\/jpeg\" \/>\n<meta name=\"author\" content=\"Reda\u00e7\u00e3o\" \/>\n<meta name=\"twitter:card\" content=\"summary_large_image\" \/>\n<meta name=\"twitter:label1\" content=\"Escrito por\" \/>\n\t<meta name=\"twitter:data1\" content=\"Reda\u00e7\u00e3o\" \/>\n\t<meta name=\"twitter:label2\" content=\"Tempo estimado de leitura\" \/>\n\t<meta name=\"twitter:data2\" content=\"5 minutos\" \/>\n<script type=\"application\/ld+json\" class=\"yoast-schema-graph\">{\"@context\":\"https:\/\/schema.org\",\"@graph\":[{\"@type\":\"Article\",\"@id\":\"https:\/\/brasilnoticias.org\/site\/lula-antecipa-ministros-para-desfazer-impasses-com-a-camara-e-na-defesa\/#article\",\"isPartOf\":{\"@id\":\"https:\/\/brasilnoticias.org\/site\/lula-antecipa-ministros-para-desfazer-impasses-com-a-camara-e-na-defesa\/\"},\"author\":{\"name\":\"Reda\u00e7\u00e3o\",\"@id\":\"https:\/\/brasilnoticias.org\/site\/#\/schema\/person\/a0e05b973ec4d15c658d51911e53507b\"},\"headline\":\"Lula antecipa ministros para desfazer impasses com a C\u00e2mara e na Defesa\",\"datePublished\":\"2022-12-09T21:20:12+00:00\",\"mainEntityOfPage\":{\"@id\":\"https:\/\/brasilnoticias.org\/site\/lula-antecipa-ministros-para-desfazer-impasses-com-a-camara-e-na-defesa\/\"},\"wordCount\":1029,\"commentCount\":0,\"publisher\":{\"@id\":\"https:\/\/brasilnoticias.org\/site\/#organization\"},\"image\":{\"@id\":\"https:\/\/brasilnoticias.org\/site\/lula-antecipa-ministros-para-desfazer-impasses-com-a-camara-e-na-defesa\/#primaryimage\"},\"thumbnailUrl\":\"https:\/\/brasilnoticias.org\/site\/wp-content\/uploads\/2022\/12\/naom_63650e270659e.jpg\",\"articleSection\":[\"Pol\u00edtica\",\"\u00daltimas\"],\"inLanguage\":\"pt-PT\",\"potentialAction\":[{\"@type\":\"CommentAction\",\"name\":\"Comment\",\"target\":[\"https:\/\/brasilnoticias.org\/site\/lula-antecipa-ministros-para-desfazer-impasses-com-a-camara-e-na-defesa\/#respond\"]}]},{\"@type\":\"WebPage\",\"@id\":\"https:\/\/brasilnoticias.org\/site\/lula-antecipa-ministros-para-desfazer-impasses-com-a-camara-e-na-defesa\/\",\"url\":\"https:\/\/brasilnoticias.org\/site\/lula-antecipa-ministros-para-desfazer-impasses-com-a-camara-e-na-defesa\/\",\"name\":\"Lula antecipa ministros para desfazer impasses com a C\u00e2mara e na Defesa - Brasil not\u00edcias\",\"isPartOf\":{\"@id\":\"https:\/\/brasilnoticias.org\/site\/#website\"},\"primaryImageOfPage\":{\"@id\":\"https:\/\/brasilnoticias.org\/site\/lula-antecipa-ministros-para-desfazer-impasses-com-a-camara-e-na-defesa\/#primaryimage\"},\"image\":{\"@id\":\"https:\/\/brasilnoticias.org\/site\/lula-antecipa-ministros-para-desfazer-impasses-com-a-camara-e-na-defesa\/#primaryimage\"},\"thumbnailUrl\":\"https:\/\/brasilnoticias.org\/site\/wp-content\/uploads\/2022\/12\/naom_63650e270659e.jpg\",\"datePublished\":\"2022-12-09T21:20:12+00:00\",\"breadcrumb\":{\"@id\":\"https:\/\/brasilnoticias.org\/site\/lula-antecipa-ministros-para-desfazer-impasses-com-a-camara-e-na-defesa\/#breadcrumb\"},\"inLanguage\":\"pt-PT\",\"potentialAction\":[{\"@type\":\"ReadAction\",\"target\":[\"https:\/\/brasilnoticias.org\/site\/lula-antecipa-ministros-para-desfazer-impasses-com-a-camara-e-na-defesa\/\"]}]},{\"@type\":\"ImageObject\",\"inLanguage\":\"pt-PT\",\"@id\":\"https:\/\/brasilnoticias.org\/site\/lula-antecipa-ministros-para-desfazer-impasses-com-a-camara-e-na-defesa\/#primaryimage\",\"url\":\"https:\/\/brasilnoticias.org\/site\/wp-content\/uploads\/2022\/12\/naom_63650e270659e.jpg\",\"contentUrl\":\"https:\/\/brasilnoticias.org\/site\/wp-content\/uploads\/2022\/12\/naom_63650e270659e.jpg\",\"width\":960,\"height\":540,\"caption\":\"Getty\"},{\"@type\":\"BreadcrumbList\",\"@id\":\"https:\/\/brasilnoticias.org\/site\/lula-antecipa-ministros-para-desfazer-impasses-com-a-camara-e-na-defesa\/#breadcrumb\",\"itemListElement\":[{\"@type\":\"ListItem\",\"position\":1,\"name\":\"In\u00edcio\",\"item\":\"https:\/\/brasilnoticias.org\/site\/\"},{\"@type\":\"ListItem\",\"position\":2,\"name\":\"Lula antecipa ministros para desfazer impasses com a C\u00e2mara e na Defesa\"}]},{\"@type\":\"WebSite\",\"@id\":\"https:\/\/brasilnoticias.org\/site\/#website\",\"url\":\"https:\/\/brasilnoticias.org\/site\/\",\"name\":\"Brasil not\u00edcias\",\"description\":\"Brasil not\u00edcias\",\"publisher\":{\"@id\":\"https:\/\/brasilnoticias.org\/site\/#organization\"},\"potentialAction\":[{\"@type\":\"SearchAction\",\"target\":{\"@type\":\"EntryPoint\",\"urlTemplate\":\"https:\/\/brasilnoticias.org\/site\/?s={search_term_string}\"},\"query-input\":{\"@type\":\"PropertyValueSpecification\",\"valueRequired\":true,\"valueName\":\"search_term_string\"}}],\"inLanguage\":\"pt-PT\"},{\"@type\":\"Organization\",\"@id\":\"https:\/\/brasilnoticias.org\/site\/#organization\",\"name\":\"Brasil not\u00edcias\",\"url\":\"https:\/\/brasilnoticias.org\/site\/\",\"logo\":{\"@type\":\"ImageObject\",\"inLanguage\":\"pt-PT\",\"@id\":\"https:\/\/brasilnoticias.org\/site\/#\/schema\/logo\/image\/\",\"url\":\"https:\/\/brasilnoticias.org\/site\/wp-content\/uploads\/2022\/05\/cropped-brasilnoticias-mini.jpg\",\"contentUrl\":\"https:\/\/brasilnoticias.org\/site\/wp-content\/uploads\/2022\/05\/cropped-brasilnoticias-mini.jpg\",\"width\":314,\"height\":86,\"caption\":\"Brasil not\u00edcias\"},\"image\":{\"@id\":\"https:\/\/brasilnoticias.org\/site\/#\/schema\/logo\/image\/\"}},{\"@type\":\"Person\",\"@id\":\"https:\/\/brasilnoticias.org\/site\/#\/schema\/person\/a0e05b973ec4d15c658d51911e53507b\",\"name\":\"Reda\u00e7\u00e3o\",\"image\":{\"@type\":\"ImageObject\",\"inLanguage\":\"pt-PT\",\"@id\":\"https:\/\/brasilnoticias.org\/site\/#\/schema\/person\/image\/\",\"url\":\"https:\/\/secure.gravatar.com\/avatar\/75d8b050df2de108b08ae78dfb8e374892df24a383c67db9c46a9c604f6aee9c?s=96&d=mm&r=g\",\"contentUrl\":\"https:\/\/secure.gravatar.com\/avatar\/75d8b050df2de108b08ae78dfb8e374892df24a383c67db9c46a9c604f6aee9c?s=96&d=mm&r=g\",\"caption\":\"Reda\u00e7\u00e3o\"},\"sameAs\":[\"https:\/\/brasilnoticias.org\/site\"],\"url\":\"https:\/\/brasilnoticias.org\/site\/author\/fernandozsngmail-com\/\"}]}<\/script>\n<!-- \/ Yoast SEO plugin. -->","yoast_head_json":{"title":"Lula antecipa ministros para desfazer impasses com a C\u00e2mara e na Defesa - Brasil not\u00edcias","robots":{"index":"index","follow":"follow","max-snippet":"max-snippet:-1","max-image-preview":"max-image-preview:large","max-video-preview":"max-video-preview:-1"},"canonical":"https:\/\/brasilnoticias.org\/site\/lula-antecipa-ministros-para-desfazer-impasses-com-a-camara-e-na-defesa\/","og_locale":"pt_PT","og_type":"article","og_title":"Lula antecipa ministros para desfazer impasses com a C\u00e2mara e na Defesa - Brasil not\u00edcias","og_description":"O presidente eleito Luiz In\u00e1cio Lula da Silva vai anunciar nesta sexta-feira, 9, titulares de cinco minist\u00e9rios. O ex-prefeito de","og_url":"https:\/\/brasilnoticias.org\/site\/lula-antecipa-ministros-para-desfazer-impasses-com-a-camara-e-na-defesa\/","og_site_name":"Brasil not\u00edcias","article_published_time":"2022-12-09T21:20:12+00:00","og_image":[{"width":960,"height":540,"url":"https:\/\/brasilnoticias.org\/site\/wp-content\/uploads\/2022\/12\/naom_63650e270659e.jpg","type":"image\/jpeg"}],"author":"Reda\u00e7\u00e3o","twitter_card":"summary_large_image","twitter_misc":{"Escrito por":"Reda\u00e7\u00e3o","Tempo estimado de leitura":"5 minutos"},"schema":{"@context":"https:\/\/schema.org","@graph":[{"@type":"Article","@id":"https:\/\/brasilnoticias.org\/site\/lula-antecipa-ministros-para-desfazer-impasses-com-a-camara-e-na-defesa\/#article","isPartOf":{"@id":"https:\/\/brasilnoticias.org\/site\/lula-antecipa-ministros-para-desfazer-impasses-com-a-camara-e-na-defesa\/"},"author":{"name":"Reda\u00e7\u00e3o","@id":"https:\/\/brasilnoticias.org\/site\/#\/schema\/person\/a0e05b973ec4d15c658d51911e53507b"},"headline":"Lula antecipa ministros para desfazer impasses com a C\u00e2mara e na Defesa","datePublished":"2022-12-09T21:20:12+00:00","mainEntityOfPage":{"@id":"https:\/\/brasilnoticias.org\/site\/lula-antecipa-ministros-para-desfazer-impasses-com-a-camara-e-na-defesa\/"},"wordCount":1029,"commentCount":0,"publisher":{"@id":"https:\/\/brasilnoticias.org\/site\/#organization"},"image":{"@id":"https:\/\/brasilnoticias.org\/site\/lula-antecipa-ministros-para-desfazer-impasses-com-a-camara-e-na-defesa\/#primaryimage"},"thumbnailUrl":"https:\/\/brasilnoticias.org\/site\/wp-content\/uploads\/2022\/12\/naom_63650e270659e.jpg","articleSection":["Pol\u00edtica","\u00daltimas"],"inLanguage":"pt-PT","potentialAction":[{"@type":"CommentAction","name":"Comment","target":["https:\/\/brasilnoticias.org\/site\/lula-antecipa-ministros-para-desfazer-impasses-com-a-camara-e-na-defesa\/#respond"]}]},{"@type":"WebPage","@id":"https:\/\/brasilnoticias.org\/site\/lula-antecipa-ministros-para-desfazer-impasses-com-a-camara-e-na-defesa\/","url":"https:\/\/brasilnoticias.org\/site\/lula-antecipa-ministros-para-desfazer-impasses-com-a-camara-e-na-defesa\/","name":"Lula antecipa ministros para desfazer impasses com a C\u00e2mara e na Defesa - Brasil not\u00edcias","isPartOf":{"@id":"https:\/\/brasilnoticias.org\/site\/#website"},"primaryImageOfPage":{"@id":"https:\/\/brasilnoticias.org\/site\/lula-antecipa-ministros-para-desfazer-impasses-com-a-camara-e-na-defesa\/#primaryimage"},"image":{"@id":"https:\/\/brasilnoticias.org\/site\/lula-antecipa-ministros-para-desfazer-impasses-com-a-camara-e-na-defesa\/#primaryimage"},"thumbnailUrl":"https:\/\/brasilnoticias.org\/site\/wp-content\/uploads\/2022\/12\/naom_63650e270659e.jpg","datePublished":"2022-12-09T21:20:12+00:00","breadcrumb":{"@id":"https:\/\/brasilnoticias.org\/site\/lula-antecipa-ministros-para-desfazer-impasses-com-a-camara-e-na-defesa\/#breadcrumb"},"inLanguage":"pt-PT","potentialAction":[{"@type":"ReadAction","target":["https:\/\/brasilnoticias.org\/site\/lula-antecipa-ministros-para-desfazer-impasses-com-a-camara-e-na-defesa\/"]}]},{"@type":"ImageObject","inLanguage":"pt-PT","@id":"https:\/\/brasilnoticias.org\/site\/lula-antecipa-ministros-para-desfazer-impasses-com-a-camara-e-na-defesa\/#primaryimage","url":"https:\/\/brasilnoticias.org\/site\/wp-content\/uploads\/2022\/12\/naom_63650e270659e.jpg","contentUrl":"https:\/\/brasilnoticias.org\/site\/wp-content\/uploads\/2022\/12\/naom_63650e270659e.jpg","width":960,"height":540,"caption":"Getty"},{"@type":"BreadcrumbList","@id":"https:\/\/brasilnoticias.org\/site\/lula-antecipa-ministros-para-desfazer-impasses-com-a-camara-e-na-defesa\/#breadcrumb","itemListElement":[{"@type":"ListItem","position":1,"name":"In\u00edcio","item":"https:\/\/brasilnoticias.org\/site\/"},{"@type":"ListItem","position":2,"name":"Lula antecipa ministros para desfazer impasses com a C\u00e2mara e na Defesa"}]},{"@type":"WebSite","@id":"https:\/\/brasilnoticias.org\/site\/#website","url":"https:\/\/brasilnoticias.org\/site\/","name":"Brasil not\u00edcias","description":"Brasil not\u00edcias","publisher":{"@id":"https:\/\/brasilnoticias.org\/site\/#organization"},"potentialAction":[{"@type":"SearchAction","target":{"@type":"EntryPoint","urlTemplate":"https:\/\/brasilnoticias.org\/site\/?s={search_term_string}"},"query-input":{"@type":"PropertyValueSpecification","valueRequired":true,"valueName":"search_term_string"}}],"inLanguage":"pt-PT"},{"@type":"Organization","@id":"https:\/\/brasilnoticias.org\/site\/#organization","name":"Brasil not\u00edcias","url":"https:\/\/brasilnoticias.org\/site\/","logo":{"@type":"ImageObject","inLanguage":"pt-PT","@id":"https:\/\/brasilnoticias.org\/site\/#\/schema\/logo\/image\/","url":"https:\/\/brasilnoticias.org\/site\/wp-content\/uploads\/2022\/05\/cropped-brasilnoticias-mini.jpg","contentUrl":"https:\/\/brasilnoticias.org\/site\/wp-content\/uploads\/2022\/05\/cropped-brasilnoticias-mini.jpg","width":314,"height":86,"caption":"Brasil not\u00edcias"},"image":{"@id":"https:\/\/brasilnoticias.org\/site\/#\/schema\/logo\/image\/"}},{"@type":"Person","@id":"https:\/\/brasilnoticias.org\/site\/#\/schema\/person\/a0e05b973ec4d15c658d51911e53507b","name":"Reda\u00e7\u00e3o","image":{"@type":"ImageObject","inLanguage":"pt-PT","@id":"https:\/\/brasilnoticias.org\/site\/#\/schema\/person\/image\/","url":"https:\/\/secure.gravatar.com\/avatar\/75d8b050df2de108b08ae78dfb8e374892df24a383c67db9c46a9c604f6aee9c?s=96&d=mm&r=g","contentUrl":"https:\/\/secure.gravatar.com\/avatar\/75d8b050df2de108b08ae78dfb8e374892df24a383c67db9c46a9c604f6aee9c?s=96&d=mm&r=g","caption":"Reda\u00e7\u00e3o"},"sameAs":["https:\/\/brasilnoticias.org\/site"],"url":"https:\/\/brasilnoticias.org\/site\/author\/fernandozsngmail-com\/"}]}},"_links":{"self":[{"href":"https:\/\/brasilnoticias.org\/site\/wp-json\/wp\/v2\/posts\/2663","targetHints":{"allow":["GET"]}}],"collection":[{"href":"https:\/\/brasilnoticias.org\/site\/wp-json\/wp\/v2\/posts"}],"about":[{"href":"https:\/\/brasilnoticias.org\/site\/wp-json\/wp\/v2\/types\/post"}],"author":[{"embeddable":true,"href":"https:\/\/brasilnoticias.org\/site\/wp-json\/wp\/v2\/users\/1"}],"replies":[{"embeddable":true,"href":"https:\/\/brasilnoticias.org\/site\/wp-json\/wp\/v2\/comments?post=2663"}],"version-history":[{"count":1,"href":"https:\/\/brasilnoticias.org\/site\/wp-json\/wp\/v2\/posts\/2663\/revisions"}],"predecessor-version":[{"id":2665,"href":"https:\/\/brasilnoticias.org\/site\/wp-json\/wp\/v2\/posts\/2663\/revisions\/2665"}],"wp:featuredmedia":[{"embeddable":true,"href":"https:\/\/brasilnoticias.org\/site\/wp-json\/wp\/v2\/media\/2664"}],"wp:attachment":[{"href":"https:\/\/brasilnoticias.org\/site\/wp-json\/wp\/v2\/media?parent=2663"}],"wp:term":[{"taxonomy":"category","embeddable":true,"href":"https:\/\/brasilnoticias.org\/site\/wp-json\/wp\/v2\/categories?post=2663"},{"taxonomy":"post_tag","embeddable":true,"href":"https:\/\/brasilnoticias.org\/site\/wp-json\/wp\/v2\/tags?post=2663"}],"curies":[{"name":"wp","href":"https:\/\/api.w.org\/{rel}","templated":true}]}}