{"id":2690,"date":"2022-12-11T07:00:35","date_gmt":"2022-12-11T10:00:35","guid":{"rendered":"https:\/\/brasilnoticias.org\/site\/?p=2690"},"modified":"2022-12-11T00:08:47","modified_gmt":"2022-12-11T03:08:47","slug":"bolsonaro-ignora-blogueiro-bolsonarista-que-estava-no-portao-do-alvorada","status":"publish","type":"post","link":"https:\/\/brasilnoticias.org\/site\/bolsonaro-ignora-blogueiro-bolsonarista-que-estava-no-portao-do-alvorada\/","title":{"rendered":"Bolsonaro ignora blogueiro bolsonarista que estava no port\u00e3o do Alvorada"},"content":{"rendered":"<p>O presidente Jair Bolsonaro (PL) ignorou o blogueiro bolsonarista Oswaldo Eust\u00e1quio ao chegar para falar com seus apoiadores pela primeira vez desde que perdeu as elei\u00e7\u00f5es. As declara\u00e7\u00f5es ocorreram na tarde desta sexta-feira (9) e, com gritos de &#8220;fica&#8221; dos apoiadores, o presidente afirmou que ser\u00e3o eles os respons\u00e1veis por decidir seu futuro.<br \/>\nO bolsonarista \u00e9 investigado nos inqu\u00e9ritos das fake news e das mil\u00edcias digitais e chegou a ser preso mais de uma vez por ordem do ministro Alexandre de Moraes, do STF (Supremo Tribunal Federal) e presidente do TSE (Tribunal Superior Eleitoral), por desrespeitar decis\u00f5es da Corte.<\/p>\n<p>A CHEGADA<br \/>\nO jornalista estava no port\u00e3o do Pal\u00e1cio do Alvorada, resid\u00eancia oficial do presidente da Rep\u00fablica, e filmou o momento em que Bolsonaro chega acompanhado do seu ex-candidato a vice, o general Braga Netto (PL), e seguran\u00e7as.<\/p>\n<p>O candidato derrotado passa pelo port\u00e3o, acena e faz &#8220;joinhas&#8221; para os seus apoiadores e segue andando. Ele chega pr\u00f3ximo de Eust\u00e1quio e o blogueiro diz &#8220;fala, capit\u00e3o&#8221;, &#8220;estamos juntos, capit\u00e3o&#8221; e faz um joinha com as m\u00e3os, mas o pol\u00edtico n\u00e3o olha, nem fala com o apoiador e segue caminhando para longe do jornalista.<\/p>\n<p>Ent\u00e3o, Eust\u00e1quio continua gravando o v\u00eddeo e mostra outros bolsonaristas no port\u00e3o, gritando palavras de ordem enquanto filmam o presidente. Rapidamente, ele vira a c\u00e2mera para o seu rosto e \u00e9 poss\u00edvel ver algu\u00e9m empurrando a sua cadeira de rodas.<\/p>\n<p>A PUBLICA\u00c7\u00c3O NAS REDES SOCIAIS<br \/>\nApesar de ter sido ignorado pelo presidente, Eust\u00e1quio escreveu no v\u00eddeo que &#8220;o capit\u00e3o veio falar com o povo no Alvorada&#8221; e &#8220;quem n\u00e3o foi, perdeu&#8221;. Na legenda da publica\u00e7\u00e3o, ele ainda disse que o &#8220;momento \u00e9 de uni\u00e3o&#8221;.<\/p>\n<p>&#8220;9\/12 &#8211; Hoje o capit\u00e3o veio falar com o seu povo no Alvorada! O momento \u00e9 de Uni\u00e3o! Amanh\u00e3 10\/12 todos na Esplanada em Bras\u00edlia, a noite voltamos para o QG [Quartel General]&#8221;, escreveu na publica\u00e7\u00e3o.<br \/>\nAp\u00f3s a chegada no Alvorada, o pol\u00edtico fez declara\u00e7\u00f5es aos seus apoiadores, mantendo o tom usado antes das elei\u00e7\u00f5es, e disse ser &#8220;o chefe supremo das For\u00e7as Armadas&#8221;. Leia aqui as frases usadas por Bolsonaro em seu primeiro pronunciamento.<br \/>\nEspeciais<\/p>\n<p>Foto Getty<br \/>\nNot\u00edcias ao minuto<\/p>\n","protected":false},"excerpt":{"rendered":"<p>O presidente Jair Bolsonaro (PL) ignorou o blogueiro bolsonarista Oswaldo Eust\u00e1quio ao chegar para falar com seus apoiadores pela primeira<\/p>\n","protected":false},"author":1,"featured_media":2691,"comment_status":"open","ping_status":"open","sticky":false,"template":"","format":"standard","meta":{"colormag_page_container_layout":"default_layout","colormag_page_sidebar_layout":"default_layout","_FSMCFIC_featured_image_caption":"","_FSMCFIC_featured_image_nocaption":"","_FSMCFIC_featured_image_hide":"","footnotes":""},"categories":[2,1],"tags":[],"class_list":["post-2690","post","type-post","status-publish","format-standard","has-post-thumbnail","hentry","category-noticias","category-ultimas"],"yoast_head":"<!-- This site is optimized with the Yoast SEO plugin v27.1.1 - https:\/\/yoast.com\/product\/yoast-seo-wordpress\/ -->\n<title>Bolsonaro ignora blogueiro bolsonarista que estava no port\u00e3o do Alvorada - Brasil not\u00edcias<\/title>\n<meta name=\"robots\" content=\"index, follow, max-snippet:-1, max-image-preview:large, max-video-preview:-1\" \/>\n<link rel=\"canonical\" href=\"https:\/\/brasilnoticias.org\/site\/bolsonaro-ignora-blogueiro-bolsonarista-que-estava-no-portao-do-alvorada\/\" \/>\n<meta property=\"og:locale\" content=\"pt_PT\" \/>\n<meta property=\"og:type\" content=\"article\" \/>\n<meta property=\"og:title\" content=\"Bolsonaro ignora blogueiro bolsonarista que estava no port\u00e3o do Alvorada - Brasil not\u00edcias\" \/>\n<meta property=\"og:description\" content=\"O presidente Jair Bolsonaro (PL) ignorou o blogueiro bolsonarista Oswaldo Eust\u00e1quio ao chegar para falar com seus apoiadores pela primeira\" \/>\n<meta property=\"og:url\" content=\"https:\/\/brasilnoticias.org\/site\/bolsonaro-ignora-blogueiro-bolsonarista-que-estava-no-portao-do-alvorada\/\" \/>\n<meta property=\"og:site_name\" content=\"Brasil not\u00edcias\" \/>\n<meta property=\"article:published_time\" content=\"2022-12-11T10:00:35+00:00\" \/>\n<meta property=\"og:image\" content=\"https:\/\/brasilnoticias.org\/site\/wp-content\/uploads\/2022\/12\/naom_638efc38d59b9.jpg\" \/>\n\t<meta property=\"og:image:width\" content=\"1920\" \/>\n\t<meta property=\"og:image:height\" content=\"1080\" \/>\n\t<meta property=\"og:image:type\" content=\"image\/jpeg\" \/>\n<meta name=\"author\" content=\"Reda\u00e7\u00e3o\" \/>\n<meta name=\"twitter:card\" content=\"summary_large_image\" \/>\n<meta name=\"twitter:label1\" content=\"Escrito por\" \/>\n\t<meta name=\"twitter:data1\" content=\"Reda\u00e7\u00e3o\" \/>\n\t<meta name=\"twitter:label2\" content=\"Tempo estimado de leitura\" \/>\n\t<meta name=\"twitter:data2\" content=\"2 minutos\" \/>\n<script type=\"application\/ld+json\" class=\"yoast-schema-graph\">{\"@context\":\"https:\/\/schema.org\",\"@graph\":[{\"@type\":\"Article\",\"@id\":\"https:\/\/brasilnoticias.org\/site\/bolsonaro-ignora-blogueiro-bolsonarista-que-estava-no-portao-do-alvorada\/#article\",\"isPartOf\":{\"@id\":\"https:\/\/brasilnoticias.org\/site\/bolsonaro-ignora-blogueiro-bolsonarista-que-estava-no-portao-do-alvorada\/\"},\"author\":{\"name\":\"Reda\u00e7\u00e3o\",\"@id\":\"https:\/\/brasilnoticias.org\/site\/#\/schema\/person\/a0e05b973ec4d15c658d51911e53507b\"},\"headline\":\"Bolsonaro ignora blogueiro bolsonarista que estava no port\u00e3o do Alvorada\",\"datePublished\":\"2022-12-11T10:00:35+00:00\",\"mainEntityOfPage\":{\"@id\":\"https:\/\/brasilnoticias.org\/site\/bolsonaro-ignora-blogueiro-bolsonarista-que-estava-no-portao-do-alvorada\/\"},\"wordCount\":406,\"commentCount\":0,\"publisher\":{\"@id\":\"https:\/\/brasilnoticias.org\/site\/#organization\"},\"image\":{\"@id\":\"https:\/\/brasilnoticias.org\/site\/bolsonaro-ignora-blogueiro-bolsonarista-que-estava-no-portao-do-alvorada\/#primaryimage\"},\"thumbnailUrl\":\"https:\/\/brasilnoticias.org\/site\/wp-content\/uploads\/2022\/12\/naom_638efc38d59b9.jpg\",\"articleSection\":[\"Not\u00edcias\",\"\u00daltimas\"],\"inLanguage\":\"pt-PT\",\"potentialAction\":[{\"@type\":\"CommentAction\",\"name\":\"Comment\",\"target\":[\"https:\/\/brasilnoticias.org\/site\/bolsonaro-ignora-blogueiro-bolsonarista-que-estava-no-portao-do-alvorada\/#respond\"]}]},{\"@type\":\"WebPage\",\"@id\":\"https:\/\/brasilnoticias.org\/site\/bolsonaro-ignora-blogueiro-bolsonarista-que-estava-no-portao-do-alvorada\/\",\"url\":\"https:\/\/brasilnoticias.org\/site\/bolsonaro-ignora-blogueiro-bolsonarista-que-estava-no-portao-do-alvorada\/\",\"name\":\"Bolsonaro ignora blogueiro bolsonarista que estava no port\u00e3o do Alvorada - Brasil not\u00edcias\",\"isPartOf\":{\"@id\":\"https:\/\/brasilnoticias.org\/site\/#website\"},\"primaryImageOfPage\":{\"@id\":\"https:\/\/brasilnoticias.org\/site\/bolsonaro-ignora-blogueiro-bolsonarista-que-estava-no-portao-do-alvorada\/#primaryimage\"},\"image\":{\"@id\":\"https:\/\/brasilnoticias.org\/site\/bolsonaro-ignora-blogueiro-bolsonarista-que-estava-no-portao-do-alvorada\/#primaryimage\"},\"thumbnailUrl\":\"https:\/\/brasilnoticias.org\/site\/wp-content\/uploads\/2022\/12\/naom_638efc38d59b9.jpg\",\"datePublished\":\"2022-12-11T10:00:35+00:00\",\"breadcrumb\":{\"@id\":\"https:\/\/brasilnoticias.org\/site\/bolsonaro-ignora-blogueiro-bolsonarista-que-estava-no-portao-do-alvorada\/#breadcrumb\"},\"inLanguage\":\"pt-PT\",\"potentialAction\":[{\"@type\":\"ReadAction\",\"target\":[\"https:\/\/brasilnoticias.org\/site\/bolsonaro-ignora-blogueiro-bolsonarista-que-estava-no-portao-do-alvorada\/\"]}]},{\"@type\":\"ImageObject\",\"inLanguage\":\"pt-PT\",\"@id\":\"https:\/\/brasilnoticias.org\/site\/bolsonaro-ignora-blogueiro-bolsonarista-que-estava-no-portao-do-alvorada\/#primaryimage\",\"url\":\"https:\/\/brasilnoticias.org\/site\/wp-content\/uploads\/2022\/12\/naom_638efc38d59b9.jpg\",\"contentUrl\":\"https:\/\/brasilnoticias.org\/site\/wp-content\/uploads\/2022\/12\/naom_638efc38d59b9.jpg\",\"width\":1920,\"height\":1080},{\"@type\":\"BreadcrumbList\",\"@id\":\"https:\/\/brasilnoticias.org\/site\/bolsonaro-ignora-blogueiro-bolsonarista-que-estava-no-portao-do-alvorada\/#breadcrumb\",\"itemListElement\":[{\"@type\":\"ListItem\",\"position\":1,\"name\":\"In\u00edcio\",\"item\":\"https:\/\/brasilnoticias.org\/site\/\"},{\"@type\":\"ListItem\",\"position\":2,\"name\":\"Bolsonaro ignora blogueiro bolsonarista que estava no port\u00e3o do Alvorada\"}]},{\"@type\":\"WebSite\",\"@id\":\"https:\/\/brasilnoticias.org\/site\/#website\",\"url\":\"https:\/\/brasilnoticias.org\/site\/\",\"name\":\"Brasil not\u00edcias\",\"description\":\"Brasil not\u00edcias\",\"publisher\":{\"@id\":\"https:\/\/brasilnoticias.org\/site\/#organization\"},\"potentialAction\":[{\"@type\":\"SearchAction\",\"target\":{\"@type\":\"EntryPoint\",\"urlTemplate\":\"https:\/\/brasilnoticias.org\/site\/?s={search_term_string}\"},\"query-input\":{\"@type\":\"PropertyValueSpecification\",\"valueRequired\":true,\"valueName\":\"search_term_string\"}}],\"inLanguage\":\"pt-PT\"},{\"@type\":\"Organization\",\"@id\":\"https:\/\/brasilnoticias.org\/site\/#organization\",\"name\":\"Brasil not\u00edcias\",\"url\":\"https:\/\/brasilnoticias.org\/site\/\",\"logo\":{\"@type\":\"ImageObject\",\"inLanguage\":\"pt-PT\",\"@id\":\"https:\/\/brasilnoticias.org\/site\/#\/schema\/logo\/image\/\",\"url\":\"https:\/\/brasilnoticias.org\/site\/wp-content\/uploads\/2022\/05\/cropped-brasilnoticias-mini.jpg\",\"contentUrl\":\"https:\/\/brasilnoticias.org\/site\/wp-content\/uploads\/2022\/05\/cropped-brasilnoticias-mini.jpg\",\"width\":314,\"height\":86,\"caption\":\"Brasil not\u00edcias\"},\"image\":{\"@id\":\"https:\/\/brasilnoticias.org\/site\/#\/schema\/logo\/image\/\"}},{\"@type\":\"Person\",\"@id\":\"https:\/\/brasilnoticias.org\/site\/#\/schema\/person\/a0e05b973ec4d15c658d51911e53507b\",\"name\":\"Reda\u00e7\u00e3o\",\"image\":{\"@type\":\"ImageObject\",\"inLanguage\":\"pt-PT\",\"@id\":\"https:\/\/brasilnoticias.org\/site\/#\/schema\/person\/image\/\",\"url\":\"https:\/\/secure.gravatar.com\/avatar\/75d8b050df2de108b08ae78dfb8e374892df24a383c67db9c46a9c604f6aee9c?s=96&d=mm&r=g\",\"contentUrl\":\"https:\/\/secure.gravatar.com\/avatar\/75d8b050df2de108b08ae78dfb8e374892df24a383c67db9c46a9c604f6aee9c?s=96&d=mm&r=g\",\"caption\":\"Reda\u00e7\u00e3o\"},\"sameAs\":[\"https:\/\/brasilnoticias.org\/site\"],\"url\":\"https:\/\/brasilnoticias.org\/site\/author\/fernandozsngmail-com\/\"}]}<\/script>\n<!-- \/ Yoast SEO plugin. -->","yoast_head_json":{"title":"Bolsonaro ignora blogueiro bolsonarista que estava no port\u00e3o do Alvorada - Brasil not\u00edcias","robots":{"index":"index","follow":"follow","max-snippet":"max-snippet:-1","max-image-preview":"max-image-preview:large","max-video-preview":"max-video-preview:-1"},"canonical":"https:\/\/brasilnoticias.org\/site\/bolsonaro-ignora-blogueiro-bolsonarista-que-estava-no-portao-do-alvorada\/","og_locale":"pt_PT","og_type":"article","og_title":"Bolsonaro ignora blogueiro bolsonarista que estava no port\u00e3o do Alvorada - Brasil not\u00edcias","og_description":"O presidente Jair Bolsonaro (PL) ignorou o blogueiro bolsonarista Oswaldo Eust\u00e1quio ao chegar para falar com seus apoiadores pela primeira","og_url":"https:\/\/brasilnoticias.org\/site\/bolsonaro-ignora-blogueiro-bolsonarista-que-estava-no-portao-do-alvorada\/","og_site_name":"Brasil not\u00edcias","article_published_time":"2022-12-11T10:00:35+00:00","og_image":[{"width":1920,"height":1080,"url":"https:\/\/brasilnoticias.org\/site\/wp-content\/uploads\/2022\/12\/naom_638efc38d59b9.jpg","type":"image\/jpeg"}],"author":"Reda\u00e7\u00e3o","twitter_card":"summary_large_image","twitter_misc":{"Escrito por":"Reda\u00e7\u00e3o","Tempo estimado de leitura":"2 minutos"},"schema":{"@context":"https:\/\/schema.org","@graph":[{"@type":"Article","@id":"https:\/\/brasilnoticias.org\/site\/bolsonaro-ignora-blogueiro-bolsonarista-que-estava-no-portao-do-alvorada\/#article","isPartOf":{"@id":"https:\/\/brasilnoticias.org\/site\/bolsonaro-ignora-blogueiro-bolsonarista-que-estava-no-portao-do-alvorada\/"},"author":{"name":"Reda\u00e7\u00e3o","@id":"https:\/\/brasilnoticias.org\/site\/#\/schema\/person\/a0e05b973ec4d15c658d51911e53507b"},"headline":"Bolsonaro ignora blogueiro bolsonarista que estava no port\u00e3o do Alvorada","datePublished":"2022-12-11T10:00:35+00:00","mainEntityOfPage":{"@id":"https:\/\/brasilnoticias.org\/site\/bolsonaro-ignora-blogueiro-bolsonarista-que-estava-no-portao-do-alvorada\/"},"wordCount":406,"commentCount":0,"publisher":{"@id":"https:\/\/brasilnoticias.org\/site\/#organization"},"image":{"@id":"https:\/\/brasilnoticias.org\/site\/bolsonaro-ignora-blogueiro-bolsonarista-que-estava-no-portao-do-alvorada\/#primaryimage"},"thumbnailUrl":"https:\/\/brasilnoticias.org\/site\/wp-content\/uploads\/2022\/12\/naom_638efc38d59b9.jpg","articleSection":["Not\u00edcias","\u00daltimas"],"inLanguage":"pt-PT","potentialAction":[{"@type":"CommentAction","name":"Comment","target":["https:\/\/brasilnoticias.org\/site\/bolsonaro-ignora-blogueiro-bolsonarista-que-estava-no-portao-do-alvorada\/#respond"]}]},{"@type":"WebPage","@id":"https:\/\/brasilnoticias.org\/site\/bolsonaro-ignora-blogueiro-bolsonarista-que-estava-no-portao-do-alvorada\/","url":"https:\/\/brasilnoticias.org\/site\/bolsonaro-ignora-blogueiro-bolsonarista-que-estava-no-portao-do-alvorada\/","name":"Bolsonaro ignora blogueiro bolsonarista que estava no port\u00e3o do Alvorada - Brasil not\u00edcias","isPartOf":{"@id":"https:\/\/brasilnoticias.org\/site\/#website"},"primaryImageOfPage":{"@id":"https:\/\/brasilnoticias.org\/site\/bolsonaro-ignora-blogueiro-bolsonarista-que-estava-no-portao-do-alvorada\/#primaryimage"},"image":{"@id":"https:\/\/brasilnoticias.org\/site\/bolsonaro-ignora-blogueiro-bolsonarista-que-estava-no-portao-do-alvorada\/#primaryimage"},"thumbnailUrl":"https:\/\/brasilnoticias.org\/site\/wp-content\/uploads\/2022\/12\/naom_638efc38d59b9.jpg","datePublished":"2022-12-11T10:00:35+00:00","breadcrumb":{"@id":"https:\/\/brasilnoticias.org\/site\/bolsonaro-ignora-blogueiro-bolsonarista-que-estava-no-portao-do-alvorada\/#breadcrumb"},"inLanguage":"pt-PT","potentialAction":[{"@type":"ReadAction","target":["https:\/\/brasilnoticias.org\/site\/bolsonaro-ignora-blogueiro-bolsonarista-que-estava-no-portao-do-alvorada\/"]}]},{"@type":"ImageObject","inLanguage":"pt-PT","@id":"https:\/\/brasilnoticias.org\/site\/bolsonaro-ignora-blogueiro-bolsonarista-que-estava-no-portao-do-alvorada\/#primaryimage","url":"https:\/\/brasilnoticias.org\/site\/wp-content\/uploads\/2022\/12\/naom_638efc38d59b9.jpg","contentUrl":"https:\/\/brasilnoticias.org\/site\/wp-content\/uploads\/2022\/12\/naom_638efc38d59b9.jpg","width":1920,"height":1080},{"@type":"BreadcrumbList","@id":"https:\/\/brasilnoticias.org\/site\/bolsonaro-ignora-blogueiro-bolsonarista-que-estava-no-portao-do-alvorada\/#breadcrumb","itemListElement":[{"@type":"ListItem","position":1,"name":"In\u00edcio","item":"https:\/\/brasilnoticias.org\/site\/"},{"@type":"ListItem","position":2,"name":"Bolsonaro ignora blogueiro bolsonarista que estava no port\u00e3o do Alvorada"}]},{"@type":"WebSite","@id":"https:\/\/brasilnoticias.org\/site\/#website","url":"https:\/\/brasilnoticias.org\/site\/","name":"Brasil not\u00edcias","description":"Brasil not\u00edcias","publisher":{"@id":"https:\/\/brasilnoticias.org\/site\/#organization"},"potentialAction":[{"@type":"SearchAction","target":{"@type":"EntryPoint","urlTemplate":"https:\/\/brasilnoticias.org\/site\/?s={search_term_string}"},"query-input":{"@type":"PropertyValueSpecification","valueRequired":true,"valueName":"search_term_string"}}],"inLanguage":"pt-PT"},{"@type":"Organization","@id":"https:\/\/brasilnoticias.org\/site\/#organization","name":"Brasil not\u00edcias","url":"https:\/\/brasilnoticias.org\/site\/","logo":{"@type":"ImageObject","inLanguage":"pt-PT","@id":"https:\/\/brasilnoticias.org\/site\/#\/schema\/logo\/image\/","url":"https:\/\/brasilnoticias.org\/site\/wp-content\/uploads\/2022\/05\/cropped-brasilnoticias-mini.jpg","contentUrl":"https:\/\/brasilnoticias.org\/site\/wp-content\/uploads\/2022\/05\/cropped-brasilnoticias-mini.jpg","width":314,"height":86,"caption":"Brasil not\u00edcias"},"image":{"@id":"https:\/\/brasilnoticias.org\/site\/#\/schema\/logo\/image\/"}},{"@type":"Person","@id":"https:\/\/brasilnoticias.org\/site\/#\/schema\/person\/a0e05b973ec4d15c658d51911e53507b","name":"Reda\u00e7\u00e3o","image":{"@type":"ImageObject","inLanguage":"pt-PT","@id":"https:\/\/brasilnoticias.org\/site\/#\/schema\/person\/image\/","url":"https:\/\/secure.gravatar.com\/avatar\/75d8b050df2de108b08ae78dfb8e374892df24a383c67db9c46a9c604f6aee9c?s=96&d=mm&r=g","contentUrl":"https:\/\/secure.gravatar.com\/avatar\/75d8b050df2de108b08ae78dfb8e374892df24a383c67db9c46a9c604f6aee9c?s=96&d=mm&r=g","caption":"Reda\u00e7\u00e3o"},"sameAs":["https:\/\/brasilnoticias.org\/site"],"url":"https:\/\/brasilnoticias.org\/site\/author\/fernandozsngmail-com\/"}]}},"_links":{"self":[{"href":"https:\/\/brasilnoticias.org\/site\/wp-json\/wp\/v2\/posts\/2690","targetHints":{"allow":["GET"]}}],"collection":[{"href":"https:\/\/brasilnoticias.org\/site\/wp-json\/wp\/v2\/posts"}],"about":[{"href":"https:\/\/brasilnoticias.org\/site\/wp-json\/wp\/v2\/types\/post"}],"author":[{"embeddable":true,"href":"https:\/\/brasilnoticias.org\/site\/wp-json\/wp\/v2\/users\/1"}],"replies":[{"embeddable":true,"href":"https:\/\/brasilnoticias.org\/site\/wp-json\/wp\/v2\/comments?post=2690"}],"version-history":[{"count":1,"href":"https:\/\/brasilnoticias.org\/site\/wp-json\/wp\/v2\/posts\/2690\/revisions"}],"predecessor-version":[{"id":2692,"href":"https:\/\/brasilnoticias.org\/site\/wp-json\/wp\/v2\/posts\/2690\/revisions\/2692"}],"wp:featuredmedia":[{"embeddable":true,"href":"https:\/\/brasilnoticias.org\/site\/wp-json\/wp\/v2\/media\/2691"}],"wp:attachment":[{"href":"https:\/\/brasilnoticias.org\/site\/wp-json\/wp\/v2\/media?parent=2690"}],"wp:term":[{"taxonomy":"category","embeddable":true,"href":"https:\/\/brasilnoticias.org\/site\/wp-json\/wp\/v2\/categories?post=2690"},{"taxonomy":"post_tag","embeddable":true,"href":"https:\/\/brasilnoticias.org\/site\/wp-json\/wp\/v2\/tags?post=2690"}],"curies":[{"name":"wp","href":"https:\/\/api.w.org\/{rel}","templated":true}]}}