{"id":2693,"date":"2022-12-11T07:10:09","date_gmt":"2022-12-11T10:10:09","guid":{"rendered":"https:\/\/brasilnoticias.org\/site\/?p=2693"},"modified":"2022-12-11T00:20:25","modified_gmt":"2022-12-11T03:20:25","slug":"bolsonaro-ignora-blogueiro-bolsonarista-que-estava-no-portao-do-alvorada-2","status":"publish","type":"post","link":"https:\/\/brasilnoticias.org\/site\/bolsonaro-ignora-blogueiro-bolsonarista-que-estava-no-portao-do-alvorada-2\/","title":{"rendered":"Bolsonaro ignora blogueiro bolsonarista que estava no port\u00e3o do Alvorada"},"content":{"rendered":"<p>Pela primeira vez na hist\u00f3ria, uma sele\u00e7\u00e3o africana vai disputar a semifinal de uma Copa do Mundo. O feito foi alcan\u00e7ado neste s\u00e1bado (10) pela sele\u00e7\u00e3o de Marrocos, que derrotou Portugal por 1 a 0, no est\u00e1dio Al Thumama, em Doha.<\/p>\n<p>Coube ao atacante Youssef En-Nesyri, 25, marcar o gol que n\u00e3o s\u00f3 definiu a partida como tamb\u00e9m encerrou a trajet\u00f3ria de Cristiano Ronaldo em Mundiais. Aos 37 anos, o astro portugu\u00eas disputou pela quinta e \u00faltima vez em sua carreira o maior torneio do futebol mundial.<\/p>\n<p>Ele ainda estava no banco de reservas quando o placar foi aberto. Entrou no segundo tempo, mas n\u00e3o conseguiu evitar a queda portuguesa.<br \/>\nO Marrocos foi apenas a quarta na\u00e7\u00e3o africana a chegar \u00e0s quartas de final, depois de Camar\u00f5es (1990), Senegal (2002) e Gana (2010). Agora, a equipe marroquina vai esperar o vencedor do confronto entre Fran\u00e7a e Inglaterra, \u00e0s 16h (de Bras\u00edlia), tamb\u00e9m neste s\u00e1bado.<\/p>\n<p>Portugal, por sua vez, lutava para superar as duas melhores campanhas na hist\u00f3ria do torneio, o terceiro lugar em 1966 e o quarto lugar em 2006, esta justamente a primeira com Cristiano Ronaldo na equipe.<\/p>\n<p>Como fez contra a Su\u00ed\u00e7a, nas quartas, o t\u00e9cnico Fernando Santos deixou o capit\u00e3o portugu\u00eas, 37, no banco. Ele apostou novamente em Gon\u00e7alo Ramos, 21. A troca foi consequ\u00eancia do chilique do camisa 7 ao ser substitu\u00eddo diante da Coreia do Sul, ainda na fase de grupos.<br \/>\nO treinador, no entanto, optou por uma mudan\u00e7a em rela\u00e7\u00e3o ao \u00faltimo jogo. Sacou William Carvalho e colocou R\u00faben Neves no meio de campo.<\/p>\n<p>A troca tirou a mobilidade que os portugueses mostraram na \u00faltima partida. Apesar da paci\u00eancia para rodar a bola no meio de campo, havia uma certa dificuldade para furar a defesa marroquina. Desta vez, Gon\u00e7alo Ramos foi pouco acionado.<\/p>\n<p>Bem fechado, o Marrocos apostava em subidas r\u00e1pidas para o ataque para tentar surpreender a defesa portuguesa. Criou boas chances, mas desperdi\u00e7ou as oportunidades com chutes fracos ou distantes do gol, como arremates de Ziyech e Amrabat.<\/p>\n<p>Foram quase 30 minutos at\u00e9 os europeus darem uma resposta, que veio quase sem querer, quando Jo\u00e3o F\u00e9lix finalizou da entrada da \u00e1rea, a bola desviou na zaga e enganou o goleiro Yassine antes de passar rente ao travess\u00e3o.<\/p>\n<p>Quando Portugal parecia mais dominante no jogo, no entanto, Marrocos encaixou uma boa subida pela esquerda, por onde o lateral Attiat-Allah Yahya descolou um cruzamento e contou com uma sa\u00edda errada do goleiro Diogo Costa para colocar a bola na cabe\u00e7a de Youssef En-Nesyri. O atacante abriu o placar aos 42.<\/p>\n<p>\u00c0 beira do gramado, os marroquinos comemoravam, enquanto seus torcedores exibiam bandeiras do pa\u00eds e tamb\u00e9m da Palestina, como forma de solidariedade da na\u00e7\u00e3o \u00e1rabe em torno dos palestinos, exigindo o fim da ocupa\u00e7\u00e3o israelense e a forma\u00e7\u00e3o de um novo Estado.<\/p>\n<p>O apoio \u00e0 Palestina marcou n\u00e3o s\u00f3 a trajet\u00f3ria de Marrocos na Copa do Mundo, como tamb\u00e9m nas partidas de Tun\u00edsia e Ar\u00e1bia Saudita. Temendo, ainda, poss\u00edveis protestos dos marroquinos, a Fifa refor\u00e7ou a seguran\u00e7a \u00e0 beira do gramado, \u00e0 frente dos torcedores -eles, contudo, passaram o jogo inteiro apoiando sua equipe.<\/p>\n<p>Enquanto esperavam o fim da comemora\u00e7\u00e3o dos marroquinos, os portugueses queriam mais pressa no rein\u00edcio da partida. No banco de reservas, Cristiano Ronaldo fazia caras e bocas.<\/p>\n<p>Antes do intervalo, os portugueses acertaram uma bola no travess\u00e3o, com Bruno Fernandes e reclamaram de um p\u00eanalti de Hamiki em Jo\u00e3o F\u00e9lix, mas o \u00e1rbitro argentino Facundo Tello mandou o lance seguir.<\/p>\n<p>Logo com seis minutos da etapa final, Fernando Santos resolveu colocar Cristiano Ronaldo em campo. Ele entrou no lugar de R\u00faben Neves. O atacante se tornou o quinto na hist\u00f3ria com mais jogos em Mundiais, com 22. O l\u00edder \u00e9 o alem\u00e3o Lothar Matth\u00e4us, com 25.<\/p>\n<p>Portugal melhorou. N\u00e3o s\u00f3 pela entrada do camisa 7, mas porque passou a chutar mais a gol. Bruno Fernandes quase empatou em um bom arremate, aos 19. Mas, com o passar do tempo, o rel\u00f3gio tamb\u00e9m passou a ser um advers\u00e1rio.<\/p>\n<p>Marrocos j\u00e1 havia abdicado de atacar. Na segunda etapa, descolou poucos contra-ataques. Mas nem assim os lusitanos chegaram ao empate, despedindo-se da Copa do Mundo.<br \/>\nAntes do fim, Walid Cheddira levou o segundo cart\u00e3o amarelo e acabou expulso. Mas nem isso impediu a festa marroquina.<\/p>\n<p>MARROCOS<br \/>\nBono; Hakimi, El-Yamiq, Saiss (Dari) e Attiat-Allah; Amrabat, Ounahi e Amallah (Benoun); Ziyech (Aboukhlal), En-Nesyri (Cheddira) e Boufal (Jabrane). T\u00e9cnico: Walid Regragui<\/p>\n<p>PORTUGAL<br \/>\nDiogo Costa; Dalot (Ricardo Horta), Pepe, R\u00faben Dias e Raphael Guerreiro (Jo\u00e3o Cancelo); R\u00faben Neves (Cristiano Ronaldo), Ot\u00e1vio (Vitinha) e Bernardo Silva; Bruno Fernandes, Gon\u00e7alo Ramos (Rafael Le\u00e3o) e Jo\u00e3o F\u00e9lix. T\u00e9cnico: Fernando SantosCompeti\u00e7\u00e3o: Copa do Mundo, quartas de final<\/p>\n<p>Data e hor\u00e1rio: 10 de dezembro de 2022 (s\u00e1bado), \u00e0s 12h (de Bras\u00edlia)<br \/>\nLocal: est\u00e1dio Al Thumama, em Doha (Qatar)<br \/>\nP\u00fablico: 44.198<br \/>\n\u00c1rbitro: Facundo Tello (ARG)<br \/>\nAssistentes: Ezequiel Brailovsky (ARG) e Gabriel Chade (ARG)<br \/>\nVAR: Mauro Vigliano (ARG)<br \/>\nCart\u00f5es amarelos: Dari e Cheddira (MAR); Vitinha (POR)<br \/>\nCart\u00e3o vermelho: Cheddira (MAR)<br \/>\nGol: En-Nesyri (MAR), aos 42&#8217;\/1\u00baT (1-0)<\/p>\n<p>Foto Getty Images<br \/>\nNot\u00edcias ao minuto<\/p>\n","protected":false},"excerpt":{"rendered":"<p>Pela primeira vez na hist\u00f3ria, uma sele\u00e7\u00e3o africana vai disputar a semifinal de uma Copa do Mundo. O feito foi<\/p>\n","protected":false},"author":1,"featured_media":2694,"comment_status":"open","ping_status":"open","sticky":false,"template":"","format":"standard","meta":{"colormag_page_container_layout":"default_layout","colormag_page_sidebar_layout":"default_layout","_FSMCFIC_featured_image_caption":"","_FSMCFIC_featured_image_nocaption":"","_FSMCFIC_featured_image_hide":"","footnotes":""},"categories":[4,1],"tags":[],"class_list":["post-2693","post","type-post","status-publish","format-standard","has-post-thumbnail","hentry","category-esporte","category-ultimas"],"yoast_head":"<!-- This site is optimized with the Yoast SEO plugin v27.1.1 - https:\/\/yoast.com\/product\/yoast-seo-wordpress\/ -->\n<title>Bolsonaro ignora blogueiro bolsonarista que estava no port\u00e3o do Alvorada - Brasil not\u00edcias<\/title>\n<meta name=\"robots\" content=\"index, follow, max-snippet:-1, max-image-preview:large, max-video-preview:-1\" \/>\n<link rel=\"canonical\" href=\"https:\/\/brasilnoticias.org\/site\/bolsonaro-ignora-blogueiro-bolsonarista-que-estava-no-portao-do-alvorada-2\/\" \/>\n<meta property=\"og:locale\" content=\"pt_PT\" \/>\n<meta property=\"og:type\" content=\"article\" \/>\n<meta property=\"og:title\" content=\"Bolsonaro ignora blogueiro bolsonarista que estava no port\u00e3o do Alvorada - Brasil not\u00edcias\" \/>\n<meta property=\"og:description\" content=\"Pela primeira vez na hist\u00f3ria, uma sele\u00e7\u00e3o africana vai disputar a semifinal de uma Copa do Mundo. O feito foi\" \/>\n<meta property=\"og:url\" content=\"https:\/\/brasilnoticias.org\/site\/bolsonaro-ignora-blogueiro-bolsonarista-que-estava-no-portao-do-alvorada-2\/\" \/>\n<meta property=\"og:site_name\" content=\"Brasil not\u00edcias\" \/>\n<meta property=\"article:published_time\" content=\"2022-12-11T10:10:09+00:00\" \/>\n<meta property=\"og:image\" content=\"https:\/\/brasilnoticias.org\/site\/wp-content\/uploads\/2022\/12\/naom_6394ba761f5c0.jpg\" \/>\n\t<meta property=\"og:image:width\" content=\"1920\" \/>\n\t<meta property=\"og:image:height\" content=\"1080\" \/>\n\t<meta property=\"og:image:type\" content=\"image\/jpeg\" \/>\n<meta name=\"author\" content=\"Reda\u00e7\u00e3o\" \/>\n<meta name=\"twitter:card\" content=\"summary_large_image\" \/>\n<meta name=\"twitter:label1\" content=\"Escrito por\" \/>\n\t<meta name=\"twitter:data1\" content=\"Reda\u00e7\u00e3o\" \/>\n\t<meta name=\"twitter:label2\" content=\"Tempo estimado de leitura\" \/>\n\t<meta name=\"twitter:data2\" content=\"4 minutos\" \/>\n<script type=\"application\/ld+json\" class=\"yoast-schema-graph\">{\"@context\":\"https:\/\/schema.org\",\"@graph\":[{\"@type\":\"Article\",\"@id\":\"https:\/\/brasilnoticias.org\/site\/bolsonaro-ignora-blogueiro-bolsonarista-que-estava-no-portao-do-alvorada-2\/#article\",\"isPartOf\":{\"@id\":\"https:\/\/brasilnoticias.org\/site\/bolsonaro-ignora-blogueiro-bolsonarista-que-estava-no-portao-do-alvorada-2\/\"},\"author\":{\"name\":\"Reda\u00e7\u00e3o\",\"@id\":\"https:\/\/brasilnoticias.org\/site\/#\/schema\/person\/a0e05b973ec4d15c658d51911e53507b\"},\"headline\":\"Bolsonaro ignora blogueiro bolsonarista que estava no port\u00e3o do Alvorada\",\"datePublished\":\"2022-12-11T10:10:09+00:00\",\"mainEntityOfPage\":{\"@id\":\"https:\/\/brasilnoticias.org\/site\/bolsonaro-ignora-blogueiro-bolsonarista-que-estava-no-portao-do-alvorada-2\/\"},\"wordCount\":908,\"commentCount\":0,\"publisher\":{\"@id\":\"https:\/\/brasilnoticias.org\/site\/#organization\"},\"image\":{\"@id\":\"https:\/\/brasilnoticias.org\/site\/bolsonaro-ignora-blogueiro-bolsonarista-que-estava-no-portao-do-alvorada-2\/#primaryimage\"},\"thumbnailUrl\":\"https:\/\/brasilnoticias.org\/site\/wp-content\/uploads\/2022\/12\/naom_6394ba761f5c0.jpg\",\"articleSection\":[\"Esporte\",\"\u00daltimas\"],\"inLanguage\":\"pt-PT\",\"potentialAction\":[{\"@type\":\"CommentAction\",\"name\":\"Comment\",\"target\":[\"https:\/\/brasilnoticias.org\/site\/bolsonaro-ignora-blogueiro-bolsonarista-que-estava-no-portao-do-alvorada-2\/#respond\"]}]},{\"@type\":\"WebPage\",\"@id\":\"https:\/\/brasilnoticias.org\/site\/bolsonaro-ignora-blogueiro-bolsonarista-que-estava-no-portao-do-alvorada-2\/\",\"url\":\"https:\/\/brasilnoticias.org\/site\/bolsonaro-ignora-blogueiro-bolsonarista-que-estava-no-portao-do-alvorada-2\/\",\"name\":\"Bolsonaro ignora blogueiro bolsonarista que estava no port\u00e3o do Alvorada - Brasil not\u00edcias\",\"isPartOf\":{\"@id\":\"https:\/\/brasilnoticias.org\/site\/#website\"},\"primaryImageOfPage\":{\"@id\":\"https:\/\/brasilnoticias.org\/site\/bolsonaro-ignora-blogueiro-bolsonarista-que-estava-no-portao-do-alvorada-2\/#primaryimage\"},\"image\":{\"@id\":\"https:\/\/brasilnoticias.org\/site\/bolsonaro-ignora-blogueiro-bolsonarista-que-estava-no-portao-do-alvorada-2\/#primaryimage\"},\"thumbnailUrl\":\"https:\/\/brasilnoticias.org\/site\/wp-content\/uploads\/2022\/12\/naom_6394ba761f5c0.jpg\",\"datePublished\":\"2022-12-11T10:10:09+00:00\",\"breadcrumb\":{\"@id\":\"https:\/\/brasilnoticias.org\/site\/bolsonaro-ignora-blogueiro-bolsonarista-que-estava-no-portao-do-alvorada-2\/#breadcrumb\"},\"inLanguage\":\"pt-PT\",\"potentialAction\":[{\"@type\":\"ReadAction\",\"target\":[\"https:\/\/brasilnoticias.org\/site\/bolsonaro-ignora-blogueiro-bolsonarista-que-estava-no-portao-do-alvorada-2\/\"]}]},{\"@type\":\"ImageObject\",\"inLanguage\":\"pt-PT\",\"@id\":\"https:\/\/brasilnoticias.org\/site\/bolsonaro-ignora-blogueiro-bolsonarista-que-estava-no-portao-do-alvorada-2\/#primaryimage\",\"url\":\"https:\/\/brasilnoticias.org\/site\/wp-content\/uploads\/2022\/12\/naom_6394ba761f5c0.jpg\",\"contentUrl\":\"https:\/\/brasilnoticias.org\/site\/wp-content\/uploads\/2022\/12\/naom_6394ba761f5c0.jpg\",\"width\":1920,\"height\":1080},{\"@type\":\"BreadcrumbList\",\"@id\":\"https:\/\/brasilnoticias.org\/site\/bolsonaro-ignora-blogueiro-bolsonarista-que-estava-no-portao-do-alvorada-2\/#breadcrumb\",\"itemListElement\":[{\"@type\":\"ListItem\",\"position\":1,\"name\":\"In\u00edcio\",\"item\":\"https:\/\/brasilnoticias.org\/site\/\"},{\"@type\":\"ListItem\",\"position\":2,\"name\":\"Bolsonaro ignora blogueiro bolsonarista que estava no port\u00e3o do Alvorada\"}]},{\"@type\":\"WebSite\",\"@id\":\"https:\/\/brasilnoticias.org\/site\/#website\",\"url\":\"https:\/\/brasilnoticias.org\/site\/\",\"name\":\"Brasil not\u00edcias\",\"description\":\"Brasil not\u00edcias\",\"publisher\":{\"@id\":\"https:\/\/brasilnoticias.org\/site\/#organization\"},\"potentialAction\":[{\"@type\":\"SearchAction\",\"target\":{\"@type\":\"EntryPoint\",\"urlTemplate\":\"https:\/\/brasilnoticias.org\/site\/?s={search_term_string}\"},\"query-input\":{\"@type\":\"PropertyValueSpecification\",\"valueRequired\":true,\"valueName\":\"search_term_string\"}}],\"inLanguage\":\"pt-PT\"},{\"@type\":\"Organization\",\"@id\":\"https:\/\/brasilnoticias.org\/site\/#organization\",\"name\":\"Brasil not\u00edcias\",\"url\":\"https:\/\/brasilnoticias.org\/site\/\",\"logo\":{\"@type\":\"ImageObject\",\"inLanguage\":\"pt-PT\",\"@id\":\"https:\/\/brasilnoticias.org\/site\/#\/schema\/logo\/image\/\",\"url\":\"https:\/\/brasilnoticias.org\/site\/wp-content\/uploads\/2022\/05\/cropped-brasilnoticias-mini.jpg\",\"contentUrl\":\"https:\/\/brasilnoticias.org\/site\/wp-content\/uploads\/2022\/05\/cropped-brasilnoticias-mini.jpg\",\"width\":314,\"height\":86,\"caption\":\"Brasil not\u00edcias\"},\"image\":{\"@id\":\"https:\/\/brasilnoticias.org\/site\/#\/schema\/logo\/image\/\"}},{\"@type\":\"Person\",\"@id\":\"https:\/\/brasilnoticias.org\/site\/#\/schema\/person\/a0e05b973ec4d15c658d51911e53507b\",\"name\":\"Reda\u00e7\u00e3o\",\"image\":{\"@type\":\"ImageObject\",\"inLanguage\":\"pt-PT\",\"@id\":\"https:\/\/brasilnoticias.org\/site\/#\/schema\/person\/image\/\",\"url\":\"https:\/\/secure.gravatar.com\/avatar\/75d8b050df2de108b08ae78dfb8e374892df24a383c67db9c46a9c604f6aee9c?s=96&d=mm&r=g\",\"contentUrl\":\"https:\/\/secure.gravatar.com\/avatar\/75d8b050df2de108b08ae78dfb8e374892df24a383c67db9c46a9c604f6aee9c?s=96&d=mm&r=g\",\"caption\":\"Reda\u00e7\u00e3o\"},\"sameAs\":[\"https:\/\/brasilnoticias.org\/site\"],\"url\":\"https:\/\/brasilnoticias.org\/site\/author\/fernandozsngmail-com\/\"}]}<\/script>\n<!-- \/ Yoast SEO plugin. -->","yoast_head_json":{"title":"Bolsonaro ignora blogueiro bolsonarista que estava no port\u00e3o do Alvorada - Brasil not\u00edcias","robots":{"index":"index","follow":"follow","max-snippet":"max-snippet:-1","max-image-preview":"max-image-preview:large","max-video-preview":"max-video-preview:-1"},"canonical":"https:\/\/brasilnoticias.org\/site\/bolsonaro-ignora-blogueiro-bolsonarista-que-estava-no-portao-do-alvorada-2\/","og_locale":"pt_PT","og_type":"article","og_title":"Bolsonaro ignora blogueiro bolsonarista que estava no port\u00e3o do Alvorada - Brasil not\u00edcias","og_description":"Pela primeira vez na hist\u00f3ria, uma sele\u00e7\u00e3o africana vai disputar a semifinal de uma Copa do Mundo. O feito foi","og_url":"https:\/\/brasilnoticias.org\/site\/bolsonaro-ignora-blogueiro-bolsonarista-que-estava-no-portao-do-alvorada-2\/","og_site_name":"Brasil not\u00edcias","article_published_time":"2022-12-11T10:10:09+00:00","og_image":[{"width":1920,"height":1080,"url":"https:\/\/brasilnoticias.org\/site\/wp-content\/uploads\/2022\/12\/naom_6394ba761f5c0.jpg","type":"image\/jpeg"}],"author":"Reda\u00e7\u00e3o","twitter_card":"summary_large_image","twitter_misc":{"Escrito por":"Reda\u00e7\u00e3o","Tempo estimado de leitura":"4 minutos"},"schema":{"@context":"https:\/\/schema.org","@graph":[{"@type":"Article","@id":"https:\/\/brasilnoticias.org\/site\/bolsonaro-ignora-blogueiro-bolsonarista-que-estava-no-portao-do-alvorada-2\/#article","isPartOf":{"@id":"https:\/\/brasilnoticias.org\/site\/bolsonaro-ignora-blogueiro-bolsonarista-que-estava-no-portao-do-alvorada-2\/"},"author":{"name":"Reda\u00e7\u00e3o","@id":"https:\/\/brasilnoticias.org\/site\/#\/schema\/person\/a0e05b973ec4d15c658d51911e53507b"},"headline":"Bolsonaro ignora blogueiro bolsonarista que estava no port\u00e3o do Alvorada","datePublished":"2022-12-11T10:10:09+00:00","mainEntityOfPage":{"@id":"https:\/\/brasilnoticias.org\/site\/bolsonaro-ignora-blogueiro-bolsonarista-que-estava-no-portao-do-alvorada-2\/"},"wordCount":908,"commentCount":0,"publisher":{"@id":"https:\/\/brasilnoticias.org\/site\/#organization"},"image":{"@id":"https:\/\/brasilnoticias.org\/site\/bolsonaro-ignora-blogueiro-bolsonarista-que-estava-no-portao-do-alvorada-2\/#primaryimage"},"thumbnailUrl":"https:\/\/brasilnoticias.org\/site\/wp-content\/uploads\/2022\/12\/naom_6394ba761f5c0.jpg","articleSection":["Esporte","\u00daltimas"],"inLanguage":"pt-PT","potentialAction":[{"@type":"CommentAction","name":"Comment","target":["https:\/\/brasilnoticias.org\/site\/bolsonaro-ignora-blogueiro-bolsonarista-que-estava-no-portao-do-alvorada-2\/#respond"]}]},{"@type":"WebPage","@id":"https:\/\/brasilnoticias.org\/site\/bolsonaro-ignora-blogueiro-bolsonarista-que-estava-no-portao-do-alvorada-2\/","url":"https:\/\/brasilnoticias.org\/site\/bolsonaro-ignora-blogueiro-bolsonarista-que-estava-no-portao-do-alvorada-2\/","name":"Bolsonaro ignora blogueiro bolsonarista que estava no port\u00e3o do Alvorada - Brasil not\u00edcias","isPartOf":{"@id":"https:\/\/brasilnoticias.org\/site\/#website"},"primaryImageOfPage":{"@id":"https:\/\/brasilnoticias.org\/site\/bolsonaro-ignora-blogueiro-bolsonarista-que-estava-no-portao-do-alvorada-2\/#primaryimage"},"image":{"@id":"https:\/\/brasilnoticias.org\/site\/bolsonaro-ignora-blogueiro-bolsonarista-que-estava-no-portao-do-alvorada-2\/#primaryimage"},"thumbnailUrl":"https:\/\/brasilnoticias.org\/site\/wp-content\/uploads\/2022\/12\/naom_6394ba761f5c0.jpg","datePublished":"2022-12-11T10:10:09+00:00","breadcrumb":{"@id":"https:\/\/brasilnoticias.org\/site\/bolsonaro-ignora-blogueiro-bolsonarista-que-estava-no-portao-do-alvorada-2\/#breadcrumb"},"inLanguage":"pt-PT","potentialAction":[{"@type":"ReadAction","target":["https:\/\/brasilnoticias.org\/site\/bolsonaro-ignora-blogueiro-bolsonarista-que-estava-no-portao-do-alvorada-2\/"]}]},{"@type":"ImageObject","inLanguage":"pt-PT","@id":"https:\/\/brasilnoticias.org\/site\/bolsonaro-ignora-blogueiro-bolsonarista-que-estava-no-portao-do-alvorada-2\/#primaryimage","url":"https:\/\/brasilnoticias.org\/site\/wp-content\/uploads\/2022\/12\/naom_6394ba761f5c0.jpg","contentUrl":"https:\/\/brasilnoticias.org\/site\/wp-content\/uploads\/2022\/12\/naom_6394ba761f5c0.jpg","width":1920,"height":1080},{"@type":"BreadcrumbList","@id":"https:\/\/brasilnoticias.org\/site\/bolsonaro-ignora-blogueiro-bolsonarista-que-estava-no-portao-do-alvorada-2\/#breadcrumb","itemListElement":[{"@type":"ListItem","position":1,"name":"In\u00edcio","item":"https:\/\/brasilnoticias.org\/site\/"},{"@type":"ListItem","position":2,"name":"Bolsonaro ignora blogueiro bolsonarista que estava no port\u00e3o do Alvorada"}]},{"@type":"WebSite","@id":"https:\/\/brasilnoticias.org\/site\/#website","url":"https:\/\/brasilnoticias.org\/site\/","name":"Brasil not\u00edcias","description":"Brasil not\u00edcias","publisher":{"@id":"https:\/\/brasilnoticias.org\/site\/#organization"},"potentialAction":[{"@type":"SearchAction","target":{"@type":"EntryPoint","urlTemplate":"https:\/\/brasilnoticias.org\/site\/?s={search_term_string}"},"query-input":{"@type":"PropertyValueSpecification","valueRequired":true,"valueName":"search_term_string"}}],"inLanguage":"pt-PT"},{"@type":"Organization","@id":"https:\/\/brasilnoticias.org\/site\/#organization","name":"Brasil not\u00edcias","url":"https:\/\/brasilnoticias.org\/site\/","logo":{"@type":"ImageObject","inLanguage":"pt-PT","@id":"https:\/\/brasilnoticias.org\/site\/#\/schema\/logo\/image\/","url":"https:\/\/brasilnoticias.org\/site\/wp-content\/uploads\/2022\/05\/cropped-brasilnoticias-mini.jpg","contentUrl":"https:\/\/brasilnoticias.org\/site\/wp-content\/uploads\/2022\/05\/cropped-brasilnoticias-mini.jpg","width":314,"height":86,"caption":"Brasil not\u00edcias"},"image":{"@id":"https:\/\/brasilnoticias.org\/site\/#\/schema\/logo\/image\/"}},{"@type":"Person","@id":"https:\/\/brasilnoticias.org\/site\/#\/schema\/person\/a0e05b973ec4d15c658d51911e53507b","name":"Reda\u00e7\u00e3o","image":{"@type":"ImageObject","inLanguage":"pt-PT","@id":"https:\/\/brasilnoticias.org\/site\/#\/schema\/person\/image\/","url":"https:\/\/secure.gravatar.com\/avatar\/75d8b050df2de108b08ae78dfb8e374892df24a383c67db9c46a9c604f6aee9c?s=96&d=mm&r=g","contentUrl":"https:\/\/secure.gravatar.com\/avatar\/75d8b050df2de108b08ae78dfb8e374892df24a383c67db9c46a9c604f6aee9c?s=96&d=mm&r=g","caption":"Reda\u00e7\u00e3o"},"sameAs":["https:\/\/brasilnoticias.org\/site"],"url":"https:\/\/brasilnoticias.org\/site\/author\/fernandozsngmail-com\/"}]}},"_links":{"self":[{"href":"https:\/\/brasilnoticias.org\/site\/wp-json\/wp\/v2\/posts\/2693","targetHints":{"allow":["GET"]}}],"collection":[{"href":"https:\/\/brasilnoticias.org\/site\/wp-json\/wp\/v2\/posts"}],"about":[{"href":"https:\/\/brasilnoticias.org\/site\/wp-json\/wp\/v2\/types\/post"}],"author":[{"embeddable":true,"href":"https:\/\/brasilnoticias.org\/site\/wp-json\/wp\/v2\/users\/1"}],"replies":[{"embeddable":true,"href":"https:\/\/brasilnoticias.org\/site\/wp-json\/wp\/v2\/comments?post=2693"}],"version-history":[{"count":1,"href":"https:\/\/brasilnoticias.org\/site\/wp-json\/wp\/v2\/posts\/2693\/revisions"}],"predecessor-version":[{"id":2695,"href":"https:\/\/brasilnoticias.org\/site\/wp-json\/wp\/v2\/posts\/2693\/revisions\/2695"}],"wp:featuredmedia":[{"embeddable":true,"href":"https:\/\/brasilnoticias.org\/site\/wp-json\/wp\/v2\/media\/2694"}],"wp:attachment":[{"href":"https:\/\/brasilnoticias.org\/site\/wp-json\/wp\/v2\/media?parent=2693"}],"wp:term":[{"taxonomy":"category","embeddable":true,"href":"https:\/\/brasilnoticias.org\/site\/wp-json\/wp\/v2\/categories?post=2693"},{"taxonomy":"post_tag","embeddable":true,"href":"https:\/\/brasilnoticias.org\/site\/wp-json\/wp\/v2\/tags?post=2693"}],"curies":[{"name":"wp","href":"https:\/\/api.w.org\/{rel}","templated":true}]}}