{"id":2712,"date":"2022-12-12T07:20:36","date_gmt":"2022-12-12T10:20:36","guid":{"rendered":"https:\/\/brasilnoticias.org\/site\/?p=2712"},"modified":"2022-12-11T19:59:55","modified_gmt":"2022-12-11T22:59:55","slug":"selecao-desembarca-no-rio-so-com-6-jogadores-e-com-tite-emocionado","status":"publish","type":"post","link":"https:\/\/brasilnoticias.org\/site\/selecao-desembarca-no-rio-so-com-6-jogadores-e-com-tite-emocionado\/","title":{"rendered":"Sele\u00e7\u00e3o desembarca no Rio s\u00f3 com 6 jogadores e com Tite emocionado"},"content":{"rendered":"<p>A delega\u00e7\u00e3o da sele\u00e7\u00e3o brasileira desembarcou na manh\u00e3 deste domingo, no Rio, dois dias depois da elimina\u00e7\u00e3o na Copa do Catar na disputa por p\u00eanaltis diante da Cro\u00e1cia.<br \/>\nO grupo que chegou ao Brasil foi pequeno e contava com Tite e sua comiss\u00e3o t\u00e9cnica, dirigentes, o presidente da CBF, Ednaldo Rodrigues, al\u00e9m de alguns jogadores. Passaram pelo sagu\u00e3o Raphinha, Rodrygo, Danilo, Weverton, Ederson e \u00c9verton Ribeiro. O restante da delega\u00e7\u00e3o permaneceu na Europa. O avi\u00e3o fez uma parada ap\u00f3s deixar a cidade de Doha, no Catar, e chegou ao Brasil com atraso de mais de tr\u00eas horas em rela\u00e7\u00e3o ao hor\u00e1rio previsto para chegada.<\/p>\n<p>Bastante emocionado, o t\u00e9cnico Tite n\u00e3o quis dar entrevistas. Ele apenas agradeceu a algumas pessoas que o aplaudiram na passagem pelo sagu\u00e3o. &#8220;\u00c9 muito recente ainda. Todo mundo est\u00e1 frustrado, triste. N\u00e3o esper\u00e1vamos isso, est\u00e1vamos confiantes de chegar \u00e0 final. O trabalho foi feito para cima, estava caminhando bem, com uma equipe forte. Infelizmente em um jogo sofremos um chute no gol e perdemos nos p\u00eanaltis. O trabalho foi bem feito&#8221;, disse \u00c9verton Ribeiro, do Flamengo, o \u00fanico a dar entrevistas.<\/p>\n<p>O jogador afirmou que o voo de volta ao Brasil foi dif\u00edcil. &#8220;S\u00e3o momentos dif\u00edceis. A gente tenta confortar com palavras, mas \u00e9 dif\u00edcil. Foi um baque total. Ainda estamos digerindo isso. Essa ferida vai ficar aberta por um bom tempo, mas temos de seguir em frente&#8221;, afirmou.<\/p>\n<p>A queda precoce na Copa do Mundo abriu um per\u00edodo de incertezas na sele\u00e7\u00e3o brasileira. Ap\u00f3s a sa\u00edda do t\u00e9cnico Tite, n\u00e3o h\u00e1 defini\u00e7\u00e3o sobre o novo treinador. Ednaldo Rodrigues afirma que somente em janeiro vai decidir quem deve assumir o cargo. A perman\u00eancia de Juninho Paulista, coordenador da sele\u00e7\u00e3o, tamb\u00e9m n\u00e3o est\u00e1 confirmada. O ciclo para a Copa de 2026 come\u00e7a em mar\u00e7o de 2023, com os primeiros jogos da Data Fifa.<\/p>\n<p>Foto Getty Images<br \/>\nNot\u00edcias ao minuto<\/p>\n","protected":false},"excerpt":{"rendered":"<p>A delega\u00e7\u00e3o da sele\u00e7\u00e3o brasileira desembarcou na manh\u00e3 deste domingo, no Rio, dois dias depois da elimina\u00e7\u00e3o na Copa do<\/p>\n","protected":false},"author":1,"featured_media":2713,"comment_status":"open","ping_status":"open","sticky":false,"template":"","format":"standard","meta":{"colormag_page_container_layout":"default_layout","colormag_page_sidebar_layout":"default_layout","_FSMCFIC_featured_image_caption":"","_FSMCFIC_featured_image_nocaption":"","_FSMCFIC_featured_image_hide":"","footnotes":""},"categories":[4,1],"tags":[],"class_list":["post-2712","post","type-post","status-publish","format-standard","has-post-thumbnail","hentry","category-esporte","category-ultimas"],"yoast_head":"<!-- This site is optimized with the Yoast SEO plugin v27.1.1 - https:\/\/yoast.com\/product\/yoast-seo-wordpress\/ -->\n<title>Sele\u00e7\u00e3o desembarca no Rio s\u00f3 com 6 jogadores e com Tite emocionado - Brasil not\u00edcias<\/title>\n<meta name=\"robots\" content=\"index, follow, max-snippet:-1, max-image-preview:large, max-video-preview:-1\" \/>\n<link rel=\"canonical\" href=\"https:\/\/brasilnoticias.org\/site\/selecao-desembarca-no-rio-so-com-6-jogadores-e-com-tite-emocionado\/\" \/>\n<meta property=\"og:locale\" content=\"pt_PT\" \/>\n<meta property=\"og:type\" content=\"article\" \/>\n<meta property=\"og:title\" content=\"Sele\u00e7\u00e3o desembarca no Rio s\u00f3 com 6 jogadores e com Tite emocionado - Brasil not\u00edcias\" \/>\n<meta property=\"og:description\" content=\"A delega\u00e7\u00e3o da sele\u00e7\u00e3o brasileira desembarcou na manh\u00e3 deste domingo, no Rio, dois dias depois da elimina\u00e7\u00e3o na Copa do\" \/>\n<meta property=\"og:url\" content=\"https:\/\/brasilnoticias.org\/site\/selecao-desembarca-no-rio-so-com-6-jogadores-e-com-tite-emocionado\/\" \/>\n<meta property=\"og:site_name\" content=\"Brasil not\u00edcias\" \/>\n<meta property=\"article:published_time\" content=\"2022-12-12T10:20:36+00:00\" \/>\n<meta property=\"og:image\" content=\"https:\/\/brasilnoticias.org\/site\/wp-content\/uploads\/2022\/12\/naom_6395e6e40b182.jpg\" \/>\n\t<meta property=\"og:image:width\" content=\"960\" \/>\n\t<meta property=\"og:image:height\" content=\"540\" \/>\n\t<meta property=\"og:image:type\" content=\"image\/jpeg\" \/>\n<meta name=\"author\" content=\"Reda\u00e7\u00e3o\" \/>\n<meta name=\"twitter:card\" content=\"summary_large_image\" \/>\n<meta name=\"twitter:label1\" content=\"Escrito por\" \/>\n\t<meta name=\"twitter:data1\" content=\"Reda\u00e7\u00e3o\" \/>\n\t<meta name=\"twitter:label2\" content=\"Tempo estimado de leitura\" \/>\n\t<meta name=\"twitter:data2\" content=\"2 minutos\" \/>\n<script type=\"application\/ld+json\" class=\"yoast-schema-graph\">{\"@context\":\"https:\/\/schema.org\",\"@graph\":[{\"@type\":\"Article\",\"@id\":\"https:\/\/brasilnoticias.org\/site\/selecao-desembarca-no-rio-so-com-6-jogadores-e-com-tite-emocionado\/#article\",\"isPartOf\":{\"@id\":\"https:\/\/brasilnoticias.org\/site\/selecao-desembarca-no-rio-so-com-6-jogadores-e-com-tite-emocionado\/\"},\"author\":{\"name\":\"Reda\u00e7\u00e3o\",\"@id\":\"https:\/\/brasilnoticias.org\/site\/#\/schema\/person\/a0e05b973ec4d15c658d51911e53507b\"},\"headline\":\"Sele\u00e7\u00e3o desembarca no Rio s\u00f3 com 6 jogadores e com Tite emocionado\",\"datePublished\":\"2022-12-12T10:20:36+00:00\",\"mainEntityOfPage\":{\"@id\":\"https:\/\/brasilnoticias.org\/site\/selecao-desembarca-no-rio-so-com-6-jogadores-e-com-tite-emocionado\/\"},\"wordCount\":359,\"commentCount\":0,\"publisher\":{\"@id\":\"https:\/\/brasilnoticias.org\/site\/#organization\"},\"image\":{\"@id\":\"https:\/\/brasilnoticias.org\/site\/selecao-desembarca-no-rio-so-com-6-jogadores-e-com-tite-emocionado\/#primaryimage\"},\"thumbnailUrl\":\"https:\/\/brasilnoticias.org\/site\/wp-content\/uploads\/2022\/12\/naom_6395e6e40b182.jpg\",\"articleSection\":[\"Esporte\",\"\u00daltimas\"],\"inLanguage\":\"pt-PT\",\"potentialAction\":[{\"@type\":\"CommentAction\",\"name\":\"Comment\",\"target\":[\"https:\/\/brasilnoticias.org\/site\/selecao-desembarca-no-rio-so-com-6-jogadores-e-com-tite-emocionado\/#respond\"]}]},{\"@type\":\"WebPage\",\"@id\":\"https:\/\/brasilnoticias.org\/site\/selecao-desembarca-no-rio-so-com-6-jogadores-e-com-tite-emocionado\/\",\"url\":\"https:\/\/brasilnoticias.org\/site\/selecao-desembarca-no-rio-so-com-6-jogadores-e-com-tite-emocionado\/\",\"name\":\"Sele\u00e7\u00e3o desembarca no Rio s\u00f3 com 6 jogadores e com Tite emocionado - Brasil not\u00edcias\",\"isPartOf\":{\"@id\":\"https:\/\/brasilnoticias.org\/site\/#website\"},\"primaryImageOfPage\":{\"@id\":\"https:\/\/brasilnoticias.org\/site\/selecao-desembarca-no-rio-so-com-6-jogadores-e-com-tite-emocionado\/#primaryimage\"},\"image\":{\"@id\":\"https:\/\/brasilnoticias.org\/site\/selecao-desembarca-no-rio-so-com-6-jogadores-e-com-tite-emocionado\/#primaryimage\"},\"thumbnailUrl\":\"https:\/\/brasilnoticias.org\/site\/wp-content\/uploads\/2022\/12\/naom_6395e6e40b182.jpg\",\"datePublished\":\"2022-12-12T10:20:36+00:00\",\"breadcrumb\":{\"@id\":\"https:\/\/brasilnoticias.org\/site\/selecao-desembarca-no-rio-so-com-6-jogadores-e-com-tite-emocionado\/#breadcrumb\"},\"inLanguage\":\"pt-PT\",\"potentialAction\":[{\"@type\":\"ReadAction\",\"target\":[\"https:\/\/brasilnoticias.org\/site\/selecao-desembarca-no-rio-so-com-6-jogadores-e-com-tite-emocionado\/\"]}]},{\"@type\":\"ImageObject\",\"inLanguage\":\"pt-PT\",\"@id\":\"https:\/\/brasilnoticias.org\/site\/selecao-desembarca-no-rio-so-com-6-jogadores-e-com-tite-emocionado\/#primaryimage\",\"url\":\"https:\/\/brasilnoticias.org\/site\/wp-content\/uploads\/2022\/12\/naom_6395e6e40b182.jpg\",\"contentUrl\":\"https:\/\/brasilnoticias.org\/site\/wp-content\/uploads\/2022\/12\/naom_6395e6e40b182.jpg\",\"width\":960,\"height\":540},{\"@type\":\"BreadcrumbList\",\"@id\":\"https:\/\/brasilnoticias.org\/site\/selecao-desembarca-no-rio-so-com-6-jogadores-e-com-tite-emocionado\/#breadcrumb\",\"itemListElement\":[{\"@type\":\"ListItem\",\"position\":1,\"name\":\"In\u00edcio\",\"item\":\"https:\/\/brasilnoticias.org\/site\/\"},{\"@type\":\"ListItem\",\"position\":2,\"name\":\"Sele\u00e7\u00e3o desembarca no Rio s\u00f3 com 6 jogadores e com Tite emocionado\"}]},{\"@type\":\"WebSite\",\"@id\":\"https:\/\/brasilnoticias.org\/site\/#website\",\"url\":\"https:\/\/brasilnoticias.org\/site\/\",\"name\":\"Brasil not\u00edcias\",\"description\":\"Brasil not\u00edcias\",\"publisher\":{\"@id\":\"https:\/\/brasilnoticias.org\/site\/#organization\"},\"potentialAction\":[{\"@type\":\"SearchAction\",\"target\":{\"@type\":\"EntryPoint\",\"urlTemplate\":\"https:\/\/brasilnoticias.org\/site\/?s={search_term_string}\"},\"query-input\":{\"@type\":\"PropertyValueSpecification\",\"valueRequired\":true,\"valueName\":\"search_term_string\"}}],\"inLanguage\":\"pt-PT\"},{\"@type\":\"Organization\",\"@id\":\"https:\/\/brasilnoticias.org\/site\/#organization\",\"name\":\"Brasil not\u00edcias\",\"url\":\"https:\/\/brasilnoticias.org\/site\/\",\"logo\":{\"@type\":\"ImageObject\",\"inLanguage\":\"pt-PT\",\"@id\":\"https:\/\/brasilnoticias.org\/site\/#\/schema\/logo\/image\/\",\"url\":\"https:\/\/brasilnoticias.org\/site\/wp-content\/uploads\/2022\/05\/cropped-brasilnoticias-mini.jpg\",\"contentUrl\":\"https:\/\/brasilnoticias.org\/site\/wp-content\/uploads\/2022\/05\/cropped-brasilnoticias-mini.jpg\",\"width\":314,\"height\":86,\"caption\":\"Brasil not\u00edcias\"},\"image\":{\"@id\":\"https:\/\/brasilnoticias.org\/site\/#\/schema\/logo\/image\/\"}},{\"@type\":\"Person\",\"@id\":\"https:\/\/brasilnoticias.org\/site\/#\/schema\/person\/a0e05b973ec4d15c658d51911e53507b\",\"name\":\"Reda\u00e7\u00e3o\",\"image\":{\"@type\":\"ImageObject\",\"inLanguage\":\"pt-PT\",\"@id\":\"https:\/\/brasilnoticias.org\/site\/#\/schema\/person\/image\/\",\"url\":\"https:\/\/secure.gravatar.com\/avatar\/75d8b050df2de108b08ae78dfb8e374892df24a383c67db9c46a9c604f6aee9c?s=96&d=mm&r=g\",\"contentUrl\":\"https:\/\/secure.gravatar.com\/avatar\/75d8b050df2de108b08ae78dfb8e374892df24a383c67db9c46a9c604f6aee9c?s=96&d=mm&r=g\",\"caption\":\"Reda\u00e7\u00e3o\"},\"sameAs\":[\"https:\/\/brasilnoticias.org\/site\"],\"url\":\"https:\/\/brasilnoticias.org\/site\/author\/fernandozsngmail-com\/\"}]}<\/script>\n<!-- \/ Yoast SEO plugin. -->","yoast_head_json":{"title":"Sele\u00e7\u00e3o desembarca no Rio s\u00f3 com 6 jogadores e com Tite emocionado - Brasil not\u00edcias","robots":{"index":"index","follow":"follow","max-snippet":"max-snippet:-1","max-image-preview":"max-image-preview:large","max-video-preview":"max-video-preview:-1"},"canonical":"https:\/\/brasilnoticias.org\/site\/selecao-desembarca-no-rio-so-com-6-jogadores-e-com-tite-emocionado\/","og_locale":"pt_PT","og_type":"article","og_title":"Sele\u00e7\u00e3o desembarca no Rio s\u00f3 com 6 jogadores e com Tite emocionado - Brasil not\u00edcias","og_description":"A delega\u00e7\u00e3o da sele\u00e7\u00e3o brasileira desembarcou na manh\u00e3 deste domingo, no Rio, dois dias depois da elimina\u00e7\u00e3o na Copa do","og_url":"https:\/\/brasilnoticias.org\/site\/selecao-desembarca-no-rio-so-com-6-jogadores-e-com-tite-emocionado\/","og_site_name":"Brasil not\u00edcias","article_published_time":"2022-12-12T10:20:36+00:00","og_image":[{"width":960,"height":540,"url":"https:\/\/brasilnoticias.org\/site\/wp-content\/uploads\/2022\/12\/naom_6395e6e40b182.jpg","type":"image\/jpeg"}],"author":"Reda\u00e7\u00e3o","twitter_card":"summary_large_image","twitter_misc":{"Escrito por":"Reda\u00e7\u00e3o","Tempo estimado de leitura":"2 minutos"},"schema":{"@context":"https:\/\/schema.org","@graph":[{"@type":"Article","@id":"https:\/\/brasilnoticias.org\/site\/selecao-desembarca-no-rio-so-com-6-jogadores-e-com-tite-emocionado\/#article","isPartOf":{"@id":"https:\/\/brasilnoticias.org\/site\/selecao-desembarca-no-rio-so-com-6-jogadores-e-com-tite-emocionado\/"},"author":{"name":"Reda\u00e7\u00e3o","@id":"https:\/\/brasilnoticias.org\/site\/#\/schema\/person\/a0e05b973ec4d15c658d51911e53507b"},"headline":"Sele\u00e7\u00e3o desembarca no Rio s\u00f3 com 6 jogadores e com Tite emocionado","datePublished":"2022-12-12T10:20:36+00:00","mainEntityOfPage":{"@id":"https:\/\/brasilnoticias.org\/site\/selecao-desembarca-no-rio-so-com-6-jogadores-e-com-tite-emocionado\/"},"wordCount":359,"commentCount":0,"publisher":{"@id":"https:\/\/brasilnoticias.org\/site\/#organization"},"image":{"@id":"https:\/\/brasilnoticias.org\/site\/selecao-desembarca-no-rio-so-com-6-jogadores-e-com-tite-emocionado\/#primaryimage"},"thumbnailUrl":"https:\/\/brasilnoticias.org\/site\/wp-content\/uploads\/2022\/12\/naom_6395e6e40b182.jpg","articleSection":["Esporte","\u00daltimas"],"inLanguage":"pt-PT","potentialAction":[{"@type":"CommentAction","name":"Comment","target":["https:\/\/brasilnoticias.org\/site\/selecao-desembarca-no-rio-so-com-6-jogadores-e-com-tite-emocionado\/#respond"]}]},{"@type":"WebPage","@id":"https:\/\/brasilnoticias.org\/site\/selecao-desembarca-no-rio-so-com-6-jogadores-e-com-tite-emocionado\/","url":"https:\/\/brasilnoticias.org\/site\/selecao-desembarca-no-rio-so-com-6-jogadores-e-com-tite-emocionado\/","name":"Sele\u00e7\u00e3o desembarca no Rio s\u00f3 com 6 jogadores e com Tite emocionado - Brasil not\u00edcias","isPartOf":{"@id":"https:\/\/brasilnoticias.org\/site\/#website"},"primaryImageOfPage":{"@id":"https:\/\/brasilnoticias.org\/site\/selecao-desembarca-no-rio-so-com-6-jogadores-e-com-tite-emocionado\/#primaryimage"},"image":{"@id":"https:\/\/brasilnoticias.org\/site\/selecao-desembarca-no-rio-so-com-6-jogadores-e-com-tite-emocionado\/#primaryimage"},"thumbnailUrl":"https:\/\/brasilnoticias.org\/site\/wp-content\/uploads\/2022\/12\/naom_6395e6e40b182.jpg","datePublished":"2022-12-12T10:20:36+00:00","breadcrumb":{"@id":"https:\/\/brasilnoticias.org\/site\/selecao-desembarca-no-rio-so-com-6-jogadores-e-com-tite-emocionado\/#breadcrumb"},"inLanguage":"pt-PT","potentialAction":[{"@type":"ReadAction","target":["https:\/\/brasilnoticias.org\/site\/selecao-desembarca-no-rio-so-com-6-jogadores-e-com-tite-emocionado\/"]}]},{"@type":"ImageObject","inLanguage":"pt-PT","@id":"https:\/\/brasilnoticias.org\/site\/selecao-desembarca-no-rio-so-com-6-jogadores-e-com-tite-emocionado\/#primaryimage","url":"https:\/\/brasilnoticias.org\/site\/wp-content\/uploads\/2022\/12\/naom_6395e6e40b182.jpg","contentUrl":"https:\/\/brasilnoticias.org\/site\/wp-content\/uploads\/2022\/12\/naom_6395e6e40b182.jpg","width":960,"height":540},{"@type":"BreadcrumbList","@id":"https:\/\/brasilnoticias.org\/site\/selecao-desembarca-no-rio-so-com-6-jogadores-e-com-tite-emocionado\/#breadcrumb","itemListElement":[{"@type":"ListItem","position":1,"name":"In\u00edcio","item":"https:\/\/brasilnoticias.org\/site\/"},{"@type":"ListItem","position":2,"name":"Sele\u00e7\u00e3o desembarca no Rio s\u00f3 com 6 jogadores e com Tite emocionado"}]},{"@type":"WebSite","@id":"https:\/\/brasilnoticias.org\/site\/#website","url":"https:\/\/brasilnoticias.org\/site\/","name":"Brasil not\u00edcias","description":"Brasil not\u00edcias","publisher":{"@id":"https:\/\/brasilnoticias.org\/site\/#organization"},"potentialAction":[{"@type":"SearchAction","target":{"@type":"EntryPoint","urlTemplate":"https:\/\/brasilnoticias.org\/site\/?s={search_term_string}"},"query-input":{"@type":"PropertyValueSpecification","valueRequired":true,"valueName":"search_term_string"}}],"inLanguage":"pt-PT"},{"@type":"Organization","@id":"https:\/\/brasilnoticias.org\/site\/#organization","name":"Brasil not\u00edcias","url":"https:\/\/brasilnoticias.org\/site\/","logo":{"@type":"ImageObject","inLanguage":"pt-PT","@id":"https:\/\/brasilnoticias.org\/site\/#\/schema\/logo\/image\/","url":"https:\/\/brasilnoticias.org\/site\/wp-content\/uploads\/2022\/05\/cropped-brasilnoticias-mini.jpg","contentUrl":"https:\/\/brasilnoticias.org\/site\/wp-content\/uploads\/2022\/05\/cropped-brasilnoticias-mini.jpg","width":314,"height":86,"caption":"Brasil not\u00edcias"},"image":{"@id":"https:\/\/brasilnoticias.org\/site\/#\/schema\/logo\/image\/"}},{"@type":"Person","@id":"https:\/\/brasilnoticias.org\/site\/#\/schema\/person\/a0e05b973ec4d15c658d51911e53507b","name":"Reda\u00e7\u00e3o","image":{"@type":"ImageObject","inLanguage":"pt-PT","@id":"https:\/\/brasilnoticias.org\/site\/#\/schema\/person\/image\/","url":"https:\/\/secure.gravatar.com\/avatar\/75d8b050df2de108b08ae78dfb8e374892df24a383c67db9c46a9c604f6aee9c?s=96&d=mm&r=g","contentUrl":"https:\/\/secure.gravatar.com\/avatar\/75d8b050df2de108b08ae78dfb8e374892df24a383c67db9c46a9c604f6aee9c?s=96&d=mm&r=g","caption":"Reda\u00e7\u00e3o"},"sameAs":["https:\/\/brasilnoticias.org\/site"],"url":"https:\/\/brasilnoticias.org\/site\/author\/fernandozsngmail-com\/"}]}},"_links":{"self":[{"href":"https:\/\/brasilnoticias.org\/site\/wp-json\/wp\/v2\/posts\/2712","targetHints":{"allow":["GET"]}}],"collection":[{"href":"https:\/\/brasilnoticias.org\/site\/wp-json\/wp\/v2\/posts"}],"about":[{"href":"https:\/\/brasilnoticias.org\/site\/wp-json\/wp\/v2\/types\/post"}],"author":[{"embeddable":true,"href":"https:\/\/brasilnoticias.org\/site\/wp-json\/wp\/v2\/users\/1"}],"replies":[{"embeddable":true,"href":"https:\/\/brasilnoticias.org\/site\/wp-json\/wp\/v2\/comments?post=2712"}],"version-history":[{"count":1,"href":"https:\/\/brasilnoticias.org\/site\/wp-json\/wp\/v2\/posts\/2712\/revisions"}],"predecessor-version":[{"id":2714,"href":"https:\/\/brasilnoticias.org\/site\/wp-json\/wp\/v2\/posts\/2712\/revisions\/2714"}],"wp:featuredmedia":[{"embeddable":true,"href":"https:\/\/brasilnoticias.org\/site\/wp-json\/wp\/v2\/media\/2713"}],"wp:attachment":[{"href":"https:\/\/brasilnoticias.org\/site\/wp-json\/wp\/v2\/media?parent=2712"}],"wp:term":[{"taxonomy":"category","embeddable":true,"href":"https:\/\/brasilnoticias.org\/site\/wp-json\/wp\/v2\/categories?post=2712"},{"taxonomy":"post_tag","embeddable":true,"href":"https:\/\/brasilnoticias.org\/site\/wp-json\/wp\/v2\/tags?post=2712"}],"curies":[{"name":"wp","href":"https:\/\/api.w.org\/{rel}","templated":true}]}}