{"id":2734,"date":"2022-12-12T18:30:56","date_gmt":"2022-12-12T21:30:56","guid":{"rendered":"https:\/\/brasilnoticias.org\/site\/?p=2734"},"modified":"2022-12-12T20:01:56","modified_gmt":"2022-12-12T23:01:56","slug":"lula-diz-que-bolsonaro-deixa-legado-perverso-de-desmonte-de-politicas-publicas","status":"publish","type":"post","link":"https:\/\/brasilnoticias.org\/site\/lula-diz-que-bolsonaro-deixa-legado-perverso-de-desmonte-de-politicas-publicas\/","title":{"rendered":"Lula diz que Bolsonaro deixa &#8216;legado perverso&#8217; de desmonte de pol\u00edticas p\u00fablicas"},"content":{"rendered":"<p>Em discurso durante diploma\u00e7\u00e3o como presidente eleito nesta segunda-feira, 12, Luiz In\u00e1cio Lula da Silva (PT) disse que o presidente Jair Bolsonaro, derrotado no segundo turno das elei\u00e7\u00f5es, deixa um &#8220;legado perverso&#8221; para o Pa\u00eds.<br \/>\n&#8220;Nestas semanas em que o Gabinete de Transi\u00e7\u00e3o vem escrutinando a realidade atual do Pa\u00eds, tomamos conhecimento do deliberado processo de desmonte das pol\u00edticas p\u00fablicas e dos instrumentos de desenvolvimento, levado a cabo por um governo de destrui\u00e7\u00e3o nacional. Soma-se a este legado perverso, que recai principalmente sobre a popula\u00e7\u00e3o mais necessitada, o ataque sistem\u00e1tico \u00e0s institui\u00e7\u00f5es democr\u00e1ticas&#8221;, criticou Lula.<\/p>\n<p>O presidente eleito destacou a &#8220;frente ampla contra o autoritarismo&#8221; formada por partidos que apoiaram sua candidatura \u00e0 Presid\u00eancia.<\/p>\n<p>&#8220;O resultado destas elei\u00e7\u00f5es n\u00e3o foi apenas a vit\u00f3ria de um candidato ou de um partido. Tive o privil\u00e9gio de ser apoiado por uma frente de 12 partidos no primeiro turno, aos quais se somaram mais dois na segunda etapa. Uma verdadeira frente ampla contra o autoritarismo, que hoje, na transi\u00e7\u00e3o de governo, se amplia para outras legendas, e fortalece o protagonismo de trabalhadores, empres\u00e1rios, artistas, intelectuais, cientistas e lideran\u00e7as dos mais diversos e combativos movimentos populares deste Pa\u00eds&#8221;, disse.<\/p>\n<p>Foto Getty<br \/>\nNot\u00edcias ao minuto<\/p>\n","protected":false},"excerpt":{"rendered":"<p>Em discurso durante diploma\u00e7\u00e3o como presidente eleito nesta segunda-feira, 12, Luiz In\u00e1cio Lula da Silva (PT) disse que o presidente<\/p>\n","protected":false},"author":1,"featured_media":2735,"comment_status":"open","ping_status":"open","sticky":false,"template":"","format":"standard","meta":{"colormag_page_container_layout":"default_layout","colormag_page_sidebar_layout":"default_layout","_FSMCFIC_featured_image_caption":"","_FSMCFIC_featured_image_nocaption":"","_FSMCFIC_featured_image_hide":"","footnotes":""},"categories":[5,1],"tags":[],"class_list":["post-2734","post","type-post","status-publish","format-standard","has-post-thumbnail","hentry","category-politica","category-ultimas"],"yoast_head":"<!-- This site is optimized with the Yoast SEO plugin v27.1.1 - https:\/\/yoast.com\/product\/yoast-seo-wordpress\/ -->\n<title>Lula diz que Bolsonaro deixa &#039;legado perverso&#039; de desmonte de pol\u00edticas p\u00fablicas - Brasil not\u00edcias<\/title>\n<meta name=\"robots\" content=\"index, follow, max-snippet:-1, max-image-preview:large, max-video-preview:-1\" \/>\n<link rel=\"canonical\" href=\"https:\/\/brasilnoticias.org\/site\/lula-diz-que-bolsonaro-deixa-legado-perverso-de-desmonte-de-politicas-publicas\/\" \/>\n<meta property=\"og:locale\" content=\"pt_PT\" \/>\n<meta property=\"og:type\" content=\"article\" \/>\n<meta property=\"og:title\" content=\"Lula diz que Bolsonaro deixa &#039;legado perverso&#039; de desmonte de pol\u00edticas p\u00fablicas - Brasil not\u00edcias\" \/>\n<meta property=\"og:description\" content=\"Em discurso durante diploma\u00e7\u00e3o como presidente eleito nesta segunda-feira, 12, Luiz In\u00e1cio Lula da Silva (PT) disse que o presidente\" \/>\n<meta property=\"og:url\" content=\"https:\/\/brasilnoticias.org\/site\/lula-diz-que-bolsonaro-deixa-legado-perverso-de-desmonte-de-politicas-publicas\/\" \/>\n<meta property=\"og:site_name\" content=\"Brasil not\u00edcias\" \/>\n<meta property=\"article:published_time\" content=\"2022-12-12T21:30:56+00:00\" \/>\n<meta property=\"article:modified_time\" content=\"2022-12-12T23:01:56+00:00\" \/>\n<meta property=\"og:image\" content=\"https:\/\/brasilnoticias.org\/site\/wp-content\/uploads\/2022\/12\/naom_635cee94a9285.jpg\" \/>\n\t<meta property=\"og:image:width\" content=\"960\" \/>\n\t<meta property=\"og:image:height\" content=\"540\" \/>\n\t<meta property=\"og:image:type\" content=\"image\/jpeg\" \/>\n<meta name=\"author\" content=\"Reda\u00e7\u00e3o\" \/>\n<meta name=\"twitter:card\" content=\"summary_large_image\" \/>\n<meta name=\"twitter:label1\" content=\"Escrito por\" \/>\n\t<meta name=\"twitter:data1\" content=\"Reda\u00e7\u00e3o\" \/>\n\t<meta name=\"twitter:label2\" content=\"Tempo estimado de leitura\" \/>\n\t<meta name=\"twitter:data2\" content=\"1 minuto\" \/>\n<script type=\"application\/ld+json\" class=\"yoast-schema-graph\">{\"@context\":\"https:\/\/schema.org\",\"@graph\":[{\"@type\":\"Article\",\"@id\":\"https:\/\/brasilnoticias.org\/site\/lula-diz-que-bolsonaro-deixa-legado-perverso-de-desmonte-de-politicas-publicas\/#article\",\"isPartOf\":{\"@id\":\"https:\/\/brasilnoticias.org\/site\/lula-diz-que-bolsonaro-deixa-legado-perverso-de-desmonte-de-politicas-publicas\/\"},\"author\":{\"name\":\"Reda\u00e7\u00e3o\",\"@id\":\"https:\/\/brasilnoticias.org\/site\/#\/schema\/person\/a0e05b973ec4d15c658d51911e53507b\"},\"headline\":\"Lula diz que Bolsonaro deixa &#8216;legado perverso&#8217; de desmonte de pol\u00edticas p\u00fablicas\",\"datePublished\":\"2022-12-12T21:30:56+00:00\",\"dateModified\":\"2022-12-12T23:01:56+00:00\",\"mainEntityOfPage\":{\"@id\":\"https:\/\/brasilnoticias.org\/site\/lula-diz-que-bolsonaro-deixa-legado-perverso-de-desmonte-de-politicas-publicas\/\"},\"wordCount\":233,\"commentCount\":0,\"publisher\":{\"@id\":\"https:\/\/brasilnoticias.org\/site\/#organization\"},\"image\":{\"@id\":\"https:\/\/brasilnoticias.org\/site\/lula-diz-que-bolsonaro-deixa-legado-perverso-de-desmonte-de-politicas-publicas\/#primaryimage\"},\"thumbnailUrl\":\"https:\/\/brasilnoticias.org\/site\/wp-content\/uploads\/2022\/12\/naom_635cee94a9285.jpg\",\"articleSection\":[\"Pol\u00edtica\",\"\u00daltimas\"],\"inLanguage\":\"pt-PT\",\"potentialAction\":[{\"@type\":\"CommentAction\",\"name\":\"Comment\",\"target\":[\"https:\/\/brasilnoticias.org\/site\/lula-diz-que-bolsonaro-deixa-legado-perverso-de-desmonte-de-politicas-publicas\/#respond\"]}]},{\"@type\":\"WebPage\",\"@id\":\"https:\/\/brasilnoticias.org\/site\/lula-diz-que-bolsonaro-deixa-legado-perverso-de-desmonte-de-politicas-publicas\/\",\"url\":\"https:\/\/brasilnoticias.org\/site\/lula-diz-que-bolsonaro-deixa-legado-perverso-de-desmonte-de-politicas-publicas\/\",\"name\":\"Lula diz que Bolsonaro deixa 'legado perverso' de desmonte de pol\u00edticas p\u00fablicas - Brasil not\u00edcias\",\"isPartOf\":{\"@id\":\"https:\/\/brasilnoticias.org\/site\/#website\"},\"primaryImageOfPage\":{\"@id\":\"https:\/\/brasilnoticias.org\/site\/lula-diz-que-bolsonaro-deixa-legado-perverso-de-desmonte-de-politicas-publicas\/#primaryimage\"},\"image\":{\"@id\":\"https:\/\/brasilnoticias.org\/site\/lula-diz-que-bolsonaro-deixa-legado-perverso-de-desmonte-de-politicas-publicas\/#primaryimage\"},\"thumbnailUrl\":\"https:\/\/brasilnoticias.org\/site\/wp-content\/uploads\/2022\/12\/naom_635cee94a9285.jpg\",\"datePublished\":\"2022-12-12T21:30:56+00:00\",\"dateModified\":\"2022-12-12T23:01:56+00:00\",\"breadcrumb\":{\"@id\":\"https:\/\/brasilnoticias.org\/site\/lula-diz-que-bolsonaro-deixa-legado-perverso-de-desmonte-de-politicas-publicas\/#breadcrumb\"},\"inLanguage\":\"pt-PT\",\"potentialAction\":[{\"@type\":\"ReadAction\",\"target\":[\"https:\/\/brasilnoticias.org\/site\/lula-diz-que-bolsonaro-deixa-legado-perverso-de-desmonte-de-politicas-publicas\/\"]}]},{\"@type\":\"ImageObject\",\"inLanguage\":\"pt-PT\",\"@id\":\"https:\/\/brasilnoticias.org\/site\/lula-diz-que-bolsonaro-deixa-legado-perverso-de-desmonte-de-politicas-publicas\/#primaryimage\",\"url\":\"https:\/\/brasilnoticias.org\/site\/wp-content\/uploads\/2022\/12\/naom_635cee94a9285.jpg\",\"contentUrl\":\"https:\/\/brasilnoticias.org\/site\/wp-content\/uploads\/2022\/12\/naom_635cee94a9285.jpg\",\"width\":960,\"height\":540},{\"@type\":\"BreadcrumbList\",\"@id\":\"https:\/\/brasilnoticias.org\/site\/lula-diz-que-bolsonaro-deixa-legado-perverso-de-desmonte-de-politicas-publicas\/#breadcrumb\",\"itemListElement\":[{\"@type\":\"ListItem\",\"position\":1,\"name\":\"In\u00edcio\",\"item\":\"https:\/\/brasilnoticias.org\/site\/\"},{\"@type\":\"ListItem\",\"position\":2,\"name\":\"Lula diz que Bolsonaro deixa &#8216;legado perverso&#8217; de desmonte de pol\u00edticas p\u00fablicas\"}]},{\"@type\":\"WebSite\",\"@id\":\"https:\/\/brasilnoticias.org\/site\/#website\",\"url\":\"https:\/\/brasilnoticias.org\/site\/\",\"name\":\"Brasil not\u00edcias\",\"description\":\"Brasil not\u00edcias\",\"publisher\":{\"@id\":\"https:\/\/brasilnoticias.org\/site\/#organization\"},\"potentialAction\":[{\"@type\":\"SearchAction\",\"target\":{\"@type\":\"EntryPoint\",\"urlTemplate\":\"https:\/\/brasilnoticias.org\/site\/?s={search_term_string}\"},\"query-input\":{\"@type\":\"PropertyValueSpecification\",\"valueRequired\":true,\"valueName\":\"search_term_string\"}}],\"inLanguage\":\"pt-PT\"},{\"@type\":\"Organization\",\"@id\":\"https:\/\/brasilnoticias.org\/site\/#organization\",\"name\":\"Brasil not\u00edcias\",\"url\":\"https:\/\/brasilnoticias.org\/site\/\",\"logo\":{\"@type\":\"ImageObject\",\"inLanguage\":\"pt-PT\",\"@id\":\"https:\/\/brasilnoticias.org\/site\/#\/schema\/logo\/image\/\",\"url\":\"https:\/\/brasilnoticias.org\/site\/wp-content\/uploads\/2022\/05\/cropped-brasilnoticias-mini.jpg\",\"contentUrl\":\"https:\/\/brasilnoticias.org\/site\/wp-content\/uploads\/2022\/05\/cropped-brasilnoticias-mini.jpg\",\"width\":314,\"height\":86,\"caption\":\"Brasil not\u00edcias\"},\"image\":{\"@id\":\"https:\/\/brasilnoticias.org\/site\/#\/schema\/logo\/image\/\"}},{\"@type\":\"Person\",\"@id\":\"https:\/\/brasilnoticias.org\/site\/#\/schema\/person\/a0e05b973ec4d15c658d51911e53507b\",\"name\":\"Reda\u00e7\u00e3o\",\"image\":{\"@type\":\"ImageObject\",\"inLanguage\":\"pt-PT\",\"@id\":\"https:\/\/brasilnoticias.org\/site\/#\/schema\/person\/image\/\",\"url\":\"https:\/\/secure.gravatar.com\/avatar\/75d8b050df2de108b08ae78dfb8e374892df24a383c67db9c46a9c604f6aee9c?s=96&d=mm&r=g\",\"contentUrl\":\"https:\/\/secure.gravatar.com\/avatar\/75d8b050df2de108b08ae78dfb8e374892df24a383c67db9c46a9c604f6aee9c?s=96&d=mm&r=g\",\"caption\":\"Reda\u00e7\u00e3o\"},\"sameAs\":[\"https:\/\/brasilnoticias.org\/site\"],\"url\":\"https:\/\/brasilnoticias.org\/site\/author\/fernandozsngmail-com\/\"}]}<\/script>\n<!-- \/ Yoast SEO plugin. -->","yoast_head_json":{"title":"Lula diz que Bolsonaro deixa 'legado perverso' de desmonte de pol\u00edticas p\u00fablicas - Brasil not\u00edcias","robots":{"index":"index","follow":"follow","max-snippet":"max-snippet:-1","max-image-preview":"max-image-preview:large","max-video-preview":"max-video-preview:-1"},"canonical":"https:\/\/brasilnoticias.org\/site\/lula-diz-que-bolsonaro-deixa-legado-perverso-de-desmonte-de-politicas-publicas\/","og_locale":"pt_PT","og_type":"article","og_title":"Lula diz que Bolsonaro deixa 'legado perverso' de desmonte de pol\u00edticas p\u00fablicas - Brasil not\u00edcias","og_description":"Em discurso durante diploma\u00e7\u00e3o como presidente eleito nesta segunda-feira, 12, Luiz In\u00e1cio Lula da Silva (PT) disse que o presidente","og_url":"https:\/\/brasilnoticias.org\/site\/lula-diz-que-bolsonaro-deixa-legado-perverso-de-desmonte-de-politicas-publicas\/","og_site_name":"Brasil not\u00edcias","article_published_time":"2022-12-12T21:30:56+00:00","article_modified_time":"2022-12-12T23:01:56+00:00","og_image":[{"width":960,"height":540,"url":"https:\/\/brasilnoticias.org\/site\/wp-content\/uploads\/2022\/12\/naom_635cee94a9285.jpg","type":"image\/jpeg"}],"author":"Reda\u00e7\u00e3o","twitter_card":"summary_large_image","twitter_misc":{"Escrito por":"Reda\u00e7\u00e3o","Tempo estimado de leitura":"1 minuto"},"schema":{"@context":"https:\/\/schema.org","@graph":[{"@type":"Article","@id":"https:\/\/brasilnoticias.org\/site\/lula-diz-que-bolsonaro-deixa-legado-perverso-de-desmonte-de-politicas-publicas\/#article","isPartOf":{"@id":"https:\/\/brasilnoticias.org\/site\/lula-diz-que-bolsonaro-deixa-legado-perverso-de-desmonte-de-politicas-publicas\/"},"author":{"name":"Reda\u00e7\u00e3o","@id":"https:\/\/brasilnoticias.org\/site\/#\/schema\/person\/a0e05b973ec4d15c658d51911e53507b"},"headline":"Lula diz que Bolsonaro deixa &#8216;legado perverso&#8217; de desmonte de pol\u00edticas p\u00fablicas","datePublished":"2022-12-12T21:30:56+00:00","dateModified":"2022-12-12T23:01:56+00:00","mainEntityOfPage":{"@id":"https:\/\/brasilnoticias.org\/site\/lula-diz-que-bolsonaro-deixa-legado-perverso-de-desmonte-de-politicas-publicas\/"},"wordCount":233,"commentCount":0,"publisher":{"@id":"https:\/\/brasilnoticias.org\/site\/#organization"},"image":{"@id":"https:\/\/brasilnoticias.org\/site\/lula-diz-que-bolsonaro-deixa-legado-perverso-de-desmonte-de-politicas-publicas\/#primaryimage"},"thumbnailUrl":"https:\/\/brasilnoticias.org\/site\/wp-content\/uploads\/2022\/12\/naom_635cee94a9285.jpg","articleSection":["Pol\u00edtica","\u00daltimas"],"inLanguage":"pt-PT","potentialAction":[{"@type":"CommentAction","name":"Comment","target":["https:\/\/brasilnoticias.org\/site\/lula-diz-que-bolsonaro-deixa-legado-perverso-de-desmonte-de-politicas-publicas\/#respond"]}]},{"@type":"WebPage","@id":"https:\/\/brasilnoticias.org\/site\/lula-diz-que-bolsonaro-deixa-legado-perverso-de-desmonte-de-politicas-publicas\/","url":"https:\/\/brasilnoticias.org\/site\/lula-diz-que-bolsonaro-deixa-legado-perverso-de-desmonte-de-politicas-publicas\/","name":"Lula diz que Bolsonaro deixa 'legado perverso' de desmonte de pol\u00edticas p\u00fablicas - Brasil not\u00edcias","isPartOf":{"@id":"https:\/\/brasilnoticias.org\/site\/#website"},"primaryImageOfPage":{"@id":"https:\/\/brasilnoticias.org\/site\/lula-diz-que-bolsonaro-deixa-legado-perverso-de-desmonte-de-politicas-publicas\/#primaryimage"},"image":{"@id":"https:\/\/brasilnoticias.org\/site\/lula-diz-que-bolsonaro-deixa-legado-perverso-de-desmonte-de-politicas-publicas\/#primaryimage"},"thumbnailUrl":"https:\/\/brasilnoticias.org\/site\/wp-content\/uploads\/2022\/12\/naom_635cee94a9285.jpg","datePublished":"2022-12-12T21:30:56+00:00","dateModified":"2022-12-12T23:01:56+00:00","breadcrumb":{"@id":"https:\/\/brasilnoticias.org\/site\/lula-diz-que-bolsonaro-deixa-legado-perverso-de-desmonte-de-politicas-publicas\/#breadcrumb"},"inLanguage":"pt-PT","potentialAction":[{"@type":"ReadAction","target":["https:\/\/brasilnoticias.org\/site\/lula-diz-que-bolsonaro-deixa-legado-perverso-de-desmonte-de-politicas-publicas\/"]}]},{"@type":"ImageObject","inLanguage":"pt-PT","@id":"https:\/\/brasilnoticias.org\/site\/lula-diz-que-bolsonaro-deixa-legado-perverso-de-desmonte-de-politicas-publicas\/#primaryimage","url":"https:\/\/brasilnoticias.org\/site\/wp-content\/uploads\/2022\/12\/naom_635cee94a9285.jpg","contentUrl":"https:\/\/brasilnoticias.org\/site\/wp-content\/uploads\/2022\/12\/naom_635cee94a9285.jpg","width":960,"height":540},{"@type":"BreadcrumbList","@id":"https:\/\/brasilnoticias.org\/site\/lula-diz-que-bolsonaro-deixa-legado-perverso-de-desmonte-de-politicas-publicas\/#breadcrumb","itemListElement":[{"@type":"ListItem","position":1,"name":"In\u00edcio","item":"https:\/\/brasilnoticias.org\/site\/"},{"@type":"ListItem","position":2,"name":"Lula diz que Bolsonaro deixa &#8216;legado perverso&#8217; de desmonte de pol\u00edticas p\u00fablicas"}]},{"@type":"WebSite","@id":"https:\/\/brasilnoticias.org\/site\/#website","url":"https:\/\/brasilnoticias.org\/site\/","name":"Brasil not\u00edcias","description":"Brasil not\u00edcias","publisher":{"@id":"https:\/\/brasilnoticias.org\/site\/#organization"},"potentialAction":[{"@type":"SearchAction","target":{"@type":"EntryPoint","urlTemplate":"https:\/\/brasilnoticias.org\/site\/?s={search_term_string}"},"query-input":{"@type":"PropertyValueSpecification","valueRequired":true,"valueName":"search_term_string"}}],"inLanguage":"pt-PT"},{"@type":"Organization","@id":"https:\/\/brasilnoticias.org\/site\/#organization","name":"Brasil not\u00edcias","url":"https:\/\/brasilnoticias.org\/site\/","logo":{"@type":"ImageObject","inLanguage":"pt-PT","@id":"https:\/\/brasilnoticias.org\/site\/#\/schema\/logo\/image\/","url":"https:\/\/brasilnoticias.org\/site\/wp-content\/uploads\/2022\/05\/cropped-brasilnoticias-mini.jpg","contentUrl":"https:\/\/brasilnoticias.org\/site\/wp-content\/uploads\/2022\/05\/cropped-brasilnoticias-mini.jpg","width":314,"height":86,"caption":"Brasil not\u00edcias"},"image":{"@id":"https:\/\/brasilnoticias.org\/site\/#\/schema\/logo\/image\/"}},{"@type":"Person","@id":"https:\/\/brasilnoticias.org\/site\/#\/schema\/person\/a0e05b973ec4d15c658d51911e53507b","name":"Reda\u00e7\u00e3o","image":{"@type":"ImageObject","inLanguage":"pt-PT","@id":"https:\/\/brasilnoticias.org\/site\/#\/schema\/person\/image\/","url":"https:\/\/secure.gravatar.com\/avatar\/75d8b050df2de108b08ae78dfb8e374892df24a383c67db9c46a9c604f6aee9c?s=96&d=mm&r=g","contentUrl":"https:\/\/secure.gravatar.com\/avatar\/75d8b050df2de108b08ae78dfb8e374892df24a383c67db9c46a9c604f6aee9c?s=96&d=mm&r=g","caption":"Reda\u00e7\u00e3o"},"sameAs":["https:\/\/brasilnoticias.org\/site"],"url":"https:\/\/brasilnoticias.org\/site\/author\/fernandozsngmail-com\/"}]}},"_links":{"self":[{"href":"https:\/\/brasilnoticias.org\/site\/wp-json\/wp\/v2\/posts\/2734","targetHints":{"allow":["GET"]}}],"collection":[{"href":"https:\/\/brasilnoticias.org\/site\/wp-json\/wp\/v2\/posts"}],"about":[{"href":"https:\/\/brasilnoticias.org\/site\/wp-json\/wp\/v2\/types\/post"}],"author":[{"embeddable":true,"href":"https:\/\/brasilnoticias.org\/site\/wp-json\/wp\/v2\/users\/1"}],"replies":[{"embeddable":true,"href":"https:\/\/brasilnoticias.org\/site\/wp-json\/wp\/v2\/comments?post=2734"}],"version-history":[{"count":1,"href":"https:\/\/brasilnoticias.org\/site\/wp-json\/wp\/v2\/posts\/2734\/revisions"}],"predecessor-version":[{"id":2736,"href":"https:\/\/brasilnoticias.org\/site\/wp-json\/wp\/v2\/posts\/2734\/revisions\/2736"}],"wp:featuredmedia":[{"embeddable":true,"href":"https:\/\/brasilnoticias.org\/site\/wp-json\/wp\/v2\/media\/2735"}],"wp:attachment":[{"href":"https:\/\/brasilnoticias.org\/site\/wp-json\/wp\/v2\/media?parent=2734"}],"wp:term":[{"taxonomy":"category","embeddable":true,"href":"https:\/\/brasilnoticias.org\/site\/wp-json\/wp\/v2\/categories?post=2734"},{"taxonomy":"post_tag","embeddable":true,"href":"https:\/\/brasilnoticias.org\/site\/wp-json\/wp\/v2\/tags?post=2734"}],"curies":[{"name":"wp","href":"https:\/\/api.w.org\/{rel}","templated":true}]}}