{"id":274,"date":"2022-05-15T18:57:03","date_gmt":"2022-05-15T21:57:03","guid":{"rendered":"https:\/\/brasilnoticias.org\/site\/?p=274"},"modified":"2022-05-15T18:57:03","modified_gmt":"2022-05-15T21:57:03","slug":"esporte-bahia-perde-para-o-vasco-e-cai-para-3o-na-serie-b","status":"publish","type":"post","link":"https:\/\/brasilnoticias.org\/site\/esporte-bahia-perde-para-o-vasco-e-cai-para-3o-na-serie-b\/","title":{"rendered":"ESPORTE BAHIA PERDE PARA O VASCO E CAI PARA 3\u00ba NA S\u00c9RIE B"},"content":{"rendered":"<p>Em S\u00e3o Janu\u00e1rio, na tarde deste domingo (15), o Bahia n\u00e3o conseguiu retomar a lideran\u00e7a da S\u00e9rie A. Diante do Vasco, o Tricolor foi derrotado por 1 a 0.<\/p>\n<p>O gol da partida foi marcado por Figueiredo, com colabora\u00e7\u00e3o de Danilo Fernandes. O goleiro falhou no chute de longe do atacante e viu a bola passar por cima de sua m\u00e3o.<\/p>\n<p>Com a derrota, o Esquadr\u00e3o parou nos 13 pontos ganhos e caiu na classifica\u00e7\u00e3o. O time de Guto Ferreira ficou na 3\u00aa posi\u00e7\u00e3o, atr\u00e1s de Cruzeiro e Sport, l\u00edder e vice-l\u00edder com 16 e 14 pontos, respectivamente.<\/p>\n<p>Os comandados de Guto Ferreira voltam a campo na pr\u00f3xima sexta-feira (20), novamente pela S\u00e9rie B, contra a Ponte Preta, na Arena Fonte Nova.<\/p>\n<p>PRIMEIRO-TEMPO<\/p>\n<p>O Bahia teve mais posse de bola no primeiro-tempo, mas n\u00e3o conseguiu balan\u00e7ar as redes. Aos nove minutos, o Tricolor assustou com Dav\u00f3. Ap\u00f3s rebote, o atacante encheu o p\u00e9 e mandou a bola perto do gol.<\/p>\n<p>Mas, quando o Vasco respondeu, foi com gol. Aos 21 minutos, em cobran\u00e7a de falta de longe, Figueiredo emendou uma bomba e contou com a colabora\u00e7\u00e3o de Danilo Fernandes para abrir o placar.<\/p>\n<p>Aos 36 minutos, o Esquadr\u00e3o tentou empatar. Rildo recebeu bola na esquerda, cortou o marcador e chutou colocado. Thiago espalmou e evitou o empate.<\/p>\n<p>SEGUNDO-TEMPO<\/p>\n<p>No segundo-tempo, com menos de um minuto, o Bahia quase empatou. Rezende fez jogada individual e e chutou de fora da \u00e1rea. Thiago fez bela defesa para evitar.<\/p>\n<p>Aos 13 minutos, o Tricolor assustou mais uma vez. Ap\u00f3s levantamento na \u00e1rea, Rildo desviou de cabe\u00e7a e tirou tinta da trave.<\/p>\n<p>Aos 24, foi a vez do Vasco chegar com perigo. Na \u00e1rea, Pec tentou em tr\u00eas finaliza\u00e7\u00f5es, mas parou em Danilo Fernandes.<\/p>\n<p>Dez minutos depois, o Cruzmaltino teve outro lance de perigo, mas n\u00e3o marcou. Figueiredo lan\u00e7ou Gabriel Pec na esquerda, o atacante invadiu a \u00e1rea e bateu cruzado. A bola raspou a trave de Danilo.<\/p>\n<p>&nbsp;<\/p>\n<p>&nbsp;<\/p>\n<p>Bnews<\/p>\n<p>&nbsp;<\/p>\n","protected":false},"excerpt":{"rendered":"<p>Em S\u00e3o Janu\u00e1rio, na tarde deste domingo (15), o Bahia n\u00e3o conseguiu retomar a lideran\u00e7a da S\u00e9rie A. Diante do<\/p>\n","protected":false},"author":2,"featured_media":275,"comment_status":"open","ping_status":"open","sticky":false,"template":"","format":"standard","meta":{"colormag_page_container_layout":"default_layout","colormag_page_sidebar_layout":"default_layout","_FSMCFIC_featured_image_caption":"","_FSMCFIC_featured_image_nocaption":"","_FSMCFIC_featured_image_hide":"","footnotes":""},"categories":[4,1],"tags":[],"class_list":["post-274","post","type-post","status-publish","format-standard","has-post-thumbnail","hentry","category-esporte","category-ultimas"],"yoast_head":"<!-- This site is optimized with the Yoast SEO plugin v27.1.1 - https:\/\/yoast.com\/product\/yoast-seo-wordpress\/ -->\n<title>ESPORTE BAHIA PERDE PARA O VASCO E CAI PARA 3\u00ba NA S\u00c9RIE B - Brasil not\u00edcias<\/title>\n<meta name=\"robots\" content=\"index, follow, max-snippet:-1, max-image-preview:large, max-video-preview:-1\" \/>\n<link rel=\"canonical\" href=\"https:\/\/brasilnoticias.org\/site\/esporte-bahia-perde-para-o-vasco-e-cai-para-3o-na-serie-b\/\" \/>\n<meta property=\"og:locale\" content=\"pt_PT\" \/>\n<meta property=\"og:type\" content=\"article\" \/>\n<meta property=\"og:title\" content=\"ESPORTE BAHIA PERDE PARA O VASCO E CAI PARA 3\u00ba NA S\u00c9RIE B - Brasil not\u00edcias\" \/>\n<meta property=\"og:description\" content=\"Em S\u00e3o Janu\u00e1rio, na tarde deste domingo (15), o Bahia n\u00e3o conseguiu retomar a lideran\u00e7a da S\u00e9rie A. Diante do\" \/>\n<meta property=\"og:url\" content=\"https:\/\/brasilnoticias.org\/site\/esporte-bahia-perde-para-o-vasco-e-cai-para-3o-na-serie-b\/\" \/>\n<meta property=\"og:site_name\" content=\"Brasil not\u00edcias\" \/>\n<meta property=\"article:published_time\" content=\"2022-05-15T21:57:03+00:00\" \/>\n<meta property=\"og:image\" content=\"https:\/\/brasilnoticias.org\/site\/wp-content\/uploads\/2022\/05\/52076019879_3c40671222_h_widelg.jpg\" \/>\n\t<meta property=\"og:image:width\" content=\"800\" \/>\n\t<meta property=\"og:image:height\" content=\"450\" \/>\n\t<meta property=\"og:image:type\" content=\"image\/jpeg\" \/>\n<meta name=\"author\" content=\"Reda\u00e7\u00e3o\" \/>\n<meta name=\"twitter:card\" content=\"summary_large_image\" \/>\n<meta name=\"twitter:label1\" content=\"Escrito por\" \/>\n\t<meta name=\"twitter:data1\" content=\"Reda\u00e7\u00e3o\" \/>\n\t<meta name=\"twitter:label2\" content=\"Tempo estimado de leitura\" \/>\n\t<meta name=\"twitter:data2\" content=\"2 minutos\" \/>\n<script type=\"application\/ld+json\" class=\"yoast-schema-graph\">{\"@context\":\"https:\/\/schema.org\",\"@graph\":[{\"@type\":\"Article\",\"@id\":\"https:\/\/brasilnoticias.org\/site\/esporte-bahia-perde-para-o-vasco-e-cai-para-3o-na-serie-b\/#article\",\"isPartOf\":{\"@id\":\"https:\/\/brasilnoticias.org\/site\/esporte-bahia-perde-para-o-vasco-e-cai-para-3o-na-serie-b\/\"},\"author\":{\"name\":\"Reda\u00e7\u00e3o\",\"@id\":\"https:\/\/brasilnoticias.org\/site\/#\/schema\/person\/f609fa847b5314f1c8b983342f34c798\"},\"headline\":\"ESPORTE BAHIA PERDE PARA O VASCO E CAI PARA 3\u00ba NA S\u00c9RIE B\",\"datePublished\":\"2022-05-15T21:57:03+00:00\",\"mainEntityOfPage\":{\"@id\":\"https:\/\/brasilnoticias.org\/site\/esporte-bahia-perde-para-o-vasco-e-cai-para-3o-na-serie-b\/\"},\"wordCount\":356,\"commentCount\":0,\"publisher\":{\"@id\":\"https:\/\/brasilnoticias.org\/site\/#organization\"},\"image\":{\"@id\":\"https:\/\/brasilnoticias.org\/site\/esporte-bahia-perde-para-o-vasco-e-cai-para-3o-na-serie-b\/#primaryimage\"},\"thumbnailUrl\":\"https:\/\/brasilnoticias.org\/site\/wp-content\/uploads\/2022\/05\/52076019879_3c40671222_h_widelg.jpg\",\"articleSection\":[\"Esporte\",\"\u00daltimas\"],\"inLanguage\":\"pt-PT\",\"potentialAction\":[{\"@type\":\"CommentAction\",\"name\":\"Comment\",\"target\":[\"https:\/\/brasilnoticias.org\/site\/esporte-bahia-perde-para-o-vasco-e-cai-para-3o-na-serie-b\/#respond\"]}]},{\"@type\":\"WebPage\",\"@id\":\"https:\/\/brasilnoticias.org\/site\/esporte-bahia-perde-para-o-vasco-e-cai-para-3o-na-serie-b\/\",\"url\":\"https:\/\/brasilnoticias.org\/site\/esporte-bahia-perde-para-o-vasco-e-cai-para-3o-na-serie-b\/\",\"name\":\"ESPORTE BAHIA PERDE PARA O VASCO E CAI PARA 3\u00ba NA S\u00c9RIE B - Brasil not\u00edcias\",\"isPartOf\":{\"@id\":\"https:\/\/brasilnoticias.org\/site\/#website\"},\"primaryImageOfPage\":{\"@id\":\"https:\/\/brasilnoticias.org\/site\/esporte-bahia-perde-para-o-vasco-e-cai-para-3o-na-serie-b\/#primaryimage\"},\"image\":{\"@id\":\"https:\/\/brasilnoticias.org\/site\/esporte-bahia-perde-para-o-vasco-e-cai-para-3o-na-serie-b\/#primaryimage\"},\"thumbnailUrl\":\"https:\/\/brasilnoticias.org\/site\/wp-content\/uploads\/2022\/05\/52076019879_3c40671222_h_widelg.jpg\",\"datePublished\":\"2022-05-15T21:57:03+00:00\",\"breadcrumb\":{\"@id\":\"https:\/\/brasilnoticias.org\/site\/esporte-bahia-perde-para-o-vasco-e-cai-para-3o-na-serie-b\/#breadcrumb\"},\"inLanguage\":\"pt-PT\",\"potentialAction\":[{\"@type\":\"ReadAction\",\"target\":[\"https:\/\/brasilnoticias.org\/site\/esporte-bahia-perde-para-o-vasco-e-cai-para-3o-na-serie-b\/\"]}]},{\"@type\":\"ImageObject\",\"inLanguage\":\"pt-PT\",\"@id\":\"https:\/\/brasilnoticias.org\/site\/esporte-bahia-perde-para-o-vasco-e-cai-para-3o-na-serie-b\/#primaryimage\",\"url\":\"https:\/\/brasilnoticias.org\/site\/wp-content\/uploads\/2022\/05\/52076019879_3c40671222_h_widelg.jpg\",\"contentUrl\":\"https:\/\/brasilnoticias.org\/site\/wp-content\/uploads\/2022\/05\/52076019879_3c40671222_h_widelg.jpg\",\"width\":800,\"height\":450},{\"@type\":\"BreadcrumbList\",\"@id\":\"https:\/\/brasilnoticias.org\/site\/esporte-bahia-perde-para-o-vasco-e-cai-para-3o-na-serie-b\/#breadcrumb\",\"itemListElement\":[{\"@type\":\"ListItem\",\"position\":1,\"name\":\"In\u00edcio\",\"item\":\"https:\/\/brasilnoticias.org\/site\/\"},{\"@type\":\"ListItem\",\"position\":2,\"name\":\"ESPORTE BAHIA PERDE PARA O VASCO E CAI PARA 3\u00ba NA S\u00c9RIE B\"}]},{\"@type\":\"WebSite\",\"@id\":\"https:\/\/brasilnoticias.org\/site\/#website\",\"url\":\"https:\/\/brasilnoticias.org\/site\/\",\"name\":\"Brasil not\u00edcias\",\"description\":\"Brasil not\u00edcias\",\"publisher\":{\"@id\":\"https:\/\/brasilnoticias.org\/site\/#organization\"},\"potentialAction\":[{\"@type\":\"SearchAction\",\"target\":{\"@type\":\"EntryPoint\",\"urlTemplate\":\"https:\/\/brasilnoticias.org\/site\/?s={search_term_string}\"},\"query-input\":{\"@type\":\"PropertyValueSpecification\",\"valueRequired\":true,\"valueName\":\"search_term_string\"}}],\"inLanguage\":\"pt-PT\"},{\"@type\":\"Organization\",\"@id\":\"https:\/\/brasilnoticias.org\/site\/#organization\",\"name\":\"Brasil not\u00edcias\",\"url\":\"https:\/\/brasilnoticias.org\/site\/\",\"logo\":{\"@type\":\"ImageObject\",\"inLanguage\":\"pt-PT\",\"@id\":\"https:\/\/brasilnoticias.org\/site\/#\/schema\/logo\/image\/\",\"url\":\"https:\/\/brasilnoticias.org\/site\/wp-content\/uploads\/2022\/05\/cropped-brasilnoticias-mini.jpg\",\"contentUrl\":\"https:\/\/brasilnoticias.org\/site\/wp-content\/uploads\/2022\/05\/cropped-brasilnoticias-mini.jpg\",\"width\":314,\"height\":86,\"caption\":\"Brasil not\u00edcias\"},\"image\":{\"@id\":\"https:\/\/brasilnoticias.org\/site\/#\/schema\/logo\/image\/\"}},{\"@type\":\"Person\",\"@id\":\"https:\/\/brasilnoticias.org\/site\/#\/schema\/person\/f609fa847b5314f1c8b983342f34c798\",\"name\":\"Reda\u00e7\u00e3o\",\"image\":{\"@type\":\"ImageObject\",\"inLanguage\":\"pt-PT\",\"@id\":\"https:\/\/brasilnoticias.org\/site\/#\/schema\/person\/image\/\",\"url\":\"https:\/\/secure.gravatar.com\/avatar\/447284c06c1ad8b46465a36de9cd0d8326b73387a22799b8b1ffb1fbcff2ed0c?s=96&d=mm&r=g\",\"contentUrl\":\"https:\/\/secure.gravatar.com\/avatar\/447284c06c1ad8b46465a36de9cd0d8326b73387a22799b8b1ffb1fbcff2ed0c?s=96&d=mm&r=g\",\"caption\":\"Reda\u00e7\u00e3o\"},\"url\":\"https:\/\/brasilnoticias.org\/site\/author\/redacao\/\"}]}<\/script>\n<!-- \/ Yoast SEO plugin. -->","yoast_head_json":{"title":"ESPORTE BAHIA PERDE PARA O VASCO E CAI PARA 3\u00ba NA S\u00c9RIE B - Brasil not\u00edcias","robots":{"index":"index","follow":"follow","max-snippet":"max-snippet:-1","max-image-preview":"max-image-preview:large","max-video-preview":"max-video-preview:-1"},"canonical":"https:\/\/brasilnoticias.org\/site\/esporte-bahia-perde-para-o-vasco-e-cai-para-3o-na-serie-b\/","og_locale":"pt_PT","og_type":"article","og_title":"ESPORTE BAHIA PERDE PARA O VASCO E CAI PARA 3\u00ba NA S\u00c9RIE B - Brasil not\u00edcias","og_description":"Em S\u00e3o Janu\u00e1rio, na tarde deste domingo (15), o Bahia n\u00e3o conseguiu retomar a lideran\u00e7a da S\u00e9rie A. Diante do","og_url":"https:\/\/brasilnoticias.org\/site\/esporte-bahia-perde-para-o-vasco-e-cai-para-3o-na-serie-b\/","og_site_name":"Brasil not\u00edcias","article_published_time":"2022-05-15T21:57:03+00:00","og_image":[{"width":800,"height":450,"url":"https:\/\/brasilnoticias.org\/site\/wp-content\/uploads\/2022\/05\/52076019879_3c40671222_h_widelg.jpg","type":"image\/jpeg"}],"author":"Reda\u00e7\u00e3o","twitter_card":"summary_large_image","twitter_misc":{"Escrito por":"Reda\u00e7\u00e3o","Tempo estimado de leitura":"2 minutos"},"schema":{"@context":"https:\/\/schema.org","@graph":[{"@type":"Article","@id":"https:\/\/brasilnoticias.org\/site\/esporte-bahia-perde-para-o-vasco-e-cai-para-3o-na-serie-b\/#article","isPartOf":{"@id":"https:\/\/brasilnoticias.org\/site\/esporte-bahia-perde-para-o-vasco-e-cai-para-3o-na-serie-b\/"},"author":{"name":"Reda\u00e7\u00e3o","@id":"https:\/\/brasilnoticias.org\/site\/#\/schema\/person\/f609fa847b5314f1c8b983342f34c798"},"headline":"ESPORTE BAHIA PERDE PARA O VASCO E CAI PARA 3\u00ba NA S\u00c9RIE B","datePublished":"2022-05-15T21:57:03+00:00","mainEntityOfPage":{"@id":"https:\/\/brasilnoticias.org\/site\/esporte-bahia-perde-para-o-vasco-e-cai-para-3o-na-serie-b\/"},"wordCount":356,"commentCount":0,"publisher":{"@id":"https:\/\/brasilnoticias.org\/site\/#organization"},"image":{"@id":"https:\/\/brasilnoticias.org\/site\/esporte-bahia-perde-para-o-vasco-e-cai-para-3o-na-serie-b\/#primaryimage"},"thumbnailUrl":"https:\/\/brasilnoticias.org\/site\/wp-content\/uploads\/2022\/05\/52076019879_3c40671222_h_widelg.jpg","articleSection":["Esporte","\u00daltimas"],"inLanguage":"pt-PT","potentialAction":[{"@type":"CommentAction","name":"Comment","target":["https:\/\/brasilnoticias.org\/site\/esporte-bahia-perde-para-o-vasco-e-cai-para-3o-na-serie-b\/#respond"]}]},{"@type":"WebPage","@id":"https:\/\/brasilnoticias.org\/site\/esporte-bahia-perde-para-o-vasco-e-cai-para-3o-na-serie-b\/","url":"https:\/\/brasilnoticias.org\/site\/esporte-bahia-perde-para-o-vasco-e-cai-para-3o-na-serie-b\/","name":"ESPORTE BAHIA PERDE PARA O VASCO E CAI PARA 3\u00ba NA S\u00c9RIE B - Brasil not\u00edcias","isPartOf":{"@id":"https:\/\/brasilnoticias.org\/site\/#website"},"primaryImageOfPage":{"@id":"https:\/\/brasilnoticias.org\/site\/esporte-bahia-perde-para-o-vasco-e-cai-para-3o-na-serie-b\/#primaryimage"},"image":{"@id":"https:\/\/brasilnoticias.org\/site\/esporte-bahia-perde-para-o-vasco-e-cai-para-3o-na-serie-b\/#primaryimage"},"thumbnailUrl":"https:\/\/brasilnoticias.org\/site\/wp-content\/uploads\/2022\/05\/52076019879_3c40671222_h_widelg.jpg","datePublished":"2022-05-15T21:57:03+00:00","breadcrumb":{"@id":"https:\/\/brasilnoticias.org\/site\/esporte-bahia-perde-para-o-vasco-e-cai-para-3o-na-serie-b\/#breadcrumb"},"inLanguage":"pt-PT","potentialAction":[{"@type":"ReadAction","target":["https:\/\/brasilnoticias.org\/site\/esporte-bahia-perde-para-o-vasco-e-cai-para-3o-na-serie-b\/"]}]},{"@type":"ImageObject","inLanguage":"pt-PT","@id":"https:\/\/brasilnoticias.org\/site\/esporte-bahia-perde-para-o-vasco-e-cai-para-3o-na-serie-b\/#primaryimage","url":"https:\/\/brasilnoticias.org\/site\/wp-content\/uploads\/2022\/05\/52076019879_3c40671222_h_widelg.jpg","contentUrl":"https:\/\/brasilnoticias.org\/site\/wp-content\/uploads\/2022\/05\/52076019879_3c40671222_h_widelg.jpg","width":800,"height":450},{"@type":"BreadcrumbList","@id":"https:\/\/brasilnoticias.org\/site\/esporte-bahia-perde-para-o-vasco-e-cai-para-3o-na-serie-b\/#breadcrumb","itemListElement":[{"@type":"ListItem","position":1,"name":"In\u00edcio","item":"https:\/\/brasilnoticias.org\/site\/"},{"@type":"ListItem","position":2,"name":"ESPORTE BAHIA PERDE PARA O VASCO E CAI PARA 3\u00ba NA S\u00c9RIE B"}]},{"@type":"WebSite","@id":"https:\/\/brasilnoticias.org\/site\/#website","url":"https:\/\/brasilnoticias.org\/site\/","name":"Brasil not\u00edcias","description":"Brasil not\u00edcias","publisher":{"@id":"https:\/\/brasilnoticias.org\/site\/#organization"},"potentialAction":[{"@type":"SearchAction","target":{"@type":"EntryPoint","urlTemplate":"https:\/\/brasilnoticias.org\/site\/?s={search_term_string}"},"query-input":{"@type":"PropertyValueSpecification","valueRequired":true,"valueName":"search_term_string"}}],"inLanguage":"pt-PT"},{"@type":"Organization","@id":"https:\/\/brasilnoticias.org\/site\/#organization","name":"Brasil not\u00edcias","url":"https:\/\/brasilnoticias.org\/site\/","logo":{"@type":"ImageObject","inLanguage":"pt-PT","@id":"https:\/\/brasilnoticias.org\/site\/#\/schema\/logo\/image\/","url":"https:\/\/brasilnoticias.org\/site\/wp-content\/uploads\/2022\/05\/cropped-brasilnoticias-mini.jpg","contentUrl":"https:\/\/brasilnoticias.org\/site\/wp-content\/uploads\/2022\/05\/cropped-brasilnoticias-mini.jpg","width":314,"height":86,"caption":"Brasil not\u00edcias"},"image":{"@id":"https:\/\/brasilnoticias.org\/site\/#\/schema\/logo\/image\/"}},{"@type":"Person","@id":"https:\/\/brasilnoticias.org\/site\/#\/schema\/person\/f609fa847b5314f1c8b983342f34c798","name":"Reda\u00e7\u00e3o","image":{"@type":"ImageObject","inLanguage":"pt-PT","@id":"https:\/\/brasilnoticias.org\/site\/#\/schema\/person\/image\/","url":"https:\/\/secure.gravatar.com\/avatar\/447284c06c1ad8b46465a36de9cd0d8326b73387a22799b8b1ffb1fbcff2ed0c?s=96&d=mm&r=g","contentUrl":"https:\/\/secure.gravatar.com\/avatar\/447284c06c1ad8b46465a36de9cd0d8326b73387a22799b8b1ffb1fbcff2ed0c?s=96&d=mm&r=g","caption":"Reda\u00e7\u00e3o"},"url":"https:\/\/brasilnoticias.org\/site\/author\/redacao\/"}]}},"_links":{"self":[{"href":"https:\/\/brasilnoticias.org\/site\/wp-json\/wp\/v2\/posts\/274","targetHints":{"allow":["GET"]}}],"collection":[{"href":"https:\/\/brasilnoticias.org\/site\/wp-json\/wp\/v2\/posts"}],"about":[{"href":"https:\/\/brasilnoticias.org\/site\/wp-json\/wp\/v2\/types\/post"}],"author":[{"embeddable":true,"href":"https:\/\/brasilnoticias.org\/site\/wp-json\/wp\/v2\/users\/2"}],"replies":[{"embeddable":true,"href":"https:\/\/brasilnoticias.org\/site\/wp-json\/wp\/v2\/comments?post=274"}],"version-history":[{"count":1,"href":"https:\/\/brasilnoticias.org\/site\/wp-json\/wp\/v2\/posts\/274\/revisions"}],"predecessor-version":[{"id":276,"href":"https:\/\/brasilnoticias.org\/site\/wp-json\/wp\/v2\/posts\/274\/revisions\/276"}],"wp:featuredmedia":[{"embeddable":true,"href":"https:\/\/brasilnoticias.org\/site\/wp-json\/wp\/v2\/media\/275"}],"wp:attachment":[{"href":"https:\/\/brasilnoticias.org\/site\/wp-json\/wp\/v2\/media?parent=274"}],"wp:term":[{"taxonomy":"category","embeddable":true,"href":"https:\/\/brasilnoticias.org\/site\/wp-json\/wp\/v2\/categories?post=274"},{"taxonomy":"post_tag","embeddable":true,"href":"https:\/\/brasilnoticias.org\/site\/wp-json\/wp\/v2\/tags?post=274"}],"curies":[{"name":"wp","href":"https:\/\/api.w.org\/{rel}","templated":true}]}}