{"id":2752,"date":"2022-12-13T18:10:56","date_gmt":"2022-12-13T21:10:56","guid":{"rendered":"https:\/\/brasilnoticias.org\/site\/?p=2752"},"modified":"2022-12-13T13:08:54","modified_gmt":"2022-12-13T16:08:54","slug":"jogador-do-ira-e-condenado-a-morte-por-protestar-a-favor-das-mulheres-no-pais","status":"publish","type":"post","link":"https:\/\/brasilnoticias.org\/site\/jogador-do-ira-e-condenado-a-morte-por-protestar-a-favor-das-mulheres-no-pais\/","title":{"rendered":"Jogador do Ir\u00e3 \u00e9 condenado \u00e0 morte por protestar a favor das mulheres no pa\u00eds"},"content":{"rendered":"<p>O jogador iraniano Amir Nasr-Azadani, 26 anos, foi condenado \u00e0 morte nesta segunda-feira (12) ap\u00f3s participar de manifesta\u00e7\u00f5es pelos direitos das mulheres no pa\u00eds. Ele \u00e9 acusado, juntamente com outros oito homens, pela morte de tr\u00eas policiais durante os protestos que ocorrem no Ir\u00e3.<\/p>\n<p>Ele tamb\u00e9m \u00e9 acusado de trai\u00e7\u00e3o pelas autoridades iranianas, que alegam que o atleta faz parte de um &#8220;grupo armado e organizado que tem a inten\u00e7\u00e3o de atacar a Rep\u00fablica Isl\u00e2mica do Ir\u00e3&#8221;. Azadani est\u00e1 preso desde 27 de novembro, dois dias ap\u00f3s a morte dos policiais.<\/p>\n<p>A Federa\u00e7\u00e3o Internacional dos Jogadores Profissionais de Futebol (FIFPro) se manifestou nas redes sociais dizendo estar &#8220;chocada e enojada com relatos de que o jogador de futebol profissional Amir Nasr-Azadani pode ser executado no Ir\u00e3 depois de fazer campanha pelos direitos das mulheres e pela liberdade b\u00e1sica em seu pa\u00eds&#8221; e pedindo a &#8220;remo\u00e7\u00e3o imediata de sua puni\u00e7\u00e3o&#8221;.<\/p>\n<p>Foto: Reprodu\u00e7\u00e3o\/AFP\/Getty Images<br \/>\nPor: Metro1<\/p>\n","protected":false},"excerpt":{"rendered":"<p>O jogador iraniano Amir Nasr-Azadani, 26 anos, foi condenado \u00e0 morte nesta segunda-feira (12) ap\u00f3s participar de manifesta\u00e7\u00f5es pelos direitos<\/p>\n","protected":false},"author":1,"featured_media":2753,"comment_status":"open","ping_status":"open","sticky":false,"template":"","format":"standard","meta":{"colormag_page_container_layout":"default_layout","colormag_page_sidebar_layout":"default_layout","_FSMCFIC_featured_image_caption":"","_FSMCFIC_featured_image_nocaption":"","_FSMCFIC_featured_image_hide":"","footnotes":""},"categories":[6,1],"tags":[],"class_list":["post-2752","post","type-post","status-publish","format-standard","has-post-thumbnail","hentry","category-mundo","category-ultimas"],"yoast_head":"<!-- This site is optimized with the Yoast SEO plugin v27.1.1 - https:\/\/yoast.com\/product\/yoast-seo-wordpress\/ -->\n<title>Jogador do Ir\u00e3 \u00e9 condenado \u00e0 morte por protestar a favor das mulheres no pa\u00eds - Brasil not\u00edcias<\/title>\n<meta name=\"robots\" content=\"index, follow, max-snippet:-1, max-image-preview:large, max-video-preview:-1\" \/>\n<link rel=\"canonical\" href=\"https:\/\/brasilnoticias.org\/site\/jogador-do-ira-e-condenado-a-morte-por-protestar-a-favor-das-mulheres-no-pais\/\" \/>\n<meta property=\"og:locale\" content=\"pt_PT\" \/>\n<meta property=\"og:type\" content=\"article\" \/>\n<meta property=\"og:title\" content=\"Jogador do Ir\u00e3 \u00e9 condenado \u00e0 morte por protestar a favor das mulheres no pa\u00eds - Brasil not\u00edcias\" \/>\n<meta property=\"og:description\" content=\"O jogador iraniano Amir Nasr-Azadani, 26 anos, foi condenado \u00e0 morte nesta segunda-feira (12) ap\u00f3s participar de manifesta\u00e7\u00f5es pelos direitos\" \/>\n<meta property=\"og:url\" content=\"https:\/\/brasilnoticias.org\/site\/jogador-do-ira-e-condenado-a-morte-por-protestar-a-favor-das-mulheres-no-pais\/\" \/>\n<meta property=\"og:site_name\" content=\"Brasil not\u00edcias\" \/>\n<meta property=\"article:published_time\" content=\"2022-12-13T21:10:56+00:00\" \/>\n<meta property=\"og:image\" content=\"https:\/\/brasilnoticias.org\/site\/wp-content\/uploads\/2022\/12\/131270jogador-do-ira-e-condenado-a-morte-por-protestar-a-favor-das-mulheres-no-pais-3.jpg\" \/>\n\t<meta property=\"og:image:width\" content=\"1600\" \/>\n\t<meta property=\"og:image:height\" content=\"752\" \/>\n\t<meta property=\"og:image:type\" content=\"image\/jpeg\" \/>\n<meta name=\"author\" content=\"Reda\u00e7\u00e3o\" \/>\n<meta name=\"twitter:card\" content=\"summary_large_image\" \/>\n<meta name=\"twitter:label1\" content=\"Escrito por\" \/>\n\t<meta name=\"twitter:data1\" content=\"Reda\u00e7\u00e3o\" \/>\n\t<meta name=\"twitter:label2\" content=\"Tempo estimado de leitura\" \/>\n\t<meta name=\"twitter:data2\" content=\"1 minuto\" \/>\n<script type=\"application\/ld+json\" class=\"yoast-schema-graph\">{\"@context\":\"https:\/\/schema.org\",\"@graph\":[{\"@type\":\"Article\",\"@id\":\"https:\/\/brasilnoticias.org\/site\/jogador-do-ira-e-condenado-a-morte-por-protestar-a-favor-das-mulheres-no-pais\/#article\",\"isPartOf\":{\"@id\":\"https:\/\/brasilnoticias.org\/site\/jogador-do-ira-e-condenado-a-morte-por-protestar-a-favor-das-mulheres-no-pais\/\"},\"author\":{\"name\":\"Reda\u00e7\u00e3o\",\"@id\":\"https:\/\/brasilnoticias.org\/site\/#\/schema\/person\/a0e05b973ec4d15c658d51911e53507b\"},\"headline\":\"Jogador do Ir\u00e3 \u00e9 condenado \u00e0 morte por protestar a favor das mulheres no pa\u00eds\",\"datePublished\":\"2022-12-13T21:10:56+00:00\",\"mainEntityOfPage\":{\"@id\":\"https:\/\/brasilnoticias.org\/site\/jogador-do-ira-e-condenado-a-morte-por-protestar-a-favor-das-mulheres-no-pais\/\"},\"wordCount\":180,\"commentCount\":0,\"publisher\":{\"@id\":\"https:\/\/brasilnoticias.org\/site\/#organization\"},\"image\":{\"@id\":\"https:\/\/brasilnoticias.org\/site\/jogador-do-ira-e-condenado-a-morte-por-protestar-a-favor-das-mulheres-no-pais\/#primaryimage\"},\"thumbnailUrl\":\"https:\/\/brasilnoticias.org\/site\/wp-content\/uploads\/2022\/12\/131270jogador-do-ira-e-condenado-a-morte-por-protestar-a-favor-das-mulheres-no-pais-3.jpg\",\"articleSection\":[\"Mundo\",\"\u00daltimas\"],\"inLanguage\":\"pt-PT\",\"potentialAction\":[{\"@type\":\"CommentAction\",\"name\":\"Comment\",\"target\":[\"https:\/\/brasilnoticias.org\/site\/jogador-do-ira-e-condenado-a-morte-por-protestar-a-favor-das-mulheres-no-pais\/#respond\"]}]},{\"@type\":\"WebPage\",\"@id\":\"https:\/\/brasilnoticias.org\/site\/jogador-do-ira-e-condenado-a-morte-por-protestar-a-favor-das-mulheres-no-pais\/\",\"url\":\"https:\/\/brasilnoticias.org\/site\/jogador-do-ira-e-condenado-a-morte-por-protestar-a-favor-das-mulheres-no-pais\/\",\"name\":\"Jogador do Ir\u00e3 \u00e9 condenado \u00e0 morte por protestar a favor das mulheres no pa\u00eds - Brasil not\u00edcias\",\"isPartOf\":{\"@id\":\"https:\/\/brasilnoticias.org\/site\/#website\"},\"primaryImageOfPage\":{\"@id\":\"https:\/\/brasilnoticias.org\/site\/jogador-do-ira-e-condenado-a-morte-por-protestar-a-favor-das-mulheres-no-pais\/#primaryimage\"},\"image\":{\"@id\":\"https:\/\/brasilnoticias.org\/site\/jogador-do-ira-e-condenado-a-morte-por-protestar-a-favor-das-mulheres-no-pais\/#primaryimage\"},\"thumbnailUrl\":\"https:\/\/brasilnoticias.org\/site\/wp-content\/uploads\/2022\/12\/131270jogador-do-ira-e-condenado-a-morte-por-protestar-a-favor-das-mulheres-no-pais-3.jpg\",\"datePublished\":\"2022-12-13T21:10:56+00:00\",\"breadcrumb\":{\"@id\":\"https:\/\/brasilnoticias.org\/site\/jogador-do-ira-e-condenado-a-morte-por-protestar-a-favor-das-mulheres-no-pais\/#breadcrumb\"},\"inLanguage\":\"pt-PT\",\"potentialAction\":[{\"@type\":\"ReadAction\",\"target\":[\"https:\/\/brasilnoticias.org\/site\/jogador-do-ira-e-condenado-a-morte-por-protestar-a-favor-das-mulheres-no-pais\/\"]}]},{\"@type\":\"ImageObject\",\"inLanguage\":\"pt-PT\",\"@id\":\"https:\/\/brasilnoticias.org\/site\/jogador-do-ira-e-condenado-a-morte-por-protestar-a-favor-das-mulheres-no-pais\/#primaryimage\",\"url\":\"https:\/\/brasilnoticias.org\/site\/wp-content\/uploads\/2022\/12\/131270jogador-do-ira-e-condenado-a-morte-por-protestar-a-favor-das-mulheres-no-pais-3.jpg\",\"contentUrl\":\"https:\/\/brasilnoticias.org\/site\/wp-content\/uploads\/2022\/12\/131270jogador-do-ira-e-condenado-a-morte-por-protestar-a-favor-das-mulheres-no-pais-3.jpg\",\"width\":1600,\"height\":752},{\"@type\":\"BreadcrumbList\",\"@id\":\"https:\/\/brasilnoticias.org\/site\/jogador-do-ira-e-condenado-a-morte-por-protestar-a-favor-das-mulheres-no-pais\/#breadcrumb\",\"itemListElement\":[{\"@type\":\"ListItem\",\"position\":1,\"name\":\"In\u00edcio\",\"item\":\"https:\/\/brasilnoticias.org\/site\/\"},{\"@type\":\"ListItem\",\"position\":2,\"name\":\"Jogador do Ir\u00e3 \u00e9 condenado \u00e0 morte por protestar a favor das mulheres no pa\u00eds\"}]},{\"@type\":\"WebSite\",\"@id\":\"https:\/\/brasilnoticias.org\/site\/#website\",\"url\":\"https:\/\/brasilnoticias.org\/site\/\",\"name\":\"Brasil not\u00edcias\",\"description\":\"Brasil not\u00edcias\",\"publisher\":{\"@id\":\"https:\/\/brasilnoticias.org\/site\/#organization\"},\"potentialAction\":[{\"@type\":\"SearchAction\",\"target\":{\"@type\":\"EntryPoint\",\"urlTemplate\":\"https:\/\/brasilnoticias.org\/site\/?s={search_term_string}\"},\"query-input\":{\"@type\":\"PropertyValueSpecification\",\"valueRequired\":true,\"valueName\":\"search_term_string\"}}],\"inLanguage\":\"pt-PT\"},{\"@type\":\"Organization\",\"@id\":\"https:\/\/brasilnoticias.org\/site\/#organization\",\"name\":\"Brasil not\u00edcias\",\"url\":\"https:\/\/brasilnoticias.org\/site\/\",\"logo\":{\"@type\":\"ImageObject\",\"inLanguage\":\"pt-PT\",\"@id\":\"https:\/\/brasilnoticias.org\/site\/#\/schema\/logo\/image\/\",\"url\":\"https:\/\/brasilnoticias.org\/site\/wp-content\/uploads\/2022\/05\/cropped-brasilnoticias-mini.jpg\",\"contentUrl\":\"https:\/\/brasilnoticias.org\/site\/wp-content\/uploads\/2022\/05\/cropped-brasilnoticias-mini.jpg\",\"width\":314,\"height\":86,\"caption\":\"Brasil not\u00edcias\"},\"image\":{\"@id\":\"https:\/\/brasilnoticias.org\/site\/#\/schema\/logo\/image\/\"}},{\"@type\":\"Person\",\"@id\":\"https:\/\/brasilnoticias.org\/site\/#\/schema\/person\/a0e05b973ec4d15c658d51911e53507b\",\"name\":\"Reda\u00e7\u00e3o\",\"image\":{\"@type\":\"ImageObject\",\"inLanguage\":\"pt-PT\",\"@id\":\"https:\/\/brasilnoticias.org\/site\/#\/schema\/person\/image\/\",\"url\":\"https:\/\/secure.gravatar.com\/avatar\/75d8b050df2de108b08ae78dfb8e374892df24a383c67db9c46a9c604f6aee9c?s=96&d=mm&r=g\",\"contentUrl\":\"https:\/\/secure.gravatar.com\/avatar\/75d8b050df2de108b08ae78dfb8e374892df24a383c67db9c46a9c604f6aee9c?s=96&d=mm&r=g\",\"caption\":\"Reda\u00e7\u00e3o\"},\"sameAs\":[\"https:\/\/brasilnoticias.org\/site\"],\"url\":\"https:\/\/brasilnoticias.org\/site\/author\/fernandozsngmail-com\/\"}]}<\/script>\n<!-- \/ Yoast SEO plugin. -->","yoast_head_json":{"title":"Jogador do Ir\u00e3 \u00e9 condenado \u00e0 morte por protestar a favor das mulheres no pa\u00eds - Brasil not\u00edcias","robots":{"index":"index","follow":"follow","max-snippet":"max-snippet:-1","max-image-preview":"max-image-preview:large","max-video-preview":"max-video-preview:-1"},"canonical":"https:\/\/brasilnoticias.org\/site\/jogador-do-ira-e-condenado-a-morte-por-protestar-a-favor-das-mulheres-no-pais\/","og_locale":"pt_PT","og_type":"article","og_title":"Jogador do Ir\u00e3 \u00e9 condenado \u00e0 morte por protestar a favor das mulheres no pa\u00eds - Brasil not\u00edcias","og_description":"O jogador iraniano Amir Nasr-Azadani, 26 anos, foi condenado \u00e0 morte nesta segunda-feira (12) ap\u00f3s participar de manifesta\u00e7\u00f5es pelos direitos","og_url":"https:\/\/brasilnoticias.org\/site\/jogador-do-ira-e-condenado-a-morte-por-protestar-a-favor-das-mulheres-no-pais\/","og_site_name":"Brasil not\u00edcias","article_published_time":"2022-12-13T21:10:56+00:00","og_image":[{"width":1600,"height":752,"url":"https:\/\/brasilnoticias.org\/site\/wp-content\/uploads\/2022\/12\/131270jogador-do-ira-e-condenado-a-morte-por-protestar-a-favor-das-mulheres-no-pais-3.jpg","type":"image\/jpeg"}],"author":"Reda\u00e7\u00e3o","twitter_card":"summary_large_image","twitter_misc":{"Escrito por":"Reda\u00e7\u00e3o","Tempo estimado de leitura":"1 minuto"},"schema":{"@context":"https:\/\/schema.org","@graph":[{"@type":"Article","@id":"https:\/\/brasilnoticias.org\/site\/jogador-do-ira-e-condenado-a-morte-por-protestar-a-favor-das-mulheres-no-pais\/#article","isPartOf":{"@id":"https:\/\/brasilnoticias.org\/site\/jogador-do-ira-e-condenado-a-morte-por-protestar-a-favor-das-mulheres-no-pais\/"},"author":{"name":"Reda\u00e7\u00e3o","@id":"https:\/\/brasilnoticias.org\/site\/#\/schema\/person\/a0e05b973ec4d15c658d51911e53507b"},"headline":"Jogador do Ir\u00e3 \u00e9 condenado \u00e0 morte por protestar a favor das mulheres no pa\u00eds","datePublished":"2022-12-13T21:10:56+00:00","mainEntityOfPage":{"@id":"https:\/\/brasilnoticias.org\/site\/jogador-do-ira-e-condenado-a-morte-por-protestar-a-favor-das-mulheres-no-pais\/"},"wordCount":180,"commentCount":0,"publisher":{"@id":"https:\/\/brasilnoticias.org\/site\/#organization"},"image":{"@id":"https:\/\/brasilnoticias.org\/site\/jogador-do-ira-e-condenado-a-morte-por-protestar-a-favor-das-mulheres-no-pais\/#primaryimage"},"thumbnailUrl":"https:\/\/brasilnoticias.org\/site\/wp-content\/uploads\/2022\/12\/131270jogador-do-ira-e-condenado-a-morte-por-protestar-a-favor-das-mulheres-no-pais-3.jpg","articleSection":["Mundo","\u00daltimas"],"inLanguage":"pt-PT","potentialAction":[{"@type":"CommentAction","name":"Comment","target":["https:\/\/brasilnoticias.org\/site\/jogador-do-ira-e-condenado-a-morte-por-protestar-a-favor-das-mulheres-no-pais\/#respond"]}]},{"@type":"WebPage","@id":"https:\/\/brasilnoticias.org\/site\/jogador-do-ira-e-condenado-a-morte-por-protestar-a-favor-das-mulheres-no-pais\/","url":"https:\/\/brasilnoticias.org\/site\/jogador-do-ira-e-condenado-a-morte-por-protestar-a-favor-das-mulheres-no-pais\/","name":"Jogador do Ir\u00e3 \u00e9 condenado \u00e0 morte por protestar a favor das mulheres no pa\u00eds - Brasil not\u00edcias","isPartOf":{"@id":"https:\/\/brasilnoticias.org\/site\/#website"},"primaryImageOfPage":{"@id":"https:\/\/brasilnoticias.org\/site\/jogador-do-ira-e-condenado-a-morte-por-protestar-a-favor-das-mulheres-no-pais\/#primaryimage"},"image":{"@id":"https:\/\/brasilnoticias.org\/site\/jogador-do-ira-e-condenado-a-morte-por-protestar-a-favor-das-mulheres-no-pais\/#primaryimage"},"thumbnailUrl":"https:\/\/brasilnoticias.org\/site\/wp-content\/uploads\/2022\/12\/131270jogador-do-ira-e-condenado-a-morte-por-protestar-a-favor-das-mulheres-no-pais-3.jpg","datePublished":"2022-12-13T21:10:56+00:00","breadcrumb":{"@id":"https:\/\/brasilnoticias.org\/site\/jogador-do-ira-e-condenado-a-morte-por-protestar-a-favor-das-mulheres-no-pais\/#breadcrumb"},"inLanguage":"pt-PT","potentialAction":[{"@type":"ReadAction","target":["https:\/\/brasilnoticias.org\/site\/jogador-do-ira-e-condenado-a-morte-por-protestar-a-favor-das-mulheres-no-pais\/"]}]},{"@type":"ImageObject","inLanguage":"pt-PT","@id":"https:\/\/brasilnoticias.org\/site\/jogador-do-ira-e-condenado-a-morte-por-protestar-a-favor-das-mulheres-no-pais\/#primaryimage","url":"https:\/\/brasilnoticias.org\/site\/wp-content\/uploads\/2022\/12\/131270jogador-do-ira-e-condenado-a-morte-por-protestar-a-favor-das-mulheres-no-pais-3.jpg","contentUrl":"https:\/\/brasilnoticias.org\/site\/wp-content\/uploads\/2022\/12\/131270jogador-do-ira-e-condenado-a-morte-por-protestar-a-favor-das-mulheres-no-pais-3.jpg","width":1600,"height":752},{"@type":"BreadcrumbList","@id":"https:\/\/brasilnoticias.org\/site\/jogador-do-ira-e-condenado-a-morte-por-protestar-a-favor-das-mulheres-no-pais\/#breadcrumb","itemListElement":[{"@type":"ListItem","position":1,"name":"In\u00edcio","item":"https:\/\/brasilnoticias.org\/site\/"},{"@type":"ListItem","position":2,"name":"Jogador do Ir\u00e3 \u00e9 condenado \u00e0 morte por protestar a favor das mulheres no pa\u00eds"}]},{"@type":"WebSite","@id":"https:\/\/brasilnoticias.org\/site\/#website","url":"https:\/\/brasilnoticias.org\/site\/","name":"Brasil not\u00edcias","description":"Brasil not\u00edcias","publisher":{"@id":"https:\/\/brasilnoticias.org\/site\/#organization"},"potentialAction":[{"@type":"SearchAction","target":{"@type":"EntryPoint","urlTemplate":"https:\/\/brasilnoticias.org\/site\/?s={search_term_string}"},"query-input":{"@type":"PropertyValueSpecification","valueRequired":true,"valueName":"search_term_string"}}],"inLanguage":"pt-PT"},{"@type":"Organization","@id":"https:\/\/brasilnoticias.org\/site\/#organization","name":"Brasil not\u00edcias","url":"https:\/\/brasilnoticias.org\/site\/","logo":{"@type":"ImageObject","inLanguage":"pt-PT","@id":"https:\/\/brasilnoticias.org\/site\/#\/schema\/logo\/image\/","url":"https:\/\/brasilnoticias.org\/site\/wp-content\/uploads\/2022\/05\/cropped-brasilnoticias-mini.jpg","contentUrl":"https:\/\/brasilnoticias.org\/site\/wp-content\/uploads\/2022\/05\/cropped-brasilnoticias-mini.jpg","width":314,"height":86,"caption":"Brasil not\u00edcias"},"image":{"@id":"https:\/\/brasilnoticias.org\/site\/#\/schema\/logo\/image\/"}},{"@type":"Person","@id":"https:\/\/brasilnoticias.org\/site\/#\/schema\/person\/a0e05b973ec4d15c658d51911e53507b","name":"Reda\u00e7\u00e3o","image":{"@type":"ImageObject","inLanguage":"pt-PT","@id":"https:\/\/brasilnoticias.org\/site\/#\/schema\/person\/image\/","url":"https:\/\/secure.gravatar.com\/avatar\/75d8b050df2de108b08ae78dfb8e374892df24a383c67db9c46a9c604f6aee9c?s=96&d=mm&r=g","contentUrl":"https:\/\/secure.gravatar.com\/avatar\/75d8b050df2de108b08ae78dfb8e374892df24a383c67db9c46a9c604f6aee9c?s=96&d=mm&r=g","caption":"Reda\u00e7\u00e3o"},"sameAs":["https:\/\/brasilnoticias.org\/site"],"url":"https:\/\/brasilnoticias.org\/site\/author\/fernandozsngmail-com\/"}]}},"_links":{"self":[{"href":"https:\/\/brasilnoticias.org\/site\/wp-json\/wp\/v2\/posts\/2752","targetHints":{"allow":["GET"]}}],"collection":[{"href":"https:\/\/brasilnoticias.org\/site\/wp-json\/wp\/v2\/posts"}],"about":[{"href":"https:\/\/brasilnoticias.org\/site\/wp-json\/wp\/v2\/types\/post"}],"author":[{"embeddable":true,"href":"https:\/\/brasilnoticias.org\/site\/wp-json\/wp\/v2\/users\/1"}],"replies":[{"embeddable":true,"href":"https:\/\/brasilnoticias.org\/site\/wp-json\/wp\/v2\/comments?post=2752"}],"version-history":[{"count":1,"href":"https:\/\/brasilnoticias.org\/site\/wp-json\/wp\/v2\/posts\/2752\/revisions"}],"predecessor-version":[{"id":2754,"href":"https:\/\/brasilnoticias.org\/site\/wp-json\/wp\/v2\/posts\/2752\/revisions\/2754"}],"wp:featuredmedia":[{"embeddable":true,"href":"https:\/\/brasilnoticias.org\/site\/wp-json\/wp\/v2\/media\/2753"}],"wp:attachment":[{"href":"https:\/\/brasilnoticias.org\/site\/wp-json\/wp\/v2\/media?parent=2752"}],"wp:term":[{"taxonomy":"category","embeddable":true,"href":"https:\/\/brasilnoticias.org\/site\/wp-json\/wp\/v2\/categories?post=2752"},{"taxonomy":"post_tag","embeddable":true,"href":"https:\/\/brasilnoticias.org\/site\/wp-json\/wp\/v2\/tags?post=2752"}],"curies":[{"name":"wp","href":"https:\/\/api.w.org\/{rel}","templated":true}]}}