{"id":2761,"date":"2022-12-14T07:00:04","date_gmt":"2022-12-14T10:00:04","guid":{"rendered":"https:\/\/brasilnoticias.org\/site\/?p=2761"},"modified":"2022-12-13T13:19:19","modified_gmt":"2022-12-13T16:19:19","slug":"wellington-dias-e-cotado-para-o-ministerio-do-planejamento","status":"publish","type":"post","link":"https:\/\/brasilnoticias.org\/site\/wellington-dias-e-cotado-para-o-ministerio-do-planejamento\/","title":{"rendered":"Wellington Dias \u00e9 cotado para o Minist\u00e9rio do Planejamento"},"content":{"rendered":"<p>Enquanto o economista Aloizio Mercadante est\u00e1 motivado para comandar o Banco Nacional de Desenvolvimento Econ\u00f4mico e Social (BNDES), segundo apurou o Estad\u00e3o, para o Minist\u00e9rio do Planejamento est\u00e1 cotado Wellington Dias, ex-governador do Piau\u00ed e senador eleito.<br \/>\nO economista Andre Lara Resende, por\u00e9m, continua no p\u00e1reo. Segundo um interlocutor do presidente eleito Luiz In\u00e1cio Lula da Silva, Resende &#8220;tem uma vis\u00e3o contempor\u00e2nea e grande conhecimento&#8221; e ter\u00e1 espa\u00e7o se quiser participar do novo governo.<\/p>\n<p>A indica\u00e7\u00e3o para a Petrobras \u00e9 considerada no governo de transi\u00e7\u00e3o um dos problemas mais complexos, e o nome de Mercadante chegou a ser citado para o cargo. Nesta segunda, 12, ao chegar para a cerim\u00f4nia de diploma\u00e7\u00e3o de Lula, Mercadante afirmou desconhecer iniciativa no governo de transi\u00e7\u00e3o de alterar a Lei das Estatais, o que abriria brecha para sua indica\u00e7\u00e3o ou a do senador Jean Paul Prates (PT-RN). A interlocutores, ele tem sinalizado prefer\u00eancia para o BNDES, alvo de estudos dele sobre a reindustrializa\u00e7\u00e3o e incremento do cr\u00e9dito privado.<\/p>\n<p>Na sexta-feira, 9, o Estad\u00e3o antecipou que Mercadante era o nome mais forte para comandar o BNDES. N\u00e3o se descarta, por\u00e9m, uma vaga num minist\u00e9rio para ele, considerado uma esp\u00e9cie de &#8220;curinga&#8221; no xadrez pol\u00edtico que Lula tenta fechar nos pr\u00f3ximos dias.<\/p>\n<p>O nome para comandar o banco p\u00fablico, que ter\u00e1 relev\u00e2ncia na pol\u00edtica econ\u00f4mica do pr\u00f3ximo governo, s\u00f3 ser\u00e1 divulgado com a indica\u00e7\u00e3o do ministro de Desenvolvimento, Ind\u00fastria e Com\u00e9rcio (Mdic). Isso seria feito por uma quest\u00e3o de &#8220;hierarquia&#8221; na Esplanada, assim como foi com o an\u00fancio conjunto do ministro da Justi\u00e7a e do diretor-geral da Pol\u00edcia Federal.<\/p>\n<p>Interlocutores do presidente eleito informam que avan\u00e7aram as negocia\u00e7\u00f5es para a indica\u00e7\u00e3o do presidente da Federa\u00e7\u00e3o das Ind\u00fastrias do Estado de S\u00e3o Paulo (Fiesp), Josu\u00e9 Gomes, para comandar o novo Mdic. Ele tem rela\u00e7\u00e3o com Lula e apoio de setores empresariais. Gomes, que est\u00e1 na presid\u00eancia da Fiesp desde janeiro, enfrenta hoje uma &#8220;rebeli\u00e3o&#8221; de sindicatos de pequeno porte, que marcaram para o dia 21 assembleia que pode destitui-lo do cargo.<\/p>\n<p>Interlocutores de Lula afirmaram que ele pode atrasar um pouco os grandes an\u00fancios porque quer conversar com as lideran\u00e7as da Uni\u00e3o Brasil, do PSD e do MDB.<\/p>\n<p>As informa\u00e7\u00f5es s\u00e3o do jornal O Estado de S. Paulo.<br \/>\nFoto Reprodu\u00e7\u00e3o &#8211; Facebook- Wellington Dias<\/p>\n","protected":false},"excerpt":{"rendered":"<p>Enquanto o economista Aloizio Mercadante est\u00e1 motivado para comandar o Banco Nacional de Desenvolvimento Econ\u00f4mico e Social (BNDES), segundo apurou<\/p>\n","protected":false},"author":1,"featured_media":2762,"comment_status":"open","ping_status":"open","sticky":false,"template":"","format":"standard","meta":{"colormag_page_container_layout":"default_layout","colormag_page_sidebar_layout":"default_layout","_FSMCFIC_featured_image_caption":"","_FSMCFIC_featured_image_nocaption":"","_FSMCFIC_featured_image_hide":"","footnotes":""},"categories":[5,1],"tags":[],"class_list":["post-2761","post","type-post","status-publish","format-standard","has-post-thumbnail","hentry","category-politica","category-ultimas"],"yoast_head":"<!-- This site is optimized with the Yoast SEO plugin v27.1.1 - https:\/\/yoast.com\/product\/yoast-seo-wordpress\/ -->\n<title>Wellington Dias \u00e9 cotado para o Minist\u00e9rio do Planejamento - Brasil not\u00edcias<\/title>\n<meta name=\"robots\" content=\"index, follow, max-snippet:-1, max-image-preview:large, max-video-preview:-1\" \/>\n<link rel=\"canonical\" href=\"https:\/\/brasilnoticias.org\/site\/wellington-dias-e-cotado-para-o-ministerio-do-planejamento\/\" \/>\n<meta property=\"og:locale\" content=\"pt_PT\" \/>\n<meta property=\"og:type\" content=\"article\" \/>\n<meta property=\"og:title\" content=\"Wellington Dias \u00e9 cotado para o Minist\u00e9rio do Planejamento - Brasil not\u00edcias\" \/>\n<meta property=\"og:description\" content=\"Enquanto o economista Aloizio Mercadante est\u00e1 motivado para comandar o Banco Nacional de Desenvolvimento Econ\u00f4mico e Social (BNDES), segundo apurou\" \/>\n<meta property=\"og:url\" content=\"https:\/\/brasilnoticias.org\/site\/wellington-dias-e-cotado-para-o-ministerio-do-planejamento\/\" \/>\n<meta property=\"og:site_name\" content=\"Brasil not\u00edcias\" \/>\n<meta property=\"article:published_time\" content=\"2022-12-14T10:00:04+00:00\" \/>\n<meta property=\"og:image\" content=\"https:\/\/brasilnoticias.org\/site\/wp-content\/uploads\/2022\/12\/naom_60a24bdca1b62.jpg\" \/>\n\t<meta property=\"og:image:width\" content=\"960\" \/>\n\t<meta property=\"og:image:height\" content=\"540\" \/>\n\t<meta property=\"og:image:type\" content=\"image\/jpeg\" \/>\n<meta name=\"author\" content=\"Reda\u00e7\u00e3o\" \/>\n<meta name=\"twitter:card\" content=\"summary_large_image\" \/>\n<meta name=\"twitter:label1\" content=\"Escrito por\" \/>\n\t<meta name=\"twitter:data1\" content=\"Reda\u00e7\u00e3o\" \/>\n\t<meta name=\"twitter:label2\" content=\"Tempo estimado de leitura\" \/>\n\t<meta name=\"twitter:data2\" content=\"2 minutos\" \/>\n<script type=\"application\/ld+json\" class=\"yoast-schema-graph\">{\"@context\":\"https:\/\/schema.org\",\"@graph\":[{\"@type\":\"Article\",\"@id\":\"https:\/\/brasilnoticias.org\/site\/wellington-dias-e-cotado-para-o-ministerio-do-planejamento\/#article\",\"isPartOf\":{\"@id\":\"https:\/\/brasilnoticias.org\/site\/wellington-dias-e-cotado-para-o-ministerio-do-planejamento\/\"},\"author\":{\"name\":\"Reda\u00e7\u00e3o\",\"@id\":\"https:\/\/brasilnoticias.org\/site\/#\/schema\/person\/a0e05b973ec4d15c658d51911e53507b\"},\"headline\":\"Wellington Dias \u00e9 cotado para o Minist\u00e9rio do Planejamento\",\"datePublished\":\"2022-12-14T10:00:04+00:00\",\"mainEntityOfPage\":{\"@id\":\"https:\/\/brasilnoticias.org\/site\/wellington-dias-e-cotado-para-o-ministerio-do-planejamento\/\"},\"wordCount\":434,\"commentCount\":0,\"publisher\":{\"@id\":\"https:\/\/brasilnoticias.org\/site\/#organization\"},\"image\":{\"@id\":\"https:\/\/brasilnoticias.org\/site\/wellington-dias-e-cotado-para-o-ministerio-do-planejamento\/#primaryimage\"},\"thumbnailUrl\":\"https:\/\/brasilnoticias.org\/site\/wp-content\/uploads\/2022\/12\/naom_60a24bdca1b62.jpg\",\"articleSection\":[\"Pol\u00edtica\",\"\u00daltimas\"],\"inLanguage\":\"pt-PT\",\"potentialAction\":[{\"@type\":\"CommentAction\",\"name\":\"Comment\",\"target\":[\"https:\/\/brasilnoticias.org\/site\/wellington-dias-e-cotado-para-o-ministerio-do-planejamento\/#respond\"]}]},{\"@type\":\"WebPage\",\"@id\":\"https:\/\/brasilnoticias.org\/site\/wellington-dias-e-cotado-para-o-ministerio-do-planejamento\/\",\"url\":\"https:\/\/brasilnoticias.org\/site\/wellington-dias-e-cotado-para-o-ministerio-do-planejamento\/\",\"name\":\"Wellington Dias \u00e9 cotado para o Minist\u00e9rio do Planejamento - Brasil not\u00edcias\",\"isPartOf\":{\"@id\":\"https:\/\/brasilnoticias.org\/site\/#website\"},\"primaryImageOfPage\":{\"@id\":\"https:\/\/brasilnoticias.org\/site\/wellington-dias-e-cotado-para-o-ministerio-do-planejamento\/#primaryimage\"},\"image\":{\"@id\":\"https:\/\/brasilnoticias.org\/site\/wellington-dias-e-cotado-para-o-ministerio-do-planejamento\/#primaryimage\"},\"thumbnailUrl\":\"https:\/\/brasilnoticias.org\/site\/wp-content\/uploads\/2022\/12\/naom_60a24bdca1b62.jpg\",\"datePublished\":\"2022-12-14T10:00:04+00:00\",\"breadcrumb\":{\"@id\":\"https:\/\/brasilnoticias.org\/site\/wellington-dias-e-cotado-para-o-ministerio-do-planejamento\/#breadcrumb\"},\"inLanguage\":\"pt-PT\",\"potentialAction\":[{\"@type\":\"ReadAction\",\"target\":[\"https:\/\/brasilnoticias.org\/site\/wellington-dias-e-cotado-para-o-ministerio-do-planejamento\/\"]}]},{\"@type\":\"ImageObject\",\"inLanguage\":\"pt-PT\",\"@id\":\"https:\/\/brasilnoticias.org\/site\/wellington-dias-e-cotado-para-o-ministerio-do-planejamento\/#primaryimage\",\"url\":\"https:\/\/brasilnoticias.org\/site\/wp-content\/uploads\/2022\/12\/naom_60a24bdca1b62.jpg\",\"contentUrl\":\"https:\/\/brasilnoticias.org\/site\/wp-content\/uploads\/2022\/12\/naom_60a24bdca1b62.jpg\",\"width\":960,\"height\":540},{\"@type\":\"BreadcrumbList\",\"@id\":\"https:\/\/brasilnoticias.org\/site\/wellington-dias-e-cotado-para-o-ministerio-do-planejamento\/#breadcrumb\",\"itemListElement\":[{\"@type\":\"ListItem\",\"position\":1,\"name\":\"In\u00edcio\",\"item\":\"https:\/\/brasilnoticias.org\/site\/\"},{\"@type\":\"ListItem\",\"position\":2,\"name\":\"Wellington Dias \u00e9 cotado para o Minist\u00e9rio do Planejamento\"}]},{\"@type\":\"WebSite\",\"@id\":\"https:\/\/brasilnoticias.org\/site\/#website\",\"url\":\"https:\/\/brasilnoticias.org\/site\/\",\"name\":\"Brasil not\u00edcias\",\"description\":\"Brasil not\u00edcias\",\"publisher\":{\"@id\":\"https:\/\/brasilnoticias.org\/site\/#organization\"},\"potentialAction\":[{\"@type\":\"SearchAction\",\"target\":{\"@type\":\"EntryPoint\",\"urlTemplate\":\"https:\/\/brasilnoticias.org\/site\/?s={search_term_string}\"},\"query-input\":{\"@type\":\"PropertyValueSpecification\",\"valueRequired\":true,\"valueName\":\"search_term_string\"}}],\"inLanguage\":\"pt-PT\"},{\"@type\":\"Organization\",\"@id\":\"https:\/\/brasilnoticias.org\/site\/#organization\",\"name\":\"Brasil not\u00edcias\",\"url\":\"https:\/\/brasilnoticias.org\/site\/\",\"logo\":{\"@type\":\"ImageObject\",\"inLanguage\":\"pt-PT\",\"@id\":\"https:\/\/brasilnoticias.org\/site\/#\/schema\/logo\/image\/\",\"url\":\"https:\/\/brasilnoticias.org\/site\/wp-content\/uploads\/2022\/05\/cropped-brasilnoticias-mini.jpg\",\"contentUrl\":\"https:\/\/brasilnoticias.org\/site\/wp-content\/uploads\/2022\/05\/cropped-brasilnoticias-mini.jpg\",\"width\":314,\"height\":86,\"caption\":\"Brasil not\u00edcias\"},\"image\":{\"@id\":\"https:\/\/brasilnoticias.org\/site\/#\/schema\/logo\/image\/\"}},{\"@type\":\"Person\",\"@id\":\"https:\/\/brasilnoticias.org\/site\/#\/schema\/person\/a0e05b973ec4d15c658d51911e53507b\",\"name\":\"Reda\u00e7\u00e3o\",\"image\":{\"@type\":\"ImageObject\",\"inLanguage\":\"pt-PT\",\"@id\":\"https:\/\/brasilnoticias.org\/site\/#\/schema\/person\/image\/\",\"url\":\"https:\/\/secure.gravatar.com\/avatar\/75d8b050df2de108b08ae78dfb8e374892df24a383c67db9c46a9c604f6aee9c?s=96&d=mm&r=g\",\"contentUrl\":\"https:\/\/secure.gravatar.com\/avatar\/75d8b050df2de108b08ae78dfb8e374892df24a383c67db9c46a9c604f6aee9c?s=96&d=mm&r=g\",\"caption\":\"Reda\u00e7\u00e3o\"},\"sameAs\":[\"https:\/\/brasilnoticias.org\/site\"],\"url\":\"https:\/\/brasilnoticias.org\/site\/author\/fernandozsngmail-com\/\"}]}<\/script>\n<!-- \/ Yoast SEO plugin. -->","yoast_head_json":{"title":"Wellington Dias \u00e9 cotado para o Minist\u00e9rio do Planejamento - Brasil not\u00edcias","robots":{"index":"index","follow":"follow","max-snippet":"max-snippet:-1","max-image-preview":"max-image-preview:large","max-video-preview":"max-video-preview:-1"},"canonical":"https:\/\/brasilnoticias.org\/site\/wellington-dias-e-cotado-para-o-ministerio-do-planejamento\/","og_locale":"pt_PT","og_type":"article","og_title":"Wellington Dias \u00e9 cotado para o Minist\u00e9rio do Planejamento - Brasil not\u00edcias","og_description":"Enquanto o economista Aloizio Mercadante est\u00e1 motivado para comandar o Banco Nacional de Desenvolvimento Econ\u00f4mico e Social (BNDES), segundo apurou","og_url":"https:\/\/brasilnoticias.org\/site\/wellington-dias-e-cotado-para-o-ministerio-do-planejamento\/","og_site_name":"Brasil not\u00edcias","article_published_time":"2022-12-14T10:00:04+00:00","og_image":[{"width":960,"height":540,"url":"https:\/\/brasilnoticias.org\/site\/wp-content\/uploads\/2022\/12\/naom_60a24bdca1b62.jpg","type":"image\/jpeg"}],"author":"Reda\u00e7\u00e3o","twitter_card":"summary_large_image","twitter_misc":{"Escrito por":"Reda\u00e7\u00e3o","Tempo estimado de leitura":"2 minutos"},"schema":{"@context":"https:\/\/schema.org","@graph":[{"@type":"Article","@id":"https:\/\/brasilnoticias.org\/site\/wellington-dias-e-cotado-para-o-ministerio-do-planejamento\/#article","isPartOf":{"@id":"https:\/\/brasilnoticias.org\/site\/wellington-dias-e-cotado-para-o-ministerio-do-planejamento\/"},"author":{"name":"Reda\u00e7\u00e3o","@id":"https:\/\/brasilnoticias.org\/site\/#\/schema\/person\/a0e05b973ec4d15c658d51911e53507b"},"headline":"Wellington Dias \u00e9 cotado para o Minist\u00e9rio do Planejamento","datePublished":"2022-12-14T10:00:04+00:00","mainEntityOfPage":{"@id":"https:\/\/brasilnoticias.org\/site\/wellington-dias-e-cotado-para-o-ministerio-do-planejamento\/"},"wordCount":434,"commentCount":0,"publisher":{"@id":"https:\/\/brasilnoticias.org\/site\/#organization"},"image":{"@id":"https:\/\/brasilnoticias.org\/site\/wellington-dias-e-cotado-para-o-ministerio-do-planejamento\/#primaryimage"},"thumbnailUrl":"https:\/\/brasilnoticias.org\/site\/wp-content\/uploads\/2022\/12\/naom_60a24bdca1b62.jpg","articleSection":["Pol\u00edtica","\u00daltimas"],"inLanguage":"pt-PT","potentialAction":[{"@type":"CommentAction","name":"Comment","target":["https:\/\/brasilnoticias.org\/site\/wellington-dias-e-cotado-para-o-ministerio-do-planejamento\/#respond"]}]},{"@type":"WebPage","@id":"https:\/\/brasilnoticias.org\/site\/wellington-dias-e-cotado-para-o-ministerio-do-planejamento\/","url":"https:\/\/brasilnoticias.org\/site\/wellington-dias-e-cotado-para-o-ministerio-do-planejamento\/","name":"Wellington Dias \u00e9 cotado para o Minist\u00e9rio do Planejamento - Brasil not\u00edcias","isPartOf":{"@id":"https:\/\/brasilnoticias.org\/site\/#website"},"primaryImageOfPage":{"@id":"https:\/\/brasilnoticias.org\/site\/wellington-dias-e-cotado-para-o-ministerio-do-planejamento\/#primaryimage"},"image":{"@id":"https:\/\/brasilnoticias.org\/site\/wellington-dias-e-cotado-para-o-ministerio-do-planejamento\/#primaryimage"},"thumbnailUrl":"https:\/\/brasilnoticias.org\/site\/wp-content\/uploads\/2022\/12\/naom_60a24bdca1b62.jpg","datePublished":"2022-12-14T10:00:04+00:00","breadcrumb":{"@id":"https:\/\/brasilnoticias.org\/site\/wellington-dias-e-cotado-para-o-ministerio-do-planejamento\/#breadcrumb"},"inLanguage":"pt-PT","potentialAction":[{"@type":"ReadAction","target":["https:\/\/brasilnoticias.org\/site\/wellington-dias-e-cotado-para-o-ministerio-do-planejamento\/"]}]},{"@type":"ImageObject","inLanguage":"pt-PT","@id":"https:\/\/brasilnoticias.org\/site\/wellington-dias-e-cotado-para-o-ministerio-do-planejamento\/#primaryimage","url":"https:\/\/brasilnoticias.org\/site\/wp-content\/uploads\/2022\/12\/naom_60a24bdca1b62.jpg","contentUrl":"https:\/\/brasilnoticias.org\/site\/wp-content\/uploads\/2022\/12\/naom_60a24bdca1b62.jpg","width":960,"height":540},{"@type":"BreadcrumbList","@id":"https:\/\/brasilnoticias.org\/site\/wellington-dias-e-cotado-para-o-ministerio-do-planejamento\/#breadcrumb","itemListElement":[{"@type":"ListItem","position":1,"name":"In\u00edcio","item":"https:\/\/brasilnoticias.org\/site\/"},{"@type":"ListItem","position":2,"name":"Wellington Dias \u00e9 cotado para o Minist\u00e9rio do Planejamento"}]},{"@type":"WebSite","@id":"https:\/\/brasilnoticias.org\/site\/#website","url":"https:\/\/brasilnoticias.org\/site\/","name":"Brasil not\u00edcias","description":"Brasil not\u00edcias","publisher":{"@id":"https:\/\/brasilnoticias.org\/site\/#organization"},"potentialAction":[{"@type":"SearchAction","target":{"@type":"EntryPoint","urlTemplate":"https:\/\/brasilnoticias.org\/site\/?s={search_term_string}"},"query-input":{"@type":"PropertyValueSpecification","valueRequired":true,"valueName":"search_term_string"}}],"inLanguage":"pt-PT"},{"@type":"Organization","@id":"https:\/\/brasilnoticias.org\/site\/#organization","name":"Brasil not\u00edcias","url":"https:\/\/brasilnoticias.org\/site\/","logo":{"@type":"ImageObject","inLanguage":"pt-PT","@id":"https:\/\/brasilnoticias.org\/site\/#\/schema\/logo\/image\/","url":"https:\/\/brasilnoticias.org\/site\/wp-content\/uploads\/2022\/05\/cropped-brasilnoticias-mini.jpg","contentUrl":"https:\/\/brasilnoticias.org\/site\/wp-content\/uploads\/2022\/05\/cropped-brasilnoticias-mini.jpg","width":314,"height":86,"caption":"Brasil not\u00edcias"},"image":{"@id":"https:\/\/brasilnoticias.org\/site\/#\/schema\/logo\/image\/"}},{"@type":"Person","@id":"https:\/\/brasilnoticias.org\/site\/#\/schema\/person\/a0e05b973ec4d15c658d51911e53507b","name":"Reda\u00e7\u00e3o","image":{"@type":"ImageObject","inLanguage":"pt-PT","@id":"https:\/\/brasilnoticias.org\/site\/#\/schema\/person\/image\/","url":"https:\/\/secure.gravatar.com\/avatar\/75d8b050df2de108b08ae78dfb8e374892df24a383c67db9c46a9c604f6aee9c?s=96&d=mm&r=g","contentUrl":"https:\/\/secure.gravatar.com\/avatar\/75d8b050df2de108b08ae78dfb8e374892df24a383c67db9c46a9c604f6aee9c?s=96&d=mm&r=g","caption":"Reda\u00e7\u00e3o"},"sameAs":["https:\/\/brasilnoticias.org\/site"],"url":"https:\/\/brasilnoticias.org\/site\/author\/fernandozsngmail-com\/"}]}},"_links":{"self":[{"href":"https:\/\/brasilnoticias.org\/site\/wp-json\/wp\/v2\/posts\/2761","targetHints":{"allow":["GET"]}}],"collection":[{"href":"https:\/\/brasilnoticias.org\/site\/wp-json\/wp\/v2\/posts"}],"about":[{"href":"https:\/\/brasilnoticias.org\/site\/wp-json\/wp\/v2\/types\/post"}],"author":[{"embeddable":true,"href":"https:\/\/brasilnoticias.org\/site\/wp-json\/wp\/v2\/users\/1"}],"replies":[{"embeddable":true,"href":"https:\/\/brasilnoticias.org\/site\/wp-json\/wp\/v2\/comments?post=2761"}],"version-history":[{"count":1,"href":"https:\/\/brasilnoticias.org\/site\/wp-json\/wp\/v2\/posts\/2761\/revisions"}],"predecessor-version":[{"id":2763,"href":"https:\/\/brasilnoticias.org\/site\/wp-json\/wp\/v2\/posts\/2761\/revisions\/2763"}],"wp:featuredmedia":[{"embeddable":true,"href":"https:\/\/brasilnoticias.org\/site\/wp-json\/wp\/v2\/media\/2762"}],"wp:attachment":[{"href":"https:\/\/brasilnoticias.org\/site\/wp-json\/wp\/v2\/media?parent=2761"}],"wp:term":[{"taxonomy":"category","embeddable":true,"href":"https:\/\/brasilnoticias.org\/site\/wp-json\/wp\/v2\/categories?post=2761"},{"taxonomy":"post_tag","embeddable":true,"href":"https:\/\/brasilnoticias.org\/site\/wp-json\/wp\/v2\/tags?post=2761"}],"curies":[{"name":"wp","href":"https:\/\/api.w.org\/{rel}","templated":true}]}}