{"id":2764,"date":"2022-12-14T07:10:46","date_gmt":"2022-12-14T10:10:46","guid":{"rendered":"https:\/\/brasilnoticias.org\/site\/?p=2764"},"modified":"2022-12-13T13:22:26","modified_gmt":"2022-12-13T16:22:26","slug":"bikes-eletricas-ganham-forca-em-entregas-e-frota-supera-7-000","status":"publish","type":"post","link":"https:\/\/brasilnoticias.org\/site\/bikes-eletricas-ganham-forca-em-entregas-e-frota-supera-7-000\/","title":{"rendered":"Bikes el\u00e9tricas ganham for\u00e7a em entregas e frota supera 7.000"},"content":{"rendered":"<p>O uso de bicicletas el\u00e9tricas para entregas no Brasil ganhou for\u00e7a nos \u00faltimos dois anos, puxado por iniciativas de duas empresas de perfis distintos: a centen\u00e1ria estatal Correios e o iFood, aplicativo de entregas criado na d\u00e9cada passada. O modo em que as bikes s\u00e3o oferecidas aos colaboradores tamb\u00e9m \u00e9 bem diferente.<\/p>\n<p>Em novembro deste ano, os Correios fizeram um preg\u00e3o para comprar 5.946 bicicletas el\u00e9tricas com ba\u00fa, que ser\u00e3o entregues a partir de mar\u00e7o de 2023. Com isso, a empresa espera ter a maior frota deste tipo de ve\u00edculo no pa\u00eds.<br \/>\n&#8220;O uso da nova bicicleta otimiza o tempo na distribui\u00e7\u00e3o, traz conforto e praticidade para os condutores e, sobretudo, colabora para a sustentabilidade das opera\u00e7\u00f5es&#8221;, disseram os Correios, em nota.<\/p>\n<p>A estatal faz testes com as el\u00e9tricas desde o ano passado. Houve um piloto em Bras\u00edlia (DF) e outro em Praia Grande (SP), com cerca de 30 bikes cada um.<\/p>\n<p>Os modelos foram aprimorados a partir das sugest\u00f5es dos carteiros, que passar\u00e3o a us\u00e1-las para fazer as entregas do dia a dia. Cada unidade tem um ba\u00fa e consegue levar 20 kg de carga. A autonomia \u00e9 de 30 km por recarga, podendo chegar a 45 km.<\/p>\n<p>J\u00e1 no iFood, as bicicletas el\u00e9tricas s\u00e3o alugadas aos entregadores cadastrados na plataforma, que atende pedidos de comida, compras de supermercado e outros itens.<\/p>\n<p>O programa come\u00e7ou em 2020 e soma 7 milh\u00f5es de entregas feitas, 18 mil entregadores cadastrados, 2.500 bicicletas e atua\u00e7\u00e3o em seis cidades: S\u00e3o Paulo, Rio de Janeiro, Salvador, Recife, Porto Alegre e Bras\u00edlia.<\/p>\n<p>&#8220;Uma boa parte dos pedidos s\u00e3o em raios de entrega curtos, e n\u00e3o faz sentido usar moto&#8221;, afirma Fernando Martins, diretor de log\u00edstica do iFood. As entregas de bicicleta s\u00e3o feitas em dist\u00e2ncias de at\u00e9 5 km, dependendo das condi\u00e7\u00f5es do terreno.<\/p>\n<p>Martins conta que os usu\u00e1rios geralmente s\u00e3o mais jovens que os de moto e t\u00eam entre 18 e 24 anos. &#8220;Boa parte destes entregadores est\u00e1 usando a plataforma para gerar sua primeira renda. Alguns estudam e fazem um complemento de renda nas horas vagas&#8221;, diz.<\/p>\n<p>&#8220;Com esta bicicleta aqui, as ladeiras parecem rua reta&#8221;, elogia David Anastasia, 40. Ele est\u00e1 no programa desde o in\u00edcio e testou todos os modelos j\u00e1 usados.<\/p>\n<p>&#8220;Uma boa parte dos pedidos s\u00e3o em raios de entrega curtos, e n\u00e3o faz sentido usar moto&#8221;, afirma Fernando Martins, diretor de log\u00edstica do iFood. As entregas de bicicleta s\u00e3o feitas em dist\u00e2ncias de at\u00e9 5 km, dependendo das condi\u00e7\u00f5es do terreno.<\/p>\n<p>Martins conta que os usu\u00e1rios geralmente s\u00e3o mais jovens que os de moto e t\u00eam entre 18 e 24 anos. &#8220;Boa parte destes entregadores est\u00e1 usando a plataforma para gerar sua primeira renda. Alguns estudam e fazem um complemento de renda nas horas vagas&#8221;, diz.<\/p>\n<p>&#8220;Com esta bicicleta aqui, as ladeiras parecem rua reta&#8221;, elogia David Anastasia, 40. Ele est\u00e1 no programa desde o in\u00edcio e testou todos os modelos j\u00e1 usados.<\/p>\n<p>Anastasia conversou com a Folha de S.Paulo em uma das sedes do projeto, um galp\u00e3o com centenas de bicicletas na rua Cardeal Arcoverde, em Pinheiros. Ali, os entregadores retiram e devolvem as bikes. Cada empr\u00e9stimo custa entre R$ 1,99 e R$ 3,98, por quatro horas. Tamb\u00e9m \u00e9 preciso pagar uma taxa semanal de R$ 32, no plano completo.<\/p>\n<p>No come\u00e7o, as bikes usadas pelo programa eram iguais \u00e0s do sistema Bike Ita\u00fa. &#8220;Elas eram boas, mas quando a bateria acabava, ficava muito pesado. Teve entregador que at\u00e9 machucou o tend\u00e3o, porque ela fica ultrapesada&#8221;, lembra.<\/p>\n<p>Depois, veio um modelo mais leve, mas com outras falhas. &#8220;Esta solta a corrente toda hora. A gente chegava nos clientes com a m\u00e3o suja de graxa. E o pneu era fino, estourava. A gente ficava na m\u00e3o&#8221;, diz.<\/p>\n<p>J\u00e1 a gera\u00e7\u00e3o atual, adotada h\u00e1 alguns meses, agrada o entregador: \u00e9 leve, tem pneus robustos e bateria melhor.<\/p>\n<p>Questionada sobre as falhas apontadas, a Tembici, que fornece os ve\u00edculos para o iFood, disse em nota apenas que o programa considera &#8220;todas as necessidades do entregador&#8221;.<\/p>\n<p>Cada entrega paga geralmente R$ 6 para o ciclista. O iFood coloca est\u00edmulos, como dar mais R$ 3 ou R$ 4 por entrega se o trabalhador bater uma meta ou atuar em momentos de alta demanda. &#8220;Eles fazem promo\u00e7\u00e3o quando t\u00e1 chovendo, quando t\u00e1 aquele frio de lascar&#8221;, conta Anastasia. &#8220;D\u00e1 para ganhar bem, fazer uma m\u00e9dia de R$ 80 a R$ 100 por dia. At\u00e9 R$ 150 se o cara esticar.&#8221;<\/p>\n<p>Questionado sobre o fato de a empresa alugar um equipamento de trabalho aos seus colaboradores, o sindicalista Gilberto Santos disse n\u00e3o ver problema.<\/p>\n<p>&#8220;O programa \u00e9 positivo porque passa a ser uma ferramenta a mais para o trabalhador ter acesso a uma ferramenta de trabalho e de termos mais pessoas no mercado das entregas&#8221;, avalia ele, que preside o SindimotoSP (Sindicato dos Mensageiros, Motociclistas, Ciclistas e Moto-Taxistas de S\u00e3o Paulo).<\/p>\n<p>&#8220;Falta ainda a gente acertar a remunera\u00e7\u00e3o dentro de um acordo coletivo, para que os trabalhadores possam trabalhar de uma maneira mais digna&#8221;, prossegue Santos.<\/p>\n<p>Sobre a quest\u00e3o trabalhista, o iFood disse que &#8220;todos os entregadores t\u00eam autonomia e flexibilidade para realiza\u00e7\u00e3o do trabalho e s\u00e3o livres para escolher o modal e o tempo de dedica\u00e7\u00e3o a uma ou mais plataformas para gera\u00e7\u00e3o de ganhos.&#8221;<\/p>\n<p>A ado\u00e7\u00e3o de bikes el\u00e9tricas s\u00e3o parte da estrat\u00e9gia de Correios e iFood para reduzir a polui\u00e7\u00e3o gerada pelas entregas. Al\u00e9m de n\u00e3o sujar o ar, os modelos tamb\u00e9m s\u00e3o silenciosos, o que ajuda a reduzir o barulho na cidade. \u00c9 comum ver motos com escapamento aberto fazendo muito ru\u00eddo na acelera\u00e7\u00e3o.<\/p>\n<p>Daniel Guth, diretor da Alian\u00e7a Bike (Associa\u00e7\u00e3o Brasileira do Setor de Bicicletas), aponta que o custo das el\u00e9tricas vem diminuindo nos \u00faltimos anos, especialmente por redu\u00e7\u00f5es de carga tribut\u00e1ria, e que iniciativas empresariais ajudam a baixar os pre\u00e7os.<\/p>\n<p>&#8220;Quanto mais tiver demanda, mais barata ela vai ficar. Hoje tem bikes el\u00e9tricas de entrada, com tecnologia razo\u00e1vel, que partem de R$ 3.000&#8221;, avalia.<\/p>\n<p>FolhaPress<br \/>\nFoto Shutterstock<\/p>\n","protected":false},"excerpt":{"rendered":"<p>O uso de bicicletas el\u00e9tricas para entregas no Brasil ganhou for\u00e7a nos \u00faltimos dois anos, puxado por iniciativas de duas<\/p>\n","protected":false},"author":1,"featured_media":2765,"comment_status":"open","ping_status":"open","sticky":false,"template":"","format":"standard","meta":{"colormag_page_container_layout":"default_layout","colormag_page_sidebar_layout":"default_layout","_FSMCFIC_featured_image_caption":"","_FSMCFIC_featured_image_nocaption":"","_FSMCFIC_featured_image_hide":"","footnotes":""},"categories":[2,1],"tags":[],"class_list":["post-2764","post","type-post","status-publish","format-standard","has-post-thumbnail","hentry","category-noticias","category-ultimas"],"yoast_head":"<!-- This site is optimized with the Yoast SEO plugin v27.1.1 - https:\/\/yoast.com\/product\/yoast-seo-wordpress\/ -->\n<title>Bikes el\u00e9tricas ganham for\u00e7a em entregas e frota supera 7.000 - Brasil not\u00edcias<\/title>\n<meta name=\"robots\" content=\"index, follow, max-snippet:-1, max-image-preview:large, max-video-preview:-1\" \/>\n<link rel=\"canonical\" href=\"https:\/\/brasilnoticias.org\/site\/bikes-eletricas-ganham-forca-em-entregas-e-frota-supera-7-000\/\" \/>\n<meta property=\"og:locale\" content=\"pt_PT\" \/>\n<meta property=\"og:type\" content=\"article\" \/>\n<meta property=\"og:title\" content=\"Bikes el\u00e9tricas ganham for\u00e7a em entregas e frota supera 7.000 - Brasil not\u00edcias\" \/>\n<meta property=\"og:description\" content=\"O uso de bicicletas el\u00e9tricas para entregas no Brasil ganhou for\u00e7a nos \u00faltimos dois anos, puxado por iniciativas de duas\" \/>\n<meta property=\"og:url\" content=\"https:\/\/brasilnoticias.org\/site\/bikes-eletricas-ganham-forca-em-entregas-e-frota-supera-7-000\/\" \/>\n<meta property=\"og:site_name\" content=\"Brasil not\u00edcias\" \/>\n<meta property=\"article:published_time\" content=\"2022-12-14T10:10:46+00:00\" \/>\n<meta property=\"og:image\" content=\"https:\/\/brasilnoticias.org\/site\/wp-content\/uploads\/2022\/12\/naom_63971b6c606ab.jpg\" \/>\n\t<meta property=\"og:image:width\" content=\"960\" \/>\n\t<meta property=\"og:image:height\" content=\"540\" \/>\n\t<meta property=\"og:image:type\" content=\"image\/jpeg\" \/>\n<meta name=\"author\" content=\"Reda\u00e7\u00e3o\" \/>\n<meta name=\"twitter:card\" content=\"summary_large_image\" \/>\n<meta name=\"twitter:label1\" content=\"Escrito por\" \/>\n\t<meta name=\"twitter:data1\" content=\"Reda\u00e7\u00e3o\" \/>\n\t<meta name=\"twitter:label2\" content=\"Tempo estimado de leitura\" \/>\n\t<meta name=\"twitter:data2\" content=\"5 minutos\" \/>\n<script type=\"application\/ld+json\" class=\"yoast-schema-graph\">{\"@context\":\"https:\/\/schema.org\",\"@graph\":[{\"@type\":\"Article\",\"@id\":\"https:\/\/brasilnoticias.org\/site\/bikes-eletricas-ganham-forca-em-entregas-e-frota-supera-7-000\/#article\",\"isPartOf\":{\"@id\":\"https:\/\/brasilnoticias.org\/site\/bikes-eletricas-ganham-forca-em-entregas-e-frota-supera-7-000\/\"},\"author\":{\"name\":\"Reda\u00e7\u00e3o\",\"@id\":\"https:\/\/brasilnoticias.org\/site\/#\/schema\/person\/a0e05b973ec4d15c658d51911e53507b\"},\"headline\":\"Bikes el\u00e9tricas ganham for\u00e7a em entregas e frota supera 7.000\",\"datePublished\":\"2022-12-14T10:10:46+00:00\",\"mainEntityOfPage\":{\"@id\":\"https:\/\/brasilnoticias.org\/site\/bikes-eletricas-ganham-forca-em-entregas-e-frota-supera-7-000\/\"},\"wordCount\":1053,\"commentCount\":0,\"publisher\":{\"@id\":\"https:\/\/brasilnoticias.org\/site\/#organization\"},\"image\":{\"@id\":\"https:\/\/brasilnoticias.org\/site\/bikes-eletricas-ganham-forca-em-entregas-e-frota-supera-7-000\/#primaryimage\"},\"thumbnailUrl\":\"https:\/\/brasilnoticias.org\/site\/wp-content\/uploads\/2022\/12\/naom_63971b6c606ab.jpg\",\"articleSection\":[\"Not\u00edcias\",\"\u00daltimas\"],\"inLanguage\":\"pt-PT\",\"potentialAction\":[{\"@type\":\"CommentAction\",\"name\":\"Comment\",\"target\":[\"https:\/\/brasilnoticias.org\/site\/bikes-eletricas-ganham-forca-em-entregas-e-frota-supera-7-000\/#respond\"]}]},{\"@type\":\"WebPage\",\"@id\":\"https:\/\/brasilnoticias.org\/site\/bikes-eletricas-ganham-forca-em-entregas-e-frota-supera-7-000\/\",\"url\":\"https:\/\/brasilnoticias.org\/site\/bikes-eletricas-ganham-forca-em-entregas-e-frota-supera-7-000\/\",\"name\":\"Bikes el\u00e9tricas ganham for\u00e7a em entregas e frota supera 7.000 - Brasil not\u00edcias\",\"isPartOf\":{\"@id\":\"https:\/\/brasilnoticias.org\/site\/#website\"},\"primaryImageOfPage\":{\"@id\":\"https:\/\/brasilnoticias.org\/site\/bikes-eletricas-ganham-forca-em-entregas-e-frota-supera-7-000\/#primaryimage\"},\"image\":{\"@id\":\"https:\/\/brasilnoticias.org\/site\/bikes-eletricas-ganham-forca-em-entregas-e-frota-supera-7-000\/#primaryimage\"},\"thumbnailUrl\":\"https:\/\/brasilnoticias.org\/site\/wp-content\/uploads\/2022\/12\/naom_63971b6c606ab.jpg\",\"datePublished\":\"2022-12-14T10:10:46+00:00\",\"breadcrumb\":{\"@id\":\"https:\/\/brasilnoticias.org\/site\/bikes-eletricas-ganham-forca-em-entregas-e-frota-supera-7-000\/#breadcrumb\"},\"inLanguage\":\"pt-PT\",\"potentialAction\":[{\"@type\":\"ReadAction\",\"target\":[\"https:\/\/brasilnoticias.org\/site\/bikes-eletricas-ganham-forca-em-entregas-e-frota-supera-7-000\/\"]}]},{\"@type\":\"ImageObject\",\"inLanguage\":\"pt-PT\",\"@id\":\"https:\/\/brasilnoticias.org\/site\/bikes-eletricas-ganham-forca-em-entregas-e-frota-supera-7-000\/#primaryimage\",\"url\":\"https:\/\/brasilnoticias.org\/site\/wp-content\/uploads\/2022\/12\/naom_63971b6c606ab.jpg\",\"contentUrl\":\"https:\/\/brasilnoticias.org\/site\/wp-content\/uploads\/2022\/12\/naom_63971b6c606ab.jpg\",\"width\":960,\"height\":540},{\"@type\":\"BreadcrumbList\",\"@id\":\"https:\/\/brasilnoticias.org\/site\/bikes-eletricas-ganham-forca-em-entregas-e-frota-supera-7-000\/#breadcrumb\",\"itemListElement\":[{\"@type\":\"ListItem\",\"position\":1,\"name\":\"In\u00edcio\",\"item\":\"https:\/\/brasilnoticias.org\/site\/\"},{\"@type\":\"ListItem\",\"position\":2,\"name\":\"Bikes el\u00e9tricas ganham for\u00e7a em entregas e frota supera 7.000\"}]},{\"@type\":\"WebSite\",\"@id\":\"https:\/\/brasilnoticias.org\/site\/#website\",\"url\":\"https:\/\/brasilnoticias.org\/site\/\",\"name\":\"Brasil not\u00edcias\",\"description\":\"Brasil not\u00edcias\",\"publisher\":{\"@id\":\"https:\/\/brasilnoticias.org\/site\/#organization\"},\"potentialAction\":[{\"@type\":\"SearchAction\",\"target\":{\"@type\":\"EntryPoint\",\"urlTemplate\":\"https:\/\/brasilnoticias.org\/site\/?s={search_term_string}\"},\"query-input\":{\"@type\":\"PropertyValueSpecification\",\"valueRequired\":true,\"valueName\":\"search_term_string\"}}],\"inLanguage\":\"pt-PT\"},{\"@type\":\"Organization\",\"@id\":\"https:\/\/brasilnoticias.org\/site\/#organization\",\"name\":\"Brasil not\u00edcias\",\"url\":\"https:\/\/brasilnoticias.org\/site\/\",\"logo\":{\"@type\":\"ImageObject\",\"inLanguage\":\"pt-PT\",\"@id\":\"https:\/\/brasilnoticias.org\/site\/#\/schema\/logo\/image\/\",\"url\":\"https:\/\/brasilnoticias.org\/site\/wp-content\/uploads\/2022\/05\/cropped-brasilnoticias-mini.jpg\",\"contentUrl\":\"https:\/\/brasilnoticias.org\/site\/wp-content\/uploads\/2022\/05\/cropped-brasilnoticias-mini.jpg\",\"width\":314,\"height\":86,\"caption\":\"Brasil not\u00edcias\"},\"image\":{\"@id\":\"https:\/\/brasilnoticias.org\/site\/#\/schema\/logo\/image\/\"}},{\"@type\":\"Person\",\"@id\":\"https:\/\/brasilnoticias.org\/site\/#\/schema\/person\/a0e05b973ec4d15c658d51911e53507b\",\"name\":\"Reda\u00e7\u00e3o\",\"image\":{\"@type\":\"ImageObject\",\"inLanguage\":\"pt-PT\",\"@id\":\"https:\/\/brasilnoticias.org\/site\/#\/schema\/person\/image\/\",\"url\":\"https:\/\/secure.gravatar.com\/avatar\/75d8b050df2de108b08ae78dfb8e374892df24a383c67db9c46a9c604f6aee9c?s=96&d=mm&r=g\",\"contentUrl\":\"https:\/\/secure.gravatar.com\/avatar\/75d8b050df2de108b08ae78dfb8e374892df24a383c67db9c46a9c604f6aee9c?s=96&d=mm&r=g\",\"caption\":\"Reda\u00e7\u00e3o\"},\"sameAs\":[\"https:\/\/brasilnoticias.org\/site\"],\"url\":\"https:\/\/brasilnoticias.org\/site\/author\/fernandozsngmail-com\/\"}]}<\/script>\n<!-- \/ Yoast SEO plugin. -->","yoast_head_json":{"title":"Bikes el\u00e9tricas ganham for\u00e7a em entregas e frota supera 7.000 - Brasil not\u00edcias","robots":{"index":"index","follow":"follow","max-snippet":"max-snippet:-1","max-image-preview":"max-image-preview:large","max-video-preview":"max-video-preview:-1"},"canonical":"https:\/\/brasilnoticias.org\/site\/bikes-eletricas-ganham-forca-em-entregas-e-frota-supera-7-000\/","og_locale":"pt_PT","og_type":"article","og_title":"Bikes el\u00e9tricas ganham for\u00e7a em entregas e frota supera 7.000 - Brasil not\u00edcias","og_description":"O uso de bicicletas el\u00e9tricas para entregas no Brasil ganhou for\u00e7a nos \u00faltimos dois anos, puxado por iniciativas de duas","og_url":"https:\/\/brasilnoticias.org\/site\/bikes-eletricas-ganham-forca-em-entregas-e-frota-supera-7-000\/","og_site_name":"Brasil not\u00edcias","article_published_time":"2022-12-14T10:10:46+00:00","og_image":[{"width":960,"height":540,"url":"https:\/\/brasilnoticias.org\/site\/wp-content\/uploads\/2022\/12\/naom_63971b6c606ab.jpg","type":"image\/jpeg"}],"author":"Reda\u00e7\u00e3o","twitter_card":"summary_large_image","twitter_misc":{"Escrito por":"Reda\u00e7\u00e3o","Tempo estimado de leitura":"5 minutos"},"schema":{"@context":"https:\/\/schema.org","@graph":[{"@type":"Article","@id":"https:\/\/brasilnoticias.org\/site\/bikes-eletricas-ganham-forca-em-entregas-e-frota-supera-7-000\/#article","isPartOf":{"@id":"https:\/\/brasilnoticias.org\/site\/bikes-eletricas-ganham-forca-em-entregas-e-frota-supera-7-000\/"},"author":{"name":"Reda\u00e7\u00e3o","@id":"https:\/\/brasilnoticias.org\/site\/#\/schema\/person\/a0e05b973ec4d15c658d51911e53507b"},"headline":"Bikes el\u00e9tricas ganham for\u00e7a em entregas e frota supera 7.000","datePublished":"2022-12-14T10:10:46+00:00","mainEntityOfPage":{"@id":"https:\/\/brasilnoticias.org\/site\/bikes-eletricas-ganham-forca-em-entregas-e-frota-supera-7-000\/"},"wordCount":1053,"commentCount":0,"publisher":{"@id":"https:\/\/brasilnoticias.org\/site\/#organization"},"image":{"@id":"https:\/\/brasilnoticias.org\/site\/bikes-eletricas-ganham-forca-em-entregas-e-frota-supera-7-000\/#primaryimage"},"thumbnailUrl":"https:\/\/brasilnoticias.org\/site\/wp-content\/uploads\/2022\/12\/naom_63971b6c606ab.jpg","articleSection":["Not\u00edcias","\u00daltimas"],"inLanguage":"pt-PT","potentialAction":[{"@type":"CommentAction","name":"Comment","target":["https:\/\/brasilnoticias.org\/site\/bikes-eletricas-ganham-forca-em-entregas-e-frota-supera-7-000\/#respond"]}]},{"@type":"WebPage","@id":"https:\/\/brasilnoticias.org\/site\/bikes-eletricas-ganham-forca-em-entregas-e-frota-supera-7-000\/","url":"https:\/\/brasilnoticias.org\/site\/bikes-eletricas-ganham-forca-em-entregas-e-frota-supera-7-000\/","name":"Bikes el\u00e9tricas ganham for\u00e7a em entregas e frota supera 7.000 - Brasil not\u00edcias","isPartOf":{"@id":"https:\/\/brasilnoticias.org\/site\/#website"},"primaryImageOfPage":{"@id":"https:\/\/brasilnoticias.org\/site\/bikes-eletricas-ganham-forca-em-entregas-e-frota-supera-7-000\/#primaryimage"},"image":{"@id":"https:\/\/brasilnoticias.org\/site\/bikes-eletricas-ganham-forca-em-entregas-e-frota-supera-7-000\/#primaryimage"},"thumbnailUrl":"https:\/\/brasilnoticias.org\/site\/wp-content\/uploads\/2022\/12\/naom_63971b6c606ab.jpg","datePublished":"2022-12-14T10:10:46+00:00","breadcrumb":{"@id":"https:\/\/brasilnoticias.org\/site\/bikes-eletricas-ganham-forca-em-entregas-e-frota-supera-7-000\/#breadcrumb"},"inLanguage":"pt-PT","potentialAction":[{"@type":"ReadAction","target":["https:\/\/brasilnoticias.org\/site\/bikes-eletricas-ganham-forca-em-entregas-e-frota-supera-7-000\/"]}]},{"@type":"ImageObject","inLanguage":"pt-PT","@id":"https:\/\/brasilnoticias.org\/site\/bikes-eletricas-ganham-forca-em-entregas-e-frota-supera-7-000\/#primaryimage","url":"https:\/\/brasilnoticias.org\/site\/wp-content\/uploads\/2022\/12\/naom_63971b6c606ab.jpg","contentUrl":"https:\/\/brasilnoticias.org\/site\/wp-content\/uploads\/2022\/12\/naom_63971b6c606ab.jpg","width":960,"height":540},{"@type":"BreadcrumbList","@id":"https:\/\/brasilnoticias.org\/site\/bikes-eletricas-ganham-forca-em-entregas-e-frota-supera-7-000\/#breadcrumb","itemListElement":[{"@type":"ListItem","position":1,"name":"In\u00edcio","item":"https:\/\/brasilnoticias.org\/site\/"},{"@type":"ListItem","position":2,"name":"Bikes el\u00e9tricas ganham for\u00e7a em entregas e frota supera 7.000"}]},{"@type":"WebSite","@id":"https:\/\/brasilnoticias.org\/site\/#website","url":"https:\/\/brasilnoticias.org\/site\/","name":"Brasil not\u00edcias","description":"Brasil not\u00edcias","publisher":{"@id":"https:\/\/brasilnoticias.org\/site\/#organization"},"potentialAction":[{"@type":"SearchAction","target":{"@type":"EntryPoint","urlTemplate":"https:\/\/brasilnoticias.org\/site\/?s={search_term_string}"},"query-input":{"@type":"PropertyValueSpecification","valueRequired":true,"valueName":"search_term_string"}}],"inLanguage":"pt-PT"},{"@type":"Organization","@id":"https:\/\/brasilnoticias.org\/site\/#organization","name":"Brasil not\u00edcias","url":"https:\/\/brasilnoticias.org\/site\/","logo":{"@type":"ImageObject","inLanguage":"pt-PT","@id":"https:\/\/brasilnoticias.org\/site\/#\/schema\/logo\/image\/","url":"https:\/\/brasilnoticias.org\/site\/wp-content\/uploads\/2022\/05\/cropped-brasilnoticias-mini.jpg","contentUrl":"https:\/\/brasilnoticias.org\/site\/wp-content\/uploads\/2022\/05\/cropped-brasilnoticias-mini.jpg","width":314,"height":86,"caption":"Brasil not\u00edcias"},"image":{"@id":"https:\/\/brasilnoticias.org\/site\/#\/schema\/logo\/image\/"}},{"@type":"Person","@id":"https:\/\/brasilnoticias.org\/site\/#\/schema\/person\/a0e05b973ec4d15c658d51911e53507b","name":"Reda\u00e7\u00e3o","image":{"@type":"ImageObject","inLanguage":"pt-PT","@id":"https:\/\/brasilnoticias.org\/site\/#\/schema\/person\/image\/","url":"https:\/\/secure.gravatar.com\/avatar\/75d8b050df2de108b08ae78dfb8e374892df24a383c67db9c46a9c604f6aee9c?s=96&d=mm&r=g","contentUrl":"https:\/\/secure.gravatar.com\/avatar\/75d8b050df2de108b08ae78dfb8e374892df24a383c67db9c46a9c604f6aee9c?s=96&d=mm&r=g","caption":"Reda\u00e7\u00e3o"},"sameAs":["https:\/\/brasilnoticias.org\/site"],"url":"https:\/\/brasilnoticias.org\/site\/author\/fernandozsngmail-com\/"}]}},"_links":{"self":[{"href":"https:\/\/brasilnoticias.org\/site\/wp-json\/wp\/v2\/posts\/2764","targetHints":{"allow":["GET"]}}],"collection":[{"href":"https:\/\/brasilnoticias.org\/site\/wp-json\/wp\/v2\/posts"}],"about":[{"href":"https:\/\/brasilnoticias.org\/site\/wp-json\/wp\/v2\/types\/post"}],"author":[{"embeddable":true,"href":"https:\/\/brasilnoticias.org\/site\/wp-json\/wp\/v2\/users\/1"}],"replies":[{"embeddable":true,"href":"https:\/\/brasilnoticias.org\/site\/wp-json\/wp\/v2\/comments?post=2764"}],"version-history":[{"count":1,"href":"https:\/\/brasilnoticias.org\/site\/wp-json\/wp\/v2\/posts\/2764\/revisions"}],"predecessor-version":[{"id":2766,"href":"https:\/\/brasilnoticias.org\/site\/wp-json\/wp\/v2\/posts\/2764\/revisions\/2766"}],"wp:featuredmedia":[{"embeddable":true,"href":"https:\/\/brasilnoticias.org\/site\/wp-json\/wp\/v2\/media\/2765"}],"wp:attachment":[{"href":"https:\/\/brasilnoticias.org\/site\/wp-json\/wp\/v2\/media?parent=2764"}],"wp:term":[{"taxonomy":"category","embeddable":true,"href":"https:\/\/brasilnoticias.org\/site\/wp-json\/wp\/v2\/categories?post=2764"},{"taxonomy":"post_tag","embeddable":true,"href":"https:\/\/brasilnoticias.org\/site\/wp-json\/wp\/v2\/tags?post=2764"}],"curies":[{"name":"wp","href":"https:\/\/api.w.org\/{rel}","templated":true}]}}