{"id":2770,"date":"2022-12-14T07:30:53","date_gmt":"2022-12-14T10:30:53","guid":{"rendered":"https:\/\/brasilnoticias.org\/site\/?p=2770"},"modified":"2022-12-13T13:26:11","modified_gmt":"2022-12-13T16:26:11","slug":"diante-de-projecoes-e-balancos-de-risco-era-apropriado-manter-selic-diz-ata","status":"publish","type":"post","link":"https:\/\/brasilnoticias.org\/site\/diante-de-projecoes-e-balancos-de-risco-era-apropriado-manter-selic-diz-ata\/","title":{"rendered":"Diante de proje\u00e7\u00f5es e balan\u00e7os de risco, era apropriado manter Selic, diz ata"},"content":{"rendered":"<p>Em meio aos temores fiscais, o Comit\u00ea de Pol\u00edtica Monet\u00e1ria (Copom) do Banco Central destacou, na ata de seu encontro de dezembro, que a decis\u00e3o de manter a taxa Selic em 13,75% pela terceira vez seguida considerou o balan\u00e7o de riscos, al\u00e9m da conjuntura atual e das proje\u00e7\u00f5es de infla\u00e7\u00e3o.<br \/>\n&#8220;O Comit\u00ea avaliou que, diante dos dados divulgados, proje\u00e7\u00f5es, expectativas de infla\u00e7\u00e3o, balan\u00e7o de riscos e defasagens dos efeitos da pol\u00edtica monet\u00e1ria j\u00e1 em territ\u00f3rio significativamente contracionista, era apropriado manter a taxa de juros no patamar de 13,75%&#8221;, disse.<\/p>\n<p>O BC ainda enfatizou que \u00e9 preciso monitorar, ao longo do tempo, os efeitos acumulados do ciclo &#8220;intensivo e tempestivo&#8221; de alta da Selic, que tem defasagens. No \u00faltimo ciclo de aperto monet\u00e1rio, os juros b\u00e1sicos subiram 11,75 pontos porcentuais, no processo mais longo da hist\u00f3ria do Copom.<\/p>\n<p>&#8220;O Comit\u00ea refor\u00e7ou que \u00e9 necess\u00e1rio manter a vigil\u00e2ncia, avaliando se a estrat\u00e9gia de manuten\u00e7\u00e3o da taxa b\u00e1sica de juros por um per\u00edodo suficientemente prolongado ser\u00e1 capaz de assegurar a converg\u00eancia da infla\u00e7\u00e3o&#8221;, reafirmou o BC na ata.<\/p>\n<p>O Copom ainda repetiu que ir\u00e1 perseverar at\u00e9 que se consolide n\u00e3o apenas o processo de desinfla\u00e7\u00e3o como tamb\u00e9m a ancoragem das expectativas em torno das metas. &#8220;O Comit\u00ea enfatiza que n\u00e3o hesitar\u00e1 em retomar o ciclo de ajuste caso o processo de desinfla\u00e7\u00e3o n\u00e3o transcorra como esperado&#8221;, voltou a alertar.<\/p>\n<p>Not\u00edcias ao minuto<br \/>\nFoto Shutterstock<\/p>\n","protected":false},"excerpt":{"rendered":"<p>Em meio aos temores fiscais, o Comit\u00ea de Pol\u00edtica Monet\u00e1ria (Copom) do Banco Central destacou, na ata de seu encontro<\/p>\n","protected":false},"author":1,"featured_media":2771,"comment_status":"open","ping_status":"open","sticky":false,"template":"","format":"standard","meta":{"colormag_page_container_layout":"default_layout","colormag_page_sidebar_layout":"default_layout","_FSMCFIC_featured_image_caption":"","_FSMCFIC_featured_image_nocaption":"","_FSMCFIC_featured_image_hide":"","footnotes":""},"categories":[2,1],"tags":[],"class_list":["post-2770","post","type-post","status-publish","format-standard","has-post-thumbnail","hentry","category-noticias","category-ultimas"],"yoast_head":"<!-- This site is optimized with the Yoast SEO plugin v27.1.1 - https:\/\/yoast.com\/product\/yoast-seo-wordpress\/ -->\n<title>Diante de proje\u00e7\u00f5es e balan\u00e7os de risco, era apropriado manter Selic, diz ata - Brasil not\u00edcias<\/title>\n<meta name=\"robots\" content=\"index, follow, max-snippet:-1, max-image-preview:large, max-video-preview:-1\" \/>\n<link rel=\"canonical\" href=\"https:\/\/brasilnoticias.org\/site\/diante-de-projecoes-e-balancos-de-risco-era-apropriado-manter-selic-diz-ata\/\" \/>\n<meta property=\"og:locale\" content=\"pt_PT\" \/>\n<meta property=\"og:type\" content=\"article\" \/>\n<meta property=\"og:title\" content=\"Diante de proje\u00e7\u00f5es e balan\u00e7os de risco, era apropriado manter Selic, diz ata - Brasil not\u00edcias\" \/>\n<meta property=\"og:description\" content=\"Em meio aos temores fiscais, o Comit\u00ea de Pol\u00edtica Monet\u00e1ria (Copom) do Banco Central destacou, na ata de seu encontro\" \/>\n<meta property=\"og:url\" content=\"https:\/\/brasilnoticias.org\/site\/diante-de-projecoes-e-balancos-de-risco-era-apropriado-manter-selic-diz-ata\/\" \/>\n<meta property=\"og:site_name\" content=\"Brasil not\u00edcias\" \/>\n<meta property=\"article:published_time\" content=\"2022-12-14T10:30:53+00:00\" \/>\n<meta property=\"og:image\" content=\"https:\/\/brasilnoticias.org\/site\/wp-content\/uploads\/2022\/12\/naom_5f7dbfac49591.jpg\" \/>\n\t<meta property=\"og:image:width\" content=\"960\" \/>\n\t<meta property=\"og:image:height\" content=\"540\" \/>\n\t<meta property=\"og:image:type\" content=\"image\/jpeg\" \/>\n<meta name=\"author\" content=\"Reda\u00e7\u00e3o\" \/>\n<meta name=\"twitter:card\" content=\"summary_large_image\" \/>\n<meta name=\"twitter:label1\" content=\"Escrito por\" \/>\n\t<meta name=\"twitter:data1\" content=\"Reda\u00e7\u00e3o\" \/>\n\t<meta name=\"twitter:label2\" content=\"Tempo estimado de leitura\" \/>\n\t<meta name=\"twitter:data2\" content=\"1 minuto\" \/>\n<script type=\"application\/ld+json\" class=\"yoast-schema-graph\">{\"@context\":\"https:\/\/schema.org\",\"@graph\":[{\"@type\":\"Article\",\"@id\":\"https:\/\/brasilnoticias.org\/site\/diante-de-projecoes-e-balancos-de-risco-era-apropriado-manter-selic-diz-ata\/#article\",\"isPartOf\":{\"@id\":\"https:\/\/brasilnoticias.org\/site\/diante-de-projecoes-e-balancos-de-risco-era-apropriado-manter-selic-diz-ata\/\"},\"author\":{\"name\":\"Reda\u00e7\u00e3o\",\"@id\":\"https:\/\/brasilnoticias.org\/site\/#\/schema\/person\/a0e05b973ec4d15c658d51911e53507b\"},\"headline\":\"Diante de proje\u00e7\u00f5es e balan\u00e7os de risco, era apropriado manter Selic, diz ata\",\"datePublished\":\"2022-12-14T10:30:53+00:00\",\"mainEntityOfPage\":{\"@id\":\"https:\/\/brasilnoticias.org\/site\/diante-de-projecoes-e-balancos-de-risco-era-apropriado-manter-selic-diz-ata\/\"},\"wordCount\":273,\"commentCount\":0,\"publisher\":{\"@id\":\"https:\/\/brasilnoticias.org\/site\/#organization\"},\"image\":{\"@id\":\"https:\/\/brasilnoticias.org\/site\/diante-de-projecoes-e-balancos-de-risco-era-apropriado-manter-selic-diz-ata\/#primaryimage\"},\"thumbnailUrl\":\"https:\/\/brasilnoticias.org\/site\/wp-content\/uploads\/2022\/12\/naom_5f7dbfac49591.jpg\",\"articleSection\":[\"Not\u00edcias\",\"\u00daltimas\"],\"inLanguage\":\"pt-PT\",\"potentialAction\":[{\"@type\":\"CommentAction\",\"name\":\"Comment\",\"target\":[\"https:\/\/brasilnoticias.org\/site\/diante-de-projecoes-e-balancos-de-risco-era-apropriado-manter-selic-diz-ata\/#respond\"]}]},{\"@type\":\"WebPage\",\"@id\":\"https:\/\/brasilnoticias.org\/site\/diante-de-projecoes-e-balancos-de-risco-era-apropriado-manter-selic-diz-ata\/\",\"url\":\"https:\/\/brasilnoticias.org\/site\/diante-de-projecoes-e-balancos-de-risco-era-apropriado-manter-selic-diz-ata\/\",\"name\":\"Diante de proje\u00e7\u00f5es e balan\u00e7os de risco, era apropriado manter Selic, diz ata - Brasil not\u00edcias\",\"isPartOf\":{\"@id\":\"https:\/\/brasilnoticias.org\/site\/#website\"},\"primaryImageOfPage\":{\"@id\":\"https:\/\/brasilnoticias.org\/site\/diante-de-projecoes-e-balancos-de-risco-era-apropriado-manter-selic-diz-ata\/#primaryimage\"},\"image\":{\"@id\":\"https:\/\/brasilnoticias.org\/site\/diante-de-projecoes-e-balancos-de-risco-era-apropriado-manter-selic-diz-ata\/#primaryimage\"},\"thumbnailUrl\":\"https:\/\/brasilnoticias.org\/site\/wp-content\/uploads\/2022\/12\/naom_5f7dbfac49591.jpg\",\"datePublished\":\"2022-12-14T10:30:53+00:00\",\"breadcrumb\":{\"@id\":\"https:\/\/brasilnoticias.org\/site\/diante-de-projecoes-e-balancos-de-risco-era-apropriado-manter-selic-diz-ata\/#breadcrumb\"},\"inLanguage\":\"pt-PT\",\"potentialAction\":[{\"@type\":\"ReadAction\",\"target\":[\"https:\/\/brasilnoticias.org\/site\/diante-de-projecoes-e-balancos-de-risco-era-apropriado-manter-selic-diz-ata\/\"]}]},{\"@type\":\"ImageObject\",\"inLanguage\":\"pt-PT\",\"@id\":\"https:\/\/brasilnoticias.org\/site\/diante-de-projecoes-e-balancos-de-risco-era-apropriado-manter-selic-diz-ata\/#primaryimage\",\"url\":\"https:\/\/brasilnoticias.org\/site\/wp-content\/uploads\/2022\/12\/naom_5f7dbfac49591.jpg\",\"contentUrl\":\"https:\/\/brasilnoticias.org\/site\/wp-content\/uploads\/2022\/12\/naom_5f7dbfac49591.jpg\",\"width\":960,\"height\":540},{\"@type\":\"BreadcrumbList\",\"@id\":\"https:\/\/brasilnoticias.org\/site\/diante-de-projecoes-e-balancos-de-risco-era-apropriado-manter-selic-diz-ata\/#breadcrumb\",\"itemListElement\":[{\"@type\":\"ListItem\",\"position\":1,\"name\":\"In\u00edcio\",\"item\":\"https:\/\/brasilnoticias.org\/site\/\"},{\"@type\":\"ListItem\",\"position\":2,\"name\":\"Diante de proje\u00e7\u00f5es e balan\u00e7os de risco, era apropriado manter Selic, diz ata\"}]},{\"@type\":\"WebSite\",\"@id\":\"https:\/\/brasilnoticias.org\/site\/#website\",\"url\":\"https:\/\/brasilnoticias.org\/site\/\",\"name\":\"Brasil not\u00edcias\",\"description\":\"Brasil not\u00edcias\",\"publisher\":{\"@id\":\"https:\/\/brasilnoticias.org\/site\/#organization\"},\"potentialAction\":[{\"@type\":\"SearchAction\",\"target\":{\"@type\":\"EntryPoint\",\"urlTemplate\":\"https:\/\/brasilnoticias.org\/site\/?s={search_term_string}\"},\"query-input\":{\"@type\":\"PropertyValueSpecification\",\"valueRequired\":true,\"valueName\":\"search_term_string\"}}],\"inLanguage\":\"pt-PT\"},{\"@type\":\"Organization\",\"@id\":\"https:\/\/brasilnoticias.org\/site\/#organization\",\"name\":\"Brasil not\u00edcias\",\"url\":\"https:\/\/brasilnoticias.org\/site\/\",\"logo\":{\"@type\":\"ImageObject\",\"inLanguage\":\"pt-PT\",\"@id\":\"https:\/\/brasilnoticias.org\/site\/#\/schema\/logo\/image\/\",\"url\":\"https:\/\/brasilnoticias.org\/site\/wp-content\/uploads\/2022\/05\/cropped-brasilnoticias-mini.jpg\",\"contentUrl\":\"https:\/\/brasilnoticias.org\/site\/wp-content\/uploads\/2022\/05\/cropped-brasilnoticias-mini.jpg\",\"width\":314,\"height\":86,\"caption\":\"Brasil not\u00edcias\"},\"image\":{\"@id\":\"https:\/\/brasilnoticias.org\/site\/#\/schema\/logo\/image\/\"}},{\"@type\":\"Person\",\"@id\":\"https:\/\/brasilnoticias.org\/site\/#\/schema\/person\/a0e05b973ec4d15c658d51911e53507b\",\"name\":\"Reda\u00e7\u00e3o\",\"image\":{\"@type\":\"ImageObject\",\"inLanguage\":\"pt-PT\",\"@id\":\"https:\/\/brasilnoticias.org\/site\/#\/schema\/person\/image\/\",\"url\":\"https:\/\/secure.gravatar.com\/avatar\/75d8b050df2de108b08ae78dfb8e374892df24a383c67db9c46a9c604f6aee9c?s=96&d=mm&r=g\",\"contentUrl\":\"https:\/\/secure.gravatar.com\/avatar\/75d8b050df2de108b08ae78dfb8e374892df24a383c67db9c46a9c604f6aee9c?s=96&d=mm&r=g\",\"caption\":\"Reda\u00e7\u00e3o\"},\"sameAs\":[\"https:\/\/brasilnoticias.org\/site\"],\"url\":\"https:\/\/brasilnoticias.org\/site\/author\/fernandozsngmail-com\/\"}]}<\/script>\n<!-- \/ Yoast SEO plugin. -->","yoast_head_json":{"title":"Diante de proje\u00e7\u00f5es e balan\u00e7os de risco, era apropriado manter Selic, diz ata - Brasil not\u00edcias","robots":{"index":"index","follow":"follow","max-snippet":"max-snippet:-1","max-image-preview":"max-image-preview:large","max-video-preview":"max-video-preview:-1"},"canonical":"https:\/\/brasilnoticias.org\/site\/diante-de-projecoes-e-balancos-de-risco-era-apropriado-manter-selic-diz-ata\/","og_locale":"pt_PT","og_type":"article","og_title":"Diante de proje\u00e7\u00f5es e balan\u00e7os de risco, era apropriado manter Selic, diz ata - Brasil not\u00edcias","og_description":"Em meio aos temores fiscais, o Comit\u00ea de Pol\u00edtica Monet\u00e1ria (Copom) do Banco Central destacou, na ata de seu encontro","og_url":"https:\/\/brasilnoticias.org\/site\/diante-de-projecoes-e-balancos-de-risco-era-apropriado-manter-selic-diz-ata\/","og_site_name":"Brasil not\u00edcias","article_published_time":"2022-12-14T10:30:53+00:00","og_image":[{"width":960,"height":540,"url":"https:\/\/brasilnoticias.org\/site\/wp-content\/uploads\/2022\/12\/naom_5f7dbfac49591.jpg","type":"image\/jpeg"}],"author":"Reda\u00e7\u00e3o","twitter_card":"summary_large_image","twitter_misc":{"Escrito por":"Reda\u00e7\u00e3o","Tempo estimado de leitura":"1 minuto"},"schema":{"@context":"https:\/\/schema.org","@graph":[{"@type":"Article","@id":"https:\/\/brasilnoticias.org\/site\/diante-de-projecoes-e-balancos-de-risco-era-apropriado-manter-selic-diz-ata\/#article","isPartOf":{"@id":"https:\/\/brasilnoticias.org\/site\/diante-de-projecoes-e-balancos-de-risco-era-apropriado-manter-selic-diz-ata\/"},"author":{"name":"Reda\u00e7\u00e3o","@id":"https:\/\/brasilnoticias.org\/site\/#\/schema\/person\/a0e05b973ec4d15c658d51911e53507b"},"headline":"Diante de proje\u00e7\u00f5es e balan\u00e7os de risco, era apropriado manter Selic, diz ata","datePublished":"2022-12-14T10:30:53+00:00","mainEntityOfPage":{"@id":"https:\/\/brasilnoticias.org\/site\/diante-de-projecoes-e-balancos-de-risco-era-apropriado-manter-selic-diz-ata\/"},"wordCount":273,"commentCount":0,"publisher":{"@id":"https:\/\/brasilnoticias.org\/site\/#organization"},"image":{"@id":"https:\/\/brasilnoticias.org\/site\/diante-de-projecoes-e-balancos-de-risco-era-apropriado-manter-selic-diz-ata\/#primaryimage"},"thumbnailUrl":"https:\/\/brasilnoticias.org\/site\/wp-content\/uploads\/2022\/12\/naom_5f7dbfac49591.jpg","articleSection":["Not\u00edcias","\u00daltimas"],"inLanguage":"pt-PT","potentialAction":[{"@type":"CommentAction","name":"Comment","target":["https:\/\/brasilnoticias.org\/site\/diante-de-projecoes-e-balancos-de-risco-era-apropriado-manter-selic-diz-ata\/#respond"]}]},{"@type":"WebPage","@id":"https:\/\/brasilnoticias.org\/site\/diante-de-projecoes-e-balancos-de-risco-era-apropriado-manter-selic-diz-ata\/","url":"https:\/\/brasilnoticias.org\/site\/diante-de-projecoes-e-balancos-de-risco-era-apropriado-manter-selic-diz-ata\/","name":"Diante de proje\u00e7\u00f5es e balan\u00e7os de risco, era apropriado manter Selic, diz ata - Brasil not\u00edcias","isPartOf":{"@id":"https:\/\/brasilnoticias.org\/site\/#website"},"primaryImageOfPage":{"@id":"https:\/\/brasilnoticias.org\/site\/diante-de-projecoes-e-balancos-de-risco-era-apropriado-manter-selic-diz-ata\/#primaryimage"},"image":{"@id":"https:\/\/brasilnoticias.org\/site\/diante-de-projecoes-e-balancos-de-risco-era-apropriado-manter-selic-diz-ata\/#primaryimage"},"thumbnailUrl":"https:\/\/brasilnoticias.org\/site\/wp-content\/uploads\/2022\/12\/naom_5f7dbfac49591.jpg","datePublished":"2022-12-14T10:30:53+00:00","breadcrumb":{"@id":"https:\/\/brasilnoticias.org\/site\/diante-de-projecoes-e-balancos-de-risco-era-apropriado-manter-selic-diz-ata\/#breadcrumb"},"inLanguage":"pt-PT","potentialAction":[{"@type":"ReadAction","target":["https:\/\/brasilnoticias.org\/site\/diante-de-projecoes-e-balancos-de-risco-era-apropriado-manter-selic-diz-ata\/"]}]},{"@type":"ImageObject","inLanguage":"pt-PT","@id":"https:\/\/brasilnoticias.org\/site\/diante-de-projecoes-e-balancos-de-risco-era-apropriado-manter-selic-diz-ata\/#primaryimage","url":"https:\/\/brasilnoticias.org\/site\/wp-content\/uploads\/2022\/12\/naom_5f7dbfac49591.jpg","contentUrl":"https:\/\/brasilnoticias.org\/site\/wp-content\/uploads\/2022\/12\/naom_5f7dbfac49591.jpg","width":960,"height":540},{"@type":"BreadcrumbList","@id":"https:\/\/brasilnoticias.org\/site\/diante-de-projecoes-e-balancos-de-risco-era-apropriado-manter-selic-diz-ata\/#breadcrumb","itemListElement":[{"@type":"ListItem","position":1,"name":"In\u00edcio","item":"https:\/\/brasilnoticias.org\/site\/"},{"@type":"ListItem","position":2,"name":"Diante de proje\u00e7\u00f5es e balan\u00e7os de risco, era apropriado manter Selic, diz ata"}]},{"@type":"WebSite","@id":"https:\/\/brasilnoticias.org\/site\/#website","url":"https:\/\/brasilnoticias.org\/site\/","name":"Brasil not\u00edcias","description":"Brasil not\u00edcias","publisher":{"@id":"https:\/\/brasilnoticias.org\/site\/#organization"},"potentialAction":[{"@type":"SearchAction","target":{"@type":"EntryPoint","urlTemplate":"https:\/\/brasilnoticias.org\/site\/?s={search_term_string}"},"query-input":{"@type":"PropertyValueSpecification","valueRequired":true,"valueName":"search_term_string"}}],"inLanguage":"pt-PT"},{"@type":"Organization","@id":"https:\/\/brasilnoticias.org\/site\/#organization","name":"Brasil not\u00edcias","url":"https:\/\/brasilnoticias.org\/site\/","logo":{"@type":"ImageObject","inLanguage":"pt-PT","@id":"https:\/\/brasilnoticias.org\/site\/#\/schema\/logo\/image\/","url":"https:\/\/brasilnoticias.org\/site\/wp-content\/uploads\/2022\/05\/cropped-brasilnoticias-mini.jpg","contentUrl":"https:\/\/brasilnoticias.org\/site\/wp-content\/uploads\/2022\/05\/cropped-brasilnoticias-mini.jpg","width":314,"height":86,"caption":"Brasil not\u00edcias"},"image":{"@id":"https:\/\/brasilnoticias.org\/site\/#\/schema\/logo\/image\/"}},{"@type":"Person","@id":"https:\/\/brasilnoticias.org\/site\/#\/schema\/person\/a0e05b973ec4d15c658d51911e53507b","name":"Reda\u00e7\u00e3o","image":{"@type":"ImageObject","inLanguage":"pt-PT","@id":"https:\/\/brasilnoticias.org\/site\/#\/schema\/person\/image\/","url":"https:\/\/secure.gravatar.com\/avatar\/75d8b050df2de108b08ae78dfb8e374892df24a383c67db9c46a9c604f6aee9c?s=96&d=mm&r=g","contentUrl":"https:\/\/secure.gravatar.com\/avatar\/75d8b050df2de108b08ae78dfb8e374892df24a383c67db9c46a9c604f6aee9c?s=96&d=mm&r=g","caption":"Reda\u00e7\u00e3o"},"sameAs":["https:\/\/brasilnoticias.org\/site"],"url":"https:\/\/brasilnoticias.org\/site\/author\/fernandozsngmail-com\/"}]}},"_links":{"self":[{"href":"https:\/\/brasilnoticias.org\/site\/wp-json\/wp\/v2\/posts\/2770","targetHints":{"allow":["GET"]}}],"collection":[{"href":"https:\/\/brasilnoticias.org\/site\/wp-json\/wp\/v2\/posts"}],"about":[{"href":"https:\/\/brasilnoticias.org\/site\/wp-json\/wp\/v2\/types\/post"}],"author":[{"embeddable":true,"href":"https:\/\/brasilnoticias.org\/site\/wp-json\/wp\/v2\/users\/1"}],"replies":[{"embeddable":true,"href":"https:\/\/brasilnoticias.org\/site\/wp-json\/wp\/v2\/comments?post=2770"}],"version-history":[{"count":1,"href":"https:\/\/brasilnoticias.org\/site\/wp-json\/wp\/v2\/posts\/2770\/revisions"}],"predecessor-version":[{"id":2772,"href":"https:\/\/brasilnoticias.org\/site\/wp-json\/wp\/v2\/posts\/2770\/revisions\/2772"}],"wp:featuredmedia":[{"embeddable":true,"href":"https:\/\/brasilnoticias.org\/site\/wp-json\/wp\/v2\/media\/2771"}],"wp:attachment":[{"href":"https:\/\/brasilnoticias.org\/site\/wp-json\/wp\/v2\/media?parent=2770"}],"wp:term":[{"taxonomy":"category","embeddable":true,"href":"https:\/\/brasilnoticias.org\/site\/wp-json\/wp\/v2\/categories?post=2770"},{"taxonomy":"post_tag","embeddable":true,"href":"https:\/\/brasilnoticias.org\/site\/wp-json\/wp\/v2\/tags?post=2770"}],"curies":[{"name":"wp","href":"https:\/\/api.w.org\/{rel}","templated":true}]}}