{"id":2776,"date":"2022-12-14T18:10:09","date_gmt":"2022-12-14T21:10:09","guid":{"rendered":"https:\/\/brasilnoticias.org\/site\/?p=2776"},"modified":"2022-12-14T10:22:18","modified_gmt":"2022-12-14T13:22:18","slug":"governo-recebe-novo-lote-de-vacinas-contra-covid-19","status":"publish","type":"post","link":"https:\/\/brasilnoticias.org\/site\/governo-recebe-novo-lote-de-vacinas-contra-covid-19\/","title":{"rendered":"Governo recebe novo lote de vacinas contra covid-19"},"content":{"rendered":"<p>O governo federal recebeu, na madrugada de hoje (13), um lote de 1,4 milh\u00e3o de doses de vacinas contra covid-19. Os imunizantes, do tipo bivalente, protegem contra a variante \u00d4micron original e a variante BA1.<\/p>\n<p>As vacinas v\u00e3o passar por avalia\u00e7\u00e3o e an\u00e1lise do Instituto Nacional de Controle de Qualidade em Sa\u00fade e ser\u00e3o distribu\u00eddas ap\u00f3s divulga\u00e7\u00e3o de nota t\u00e9cnica pelo Minist\u00e9rio da Sa\u00fade, com orienta\u00e7\u00f5es sobre aplica\u00e7\u00e3o e p\u00fablico-alvo.<\/p>\n<p>Pelas redes sociais, o minist\u00e9rio registrou a chegada do carregamento de vacinas com um v\u00eddeo curto: \u201cChegou, nesta madrugada, mais um lote de vacinas bivalentes contra a covid-19. Os imunizantes ficam dispon\u00edveis para os brasileiros menos de um m\u00eas ap\u00f3s a aprova\u00e7\u00e3o para uso emergencial pela Anvisa.\u201d<\/p>\n<p>O governo brasileiro j\u00e1 encomendou, junto a farmac\u00eautica Pfizer, imunizantes adaptados \u00e0s variantes \u00d4micron BA4 e BA5. A previs\u00e3o \u00e9 que cerca de 9 milh\u00f5es de doses bivalentes j\u00e1 estejam \u00e0 disposi\u00e7\u00e3o at\u00e9 o dia 19.<\/p>\n<p>Vacinas bivalentes s\u00e3o aquelas j\u00e1 atualizadas em rela\u00e7\u00e3o \u00e0s muta\u00e7\u00f5es do v\u00edrus e protegem tamb\u00e9m contra suas variantes.<\/p>\n<p>Foto iStock<br \/>\nNot\u00edcias ao minuto<\/p>\n","protected":false},"excerpt":{"rendered":"<p>O governo federal recebeu, na madrugada de hoje (13), um lote de 1,4 milh\u00e3o de doses de vacinas contra covid-19.<\/p>\n","protected":false},"author":1,"featured_media":2777,"comment_status":"open","ping_status":"open","sticky":false,"template":"","format":"standard","meta":{"colormag_page_container_layout":"default_layout","colormag_page_sidebar_layout":"default_layout","_FSMCFIC_featured_image_caption":"","_FSMCFIC_featured_image_nocaption":"","_FSMCFIC_featured_image_hide":"","footnotes":""},"categories":[2,1],"tags":[],"class_list":["post-2776","post","type-post","status-publish","format-standard","has-post-thumbnail","hentry","category-noticias","category-ultimas"],"yoast_head":"<!-- This site is optimized with the Yoast SEO plugin v27.1.1 - https:\/\/yoast.com\/product\/yoast-seo-wordpress\/ -->\n<title>Governo recebe novo lote de vacinas contra covid-19 - Brasil not\u00edcias<\/title>\n<meta name=\"robots\" content=\"index, follow, max-snippet:-1, max-image-preview:large, max-video-preview:-1\" \/>\n<link rel=\"canonical\" href=\"https:\/\/brasilnoticias.org\/site\/governo-recebe-novo-lote-de-vacinas-contra-covid-19\/\" \/>\n<meta property=\"og:locale\" content=\"pt_PT\" \/>\n<meta property=\"og:type\" content=\"article\" \/>\n<meta property=\"og:title\" content=\"Governo recebe novo lote de vacinas contra covid-19 - Brasil not\u00edcias\" \/>\n<meta property=\"og:description\" content=\"O governo federal recebeu, na madrugada de hoje (13), um lote de 1,4 milh\u00e3o de doses de vacinas contra covid-19.\" \/>\n<meta property=\"og:url\" content=\"https:\/\/brasilnoticias.org\/site\/governo-recebe-novo-lote-de-vacinas-contra-covid-19\/\" \/>\n<meta property=\"og:site_name\" content=\"Brasil not\u00edcias\" \/>\n<meta property=\"article:published_time\" content=\"2022-12-14T21:10:09+00:00\" \/>\n<meta property=\"og:image\" content=\"https:\/\/brasilnoticias.org\/site\/wp-content\/uploads\/2022\/12\/naom_5bee710a339e8.jpg\" \/>\n\t<meta property=\"og:image:width\" content=\"960\" \/>\n\t<meta property=\"og:image:height\" content=\"540\" \/>\n\t<meta property=\"og:image:type\" content=\"image\/jpeg\" \/>\n<meta name=\"author\" content=\"Reda\u00e7\u00e3o\" \/>\n<meta name=\"twitter:card\" content=\"summary_large_image\" \/>\n<meta name=\"twitter:label1\" content=\"Escrito por\" \/>\n\t<meta name=\"twitter:data1\" content=\"Reda\u00e7\u00e3o\" \/>\n\t<meta name=\"twitter:label2\" content=\"Tempo estimado de leitura\" \/>\n\t<meta name=\"twitter:data2\" content=\"1 minuto\" \/>\n<script type=\"application\/ld+json\" class=\"yoast-schema-graph\">{\"@context\":\"https:\/\/schema.org\",\"@graph\":[{\"@type\":\"Article\",\"@id\":\"https:\/\/brasilnoticias.org\/site\/governo-recebe-novo-lote-de-vacinas-contra-covid-19\/#article\",\"isPartOf\":{\"@id\":\"https:\/\/brasilnoticias.org\/site\/governo-recebe-novo-lote-de-vacinas-contra-covid-19\/\"},\"author\":{\"name\":\"Reda\u00e7\u00e3o\",\"@id\":\"https:\/\/brasilnoticias.org\/site\/#\/schema\/person\/a0e05b973ec4d15c658d51911e53507b\"},\"headline\":\"Governo recebe novo lote de vacinas contra covid-19\",\"datePublished\":\"2022-12-14T21:10:09+00:00\",\"mainEntityOfPage\":{\"@id\":\"https:\/\/brasilnoticias.org\/site\/governo-recebe-novo-lote-de-vacinas-contra-covid-19\/\"},\"wordCount\":209,\"commentCount\":0,\"publisher\":{\"@id\":\"https:\/\/brasilnoticias.org\/site\/#organization\"},\"image\":{\"@id\":\"https:\/\/brasilnoticias.org\/site\/governo-recebe-novo-lote-de-vacinas-contra-covid-19\/#primaryimage\"},\"thumbnailUrl\":\"https:\/\/brasilnoticias.org\/site\/wp-content\/uploads\/2022\/12\/naom_5bee710a339e8.jpg\",\"articleSection\":[\"Not\u00edcias\",\"\u00daltimas\"],\"inLanguage\":\"pt-PT\",\"potentialAction\":[{\"@type\":\"CommentAction\",\"name\":\"Comment\",\"target\":[\"https:\/\/brasilnoticias.org\/site\/governo-recebe-novo-lote-de-vacinas-contra-covid-19\/#respond\"]}]},{\"@type\":\"WebPage\",\"@id\":\"https:\/\/brasilnoticias.org\/site\/governo-recebe-novo-lote-de-vacinas-contra-covid-19\/\",\"url\":\"https:\/\/brasilnoticias.org\/site\/governo-recebe-novo-lote-de-vacinas-contra-covid-19\/\",\"name\":\"Governo recebe novo lote de vacinas contra covid-19 - Brasil not\u00edcias\",\"isPartOf\":{\"@id\":\"https:\/\/brasilnoticias.org\/site\/#website\"},\"primaryImageOfPage\":{\"@id\":\"https:\/\/brasilnoticias.org\/site\/governo-recebe-novo-lote-de-vacinas-contra-covid-19\/#primaryimage\"},\"image\":{\"@id\":\"https:\/\/brasilnoticias.org\/site\/governo-recebe-novo-lote-de-vacinas-contra-covid-19\/#primaryimage\"},\"thumbnailUrl\":\"https:\/\/brasilnoticias.org\/site\/wp-content\/uploads\/2022\/12\/naom_5bee710a339e8.jpg\",\"datePublished\":\"2022-12-14T21:10:09+00:00\",\"breadcrumb\":{\"@id\":\"https:\/\/brasilnoticias.org\/site\/governo-recebe-novo-lote-de-vacinas-contra-covid-19\/#breadcrumb\"},\"inLanguage\":\"pt-PT\",\"potentialAction\":[{\"@type\":\"ReadAction\",\"target\":[\"https:\/\/brasilnoticias.org\/site\/governo-recebe-novo-lote-de-vacinas-contra-covid-19\/\"]}]},{\"@type\":\"ImageObject\",\"inLanguage\":\"pt-PT\",\"@id\":\"https:\/\/brasilnoticias.org\/site\/governo-recebe-novo-lote-de-vacinas-contra-covid-19\/#primaryimage\",\"url\":\"https:\/\/brasilnoticias.org\/site\/wp-content\/uploads\/2022\/12\/naom_5bee710a339e8.jpg\",\"contentUrl\":\"https:\/\/brasilnoticias.org\/site\/wp-content\/uploads\/2022\/12\/naom_5bee710a339e8.jpg\",\"width\":960,\"height\":540},{\"@type\":\"BreadcrumbList\",\"@id\":\"https:\/\/brasilnoticias.org\/site\/governo-recebe-novo-lote-de-vacinas-contra-covid-19\/#breadcrumb\",\"itemListElement\":[{\"@type\":\"ListItem\",\"position\":1,\"name\":\"In\u00edcio\",\"item\":\"https:\/\/brasilnoticias.org\/site\/\"},{\"@type\":\"ListItem\",\"position\":2,\"name\":\"Governo recebe novo lote de vacinas contra covid-19\"}]},{\"@type\":\"WebSite\",\"@id\":\"https:\/\/brasilnoticias.org\/site\/#website\",\"url\":\"https:\/\/brasilnoticias.org\/site\/\",\"name\":\"Brasil not\u00edcias\",\"description\":\"Brasil not\u00edcias\",\"publisher\":{\"@id\":\"https:\/\/brasilnoticias.org\/site\/#organization\"},\"potentialAction\":[{\"@type\":\"SearchAction\",\"target\":{\"@type\":\"EntryPoint\",\"urlTemplate\":\"https:\/\/brasilnoticias.org\/site\/?s={search_term_string}\"},\"query-input\":{\"@type\":\"PropertyValueSpecification\",\"valueRequired\":true,\"valueName\":\"search_term_string\"}}],\"inLanguage\":\"pt-PT\"},{\"@type\":\"Organization\",\"@id\":\"https:\/\/brasilnoticias.org\/site\/#organization\",\"name\":\"Brasil not\u00edcias\",\"url\":\"https:\/\/brasilnoticias.org\/site\/\",\"logo\":{\"@type\":\"ImageObject\",\"inLanguage\":\"pt-PT\",\"@id\":\"https:\/\/brasilnoticias.org\/site\/#\/schema\/logo\/image\/\",\"url\":\"https:\/\/brasilnoticias.org\/site\/wp-content\/uploads\/2022\/05\/cropped-brasilnoticias-mini.jpg\",\"contentUrl\":\"https:\/\/brasilnoticias.org\/site\/wp-content\/uploads\/2022\/05\/cropped-brasilnoticias-mini.jpg\",\"width\":314,\"height\":86,\"caption\":\"Brasil not\u00edcias\"},\"image\":{\"@id\":\"https:\/\/brasilnoticias.org\/site\/#\/schema\/logo\/image\/\"}},{\"@type\":\"Person\",\"@id\":\"https:\/\/brasilnoticias.org\/site\/#\/schema\/person\/a0e05b973ec4d15c658d51911e53507b\",\"name\":\"Reda\u00e7\u00e3o\",\"image\":{\"@type\":\"ImageObject\",\"inLanguage\":\"pt-PT\",\"@id\":\"https:\/\/brasilnoticias.org\/site\/#\/schema\/person\/image\/\",\"url\":\"https:\/\/secure.gravatar.com\/avatar\/75d8b050df2de108b08ae78dfb8e374892df24a383c67db9c46a9c604f6aee9c?s=96&d=mm&r=g\",\"contentUrl\":\"https:\/\/secure.gravatar.com\/avatar\/75d8b050df2de108b08ae78dfb8e374892df24a383c67db9c46a9c604f6aee9c?s=96&d=mm&r=g\",\"caption\":\"Reda\u00e7\u00e3o\"},\"sameAs\":[\"https:\/\/brasilnoticias.org\/site\"],\"url\":\"https:\/\/brasilnoticias.org\/site\/author\/fernandozsngmail-com\/\"}]}<\/script>\n<!-- \/ Yoast SEO plugin. -->","yoast_head_json":{"title":"Governo recebe novo lote de vacinas contra covid-19 - Brasil not\u00edcias","robots":{"index":"index","follow":"follow","max-snippet":"max-snippet:-1","max-image-preview":"max-image-preview:large","max-video-preview":"max-video-preview:-1"},"canonical":"https:\/\/brasilnoticias.org\/site\/governo-recebe-novo-lote-de-vacinas-contra-covid-19\/","og_locale":"pt_PT","og_type":"article","og_title":"Governo recebe novo lote de vacinas contra covid-19 - Brasil not\u00edcias","og_description":"O governo federal recebeu, na madrugada de hoje (13), um lote de 1,4 milh\u00e3o de doses de vacinas contra covid-19.","og_url":"https:\/\/brasilnoticias.org\/site\/governo-recebe-novo-lote-de-vacinas-contra-covid-19\/","og_site_name":"Brasil not\u00edcias","article_published_time":"2022-12-14T21:10:09+00:00","og_image":[{"width":960,"height":540,"url":"https:\/\/brasilnoticias.org\/site\/wp-content\/uploads\/2022\/12\/naom_5bee710a339e8.jpg","type":"image\/jpeg"}],"author":"Reda\u00e7\u00e3o","twitter_card":"summary_large_image","twitter_misc":{"Escrito por":"Reda\u00e7\u00e3o","Tempo estimado de leitura":"1 minuto"},"schema":{"@context":"https:\/\/schema.org","@graph":[{"@type":"Article","@id":"https:\/\/brasilnoticias.org\/site\/governo-recebe-novo-lote-de-vacinas-contra-covid-19\/#article","isPartOf":{"@id":"https:\/\/brasilnoticias.org\/site\/governo-recebe-novo-lote-de-vacinas-contra-covid-19\/"},"author":{"name":"Reda\u00e7\u00e3o","@id":"https:\/\/brasilnoticias.org\/site\/#\/schema\/person\/a0e05b973ec4d15c658d51911e53507b"},"headline":"Governo recebe novo lote de vacinas contra covid-19","datePublished":"2022-12-14T21:10:09+00:00","mainEntityOfPage":{"@id":"https:\/\/brasilnoticias.org\/site\/governo-recebe-novo-lote-de-vacinas-contra-covid-19\/"},"wordCount":209,"commentCount":0,"publisher":{"@id":"https:\/\/brasilnoticias.org\/site\/#organization"},"image":{"@id":"https:\/\/brasilnoticias.org\/site\/governo-recebe-novo-lote-de-vacinas-contra-covid-19\/#primaryimage"},"thumbnailUrl":"https:\/\/brasilnoticias.org\/site\/wp-content\/uploads\/2022\/12\/naom_5bee710a339e8.jpg","articleSection":["Not\u00edcias","\u00daltimas"],"inLanguage":"pt-PT","potentialAction":[{"@type":"CommentAction","name":"Comment","target":["https:\/\/brasilnoticias.org\/site\/governo-recebe-novo-lote-de-vacinas-contra-covid-19\/#respond"]}]},{"@type":"WebPage","@id":"https:\/\/brasilnoticias.org\/site\/governo-recebe-novo-lote-de-vacinas-contra-covid-19\/","url":"https:\/\/brasilnoticias.org\/site\/governo-recebe-novo-lote-de-vacinas-contra-covid-19\/","name":"Governo recebe novo lote de vacinas contra covid-19 - Brasil not\u00edcias","isPartOf":{"@id":"https:\/\/brasilnoticias.org\/site\/#website"},"primaryImageOfPage":{"@id":"https:\/\/brasilnoticias.org\/site\/governo-recebe-novo-lote-de-vacinas-contra-covid-19\/#primaryimage"},"image":{"@id":"https:\/\/brasilnoticias.org\/site\/governo-recebe-novo-lote-de-vacinas-contra-covid-19\/#primaryimage"},"thumbnailUrl":"https:\/\/brasilnoticias.org\/site\/wp-content\/uploads\/2022\/12\/naom_5bee710a339e8.jpg","datePublished":"2022-12-14T21:10:09+00:00","breadcrumb":{"@id":"https:\/\/brasilnoticias.org\/site\/governo-recebe-novo-lote-de-vacinas-contra-covid-19\/#breadcrumb"},"inLanguage":"pt-PT","potentialAction":[{"@type":"ReadAction","target":["https:\/\/brasilnoticias.org\/site\/governo-recebe-novo-lote-de-vacinas-contra-covid-19\/"]}]},{"@type":"ImageObject","inLanguage":"pt-PT","@id":"https:\/\/brasilnoticias.org\/site\/governo-recebe-novo-lote-de-vacinas-contra-covid-19\/#primaryimage","url":"https:\/\/brasilnoticias.org\/site\/wp-content\/uploads\/2022\/12\/naom_5bee710a339e8.jpg","contentUrl":"https:\/\/brasilnoticias.org\/site\/wp-content\/uploads\/2022\/12\/naom_5bee710a339e8.jpg","width":960,"height":540},{"@type":"BreadcrumbList","@id":"https:\/\/brasilnoticias.org\/site\/governo-recebe-novo-lote-de-vacinas-contra-covid-19\/#breadcrumb","itemListElement":[{"@type":"ListItem","position":1,"name":"In\u00edcio","item":"https:\/\/brasilnoticias.org\/site\/"},{"@type":"ListItem","position":2,"name":"Governo recebe novo lote de vacinas contra covid-19"}]},{"@type":"WebSite","@id":"https:\/\/brasilnoticias.org\/site\/#website","url":"https:\/\/brasilnoticias.org\/site\/","name":"Brasil not\u00edcias","description":"Brasil not\u00edcias","publisher":{"@id":"https:\/\/brasilnoticias.org\/site\/#organization"},"potentialAction":[{"@type":"SearchAction","target":{"@type":"EntryPoint","urlTemplate":"https:\/\/brasilnoticias.org\/site\/?s={search_term_string}"},"query-input":{"@type":"PropertyValueSpecification","valueRequired":true,"valueName":"search_term_string"}}],"inLanguage":"pt-PT"},{"@type":"Organization","@id":"https:\/\/brasilnoticias.org\/site\/#organization","name":"Brasil not\u00edcias","url":"https:\/\/brasilnoticias.org\/site\/","logo":{"@type":"ImageObject","inLanguage":"pt-PT","@id":"https:\/\/brasilnoticias.org\/site\/#\/schema\/logo\/image\/","url":"https:\/\/brasilnoticias.org\/site\/wp-content\/uploads\/2022\/05\/cropped-brasilnoticias-mini.jpg","contentUrl":"https:\/\/brasilnoticias.org\/site\/wp-content\/uploads\/2022\/05\/cropped-brasilnoticias-mini.jpg","width":314,"height":86,"caption":"Brasil not\u00edcias"},"image":{"@id":"https:\/\/brasilnoticias.org\/site\/#\/schema\/logo\/image\/"}},{"@type":"Person","@id":"https:\/\/brasilnoticias.org\/site\/#\/schema\/person\/a0e05b973ec4d15c658d51911e53507b","name":"Reda\u00e7\u00e3o","image":{"@type":"ImageObject","inLanguage":"pt-PT","@id":"https:\/\/brasilnoticias.org\/site\/#\/schema\/person\/image\/","url":"https:\/\/secure.gravatar.com\/avatar\/75d8b050df2de108b08ae78dfb8e374892df24a383c67db9c46a9c604f6aee9c?s=96&d=mm&r=g","contentUrl":"https:\/\/secure.gravatar.com\/avatar\/75d8b050df2de108b08ae78dfb8e374892df24a383c67db9c46a9c604f6aee9c?s=96&d=mm&r=g","caption":"Reda\u00e7\u00e3o"},"sameAs":["https:\/\/brasilnoticias.org\/site"],"url":"https:\/\/brasilnoticias.org\/site\/author\/fernandozsngmail-com\/"}]}},"_links":{"self":[{"href":"https:\/\/brasilnoticias.org\/site\/wp-json\/wp\/v2\/posts\/2776","targetHints":{"allow":["GET"]}}],"collection":[{"href":"https:\/\/brasilnoticias.org\/site\/wp-json\/wp\/v2\/posts"}],"about":[{"href":"https:\/\/brasilnoticias.org\/site\/wp-json\/wp\/v2\/types\/post"}],"author":[{"embeddable":true,"href":"https:\/\/brasilnoticias.org\/site\/wp-json\/wp\/v2\/users\/1"}],"replies":[{"embeddable":true,"href":"https:\/\/brasilnoticias.org\/site\/wp-json\/wp\/v2\/comments?post=2776"}],"version-history":[{"count":1,"href":"https:\/\/brasilnoticias.org\/site\/wp-json\/wp\/v2\/posts\/2776\/revisions"}],"predecessor-version":[{"id":2778,"href":"https:\/\/brasilnoticias.org\/site\/wp-json\/wp\/v2\/posts\/2776\/revisions\/2778"}],"wp:featuredmedia":[{"embeddable":true,"href":"https:\/\/brasilnoticias.org\/site\/wp-json\/wp\/v2\/media\/2777"}],"wp:attachment":[{"href":"https:\/\/brasilnoticias.org\/site\/wp-json\/wp\/v2\/media?parent=2776"}],"wp:term":[{"taxonomy":"category","embeddable":true,"href":"https:\/\/brasilnoticias.org\/site\/wp-json\/wp\/v2\/categories?post=2776"},{"taxonomy":"post_tag","embeddable":true,"href":"https:\/\/brasilnoticias.org\/site\/wp-json\/wp\/v2\/tags?post=2776"}],"curies":[{"name":"wp","href":"https:\/\/api.w.org\/{rel}","templated":true}]}}