{"id":2782,"date":"2022-12-14T18:20:04","date_gmt":"2022-12-14T21:20:04","guid":{"rendered":"https:\/\/brasilnoticias.org\/site\/?p=2782"},"modified":"2022-12-14T10:27:02","modified_gmt":"2022-12-14T13:27:02","slug":"randolfe-pede-ao-stf-que-inclua-atos-no-df-no-inquerito-das-milicias-digitais","status":"publish","type":"post","link":"https:\/\/brasilnoticias.org\/site\/randolfe-pede-ao-stf-que-inclua-atos-no-df-no-inquerito-das-milicias-digitais\/","title":{"rendered":"Randolfe pede ao STF que inclua atos no DF no inqu\u00e9rito das mil\u00edcias digitais"},"content":{"rendered":"<p>O senador Randolfe Rodrigues (Rede) pediu ao ministro Alexandre de Moraes, do Supremo Tribunal Federal, que as a\u00e7\u00f5es violentas registradas em Bras\u00edlia na noite desta segunda-feira, 12, sejam investigadas no bojo do inqu\u00e9rito das mil\u00edcias digitais, em tr\u00e2mite na Corte m\u00e1xima.<\/p>\n<p>Integrante da equipe de transi\u00e7\u00e3o do governo Lula, o parlamentar aponta &#8216;escalada antidemocr\u00e1tica&#8217; e classifica como &#8216;sem precedentes&#8217; a conduta de bolsonaristas que tentaram invadir a sede da Pol\u00edcia Federal e atearam fogo em carros e caminh\u00f5es.<\/p>\n<p>Como mostrou o Estad\u00e3o, o estopim para os atos violentos foi a pris\u00e3o tempor\u00e1ria do l\u00edder ind\u00edgena Jos\u00e9 Ac\u00e1cio Serere Xavante, apoiador de Bolsonaro, por suspeita de supostos crimes de amea\u00e7a, persegui\u00e7\u00e3o e aboli\u00e7\u00e3o violenta do Estado Democr\u00e1tico de Direito.<\/p>\n<p>A medida foi decretada por Alexandre de Moraes a pedido da Procuradoria-Geral da Rep\u00fablica.<\/p>\n<p>De acordo com a PF, o l\u00edder ind\u00edgena teria realizado atos antidemocr\u00e1ticos em frente ao Congresso, no Aeroporto de Bras\u00edlia &#8211; onde a \u00e1rea de embarque foi invadida -, no centro de compras Park Shopping, na Esplanada dos Minist\u00e9rios e em frente ao hotel onde est\u00e3o o presidente e o vice-presidente da Rep\u00fablica eleitos, Luiz In\u00e1cio Lula da Silva e Geraldo Alckmin.<\/p>\n<p>A conduta dos bolsonaristas ap\u00f3s a pris\u00e3o de Xavante levou o Comando de Opera\u00e7\u00f5es T\u00e1ticas (COT) da Pol\u00edcia Federal e a Tropa de Choque da Pol\u00edcia Militar do Distrito Federal a cercarem o hotel onde est\u00e3o hospedados Lula e Alckmin.<\/p>\n<p>Na peti\u00e7\u00e3o protocolada nesta ter\u00e7a-feira, 13, Randolfe diz que o &#8216;caos foi instaurado&#8217; em Bras\u00edlia na noite de segunda e argumenta que a investiga\u00e7\u00e3o sobre ataques ao regime democr\u00e1tico \u00e9 o melhor instrumento para apurar os atos de vandalismo cometidos por apoiadores do presidente Jair Bolsonaro.<\/p>\n<p>O senador pede uma investiga\u00e7\u00e3o detalhada sobre as circunst\u00e2ncias dos atos de viol\u00eancia &#8216;com a puni\u00e7\u00e3o exemplar dos envolvidos, inclusive daqueles que os financiaram e dos que os apoiaram ou incentivaram politicamente&#8217;.<\/p>\n<p>Randolfe pede inclusive apura\u00e7\u00e3o de eventual cometimento do hediondo crime de terrorismo. Al\u00e9m disso, o senador requer que o Supremo determine a desmobiliza\u00e7\u00e3o de acampamentos bolsonaristas em frente a pr\u00e9dios p\u00fablicos em Bras\u00edlia.<\/p>\n<p>Tamb\u00e9m foi pedido que a Procuradoria-Geral da Rep\u00fablica seja instada a promover a desocupa\u00e7\u00e3o, &#8216;inclusive com eventual for\u00e7a policial&#8217;, das adjac\u00eancias do Pal\u00e1cio da Alvorada &#8216;com o fito de preserva\u00e7\u00e3o do patrim\u00f4nio p\u00fablico e de manuten\u00e7\u00e3o do simbolismo democr\u00e1tico estatu\u00eddo na figura palaciana&#8217;.<\/p>\n<p>O senador pede, ainda, que as vias em torno do Planalto sejam bloqueadas.<\/p>\n<p>Foto Getty Images<br \/>\nNot\u00edcias ao minuto<\/p>\n","protected":false},"excerpt":{"rendered":"<p>O senador Randolfe Rodrigues (Rede) pediu ao ministro Alexandre de Moraes, do Supremo Tribunal Federal, que as a\u00e7\u00f5es violentas registradas<\/p>\n","protected":false},"author":1,"featured_media":2783,"comment_status":"open","ping_status":"open","sticky":false,"template":"","format":"standard","meta":{"colormag_page_container_layout":"default_layout","colormag_page_sidebar_layout":"default_layout","_FSMCFIC_featured_image_caption":"","_FSMCFIC_featured_image_nocaption":"","_FSMCFIC_featured_image_hide":"","footnotes":""},"categories":[5,1],"tags":[],"class_list":["post-2782","post","type-post","status-publish","format-standard","has-post-thumbnail","hentry","category-politica","category-ultimas"],"yoast_head":"<!-- This site is optimized with the Yoast SEO plugin v27.1.1 - https:\/\/yoast.com\/product\/yoast-seo-wordpress\/ -->\n<title>Randolfe pede ao STF que inclua atos no DF no inqu\u00e9rito das mil\u00edcias digitais - Brasil not\u00edcias<\/title>\n<meta name=\"robots\" content=\"index, follow, max-snippet:-1, max-image-preview:large, max-video-preview:-1\" \/>\n<link rel=\"canonical\" href=\"https:\/\/brasilnoticias.org\/site\/randolfe-pede-ao-stf-que-inclua-atos-no-df-no-inquerito-das-milicias-digitais\/\" \/>\n<meta property=\"og:locale\" content=\"pt_PT\" \/>\n<meta property=\"og:type\" content=\"article\" \/>\n<meta property=\"og:title\" content=\"Randolfe pede ao STF que inclua atos no DF no inqu\u00e9rito das mil\u00edcias digitais - Brasil not\u00edcias\" \/>\n<meta property=\"og:description\" content=\"O senador Randolfe Rodrigues (Rede) pediu ao ministro Alexandre de Moraes, do Supremo Tribunal Federal, que as a\u00e7\u00f5es violentas registradas\" \/>\n<meta property=\"og:url\" content=\"https:\/\/brasilnoticias.org\/site\/randolfe-pede-ao-stf-que-inclua-atos-no-df-no-inquerito-das-milicias-digitais\/\" \/>\n<meta property=\"og:site_name\" content=\"Brasil not\u00edcias\" \/>\n<meta property=\"article:published_time\" content=\"2022-12-14T21:20:04+00:00\" \/>\n<meta property=\"og:image\" content=\"https:\/\/brasilnoticias.org\/site\/wp-content\/uploads\/2022\/12\/naom_637bd594caaff.jpg\" \/>\n\t<meta property=\"og:image:width\" content=\"960\" \/>\n\t<meta property=\"og:image:height\" content=\"540\" \/>\n\t<meta property=\"og:image:type\" content=\"image\/jpeg\" \/>\n<meta name=\"author\" content=\"Reda\u00e7\u00e3o\" \/>\n<meta name=\"twitter:card\" content=\"summary_large_image\" \/>\n<meta name=\"twitter:label1\" content=\"Escrito por\" \/>\n\t<meta name=\"twitter:data1\" content=\"Reda\u00e7\u00e3o\" \/>\n\t<meta name=\"twitter:label2\" content=\"Tempo estimado de leitura\" \/>\n\t<meta name=\"twitter:data2\" content=\"2 minutos\" \/>\n<script type=\"application\/ld+json\" class=\"yoast-schema-graph\">{\"@context\":\"https:\/\/schema.org\",\"@graph\":[{\"@type\":\"Article\",\"@id\":\"https:\/\/brasilnoticias.org\/site\/randolfe-pede-ao-stf-que-inclua-atos-no-df-no-inquerito-das-milicias-digitais\/#article\",\"isPartOf\":{\"@id\":\"https:\/\/brasilnoticias.org\/site\/randolfe-pede-ao-stf-que-inclua-atos-no-df-no-inquerito-das-milicias-digitais\/\"},\"author\":{\"name\":\"Reda\u00e7\u00e3o\",\"@id\":\"https:\/\/brasilnoticias.org\/site\/#\/schema\/person\/a0e05b973ec4d15c658d51911e53507b\"},\"headline\":\"Randolfe pede ao STF que inclua atos no DF no inqu\u00e9rito das mil\u00edcias digitais\",\"datePublished\":\"2022-12-14T21:20:04+00:00\",\"mainEntityOfPage\":{\"@id\":\"https:\/\/brasilnoticias.org\/site\/randolfe-pede-ao-stf-que-inclua-atos-no-df-no-inquerito-das-milicias-digitais\/\"},\"wordCount\":484,\"commentCount\":0,\"publisher\":{\"@id\":\"https:\/\/brasilnoticias.org\/site\/#organization\"},\"image\":{\"@id\":\"https:\/\/brasilnoticias.org\/site\/randolfe-pede-ao-stf-que-inclua-atos-no-df-no-inquerito-das-milicias-digitais\/#primaryimage\"},\"thumbnailUrl\":\"https:\/\/brasilnoticias.org\/site\/wp-content\/uploads\/2022\/12\/naom_637bd594caaff.jpg\",\"articleSection\":[\"Pol\u00edtica\",\"\u00daltimas\"],\"inLanguage\":\"pt-PT\",\"potentialAction\":[{\"@type\":\"CommentAction\",\"name\":\"Comment\",\"target\":[\"https:\/\/brasilnoticias.org\/site\/randolfe-pede-ao-stf-que-inclua-atos-no-df-no-inquerito-das-milicias-digitais\/#respond\"]}]},{\"@type\":\"WebPage\",\"@id\":\"https:\/\/brasilnoticias.org\/site\/randolfe-pede-ao-stf-que-inclua-atos-no-df-no-inquerito-das-milicias-digitais\/\",\"url\":\"https:\/\/brasilnoticias.org\/site\/randolfe-pede-ao-stf-que-inclua-atos-no-df-no-inquerito-das-milicias-digitais\/\",\"name\":\"Randolfe pede ao STF que inclua atos no DF no inqu\u00e9rito das mil\u00edcias digitais - Brasil not\u00edcias\",\"isPartOf\":{\"@id\":\"https:\/\/brasilnoticias.org\/site\/#website\"},\"primaryImageOfPage\":{\"@id\":\"https:\/\/brasilnoticias.org\/site\/randolfe-pede-ao-stf-que-inclua-atos-no-df-no-inquerito-das-milicias-digitais\/#primaryimage\"},\"image\":{\"@id\":\"https:\/\/brasilnoticias.org\/site\/randolfe-pede-ao-stf-que-inclua-atos-no-df-no-inquerito-das-milicias-digitais\/#primaryimage\"},\"thumbnailUrl\":\"https:\/\/brasilnoticias.org\/site\/wp-content\/uploads\/2022\/12\/naom_637bd594caaff.jpg\",\"datePublished\":\"2022-12-14T21:20:04+00:00\",\"breadcrumb\":{\"@id\":\"https:\/\/brasilnoticias.org\/site\/randolfe-pede-ao-stf-que-inclua-atos-no-df-no-inquerito-das-milicias-digitais\/#breadcrumb\"},\"inLanguage\":\"pt-PT\",\"potentialAction\":[{\"@type\":\"ReadAction\",\"target\":[\"https:\/\/brasilnoticias.org\/site\/randolfe-pede-ao-stf-que-inclua-atos-no-df-no-inquerito-das-milicias-digitais\/\"]}]},{\"@type\":\"ImageObject\",\"inLanguage\":\"pt-PT\",\"@id\":\"https:\/\/brasilnoticias.org\/site\/randolfe-pede-ao-stf-que-inclua-atos-no-df-no-inquerito-das-milicias-digitais\/#primaryimage\",\"url\":\"https:\/\/brasilnoticias.org\/site\/wp-content\/uploads\/2022\/12\/naom_637bd594caaff.jpg\",\"contentUrl\":\"https:\/\/brasilnoticias.org\/site\/wp-content\/uploads\/2022\/12\/naom_637bd594caaff.jpg\",\"width\":960,\"height\":540},{\"@type\":\"BreadcrumbList\",\"@id\":\"https:\/\/brasilnoticias.org\/site\/randolfe-pede-ao-stf-que-inclua-atos-no-df-no-inquerito-das-milicias-digitais\/#breadcrumb\",\"itemListElement\":[{\"@type\":\"ListItem\",\"position\":1,\"name\":\"In\u00edcio\",\"item\":\"https:\/\/brasilnoticias.org\/site\/\"},{\"@type\":\"ListItem\",\"position\":2,\"name\":\"Randolfe pede ao STF que inclua atos no DF no inqu\u00e9rito das mil\u00edcias digitais\"}]},{\"@type\":\"WebSite\",\"@id\":\"https:\/\/brasilnoticias.org\/site\/#website\",\"url\":\"https:\/\/brasilnoticias.org\/site\/\",\"name\":\"Brasil not\u00edcias\",\"description\":\"Brasil not\u00edcias\",\"publisher\":{\"@id\":\"https:\/\/brasilnoticias.org\/site\/#organization\"},\"potentialAction\":[{\"@type\":\"SearchAction\",\"target\":{\"@type\":\"EntryPoint\",\"urlTemplate\":\"https:\/\/brasilnoticias.org\/site\/?s={search_term_string}\"},\"query-input\":{\"@type\":\"PropertyValueSpecification\",\"valueRequired\":true,\"valueName\":\"search_term_string\"}}],\"inLanguage\":\"pt-PT\"},{\"@type\":\"Organization\",\"@id\":\"https:\/\/brasilnoticias.org\/site\/#organization\",\"name\":\"Brasil not\u00edcias\",\"url\":\"https:\/\/brasilnoticias.org\/site\/\",\"logo\":{\"@type\":\"ImageObject\",\"inLanguage\":\"pt-PT\",\"@id\":\"https:\/\/brasilnoticias.org\/site\/#\/schema\/logo\/image\/\",\"url\":\"https:\/\/brasilnoticias.org\/site\/wp-content\/uploads\/2022\/05\/cropped-brasilnoticias-mini.jpg\",\"contentUrl\":\"https:\/\/brasilnoticias.org\/site\/wp-content\/uploads\/2022\/05\/cropped-brasilnoticias-mini.jpg\",\"width\":314,\"height\":86,\"caption\":\"Brasil not\u00edcias\"},\"image\":{\"@id\":\"https:\/\/brasilnoticias.org\/site\/#\/schema\/logo\/image\/\"}},{\"@type\":\"Person\",\"@id\":\"https:\/\/brasilnoticias.org\/site\/#\/schema\/person\/a0e05b973ec4d15c658d51911e53507b\",\"name\":\"Reda\u00e7\u00e3o\",\"image\":{\"@type\":\"ImageObject\",\"inLanguage\":\"pt-PT\",\"@id\":\"https:\/\/brasilnoticias.org\/site\/#\/schema\/person\/image\/\",\"url\":\"https:\/\/secure.gravatar.com\/avatar\/75d8b050df2de108b08ae78dfb8e374892df24a383c67db9c46a9c604f6aee9c?s=96&d=mm&r=g\",\"contentUrl\":\"https:\/\/secure.gravatar.com\/avatar\/75d8b050df2de108b08ae78dfb8e374892df24a383c67db9c46a9c604f6aee9c?s=96&d=mm&r=g\",\"caption\":\"Reda\u00e7\u00e3o\"},\"sameAs\":[\"https:\/\/brasilnoticias.org\/site\"],\"url\":\"https:\/\/brasilnoticias.org\/site\/author\/fernandozsngmail-com\/\"}]}<\/script>\n<!-- \/ Yoast SEO plugin. -->","yoast_head_json":{"title":"Randolfe pede ao STF que inclua atos no DF no inqu\u00e9rito das mil\u00edcias digitais - Brasil not\u00edcias","robots":{"index":"index","follow":"follow","max-snippet":"max-snippet:-1","max-image-preview":"max-image-preview:large","max-video-preview":"max-video-preview:-1"},"canonical":"https:\/\/brasilnoticias.org\/site\/randolfe-pede-ao-stf-que-inclua-atos-no-df-no-inquerito-das-milicias-digitais\/","og_locale":"pt_PT","og_type":"article","og_title":"Randolfe pede ao STF que inclua atos no DF no inqu\u00e9rito das mil\u00edcias digitais - Brasil not\u00edcias","og_description":"O senador Randolfe Rodrigues (Rede) pediu ao ministro Alexandre de Moraes, do Supremo Tribunal Federal, que as a\u00e7\u00f5es violentas registradas","og_url":"https:\/\/brasilnoticias.org\/site\/randolfe-pede-ao-stf-que-inclua-atos-no-df-no-inquerito-das-milicias-digitais\/","og_site_name":"Brasil not\u00edcias","article_published_time":"2022-12-14T21:20:04+00:00","og_image":[{"width":960,"height":540,"url":"https:\/\/brasilnoticias.org\/site\/wp-content\/uploads\/2022\/12\/naom_637bd594caaff.jpg","type":"image\/jpeg"}],"author":"Reda\u00e7\u00e3o","twitter_card":"summary_large_image","twitter_misc":{"Escrito por":"Reda\u00e7\u00e3o","Tempo estimado de leitura":"2 minutos"},"schema":{"@context":"https:\/\/schema.org","@graph":[{"@type":"Article","@id":"https:\/\/brasilnoticias.org\/site\/randolfe-pede-ao-stf-que-inclua-atos-no-df-no-inquerito-das-milicias-digitais\/#article","isPartOf":{"@id":"https:\/\/brasilnoticias.org\/site\/randolfe-pede-ao-stf-que-inclua-atos-no-df-no-inquerito-das-milicias-digitais\/"},"author":{"name":"Reda\u00e7\u00e3o","@id":"https:\/\/brasilnoticias.org\/site\/#\/schema\/person\/a0e05b973ec4d15c658d51911e53507b"},"headline":"Randolfe pede ao STF que inclua atos no DF no inqu\u00e9rito das mil\u00edcias digitais","datePublished":"2022-12-14T21:20:04+00:00","mainEntityOfPage":{"@id":"https:\/\/brasilnoticias.org\/site\/randolfe-pede-ao-stf-que-inclua-atos-no-df-no-inquerito-das-milicias-digitais\/"},"wordCount":484,"commentCount":0,"publisher":{"@id":"https:\/\/brasilnoticias.org\/site\/#organization"},"image":{"@id":"https:\/\/brasilnoticias.org\/site\/randolfe-pede-ao-stf-que-inclua-atos-no-df-no-inquerito-das-milicias-digitais\/#primaryimage"},"thumbnailUrl":"https:\/\/brasilnoticias.org\/site\/wp-content\/uploads\/2022\/12\/naom_637bd594caaff.jpg","articleSection":["Pol\u00edtica","\u00daltimas"],"inLanguage":"pt-PT","potentialAction":[{"@type":"CommentAction","name":"Comment","target":["https:\/\/brasilnoticias.org\/site\/randolfe-pede-ao-stf-que-inclua-atos-no-df-no-inquerito-das-milicias-digitais\/#respond"]}]},{"@type":"WebPage","@id":"https:\/\/brasilnoticias.org\/site\/randolfe-pede-ao-stf-que-inclua-atos-no-df-no-inquerito-das-milicias-digitais\/","url":"https:\/\/brasilnoticias.org\/site\/randolfe-pede-ao-stf-que-inclua-atos-no-df-no-inquerito-das-milicias-digitais\/","name":"Randolfe pede ao STF que inclua atos no DF no inqu\u00e9rito das mil\u00edcias digitais - Brasil not\u00edcias","isPartOf":{"@id":"https:\/\/brasilnoticias.org\/site\/#website"},"primaryImageOfPage":{"@id":"https:\/\/brasilnoticias.org\/site\/randolfe-pede-ao-stf-que-inclua-atos-no-df-no-inquerito-das-milicias-digitais\/#primaryimage"},"image":{"@id":"https:\/\/brasilnoticias.org\/site\/randolfe-pede-ao-stf-que-inclua-atos-no-df-no-inquerito-das-milicias-digitais\/#primaryimage"},"thumbnailUrl":"https:\/\/brasilnoticias.org\/site\/wp-content\/uploads\/2022\/12\/naom_637bd594caaff.jpg","datePublished":"2022-12-14T21:20:04+00:00","breadcrumb":{"@id":"https:\/\/brasilnoticias.org\/site\/randolfe-pede-ao-stf-que-inclua-atos-no-df-no-inquerito-das-milicias-digitais\/#breadcrumb"},"inLanguage":"pt-PT","potentialAction":[{"@type":"ReadAction","target":["https:\/\/brasilnoticias.org\/site\/randolfe-pede-ao-stf-que-inclua-atos-no-df-no-inquerito-das-milicias-digitais\/"]}]},{"@type":"ImageObject","inLanguage":"pt-PT","@id":"https:\/\/brasilnoticias.org\/site\/randolfe-pede-ao-stf-que-inclua-atos-no-df-no-inquerito-das-milicias-digitais\/#primaryimage","url":"https:\/\/brasilnoticias.org\/site\/wp-content\/uploads\/2022\/12\/naom_637bd594caaff.jpg","contentUrl":"https:\/\/brasilnoticias.org\/site\/wp-content\/uploads\/2022\/12\/naom_637bd594caaff.jpg","width":960,"height":540},{"@type":"BreadcrumbList","@id":"https:\/\/brasilnoticias.org\/site\/randolfe-pede-ao-stf-que-inclua-atos-no-df-no-inquerito-das-milicias-digitais\/#breadcrumb","itemListElement":[{"@type":"ListItem","position":1,"name":"In\u00edcio","item":"https:\/\/brasilnoticias.org\/site\/"},{"@type":"ListItem","position":2,"name":"Randolfe pede ao STF que inclua atos no DF no inqu\u00e9rito das mil\u00edcias digitais"}]},{"@type":"WebSite","@id":"https:\/\/brasilnoticias.org\/site\/#website","url":"https:\/\/brasilnoticias.org\/site\/","name":"Brasil not\u00edcias","description":"Brasil not\u00edcias","publisher":{"@id":"https:\/\/brasilnoticias.org\/site\/#organization"},"potentialAction":[{"@type":"SearchAction","target":{"@type":"EntryPoint","urlTemplate":"https:\/\/brasilnoticias.org\/site\/?s={search_term_string}"},"query-input":{"@type":"PropertyValueSpecification","valueRequired":true,"valueName":"search_term_string"}}],"inLanguage":"pt-PT"},{"@type":"Organization","@id":"https:\/\/brasilnoticias.org\/site\/#organization","name":"Brasil not\u00edcias","url":"https:\/\/brasilnoticias.org\/site\/","logo":{"@type":"ImageObject","inLanguage":"pt-PT","@id":"https:\/\/brasilnoticias.org\/site\/#\/schema\/logo\/image\/","url":"https:\/\/brasilnoticias.org\/site\/wp-content\/uploads\/2022\/05\/cropped-brasilnoticias-mini.jpg","contentUrl":"https:\/\/brasilnoticias.org\/site\/wp-content\/uploads\/2022\/05\/cropped-brasilnoticias-mini.jpg","width":314,"height":86,"caption":"Brasil not\u00edcias"},"image":{"@id":"https:\/\/brasilnoticias.org\/site\/#\/schema\/logo\/image\/"}},{"@type":"Person","@id":"https:\/\/brasilnoticias.org\/site\/#\/schema\/person\/a0e05b973ec4d15c658d51911e53507b","name":"Reda\u00e7\u00e3o","image":{"@type":"ImageObject","inLanguage":"pt-PT","@id":"https:\/\/brasilnoticias.org\/site\/#\/schema\/person\/image\/","url":"https:\/\/secure.gravatar.com\/avatar\/75d8b050df2de108b08ae78dfb8e374892df24a383c67db9c46a9c604f6aee9c?s=96&d=mm&r=g","contentUrl":"https:\/\/secure.gravatar.com\/avatar\/75d8b050df2de108b08ae78dfb8e374892df24a383c67db9c46a9c604f6aee9c?s=96&d=mm&r=g","caption":"Reda\u00e7\u00e3o"},"sameAs":["https:\/\/brasilnoticias.org\/site"],"url":"https:\/\/brasilnoticias.org\/site\/author\/fernandozsngmail-com\/"}]}},"_links":{"self":[{"href":"https:\/\/brasilnoticias.org\/site\/wp-json\/wp\/v2\/posts\/2782","targetHints":{"allow":["GET"]}}],"collection":[{"href":"https:\/\/brasilnoticias.org\/site\/wp-json\/wp\/v2\/posts"}],"about":[{"href":"https:\/\/brasilnoticias.org\/site\/wp-json\/wp\/v2\/types\/post"}],"author":[{"embeddable":true,"href":"https:\/\/brasilnoticias.org\/site\/wp-json\/wp\/v2\/users\/1"}],"replies":[{"embeddable":true,"href":"https:\/\/brasilnoticias.org\/site\/wp-json\/wp\/v2\/comments?post=2782"}],"version-history":[{"count":1,"href":"https:\/\/brasilnoticias.org\/site\/wp-json\/wp\/v2\/posts\/2782\/revisions"}],"predecessor-version":[{"id":2784,"href":"https:\/\/brasilnoticias.org\/site\/wp-json\/wp\/v2\/posts\/2782\/revisions\/2784"}],"wp:featuredmedia":[{"embeddable":true,"href":"https:\/\/brasilnoticias.org\/site\/wp-json\/wp\/v2\/media\/2783"}],"wp:attachment":[{"href":"https:\/\/brasilnoticias.org\/site\/wp-json\/wp\/v2\/media?parent=2782"}],"wp:term":[{"taxonomy":"category","embeddable":true,"href":"https:\/\/brasilnoticias.org\/site\/wp-json\/wp\/v2\/categories?post=2782"},{"taxonomy":"post_tag","embeddable":true,"href":"https:\/\/brasilnoticias.org\/site\/wp-json\/wp\/v2\/tags?post=2782"}],"curies":[{"name":"wp","href":"https:\/\/api.w.org\/{rel}","templated":true}]}}