{"id":2799,"date":"2022-12-15T18:00:20","date_gmt":"2022-12-15T21:00:20","guid":{"rendered":"https:\/\/brasilnoticias.org\/site\/?p=2799"},"modified":"2022-12-15T17:50:34","modified_gmt":"2022-12-15T20:50:34","slug":"rafael-nadal-e-uiga-swiatek-conquistam-premios-de-campeoes-mundiais-da-itf","status":"publish","type":"post","link":"https:\/\/brasilnoticias.org\/site\/rafael-nadal-e-uiga-swiatek-conquistam-premios-de-campeoes-mundiais-da-itf\/","title":{"rendered":"Rafael Nadal e UIga Swiatek conquistam pr\u00eamios de &#8216;campe\u00f5es mundiais&#8217; da ITF"},"content":{"rendered":"<p>A Federa\u00e7\u00e3o Internacional de T\u00eanis ITF) homenageou, nesta quinta-feira, a tenista polonesa Iga Swiatek e o espanhol Rafael Nadal como seus &#8220;campe\u00f5es mundiais&#8221; da temporada de 2022.<\/p>\n<p>Apesar de ter finalizado no ano em segundo lugar no ranking da ATP, atr\u00e1s do espanhol Carlos Alcaraz, Rafael Nadal ganhou dois t\u00edtulos de Grand Slam neste ano. Swiatek seguiu o mesmo desempenho, cumpriu um excelente calend\u00e1rio e tamb\u00e9m venceu dois Grand Slam. Ela conseguiu terminar esta temporada como a n\u00famero 1 entre as melhores tenistas da WTA.<\/p>\n<p>Com um curr\u00edculo recheado de conquistas, Rafael Nadal recebe o pr\u00eamio da ITF pela quinta vez em sua trajet\u00f3ria. Antes, ele j\u00e1 havia sido contemplado no desfecho das temporadas de 2008, 2010, 2017 e 2019.<\/p>\n<p>Ao levantar as ta\u00e7as do Aberto da Austr\u00e1lia em janeiro, e o Aberto da Fran\u00e7a em junho, o espanhol elevou o seu total de t\u00edtulo de Grand Slam para 22 t\u00edtulos: um recorde no Masculino.<\/p>\n<p>Em seu primeiro pr\u00eamio ofertado pela ITF, Swiatek mostrou seu brilho nas quadras nos torneios de primeira grandeza do circuito internacional. A polonesa arrebatou o Aberto da Fran\u00e7a e tamb\u00e9m o Aberto dos Estados Unidos.<\/p>\n<p>Em grande fase na carreira, ela liderou o ranking da WTA com oito t\u00edtulos neste ano e ainda engatou uma sequ\u00eancia de 37 vit\u00f3rias. Esta marca \u00e9 a mais longa invencibilidade do t\u00eanis feminino desde 1997.<\/p>\n<p>Nesta premia\u00e7\u00e3o, a ITF ainda homenageou outras categorias. Nas duplas femininas, Barbora Krejcikova e Katerina Siniakova foram as premiadas, assim como Rajeev Ram e Joe Salisbury na categoria de duplas no masculino. Shingo Kunieda tamb\u00e9m ficou com o t\u00edtulo na cadeira de rodas masculino e assim como Niels Vink no t\u00eanis qu\u00e1druplo, tamb\u00e9m em cadeira de rodas.<\/p>\n<p>Foto Getty Images<br \/>\nNot\u00edcias ao minuto<\/p>\n","protected":false},"excerpt":{"rendered":"<p>A Federa\u00e7\u00e3o Internacional de T\u00eanis ITF) homenageou, nesta quinta-feira, a tenista polonesa Iga Swiatek e o espanhol Rafael Nadal como<\/p>\n","protected":false},"author":1,"featured_media":2800,"comment_status":"open","ping_status":"open","sticky":false,"template":"","format":"standard","meta":{"colormag_page_container_layout":"default_layout","colormag_page_sidebar_layout":"default_layout","_FSMCFIC_featured_image_caption":"","_FSMCFIC_featured_image_nocaption":"","_FSMCFIC_featured_image_hide":"","footnotes":""},"categories":[4,1],"tags":[],"class_list":["post-2799","post","type-post","status-publish","format-standard","has-post-thumbnail","hentry","category-esporte","category-ultimas"],"yoast_head":"<!-- This site is optimized with the Yoast SEO plugin v27.1.1 - https:\/\/yoast.com\/product\/yoast-seo-wordpress\/ -->\n<title>Rafael Nadal e UIga Swiatek conquistam pr\u00eamios de &#039;campe\u00f5es mundiais&#039; da ITF - Brasil not\u00edcias<\/title>\n<meta name=\"robots\" content=\"index, follow, max-snippet:-1, max-image-preview:large, max-video-preview:-1\" \/>\n<link rel=\"canonical\" href=\"https:\/\/brasilnoticias.org\/site\/rafael-nadal-e-uiga-swiatek-conquistam-premios-de-campeoes-mundiais-da-itf\/\" \/>\n<meta property=\"og:locale\" content=\"pt_PT\" \/>\n<meta property=\"og:type\" content=\"article\" \/>\n<meta property=\"og:title\" content=\"Rafael Nadal e UIga Swiatek conquistam pr\u00eamios de &#039;campe\u00f5es mundiais&#039; da ITF - Brasil not\u00edcias\" \/>\n<meta property=\"og:description\" content=\"A Federa\u00e7\u00e3o Internacional de T\u00eanis ITF) homenageou, nesta quinta-feira, a tenista polonesa Iga Swiatek e o espanhol Rafael Nadal como\" \/>\n<meta property=\"og:url\" content=\"https:\/\/brasilnoticias.org\/site\/rafael-nadal-e-uiga-swiatek-conquistam-premios-de-campeoes-mundiais-da-itf\/\" \/>\n<meta property=\"og:site_name\" content=\"Brasil not\u00edcias\" \/>\n<meta property=\"article:published_time\" content=\"2022-12-15T21:00:20+00:00\" \/>\n<meta property=\"og:image\" content=\"https:\/\/brasilnoticias.org\/site\/wp-content\/uploads\/2022\/12\/naom_6293cff579862.jpg\" \/>\n\t<meta property=\"og:image:width\" content=\"960\" \/>\n\t<meta property=\"og:image:height\" content=\"540\" \/>\n\t<meta property=\"og:image:type\" content=\"image\/jpeg\" \/>\n<meta name=\"author\" content=\"Reda\u00e7\u00e3o\" \/>\n<meta name=\"twitter:card\" content=\"summary_large_image\" \/>\n<meta name=\"twitter:label1\" content=\"Escrito por\" \/>\n\t<meta name=\"twitter:data1\" content=\"Reda\u00e7\u00e3o\" \/>\n\t<meta name=\"twitter:label2\" content=\"Tempo estimado de leitura\" \/>\n\t<meta name=\"twitter:data2\" content=\"2 minutos\" \/>\n<script type=\"application\/ld+json\" class=\"yoast-schema-graph\">{\"@context\":\"https:\/\/schema.org\",\"@graph\":[{\"@type\":\"Article\",\"@id\":\"https:\/\/brasilnoticias.org\/site\/rafael-nadal-e-uiga-swiatek-conquistam-premios-de-campeoes-mundiais-da-itf\/#article\",\"isPartOf\":{\"@id\":\"https:\/\/brasilnoticias.org\/site\/rafael-nadal-e-uiga-swiatek-conquistam-premios-de-campeoes-mundiais-da-itf\/\"},\"author\":{\"name\":\"Reda\u00e7\u00e3o\",\"@id\":\"https:\/\/brasilnoticias.org\/site\/#\/schema\/person\/a0e05b973ec4d15c658d51911e53507b\"},\"headline\":\"Rafael Nadal e UIga Swiatek conquistam pr\u00eamios de &#8216;campe\u00f5es mundiais&#8217; da ITF\",\"datePublished\":\"2022-12-15T21:00:20+00:00\",\"mainEntityOfPage\":{\"@id\":\"https:\/\/brasilnoticias.org\/site\/rafael-nadal-e-uiga-swiatek-conquistam-premios-de-campeoes-mundiais-da-itf\/\"},\"wordCount\":323,\"commentCount\":0,\"publisher\":{\"@id\":\"https:\/\/brasilnoticias.org\/site\/#organization\"},\"image\":{\"@id\":\"https:\/\/brasilnoticias.org\/site\/rafael-nadal-e-uiga-swiatek-conquistam-premios-de-campeoes-mundiais-da-itf\/#primaryimage\"},\"thumbnailUrl\":\"https:\/\/brasilnoticias.org\/site\/wp-content\/uploads\/2022\/12\/naom_6293cff579862.jpg\",\"articleSection\":[\"Esporte\",\"\u00daltimas\"],\"inLanguage\":\"pt-PT\",\"potentialAction\":[{\"@type\":\"CommentAction\",\"name\":\"Comment\",\"target\":[\"https:\/\/brasilnoticias.org\/site\/rafael-nadal-e-uiga-swiatek-conquistam-premios-de-campeoes-mundiais-da-itf\/#respond\"]}]},{\"@type\":\"WebPage\",\"@id\":\"https:\/\/brasilnoticias.org\/site\/rafael-nadal-e-uiga-swiatek-conquistam-premios-de-campeoes-mundiais-da-itf\/\",\"url\":\"https:\/\/brasilnoticias.org\/site\/rafael-nadal-e-uiga-swiatek-conquistam-premios-de-campeoes-mundiais-da-itf\/\",\"name\":\"Rafael Nadal e UIga Swiatek conquistam pr\u00eamios de 'campe\u00f5es mundiais' da ITF - Brasil not\u00edcias\",\"isPartOf\":{\"@id\":\"https:\/\/brasilnoticias.org\/site\/#website\"},\"primaryImageOfPage\":{\"@id\":\"https:\/\/brasilnoticias.org\/site\/rafael-nadal-e-uiga-swiatek-conquistam-premios-de-campeoes-mundiais-da-itf\/#primaryimage\"},\"image\":{\"@id\":\"https:\/\/brasilnoticias.org\/site\/rafael-nadal-e-uiga-swiatek-conquistam-premios-de-campeoes-mundiais-da-itf\/#primaryimage\"},\"thumbnailUrl\":\"https:\/\/brasilnoticias.org\/site\/wp-content\/uploads\/2022\/12\/naom_6293cff579862.jpg\",\"datePublished\":\"2022-12-15T21:00:20+00:00\",\"breadcrumb\":{\"@id\":\"https:\/\/brasilnoticias.org\/site\/rafael-nadal-e-uiga-swiatek-conquistam-premios-de-campeoes-mundiais-da-itf\/#breadcrumb\"},\"inLanguage\":\"pt-PT\",\"potentialAction\":[{\"@type\":\"ReadAction\",\"target\":[\"https:\/\/brasilnoticias.org\/site\/rafael-nadal-e-uiga-swiatek-conquistam-premios-de-campeoes-mundiais-da-itf\/\"]}]},{\"@type\":\"ImageObject\",\"inLanguage\":\"pt-PT\",\"@id\":\"https:\/\/brasilnoticias.org\/site\/rafael-nadal-e-uiga-swiatek-conquistam-premios-de-campeoes-mundiais-da-itf\/#primaryimage\",\"url\":\"https:\/\/brasilnoticias.org\/site\/wp-content\/uploads\/2022\/12\/naom_6293cff579862.jpg\",\"contentUrl\":\"https:\/\/brasilnoticias.org\/site\/wp-content\/uploads\/2022\/12\/naom_6293cff579862.jpg\",\"width\":960,\"height\":540},{\"@type\":\"BreadcrumbList\",\"@id\":\"https:\/\/brasilnoticias.org\/site\/rafael-nadal-e-uiga-swiatek-conquistam-premios-de-campeoes-mundiais-da-itf\/#breadcrumb\",\"itemListElement\":[{\"@type\":\"ListItem\",\"position\":1,\"name\":\"In\u00edcio\",\"item\":\"https:\/\/brasilnoticias.org\/site\/\"},{\"@type\":\"ListItem\",\"position\":2,\"name\":\"Rafael Nadal e UIga Swiatek conquistam pr\u00eamios de &#8216;campe\u00f5es mundiais&#8217; da ITF\"}]},{\"@type\":\"WebSite\",\"@id\":\"https:\/\/brasilnoticias.org\/site\/#website\",\"url\":\"https:\/\/brasilnoticias.org\/site\/\",\"name\":\"Brasil not\u00edcias\",\"description\":\"Brasil not\u00edcias\",\"publisher\":{\"@id\":\"https:\/\/brasilnoticias.org\/site\/#organization\"},\"potentialAction\":[{\"@type\":\"SearchAction\",\"target\":{\"@type\":\"EntryPoint\",\"urlTemplate\":\"https:\/\/brasilnoticias.org\/site\/?s={search_term_string}\"},\"query-input\":{\"@type\":\"PropertyValueSpecification\",\"valueRequired\":true,\"valueName\":\"search_term_string\"}}],\"inLanguage\":\"pt-PT\"},{\"@type\":\"Organization\",\"@id\":\"https:\/\/brasilnoticias.org\/site\/#organization\",\"name\":\"Brasil not\u00edcias\",\"url\":\"https:\/\/brasilnoticias.org\/site\/\",\"logo\":{\"@type\":\"ImageObject\",\"inLanguage\":\"pt-PT\",\"@id\":\"https:\/\/brasilnoticias.org\/site\/#\/schema\/logo\/image\/\",\"url\":\"https:\/\/brasilnoticias.org\/site\/wp-content\/uploads\/2022\/05\/cropped-brasilnoticias-mini.jpg\",\"contentUrl\":\"https:\/\/brasilnoticias.org\/site\/wp-content\/uploads\/2022\/05\/cropped-brasilnoticias-mini.jpg\",\"width\":314,\"height\":86,\"caption\":\"Brasil not\u00edcias\"},\"image\":{\"@id\":\"https:\/\/brasilnoticias.org\/site\/#\/schema\/logo\/image\/\"}},{\"@type\":\"Person\",\"@id\":\"https:\/\/brasilnoticias.org\/site\/#\/schema\/person\/a0e05b973ec4d15c658d51911e53507b\",\"name\":\"Reda\u00e7\u00e3o\",\"image\":{\"@type\":\"ImageObject\",\"inLanguage\":\"pt-PT\",\"@id\":\"https:\/\/brasilnoticias.org\/site\/#\/schema\/person\/image\/\",\"url\":\"https:\/\/secure.gravatar.com\/avatar\/75d8b050df2de108b08ae78dfb8e374892df24a383c67db9c46a9c604f6aee9c?s=96&d=mm&r=g\",\"contentUrl\":\"https:\/\/secure.gravatar.com\/avatar\/75d8b050df2de108b08ae78dfb8e374892df24a383c67db9c46a9c604f6aee9c?s=96&d=mm&r=g\",\"caption\":\"Reda\u00e7\u00e3o\"},\"sameAs\":[\"https:\/\/brasilnoticias.org\/site\"],\"url\":\"https:\/\/brasilnoticias.org\/site\/author\/fernandozsngmail-com\/\"}]}<\/script>\n<!-- \/ Yoast SEO plugin. -->","yoast_head_json":{"title":"Rafael Nadal e UIga Swiatek conquistam pr\u00eamios de 'campe\u00f5es mundiais' da ITF - Brasil not\u00edcias","robots":{"index":"index","follow":"follow","max-snippet":"max-snippet:-1","max-image-preview":"max-image-preview:large","max-video-preview":"max-video-preview:-1"},"canonical":"https:\/\/brasilnoticias.org\/site\/rafael-nadal-e-uiga-swiatek-conquistam-premios-de-campeoes-mundiais-da-itf\/","og_locale":"pt_PT","og_type":"article","og_title":"Rafael Nadal e UIga Swiatek conquistam pr\u00eamios de 'campe\u00f5es mundiais' da ITF - Brasil not\u00edcias","og_description":"A Federa\u00e7\u00e3o Internacional de T\u00eanis ITF) homenageou, nesta quinta-feira, a tenista polonesa Iga Swiatek e o espanhol Rafael Nadal como","og_url":"https:\/\/brasilnoticias.org\/site\/rafael-nadal-e-uiga-swiatek-conquistam-premios-de-campeoes-mundiais-da-itf\/","og_site_name":"Brasil not\u00edcias","article_published_time":"2022-12-15T21:00:20+00:00","og_image":[{"width":960,"height":540,"url":"https:\/\/brasilnoticias.org\/site\/wp-content\/uploads\/2022\/12\/naom_6293cff579862.jpg","type":"image\/jpeg"}],"author":"Reda\u00e7\u00e3o","twitter_card":"summary_large_image","twitter_misc":{"Escrito por":"Reda\u00e7\u00e3o","Tempo estimado de leitura":"2 minutos"},"schema":{"@context":"https:\/\/schema.org","@graph":[{"@type":"Article","@id":"https:\/\/brasilnoticias.org\/site\/rafael-nadal-e-uiga-swiatek-conquistam-premios-de-campeoes-mundiais-da-itf\/#article","isPartOf":{"@id":"https:\/\/brasilnoticias.org\/site\/rafael-nadal-e-uiga-swiatek-conquistam-premios-de-campeoes-mundiais-da-itf\/"},"author":{"name":"Reda\u00e7\u00e3o","@id":"https:\/\/brasilnoticias.org\/site\/#\/schema\/person\/a0e05b973ec4d15c658d51911e53507b"},"headline":"Rafael Nadal e UIga Swiatek conquistam pr\u00eamios de &#8216;campe\u00f5es mundiais&#8217; da ITF","datePublished":"2022-12-15T21:00:20+00:00","mainEntityOfPage":{"@id":"https:\/\/brasilnoticias.org\/site\/rafael-nadal-e-uiga-swiatek-conquistam-premios-de-campeoes-mundiais-da-itf\/"},"wordCount":323,"commentCount":0,"publisher":{"@id":"https:\/\/brasilnoticias.org\/site\/#organization"},"image":{"@id":"https:\/\/brasilnoticias.org\/site\/rafael-nadal-e-uiga-swiatek-conquistam-premios-de-campeoes-mundiais-da-itf\/#primaryimage"},"thumbnailUrl":"https:\/\/brasilnoticias.org\/site\/wp-content\/uploads\/2022\/12\/naom_6293cff579862.jpg","articleSection":["Esporte","\u00daltimas"],"inLanguage":"pt-PT","potentialAction":[{"@type":"CommentAction","name":"Comment","target":["https:\/\/brasilnoticias.org\/site\/rafael-nadal-e-uiga-swiatek-conquistam-premios-de-campeoes-mundiais-da-itf\/#respond"]}]},{"@type":"WebPage","@id":"https:\/\/brasilnoticias.org\/site\/rafael-nadal-e-uiga-swiatek-conquistam-premios-de-campeoes-mundiais-da-itf\/","url":"https:\/\/brasilnoticias.org\/site\/rafael-nadal-e-uiga-swiatek-conquistam-premios-de-campeoes-mundiais-da-itf\/","name":"Rafael Nadal e UIga Swiatek conquistam pr\u00eamios de 'campe\u00f5es mundiais' da ITF - Brasil not\u00edcias","isPartOf":{"@id":"https:\/\/brasilnoticias.org\/site\/#website"},"primaryImageOfPage":{"@id":"https:\/\/brasilnoticias.org\/site\/rafael-nadal-e-uiga-swiatek-conquistam-premios-de-campeoes-mundiais-da-itf\/#primaryimage"},"image":{"@id":"https:\/\/brasilnoticias.org\/site\/rafael-nadal-e-uiga-swiatek-conquistam-premios-de-campeoes-mundiais-da-itf\/#primaryimage"},"thumbnailUrl":"https:\/\/brasilnoticias.org\/site\/wp-content\/uploads\/2022\/12\/naom_6293cff579862.jpg","datePublished":"2022-12-15T21:00:20+00:00","breadcrumb":{"@id":"https:\/\/brasilnoticias.org\/site\/rafael-nadal-e-uiga-swiatek-conquistam-premios-de-campeoes-mundiais-da-itf\/#breadcrumb"},"inLanguage":"pt-PT","potentialAction":[{"@type":"ReadAction","target":["https:\/\/brasilnoticias.org\/site\/rafael-nadal-e-uiga-swiatek-conquistam-premios-de-campeoes-mundiais-da-itf\/"]}]},{"@type":"ImageObject","inLanguage":"pt-PT","@id":"https:\/\/brasilnoticias.org\/site\/rafael-nadal-e-uiga-swiatek-conquistam-premios-de-campeoes-mundiais-da-itf\/#primaryimage","url":"https:\/\/brasilnoticias.org\/site\/wp-content\/uploads\/2022\/12\/naom_6293cff579862.jpg","contentUrl":"https:\/\/brasilnoticias.org\/site\/wp-content\/uploads\/2022\/12\/naom_6293cff579862.jpg","width":960,"height":540},{"@type":"BreadcrumbList","@id":"https:\/\/brasilnoticias.org\/site\/rafael-nadal-e-uiga-swiatek-conquistam-premios-de-campeoes-mundiais-da-itf\/#breadcrumb","itemListElement":[{"@type":"ListItem","position":1,"name":"In\u00edcio","item":"https:\/\/brasilnoticias.org\/site\/"},{"@type":"ListItem","position":2,"name":"Rafael Nadal e UIga Swiatek conquistam pr\u00eamios de &#8216;campe\u00f5es mundiais&#8217; da ITF"}]},{"@type":"WebSite","@id":"https:\/\/brasilnoticias.org\/site\/#website","url":"https:\/\/brasilnoticias.org\/site\/","name":"Brasil not\u00edcias","description":"Brasil not\u00edcias","publisher":{"@id":"https:\/\/brasilnoticias.org\/site\/#organization"},"potentialAction":[{"@type":"SearchAction","target":{"@type":"EntryPoint","urlTemplate":"https:\/\/brasilnoticias.org\/site\/?s={search_term_string}"},"query-input":{"@type":"PropertyValueSpecification","valueRequired":true,"valueName":"search_term_string"}}],"inLanguage":"pt-PT"},{"@type":"Organization","@id":"https:\/\/brasilnoticias.org\/site\/#organization","name":"Brasil not\u00edcias","url":"https:\/\/brasilnoticias.org\/site\/","logo":{"@type":"ImageObject","inLanguage":"pt-PT","@id":"https:\/\/brasilnoticias.org\/site\/#\/schema\/logo\/image\/","url":"https:\/\/brasilnoticias.org\/site\/wp-content\/uploads\/2022\/05\/cropped-brasilnoticias-mini.jpg","contentUrl":"https:\/\/brasilnoticias.org\/site\/wp-content\/uploads\/2022\/05\/cropped-brasilnoticias-mini.jpg","width":314,"height":86,"caption":"Brasil not\u00edcias"},"image":{"@id":"https:\/\/brasilnoticias.org\/site\/#\/schema\/logo\/image\/"}},{"@type":"Person","@id":"https:\/\/brasilnoticias.org\/site\/#\/schema\/person\/a0e05b973ec4d15c658d51911e53507b","name":"Reda\u00e7\u00e3o","image":{"@type":"ImageObject","inLanguage":"pt-PT","@id":"https:\/\/brasilnoticias.org\/site\/#\/schema\/person\/image\/","url":"https:\/\/secure.gravatar.com\/avatar\/75d8b050df2de108b08ae78dfb8e374892df24a383c67db9c46a9c604f6aee9c?s=96&d=mm&r=g","contentUrl":"https:\/\/secure.gravatar.com\/avatar\/75d8b050df2de108b08ae78dfb8e374892df24a383c67db9c46a9c604f6aee9c?s=96&d=mm&r=g","caption":"Reda\u00e7\u00e3o"},"sameAs":["https:\/\/brasilnoticias.org\/site"],"url":"https:\/\/brasilnoticias.org\/site\/author\/fernandozsngmail-com\/"}]}},"_links":{"self":[{"href":"https:\/\/brasilnoticias.org\/site\/wp-json\/wp\/v2\/posts\/2799","targetHints":{"allow":["GET"]}}],"collection":[{"href":"https:\/\/brasilnoticias.org\/site\/wp-json\/wp\/v2\/posts"}],"about":[{"href":"https:\/\/brasilnoticias.org\/site\/wp-json\/wp\/v2\/types\/post"}],"author":[{"embeddable":true,"href":"https:\/\/brasilnoticias.org\/site\/wp-json\/wp\/v2\/users\/1"}],"replies":[{"embeddable":true,"href":"https:\/\/brasilnoticias.org\/site\/wp-json\/wp\/v2\/comments?post=2799"}],"version-history":[{"count":1,"href":"https:\/\/brasilnoticias.org\/site\/wp-json\/wp\/v2\/posts\/2799\/revisions"}],"predecessor-version":[{"id":2801,"href":"https:\/\/brasilnoticias.org\/site\/wp-json\/wp\/v2\/posts\/2799\/revisions\/2801"}],"wp:featuredmedia":[{"embeddable":true,"href":"https:\/\/brasilnoticias.org\/site\/wp-json\/wp\/v2\/media\/2800"}],"wp:attachment":[{"href":"https:\/\/brasilnoticias.org\/site\/wp-json\/wp\/v2\/media?parent=2799"}],"wp:term":[{"taxonomy":"category","embeddable":true,"href":"https:\/\/brasilnoticias.org\/site\/wp-json\/wp\/v2\/categories?post=2799"},{"taxonomy":"post_tag","embeddable":true,"href":"https:\/\/brasilnoticias.org\/site\/wp-json\/wp\/v2\/tags?post=2799"}],"curies":[{"name":"wp","href":"https:\/\/api.w.org\/{rel}","templated":true}]}}