{"id":280,"date":"2022-05-15T19:05:06","date_gmt":"2022-05-15T22:05:06","guid":{"rendered":"https:\/\/brasilnoticias.org\/site\/?p=280"},"modified":"2022-05-15T19:05:06","modified_gmt":"2022-05-15T22:05:06","slug":"bolsonaro-admite-falta-de-verba-no-incra-e-cogita-tirar-de-outra-pasta-para-orgao-nao-parar","status":"publish","type":"post","link":"https:\/\/brasilnoticias.org\/site\/bolsonaro-admite-falta-de-verba-no-incra-e-cogita-tirar-de-outra-pasta-para-orgao-nao-parar\/","title":{"rendered":"BOLSONARO ADMITE FALTA DE VERBA NO INCRA E COGITA TIRAR DE OUTRA PASTA PARA \u00d3RG\u00c3O N\u00c3O PARAR"},"content":{"rendered":"<p>O presidente Jair Bolsonaro (PL) disse neste domingo (15) que vai pedir ao ministro da Economia, Paulo Guedes, a libera\u00e7\u00e3o de dinheiro para retomar atividades do Incra (Instituto Nacional de Coloniza\u00e7\u00e3o e Reforma Agr\u00e1ria).<\/p>\n<p>Ele disse que a emiss\u00e3o de t\u00edtulos de propriedade \u201cn\u00e3o pode parar\u201d e que, se necess\u00e1rio, pedir\u00e1 a transfer\u00eancia de recursos de outro minist\u00e9rio.<\/p>\n<p>Como revelou a Folha, o\u00a0<a href=\"https:\/\/www.bnews.com.br\/noticias\/bnews-agro\/incra-suspende-atividades-no-governo-bolsonaro-por-falta-de-verba.html\" target=\"_blank\" rel=\"noopener\">\u00f3rg\u00e3o suspendeu atividades por falta de verba<\/a>. O cen\u00e1rio de pen\u00faria e a interrup\u00e7\u00e3o das a\u00e7\u00f5es \u2013inclusive as de entrega de t\u00edtulo de propriedade a antigos benefici\u00e1rios da reforma agr\u00e1ria, que virou uma febre no governo\u2013 foram informados internamente por Geraldo Melo Filho, presidente do \u00f3rg\u00e3o.<\/p>\n<p>Em of\u00edcio enviado no in\u00edcio da noite de sexta-feira (13) \u00e0s superintend\u00eancias regionais, Melo Filho ordena que, pela falta de dinheiro, atividades t\u00e9cnicas de campo, como vistorias, fiscaliza\u00e7\u00f5es e supervis\u00f5es devem ter autoriza\u00e7\u00e3o pr\u00e9via da dire\u00e7\u00e3o, estando vedadas \u201cquaisquer novas a\u00e7\u00f5es a serem iniciadas\u201d que envolvam deslocamento e di\u00e1rias.<\/p>\n<p>Bolsonaro reconheceu a falta de or\u00e7amento ao ser questionado pela imprensa neste domingo. Ele esteve na Pra\u00e7a dos Tr\u00eas Poderes antes de participar de evento em seu apoio por propriet\u00e1rios de lanchas no Lago Parano\u00e1, em Bras\u00edlia.<\/p>\n<p>Vou ver se acerto com o Paulo Guedes esta semana, precisamos de mais recurso. Porque custa dinheiro voc\u00ea mandar o pessoal para as \u00e1reas, trabalhar, emitir o respectivo t\u00edtulo de propriedade. E isso n\u00e3o pode parar\u201d, diz. \u201cE estou pronto, vou falar com Paulo Guedes [para que], se n\u00e3o tiver recurso, cortar de algum minist\u00e9rio.\u201d<\/p>\n<p>Bolsonaro transformou radicalmente o programa de reforma agr\u00e1ria no pa\u00eds, apostando apenas em entrega de t\u00edtulos a antigos assentados. O modelo de distribui\u00e7\u00e3o de terras a camponeses pobres deu lugar a outro em que as verbas s\u00e3o minguantes, as desapropria\u00e7\u00f5es de terras e assentamentos de fam\u00edlias quase n\u00e3o existem mais e o foco se resume a uma maratona de entrega de t\u00edtulos de propriedade.<\/p>\n<p>O or\u00e7amento para aquisi\u00e7\u00e3o de terras desabou de R$ 930 milh\u00f5es em 2011 para R$ 2,4 milh\u00f5es neste ano, o mesmo ocorrendo com a verba discricion\u00e1ria total do Incra, que caiu de R$ 1,9 bilh\u00e3o em 2011 para R$ 500 milh\u00f5es em 2020. A a\u00e7\u00e3o de Bolsonaro \u00e9 uma intensifica\u00e7\u00e3o do que j\u00e1 vinha ocorrendo na gest\u00e3o de Michel Temer (MDB), que assumiu o poder ap\u00f3s o impeachment da presidente Dilma Rousseff (PT).<\/p>\n<p>A queda dos recursos para aquisi\u00e7\u00e3o de terras n\u00e3o \u00e9 isolada, como mostra o of\u00edcio do presidente do Incra obtido pela Folha. No documento, o presidente do \u00f3rg\u00e3o afirma que as a\u00e7\u00f5es da autarquia tem ocorrido gra\u00e7as ao direcionamento das chamadas emendas de relator, que \u00e9 a verba federal controlada pelo Congresso Nacional, mas que nenhum centavo dessa fonte chegou em 2022.<\/p>\n<p>\u201cComo \u00e9 de conhecimento geral, as a\u00e7\u00f5es final\u00edsticas do Incra t\u00eam a totalidade de seus recursos como indicador RP-9 [rubrica das emendas de relator], pendentes de indica\u00e7\u00e3o por parte do relator geral do or\u00e7amento\u201d, afirma Melo Filho no of\u00edcio.<\/p>\n<p>\u201cNesse cen\u00e1rio, j\u00e1 estamos no m\u00eas de maio de 2022 e, at\u00e9 o momento, este instituto n\u00e3o teve disponibilizados recursos para esse fim, pelo fato de que todo o or\u00e7amento final\u00edstico do Incra se encontra indispon\u00edvel, e n\u00e3o pode ser utilizado de forma discricion\u00e1ria pela autarquia\u201d, completa.<\/p>\n<p>&nbsp;<\/p>\n<p>&nbsp;<\/p>\n<p>&nbsp;<\/p>\n<p>Bnews<\/p>\n","protected":false},"excerpt":{"rendered":"<p>O presidente Jair Bolsonaro (PL) disse neste domingo (15) que vai pedir ao ministro da Economia, Paulo Guedes, a libera\u00e7\u00e3o<\/p>\n","protected":false},"author":2,"featured_media":281,"comment_status":"open","ping_status":"open","sticky":false,"template":"","format":"standard","meta":{"colormag_page_container_layout":"default_layout","colormag_page_sidebar_layout":"default_layout","_FSMCFIC_featured_image_caption":"","_FSMCFIC_featured_image_nocaption":"","_FSMCFIC_featured_image_hide":"","footnotes":""},"categories":[5,1],"tags":[],"class_list":["post-280","post","type-post","status-publish","format-standard","has-post-thumbnail","hentry","category-politica","category-ultimas"],"yoast_head":"<!-- This site is optimized with the Yoast SEO plugin v27.1.1 - https:\/\/yoast.com\/product\/yoast-seo-wordpress\/ -->\n<title>BOLSONARO ADMITE FALTA DE VERBA NO INCRA E COGITA TIRAR DE OUTRA PASTA PARA \u00d3RG\u00c3O N\u00c3O PARAR - Brasil not\u00edcias<\/title>\n<meta name=\"robots\" content=\"index, follow, max-snippet:-1, max-image-preview:large, max-video-preview:-1\" \/>\n<link rel=\"canonical\" href=\"https:\/\/brasilnoticias.org\/site\/bolsonaro-admite-falta-de-verba-no-incra-e-cogita-tirar-de-outra-pasta-para-orgao-nao-parar\/\" \/>\n<meta property=\"og:locale\" content=\"pt_PT\" \/>\n<meta property=\"og:type\" content=\"article\" \/>\n<meta property=\"og:title\" content=\"BOLSONARO ADMITE FALTA DE VERBA NO INCRA E COGITA TIRAR DE OUTRA PASTA PARA \u00d3RG\u00c3O N\u00c3O PARAR - Brasil not\u00edcias\" \/>\n<meta property=\"og:description\" content=\"O presidente Jair Bolsonaro (PL) disse neste domingo (15) que vai pedir ao ministro da Economia, Paulo Guedes, a libera\u00e7\u00e3o\" \/>\n<meta property=\"og:url\" content=\"https:\/\/brasilnoticias.org\/site\/bolsonaro-admite-falta-de-verba-no-incra-e-cogita-tirar-de-outra-pasta-para-orgao-nao-parar\/\" \/>\n<meta property=\"og:site_name\" content=\"Brasil not\u00edcias\" \/>\n<meta property=\"article:published_time\" content=\"2022-05-15T22:05:06+00:00\" \/>\n<meta property=\"og:image\" content=\"https:\/\/brasilnoticias.org\/site\/wp-content\/uploads\/2022\/05\/pgr_posse_planalto_0429202641_widelg.jpg\" \/>\n\t<meta property=\"og:image:width\" content=\"800\" \/>\n\t<meta property=\"og:image:height\" content=\"450\" \/>\n\t<meta property=\"og:image:type\" content=\"image\/jpeg\" \/>\n<meta name=\"author\" content=\"Reda\u00e7\u00e3o\" \/>\n<meta name=\"twitter:card\" content=\"summary_large_image\" \/>\n<meta name=\"twitter:label1\" content=\"Escrito por\" \/>\n\t<meta name=\"twitter:data1\" content=\"Reda\u00e7\u00e3o\" \/>\n\t<meta name=\"twitter:label2\" content=\"Tempo estimado de leitura\" \/>\n\t<meta name=\"twitter:data2\" content=\"3 minutos\" \/>\n<script type=\"application\/ld+json\" class=\"yoast-schema-graph\">{\"@context\":\"https:\/\/schema.org\",\"@graph\":[{\"@type\":\"Article\",\"@id\":\"https:\/\/brasilnoticias.org\/site\/bolsonaro-admite-falta-de-verba-no-incra-e-cogita-tirar-de-outra-pasta-para-orgao-nao-parar\/#article\",\"isPartOf\":{\"@id\":\"https:\/\/brasilnoticias.org\/site\/bolsonaro-admite-falta-de-verba-no-incra-e-cogita-tirar-de-outra-pasta-para-orgao-nao-parar\/\"},\"author\":{\"name\":\"Reda\u00e7\u00e3o\",\"@id\":\"https:\/\/brasilnoticias.org\/site\/#\/schema\/person\/f609fa847b5314f1c8b983342f34c798\"},\"headline\":\"BOLSONARO ADMITE FALTA DE VERBA NO INCRA E COGITA TIRAR DE OUTRA PASTA PARA \u00d3RG\u00c3O N\u00c3O PARAR\",\"datePublished\":\"2022-05-15T22:05:06+00:00\",\"mainEntityOfPage\":{\"@id\":\"https:\/\/brasilnoticias.org\/site\/bolsonaro-admite-falta-de-verba-no-incra-e-cogita-tirar-de-outra-pasta-para-orgao-nao-parar\/\"},\"wordCount\":621,\"commentCount\":0,\"publisher\":{\"@id\":\"https:\/\/brasilnoticias.org\/site\/#organization\"},\"image\":{\"@id\":\"https:\/\/brasilnoticias.org\/site\/bolsonaro-admite-falta-de-verba-no-incra-e-cogita-tirar-de-outra-pasta-para-orgao-nao-parar\/#primaryimage\"},\"thumbnailUrl\":\"https:\/\/brasilnoticias.org\/site\/wp-content\/uploads\/2022\/05\/pgr_posse_planalto_0429202641_widelg.jpg\",\"articleSection\":[\"Pol\u00edtica\",\"\u00daltimas\"],\"inLanguage\":\"pt-PT\",\"potentialAction\":[{\"@type\":\"CommentAction\",\"name\":\"Comment\",\"target\":[\"https:\/\/brasilnoticias.org\/site\/bolsonaro-admite-falta-de-verba-no-incra-e-cogita-tirar-de-outra-pasta-para-orgao-nao-parar\/#respond\"]}]},{\"@type\":\"WebPage\",\"@id\":\"https:\/\/brasilnoticias.org\/site\/bolsonaro-admite-falta-de-verba-no-incra-e-cogita-tirar-de-outra-pasta-para-orgao-nao-parar\/\",\"url\":\"https:\/\/brasilnoticias.org\/site\/bolsonaro-admite-falta-de-verba-no-incra-e-cogita-tirar-de-outra-pasta-para-orgao-nao-parar\/\",\"name\":\"BOLSONARO ADMITE FALTA DE VERBA NO INCRA E COGITA TIRAR DE OUTRA PASTA PARA \u00d3RG\u00c3O N\u00c3O PARAR - Brasil not\u00edcias\",\"isPartOf\":{\"@id\":\"https:\/\/brasilnoticias.org\/site\/#website\"},\"primaryImageOfPage\":{\"@id\":\"https:\/\/brasilnoticias.org\/site\/bolsonaro-admite-falta-de-verba-no-incra-e-cogita-tirar-de-outra-pasta-para-orgao-nao-parar\/#primaryimage\"},\"image\":{\"@id\":\"https:\/\/brasilnoticias.org\/site\/bolsonaro-admite-falta-de-verba-no-incra-e-cogita-tirar-de-outra-pasta-para-orgao-nao-parar\/#primaryimage\"},\"thumbnailUrl\":\"https:\/\/brasilnoticias.org\/site\/wp-content\/uploads\/2022\/05\/pgr_posse_planalto_0429202641_widelg.jpg\",\"datePublished\":\"2022-05-15T22:05:06+00:00\",\"breadcrumb\":{\"@id\":\"https:\/\/brasilnoticias.org\/site\/bolsonaro-admite-falta-de-verba-no-incra-e-cogita-tirar-de-outra-pasta-para-orgao-nao-parar\/#breadcrumb\"},\"inLanguage\":\"pt-PT\",\"potentialAction\":[{\"@type\":\"ReadAction\",\"target\":[\"https:\/\/brasilnoticias.org\/site\/bolsonaro-admite-falta-de-verba-no-incra-e-cogita-tirar-de-outra-pasta-para-orgao-nao-parar\/\"]}]},{\"@type\":\"ImageObject\",\"inLanguage\":\"pt-PT\",\"@id\":\"https:\/\/brasilnoticias.org\/site\/bolsonaro-admite-falta-de-verba-no-incra-e-cogita-tirar-de-outra-pasta-para-orgao-nao-parar\/#primaryimage\",\"url\":\"https:\/\/brasilnoticias.org\/site\/wp-content\/uploads\/2022\/05\/pgr_posse_planalto_0429202641_widelg.jpg\",\"contentUrl\":\"https:\/\/brasilnoticias.org\/site\/wp-content\/uploads\/2022\/05\/pgr_posse_planalto_0429202641_widelg.jpg\",\"width\":800,\"height\":450},{\"@type\":\"BreadcrumbList\",\"@id\":\"https:\/\/brasilnoticias.org\/site\/bolsonaro-admite-falta-de-verba-no-incra-e-cogita-tirar-de-outra-pasta-para-orgao-nao-parar\/#breadcrumb\",\"itemListElement\":[{\"@type\":\"ListItem\",\"position\":1,\"name\":\"In\u00edcio\",\"item\":\"https:\/\/brasilnoticias.org\/site\/\"},{\"@type\":\"ListItem\",\"position\":2,\"name\":\"BOLSONARO ADMITE FALTA DE VERBA NO INCRA E COGITA TIRAR DE OUTRA PASTA PARA \u00d3RG\u00c3O N\u00c3O PARAR\"}]},{\"@type\":\"WebSite\",\"@id\":\"https:\/\/brasilnoticias.org\/site\/#website\",\"url\":\"https:\/\/brasilnoticias.org\/site\/\",\"name\":\"Brasil not\u00edcias\",\"description\":\"Brasil not\u00edcias\",\"publisher\":{\"@id\":\"https:\/\/brasilnoticias.org\/site\/#organization\"},\"potentialAction\":[{\"@type\":\"SearchAction\",\"target\":{\"@type\":\"EntryPoint\",\"urlTemplate\":\"https:\/\/brasilnoticias.org\/site\/?s={search_term_string}\"},\"query-input\":{\"@type\":\"PropertyValueSpecification\",\"valueRequired\":true,\"valueName\":\"search_term_string\"}}],\"inLanguage\":\"pt-PT\"},{\"@type\":\"Organization\",\"@id\":\"https:\/\/brasilnoticias.org\/site\/#organization\",\"name\":\"Brasil not\u00edcias\",\"url\":\"https:\/\/brasilnoticias.org\/site\/\",\"logo\":{\"@type\":\"ImageObject\",\"inLanguage\":\"pt-PT\",\"@id\":\"https:\/\/brasilnoticias.org\/site\/#\/schema\/logo\/image\/\",\"url\":\"https:\/\/brasilnoticias.org\/site\/wp-content\/uploads\/2022\/05\/cropped-brasilnoticias-mini.jpg\",\"contentUrl\":\"https:\/\/brasilnoticias.org\/site\/wp-content\/uploads\/2022\/05\/cropped-brasilnoticias-mini.jpg\",\"width\":314,\"height\":86,\"caption\":\"Brasil not\u00edcias\"},\"image\":{\"@id\":\"https:\/\/brasilnoticias.org\/site\/#\/schema\/logo\/image\/\"}},{\"@type\":\"Person\",\"@id\":\"https:\/\/brasilnoticias.org\/site\/#\/schema\/person\/f609fa847b5314f1c8b983342f34c798\",\"name\":\"Reda\u00e7\u00e3o\",\"image\":{\"@type\":\"ImageObject\",\"inLanguage\":\"pt-PT\",\"@id\":\"https:\/\/brasilnoticias.org\/site\/#\/schema\/person\/image\/\",\"url\":\"https:\/\/secure.gravatar.com\/avatar\/447284c06c1ad8b46465a36de9cd0d8326b73387a22799b8b1ffb1fbcff2ed0c?s=96&d=mm&r=g\",\"contentUrl\":\"https:\/\/secure.gravatar.com\/avatar\/447284c06c1ad8b46465a36de9cd0d8326b73387a22799b8b1ffb1fbcff2ed0c?s=96&d=mm&r=g\",\"caption\":\"Reda\u00e7\u00e3o\"},\"url\":\"https:\/\/brasilnoticias.org\/site\/author\/redacao\/\"}]}<\/script>\n<!-- \/ Yoast SEO plugin. -->","yoast_head_json":{"title":"BOLSONARO ADMITE FALTA DE VERBA NO INCRA E COGITA TIRAR DE OUTRA PASTA PARA \u00d3RG\u00c3O N\u00c3O PARAR - Brasil not\u00edcias","robots":{"index":"index","follow":"follow","max-snippet":"max-snippet:-1","max-image-preview":"max-image-preview:large","max-video-preview":"max-video-preview:-1"},"canonical":"https:\/\/brasilnoticias.org\/site\/bolsonaro-admite-falta-de-verba-no-incra-e-cogita-tirar-de-outra-pasta-para-orgao-nao-parar\/","og_locale":"pt_PT","og_type":"article","og_title":"BOLSONARO ADMITE FALTA DE VERBA NO INCRA E COGITA TIRAR DE OUTRA PASTA PARA \u00d3RG\u00c3O N\u00c3O PARAR - Brasil not\u00edcias","og_description":"O presidente Jair Bolsonaro (PL) disse neste domingo (15) que vai pedir ao ministro da Economia, Paulo Guedes, a libera\u00e7\u00e3o","og_url":"https:\/\/brasilnoticias.org\/site\/bolsonaro-admite-falta-de-verba-no-incra-e-cogita-tirar-de-outra-pasta-para-orgao-nao-parar\/","og_site_name":"Brasil not\u00edcias","article_published_time":"2022-05-15T22:05:06+00:00","og_image":[{"width":800,"height":450,"url":"https:\/\/brasilnoticias.org\/site\/wp-content\/uploads\/2022\/05\/pgr_posse_planalto_0429202641_widelg.jpg","type":"image\/jpeg"}],"author":"Reda\u00e7\u00e3o","twitter_card":"summary_large_image","twitter_misc":{"Escrito por":"Reda\u00e7\u00e3o","Tempo estimado de leitura":"3 minutos"},"schema":{"@context":"https:\/\/schema.org","@graph":[{"@type":"Article","@id":"https:\/\/brasilnoticias.org\/site\/bolsonaro-admite-falta-de-verba-no-incra-e-cogita-tirar-de-outra-pasta-para-orgao-nao-parar\/#article","isPartOf":{"@id":"https:\/\/brasilnoticias.org\/site\/bolsonaro-admite-falta-de-verba-no-incra-e-cogita-tirar-de-outra-pasta-para-orgao-nao-parar\/"},"author":{"name":"Reda\u00e7\u00e3o","@id":"https:\/\/brasilnoticias.org\/site\/#\/schema\/person\/f609fa847b5314f1c8b983342f34c798"},"headline":"BOLSONARO ADMITE FALTA DE VERBA NO INCRA E COGITA TIRAR DE OUTRA PASTA PARA \u00d3RG\u00c3O N\u00c3O PARAR","datePublished":"2022-05-15T22:05:06+00:00","mainEntityOfPage":{"@id":"https:\/\/brasilnoticias.org\/site\/bolsonaro-admite-falta-de-verba-no-incra-e-cogita-tirar-de-outra-pasta-para-orgao-nao-parar\/"},"wordCount":621,"commentCount":0,"publisher":{"@id":"https:\/\/brasilnoticias.org\/site\/#organization"},"image":{"@id":"https:\/\/brasilnoticias.org\/site\/bolsonaro-admite-falta-de-verba-no-incra-e-cogita-tirar-de-outra-pasta-para-orgao-nao-parar\/#primaryimage"},"thumbnailUrl":"https:\/\/brasilnoticias.org\/site\/wp-content\/uploads\/2022\/05\/pgr_posse_planalto_0429202641_widelg.jpg","articleSection":["Pol\u00edtica","\u00daltimas"],"inLanguage":"pt-PT","potentialAction":[{"@type":"CommentAction","name":"Comment","target":["https:\/\/brasilnoticias.org\/site\/bolsonaro-admite-falta-de-verba-no-incra-e-cogita-tirar-de-outra-pasta-para-orgao-nao-parar\/#respond"]}]},{"@type":"WebPage","@id":"https:\/\/brasilnoticias.org\/site\/bolsonaro-admite-falta-de-verba-no-incra-e-cogita-tirar-de-outra-pasta-para-orgao-nao-parar\/","url":"https:\/\/brasilnoticias.org\/site\/bolsonaro-admite-falta-de-verba-no-incra-e-cogita-tirar-de-outra-pasta-para-orgao-nao-parar\/","name":"BOLSONARO ADMITE FALTA DE VERBA NO INCRA E COGITA TIRAR DE OUTRA PASTA PARA \u00d3RG\u00c3O N\u00c3O PARAR - Brasil not\u00edcias","isPartOf":{"@id":"https:\/\/brasilnoticias.org\/site\/#website"},"primaryImageOfPage":{"@id":"https:\/\/brasilnoticias.org\/site\/bolsonaro-admite-falta-de-verba-no-incra-e-cogita-tirar-de-outra-pasta-para-orgao-nao-parar\/#primaryimage"},"image":{"@id":"https:\/\/brasilnoticias.org\/site\/bolsonaro-admite-falta-de-verba-no-incra-e-cogita-tirar-de-outra-pasta-para-orgao-nao-parar\/#primaryimage"},"thumbnailUrl":"https:\/\/brasilnoticias.org\/site\/wp-content\/uploads\/2022\/05\/pgr_posse_planalto_0429202641_widelg.jpg","datePublished":"2022-05-15T22:05:06+00:00","breadcrumb":{"@id":"https:\/\/brasilnoticias.org\/site\/bolsonaro-admite-falta-de-verba-no-incra-e-cogita-tirar-de-outra-pasta-para-orgao-nao-parar\/#breadcrumb"},"inLanguage":"pt-PT","potentialAction":[{"@type":"ReadAction","target":["https:\/\/brasilnoticias.org\/site\/bolsonaro-admite-falta-de-verba-no-incra-e-cogita-tirar-de-outra-pasta-para-orgao-nao-parar\/"]}]},{"@type":"ImageObject","inLanguage":"pt-PT","@id":"https:\/\/brasilnoticias.org\/site\/bolsonaro-admite-falta-de-verba-no-incra-e-cogita-tirar-de-outra-pasta-para-orgao-nao-parar\/#primaryimage","url":"https:\/\/brasilnoticias.org\/site\/wp-content\/uploads\/2022\/05\/pgr_posse_planalto_0429202641_widelg.jpg","contentUrl":"https:\/\/brasilnoticias.org\/site\/wp-content\/uploads\/2022\/05\/pgr_posse_planalto_0429202641_widelg.jpg","width":800,"height":450},{"@type":"BreadcrumbList","@id":"https:\/\/brasilnoticias.org\/site\/bolsonaro-admite-falta-de-verba-no-incra-e-cogita-tirar-de-outra-pasta-para-orgao-nao-parar\/#breadcrumb","itemListElement":[{"@type":"ListItem","position":1,"name":"In\u00edcio","item":"https:\/\/brasilnoticias.org\/site\/"},{"@type":"ListItem","position":2,"name":"BOLSONARO ADMITE FALTA DE VERBA NO INCRA E COGITA TIRAR DE OUTRA PASTA PARA \u00d3RG\u00c3O N\u00c3O PARAR"}]},{"@type":"WebSite","@id":"https:\/\/brasilnoticias.org\/site\/#website","url":"https:\/\/brasilnoticias.org\/site\/","name":"Brasil not\u00edcias","description":"Brasil not\u00edcias","publisher":{"@id":"https:\/\/brasilnoticias.org\/site\/#organization"},"potentialAction":[{"@type":"SearchAction","target":{"@type":"EntryPoint","urlTemplate":"https:\/\/brasilnoticias.org\/site\/?s={search_term_string}"},"query-input":{"@type":"PropertyValueSpecification","valueRequired":true,"valueName":"search_term_string"}}],"inLanguage":"pt-PT"},{"@type":"Organization","@id":"https:\/\/brasilnoticias.org\/site\/#organization","name":"Brasil not\u00edcias","url":"https:\/\/brasilnoticias.org\/site\/","logo":{"@type":"ImageObject","inLanguage":"pt-PT","@id":"https:\/\/brasilnoticias.org\/site\/#\/schema\/logo\/image\/","url":"https:\/\/brasilnoticias.org\/site\/wp-content\/uploads\/2022\/05\/cropped-brasilnoticias-mini.jpg","contentUrl":"https:\/\/brasilnoticias.org\/site\/wp-content\/uploads\/2022\/05\/cropped-brasilnoticias-mini.jpg","width":314,"height":86,"caption":"Brasil not\u00edcias"},"image":{"@id":"https:\/\/brasilnoticias.org\/site\/#\/schema\/logo\/image\/"}},{"@type":"Person","@id":"https:\/\/brasilnoticias.org\/site\/#\/schema\/person\/f609fa847b5314f1c8b983342f34c798","name":"Reda\u00e7\u00e3o","image":{"@type":"ImageObject","inLanguage":"pt-PT","@id":"https:\/\/brasilnoticias.org\/site\/#\/schema\/person\/image\/","url":"https:\/\/secure.gravatar.com\/avatar\/447284c06c1ad8b46465a36de9cd0d8326b73387a22799b8b1ffb1fbcff2ed0c?s=96&d=mm&r=g","contentUrl":"https:\/\/secure.gravatar.com\/avatar\/447284c06c1ad8b46465a36de9cd0d8326b73387a22799b8b1ffb1fbcff2ed0c?s=96&d=mm&r=g","caption":"Reda\u00e7\u00e3o"},"url":"https:\/\/brasilnoticias.org\/site\/author\/redacao\/"}]}},"_links":{"self":[{"href":"https:\/\/brasilnoticias.org\/site\/wp-json\/wp\/v2\/posts\/280","targetHints":{"allow":["GET"]}}],"collection":[{"href":"https:\/\/brasilnoticias.org\/site\/wp-json\/wp\/v2\/posts"}],"about":[{"href":"https:\/\/brasilnoticias.org\/site\/wp-json\/wp\/v2\/types\/post"}],"author":[{"embeddable":true,"href":"https:\/\/brasilnoticias.org\/site\/wp-json\/wp\/v2\/users\/2"}],"replies":[{"embeddable":true,"href":"https:\/\/brasilnoticias.org\/site\/wp-json\/wp\/v2\/comments?post=280"}],"version-history":[{"count":1,"href":"https:\/\/brasilnoticias.org\/site\/wp-json\/wp\/v2\/posts\/280\/revisions"}],"predecessor-version":[{"id":282,"href":"https:\/\/brasilnoticias.org\/site\/wp-json\/wp\/v2\/posts\/280\/revisions\/282"}],"wp:featuredmedia":[{"embeddable":true,"href":"https:\/\/brasilnoticias.org\/site\/wp-json\/wp\/v2\/media\/281"}],"wp:attachment":[{"href":"https:\/\/brasilnoticias.org\/site\/wp-json\/wp\/v2\/media?parent=280"}],"wp:term":[{"taxonomy":"category","embeddable":true,"href":"https:\/\/brasilnoticias.org\/site\/wp-json\/wp\/v2\/categories?post=280"},{"taxonomy":"post_tag","embeddable":true,"href":"https:\/\/brasilnoticias.org\/site\/wp-json\/wp\/v2\/tags?post=280"}],"curies":[{"name":"wp","href":"https:\/\/api.w.org\/{rel}","templated":true}]}}