{"id":2805,"date":"2022-12-15T18:20:33","date_gmt":"2022-12-15T21:20:33","guid":{"rendered":"https:\/\/brasilnoticias.org\/site\/?p=2805"},"modified":"2022-12-15T17:55:27","modified_gmt":"2022-12-15T20:55:27","slug":"tse-nega-acao-do-pt-e-decide-que-sergio-moro-podera-tomar-posse-como-senador","status":"publish","type":"post","link":"https:\/\/brasilnoticias.org\/site\/tse-nega-acao-do-pt-e-decide-que-sergio-moro-podera-tomar-posse-como-senador\/","title":{"rendered":"TSE nega a\u00e7\u00e3o do PT e decide que Sergio Moro poder\u00e1 tomar posse como senador"},"content":{"rendered":"<p>O Tribunal Superior Eleitoral (TSE) decidiu por unanimidade, nesta quinta-feira, 15, que o ex-juiz Sergio Moro (Uni\u00e3o Brasil-PR), poder\u00e1 tomar posse como senador. Os ministros negaram recurso da federa\u00e7\u00e3o formada por do PT, PCdoB e PV contra decis\u00e3o do Tribunal Regional Eleitoral do Paran\u00e1 (TRE-PR) que decidiu manter o registro de candidatura de Moro.<\/p>\n<p>&nbsp;<\/p>\n<p>A federa\u00e7\u00e3o alegou que Moro n\u00e3o se filiou ao Uni\u00e3o Brasil do Paran\u00e1 no prazo legal de seis meses antes das elei\u00e7\u00f5es &#8211; ou seja, 2 de abril de 2022. O ex-juiz estava filiado at\u00e9 mar\u00e7o no Podemos do Paran\u00e1, e no final daquele m\u00eas foi para o Uni\u00e3o Brasil de S\u00e3o Paulo. Sua transfer\u00eancia de domic\u00edlio eleitoral, no entanto, foi negada por falta de v\u00ednculo com S\u00e3o Paulo. S\u00f3 ent\u00e3o, em junho, Moro formalizou seu v\u00ednculo com o Uni\u00e3o Brasil do Paran\u00e1.<\/p>\n<p>&nbsp;<\/p>\n<p>A defesa de Moro argumentou que &#8220;desde 2011 em momento algum deixou de estar domiciliado eleitoralmente em Curitiba-PR&#8221; e que o domic\u00edlio eleitoral \u00e9 &#8220;irrelevante&#8221; para a filia\u00e7\u00e3o partid\u00e1ria. A tese foi acolhida pelo relator, ministro Raul Ara\u00fajo, que foi seguido pelos demais ministros.<\/p>\n<p>&nbsp;<\/p>\n<p>Nesta quarta-feira, dia 14, o TRE-PR aprovou a presta\u00e7\u00e3o de contas do senador eleito ap\u00f3s ter corrigido inconsist\u00eancias que levaram \u00e0 desaprova\u00e7\u00e3o duas vezes, como descumprimento de prazos, recebimento de recursos de origem n\u00e3o identificada e omiss\u00e3o de receitas e gastos eleitorais.<\/p>\n<div class=\"pub-container inside-news\"><\/div>\n","protected":false},"excerpt":{"rendered":"<p>O Tribunal Superior Eleitoral (TSE) decidiu por unanimidade, nesta quinta-feira, 15, que o ex-juiz Sergio Moro (Uni\u00e3o Brasil-PR), poder\u00e1 tomar<\/p>\n","protected":false},"author":1,"featured_media":2806,"comment_status":"open","ping_status":"open","sticky":false,"template":"","format":"standard","meta":{"colormag_page_container_layout":"default_layout","colormag_page_sidebar_layout":"default_layout","_FSMCFIC_featured_image_caption":"","_FSMCFIC_featured_image_nocaption":"","_FSMCFIC_featured_image_hide":"","footnotes":""},"categories":[5,1],"tags":[],"class_list":["post-2805","post","type-post","status-publish","format-standard","has-post-thumbnail","hentry","category-politica","category-ultimas"],"yoast_head":"<!-- This site is optimized with the Yoast SEO plugin v27.1.1 - https:\/\/yoast.com\/product\/yoast-seo-wordpress\/ -->\n<title>TSE nega a\u00e7\u00e3o do PT e decide que Sergio Moro poder\u00e1 tomar posse como senador - Brasil not\u00edcias<\/title>\n<meta name=\"robots\" content=\"index, follow, max-snippet:-1, max-image-preview:large, max-video-preview:-1\" \/>\n<link rel=\"canonical\" href=\"https:\/\/brasilnoticias.org\/site\/tse-nega-acao-do-pt-e-decide-que-sergio-moro-podera-tomar-posse-como-senador\/\" \/>\n<meta property=\"og:locale\" content=\"pt_PT\" \/>\n<meta property=\"og:type\" content=\"article\" \/>\n<meta property=\"og:title\" content=\"TSE nega a\u00e7\u00e3o do PT e decide que Sergio Moro poder\u00e1 tomar posse como senador - Brasil not\u00edcias\" \/>\n<meta property=\"og:description\" content=\"O Tribunal Superior Eleitoral (TSE) decidiu por unanimidade, nesta quinta-feira, 15, que o ex-juiz Sergio Moro (Uni\u00e3o Brasil-PR), poder\u00e1 tomar\" \/>\n<meta property=\"og:url\" content=\"https:\/\/brasilnoticias.org\/site\/tse-nega-acao-do-pt-e-decide-que-sergio-moro-podera-tomar-posse-como-senador\/\" \/>\n<meta property=\"og:site_name\" content=\"Brasil not\u00edcias\" \/>\n<meta property=\"article:published_time\" content=\"2022-12-15T21:20:33+00:00\" \/>\n<meta property=\"og:image\" content=\"https:\/\/brasilnoticias.org\/site\/wp-content\/uploads\/2022\/12\/sergio-moro.jpg\" \/>\n\t<meta property=\"og:image:width\" content=\"960\" \/>\n\t<meta property=\"og:image:height\" content=\"540\" \/>\n\t<meta property=\"og:image:type\" content=\"image\/jpeg\" \/>\n<meta name=\"author\" content=\"Reda\u00e7\u00e3o\" \/>\n<meta name=\"twitter:card\" content=\"summary_large_image\" \/>\n<meta name=\"twitter:label1\" content=\"Escrito por\" \/>\n\t<meta name=\"twitter:data1\" content=\"Reda\u00e7\u00e3o\" \/>\n\t<meta name=\"twitter:label2\" content=\"Tempo estimado de leitura\" \/>\n\t<meta name=\"twitter:data2\" content=\"1 minuto\" \/>\n<script type=\"application\/ld+json\" class=\"yoast-schema-graph\">{\"@context\":\"https:\/\/schema.org\",\"@graph\":[{\"@type\":\"Article\",\"@id\":\"https:\/\/brasilnoticias.org\/site\/tse-nega-acao-do-pt-e-decide-que-sergio-moro-podera-tomar-posse-como-senador\/#article\",\"isPartOf\":{\"@id\":\"https:\/\/brasilnoticias.org\/site\/tse-nega-acao-do-pt-e-decide-que-sergio-moro-podera-tomar-posse-como-senador\/\"},\"author\":{\"name\":\"Reda\u00e7\u00e3o\",\"@id\":\"https:\/\/brasilnoticias.org\/site\/#\/schema\/person\/a0e05b973ec4d15c658d51911e53507b\"},\"headline\":\"TSE nega a\u00e7\u00e3o do PT e decide que Sergio Moro poder\u00e1 tomar posse como senador\",\"datePublished\":\"2022-12-15T21:20:33+00:00\",\"mainEntityOfPage\":{\"@id\":\"https:\/\/brasilnoticias.org\/site\/tse-nega-acao-do-pt-e-decide-que-sergio-moro-podera-tomar-posse-como-senador\/\"},\"wordCount\":263,\"commentCount\":0,\"publisher\":{\"@id\":\"https:\/\/brasilnoticias.org\/site\/#organization\"},\"image\":{\"@id\":\"https:\/\/brasilnoticias.org\/site\/tse-nega-acao-do-pt-e-decide-que-sergio-moro-podera-tomar-posse-como-senador\/#primaryimage\"},\"thumbnailUrl\":\"https:\/\/brasilnoticias.org\/site\/wp-content\/uploads\/2022\/12\/sergio-moro.jpg\",\"articleSection\":[\"Pol\u00edtica\",\"\u00daltimas\"],\"inLanguage\":\"pt-PT\",\"potentialAction\":[{\"@type\":\"CommentAction\",\"name\":\"Comment\",\"target\":[\"https:\/\/brasilnoticias.org\/site\/tse-nega-acao-do-pt-e-decide-que-sergio-moro-podera-tomar-posse-como-senador\/#respond\"]}]},{\"@type\":\"WebPage\",\"@id\":\"https:\/\/brasilnoticias.org\/site\/tse-nega-acao-do-pt-e-decide-que-sergio-moro-podera-tomar-posse-como-senador\/\",\"url\":\"https:\/\/brasilnoticias.org\/site\/tse-nega-acao-do-pt-e-decide-que-sergio-moro-podera-tomar-posse-como-senador\/\",\"name\":\"TSE nega a\u00e7\u00e3o do PT e decide que Sergio Moro poder\u00e1 tomar posse como senador - Brasil not\u00edcias\",\"isPartOf\":{\"@id\":\"https:\/\/brasilnoticias.org\/site\/#website\"},\"primaryImageOfPage\":{\"@id\":\"https:\/\/brasilnoticias.org\/site\/tse-nega-acao-do-pt-e-decide-que-sergio-moro-podera-tomar-posse-como-senador\/#primaryimage\"},\"image\":{\"@id\":\"https:\/\/brasilnoticias.org\/site\/tse-nega-acao-do-pt-e-decide-que-sergio-moro-podera-tomar-posse-como-senador\/#primaryimage\"},\"thumbnailUrl\":\"https:\/\/brasilnoticias.org\/site\/wp-content\/uploads\/2022\/12\/sergio-moro.jpg\",\"datePublished\":\"2022-12-15T21:20:33+00:00\",\"breadcrumb\":{\"@id\":\"https:\/\/brasilnoticias.org\/site\/tse-nega-acao-do-pt-e-decide-que-sergio-moro-podera-tomar-posse-como-senador\/#breadcrumb\"},\"inLanguage\":\"pt-PT\",\"potentialAction\":[{\"@type\":\"ReadAction\",\"target\":[\"https:\/\/brasilnoticias.org\/site\/tse-nega-acao-do-pt-e-decide-que-sergio-moro-podera-tomar-posse-como-senador\/\"]}]},{\"@type\":\"ImageObject\",\"inLanguage\":\"pt-PT\",\"@id\":\"https:\/\/brasilnoticias.org\/site\/tse-nega-acao-do-pt-e-decide-que-sergio-moro-podera-tomar-posse-como-senador\/#primaryimage\",\"url\":\"https:\/\/brasilnoticias.org\/site\/wp-content\/uploads\/2022\/12\/sergio-moro.jpg\",\"contentUrl\":\"https:\/\/brasilnoticias.org\/site\/wp-content\/uploads\/2022\/12\/sergio-moro.jpg\",\"width\":960,\"height\":540},{\"@type\":\"BreadcrumbList\",\"@id\":\"https:\/\/brasilnoticias.org\/site\/tse-nega-acao-do-pt-e-decide-que-sergio-moro-podera-tomar-posse-como-senador\/#breadcrumb\",\"itemListElement\":[{\"@type\":\"ListItem\",\"position\":1,\"name\":\"In\u00edcio\",\"item\":\"https:\/\/brasilnoticias.org\/site\/\"},{\"@type\":\"ListItem\",\"position\":2,\"name\":\"TSE nega a\u00e7\u00e3o do PT e decide que Sergio Moro poder\u00e1 tomar posse como senador\"}]},{\"@type\":\"WebSite\",\"@id\":\"https:\/\/brasilnoticias.org\/site\/#website\",\"url\":\"https:\/\/brasilnoticias.org\/site\/\",\"name\":\"Brasil not\u00edcias\",\"description\":\"Brasil not\u00edcias\",\"publisher\":{\"@id\":\"https:\/\/brasilnoticias.org\/site\/#organization\"},\"potentialAction\":[{\"@type\":\"SearchAction\",\"target\":{\"@type\":\"EntryPoint\",\"urlTemplate\":\"https:\/\/brasilnoticias.org\/site\/?s={search_term_string}\"},\"query-input\":{\"@type\":\"PropertyValueSpecification\",\"valueRequired\":true,\"valueName\":\"search_term_string\"}}],\"inLanguage\":\"pt-PT\"},{\"@type\":\"Organization\",\"@id\":\"https:\/\/brasilnoticias.org\/site\/#organization\",\"name\":\"Brasil not\u00edcias\",\"url\":\"https:\/\/brasilnoticias.org\/site\/\",\"logo\":{\"@type\":\"ImageObject\",\"inLanguage\":\"pt-PT\",\"@id\":\"https:\/\/brasilnoticias.org\/site\/#\/schema\/logo\/image\/\",\"url\":\"https:\/\/brasilnoticias.org\/site\/wp-content\/uploads\/2022\/05\/cropped-brasilnoticias-mini.jpg\",\"contentUrl\":\"https:\/\/brasilnoticias.org\/site\/wp-content\/uploads\/2022\/05\/cropped-brasilnoticias-mini.jpg\",\"width\":314,\"height\":86,\"caption\":\"Brasil not\u00edcias\"},\"image\":{\"@id\":\"https:\/\/brasilnoticias.org\/site\/#\/schema\/logo\/image\/\"}},{\"@type\":\"Person\",\"@id\":\"https:\/\/brasilnoticias.org\/site\/#\/schema\/person\/a0e05b973ec4d15c658d51911e53507b\",\"name\":\"Reda\u00e7\u00e3o\",\"image\":{\"@type\":\"ImageObject\",\"inLanguage\":\"pt-PT\",\"@id\":\"https:\/\/brasilnoticias.org\/site\/#\/schema\/person\/image\/\",\"url\":\"https:\/\/secure.gravatar.com\/avatar\/75d8b050df2de108b08ae78dfb8e374892df24a383c67db9c46a9c604f6aee9c?s=96&d=mm&r=g\",\"contentUrl\":\"https:\/\/secure.gravatar.com\/avatar\/75d8b050df2de108b08ae78dfb8e374892df24a383c67db9c46a9c604f6aee9c?s=96&d=mm&r=g\",\"caption\":\"Reda\u00e7\u00e3o\"},\"sameAs\":[\"https:\/\/brasilnoticias.org\/site\"],\"url\":\"https:\/\/brasilnoticias.org\/site\/author\/fernandozsngmail-com\/\"}]}<\/script>\n<!-- \/ Yoast SEO plugin. -->","yoast_head_json":{"title":"TSE nega a\u00e7\u00e3o do PT e decide que Sergio Moro poder\u00e1 tomar posse como senador - Brasil not\u00edcias","robots":{"index":"index","follow":"follow","max-snippet":"max-snippet:-1","max-image-preview":"max-image-preview:large","max-video-preview":"max-video-preview:-1"},"canonical":"https:\/\/brasilnoticias.org\/site\/tse-nega-acao-do-pt-e-decide-que-sergio-moro-podera-tomar-posse-como-senador\/","og_locale":"pt_PT","og_type":"article","og_title":"TSE nega a\u00e7\u00e3o do PT e decide que Sergio Moro poder\u00e1 tomar posse como senador - Brasil not\u00edcias","og_description":"O Tribunal Superior Eleitoral (TSE) decidiu por unanimidade, nesta quinta-feira, 15, que o ex-juiz Sergio Moro (Uni\u00e3o Brasil-PR), poder\u00e1 tomar","og_url":"https:\/\/brasilnoticias.org\/site\/tse-nega-acao-do-pt-e-decide-que-sergio-moro-podera-tomar-posse-como-senador\/","og_site_name":"Brasil not\u00edcias","article_published_time":"2022-12-15T21:20:33+00:00","og_image":[{"width":960,"height":540,"url":"https:\/\/brasilnoticias.org\/site\/wp-content\/uploads\/2022\/12\/sergio-moro.jpg","type":"image\/jpeg"}],"author":"Reda\u00e7\u00e3o","twitter_card":"summary_large_image","twitter_misc":{"Escrito por":"Reda\u00e7\u00e3o","Tempo estimado de leitura":"1 minuto"},"schema":{"@context":"https:\/\/schema.org","@graph":[{"@type":"Article","@id":"https:\/\/brasilnoticias.org\/site\/tse-nega-acao-do-pt-e-decide-que-sergio-moro-podera-tomar-posse-como-senador\/#article","isPartOf":{"@id":"https:\/\/brasilnoticias.org\/site\/tse-nega-acao-do-pt-e-decide-que-sergio-moro-podera-tomar-posse-como-senador\/"},"author":{"name":"Reda\u00e7\u00e3o","@id":"https:\/\/brasilnoticias.org\/site\/#\/schema\/person\/a0e05b973ec4d15c658d51911e53507b"},"headline":"TSE nega a\u00e7\u00e3o do PT e decide que Sergio Moro poder\u00e1 tomar posse como senador","datePublished":"2022-12-15T21:20:33+00:00","mainEntityOfPage":{"@id":"https:\/\/brasilnoticias.org\/site\/tse-nega-acao-do-pt-e-decide-que-sergio-moro-podera-tomar-posse-como-senador\/"},"wordCount":263,"commentCount":0,"publisher":{"@id":"https:\/\/brasilnoticias.org\/site\/#organization"},"image":{"@id":"https:\/\/brasilnoticias.org\/site\/tse-nega-acao-do-pt-e-decide-que-sergio-moro-podera-tomar-posse-como-senador\/#primaryimage"},"thumbnailUrl":"https:\/\/brasilnoticias.org\/site\/wp-content\/uploads\/2022\/12\/sergio-moro.jpg","articleSection":["Pol\u00edtica","\u00daltimas"],"inLanguage":"pt-PT","potentialAction":[{"@type":"CommentAction","name":"Comment","target":["https:\/\/brasilnoticias.org\/site\/tse-nega-acao-do-pt-e-decide-que-sergio-moro-podera-tomar-posse-como-senador\/#respond"]}]},{"@type":"WebPage","@id":"https:\/\/brasilnoticias.org\/site\/tse-nega-acao-do-pt-e-decide-que-sergio-moro-podera-tomar-posse-como-senador\/","url":"https:\/\/brasilnoticias.org\/site\/tse-nega-acao-do-pt-e-decide-que-sergio-moro-podera-tomar-posse-como-senador\/","name":"TSE nega a\u00e7\u00e3o do PT e decide que Sergio Moro poder\u00e1 tomar posse como senador - Brasil not\u00edcias","isPartOf":{"@id":"https:\/\/brasilnoticias.org\/site\/#website"},"primaryImageOfPage":{"@id":"https:\/\/brasilnoticias.org\/site\/tse-nega-acao-do-pt-e-decide-que-sergio-moro-podera-tomar-posse-como-senador\/#primaryimage"},"image":{"@id":"https:\/\/brasilnoticias.org\/site\/tse-nega-acao-do-pt-e-decide-que-sergio-moro-podera-tomar-posse-como-senador\/#primaryimage"},"thumbnailUrl":"https:\/\/brasilnoticias.org\/site\/wp-content\/uploads\/2022\/12\/sergio-moro.jpg","datePublished":"2022-12-15T21:20:33+00:00","breadcrumb":{"@id":"https:\/\/brasilnoticias.org\/site\/tse-nega-acao-do-pt-e-decide-que-sergio-moro-podera-tomar-posse-como-senador\/#breadcrumb"},"inLanguage":"pt-PT","potentialAction":[{"@type":"ReadAction","target":["https:\/\/brasilnoticias.org\/site\/tse-nega-acao-do-pt-e-decide-que-sergio-moro-podera-tomar-posse-como-senador\/"]}]},{"@type":"ImageObject","inLanguage":"pt-PT","@id":"https:\/\/brasilnoticias.org\/site\/tse-nega-acao-do-pt-e-decide-que-sergio-moro-podera-tomar-posse-como-senador\/#primaryimage","url":"https:\/\/brasilnoticias.org\/site\/wp-content\/uploads\/2022\/12\/sergio-moro.jpg","contentUrl":"https:\/\/brasilnoticias.org\/site\/wp-content\/uploads\/2022\/12\/sergio-moro.jpg","width":960,"height":540},{"@type":"BreadcrumbList","@id":"https:\/\/brasilnoticias.org\/site\/tse-nega-acao-do-pt-e-decide-que-sergio-moro-podera-tomar-posse-como-senador\/#breadcrumb","itemListElement":[{"@type":"ListItem","position":1,"name":"In\u00edcio","item":"https:\/\/brasilnoticias.org\/site\/"},{"@type":"ListItem","position":2,"name":"TSE nega a\u00e7\u00e3o do PT e decide que Sergio Moro poder\u00e1 tomar posse como senador"}]},{"@type":"WebSite","@id":"https:\/\/brasilnoticias.org\/site\/#website","url":"https:\/\/brasilnoticias.org\/site\/","name":"Brasil not\u00edcias","description":"Brasil not\u00edcias","publisher":{"@id":"https:\/\/brasilnoticias.org\/site\/#organization"},"potentialAction":[{"@type":"SearchAction","target":{"@type":"EntryPoint","urlTemplate":"https:\/\/brasilnoticias.org\/site\/?s={search_term_string}"},"query-input":{"@type":"PropertyValueSpecification","valueRequired":true,"valueName":"search_term_string"}}],"inLanguage":"pt-PT"},{"@type":"Organization","@id":"https:\/\/brasilnoticias.org\/site\/#organization","name":"Brasil not\u00edcias","url":"https:\/\/brasilnoticias.org\/site\/","logo":{"@type":"ImageObject","inLanguage":"pt-PT","@id":"https:\/\/brasilnoticias.org\/site\/#\/schema\/logo\/image\/","url":"https:\/\/brasilnoticias.org\/site\/wp-content\/uploads\/2022\/05\/cropped-brasilnoticias-mini.jpg","contentUrl":"https:\/\/brasilnoticias.org\/site\/wp-content\/uploads\/2022\/05\/cropped-brasilnoticias-mini.jpg","width":314,"height":86,"caption":"Brasil not\u00edcias"},"image":{"@id":"https:\/\/brasilnoticias.org\/site\/#\/schema\/logo\/image\/"}},{"@type":"Person","@id":"https:\/\/brasilnoticias.org\/site\/#\/schema\/person\/a0e05b973ec4d15c658d51911e53507b","name":"Reda\u00e7\u00e3o","image":{"@type":"ImageObject","inLanguage":"pt-PT","@id":"https:\/\/brasilnoticias.org\/site\/#\/schema\/person\/image\/","url":"https:\/\/secure.gravatar.com\/avatar\/75d8b050df2de108b08ae78dfb8e374892df24a383c67db9c46a9c604f6aee9c?s=96&d=mm&r=g","contentUrl":"https:\/\/secure.gravatar.com\/avatar\/75d8b050df2de108b08ae78dfb8e374892df24a383c67db9c46a9c604f6aee9c?s=96&d=mm&r=g","caption":"Reda\u00e7\u00e3o"},"sameAs":["https:\/\/brasilnoticias.org\/site"],"url":"https:\/\/brasilnoticias.org\/site\/author\/fernandozsngmail-com\/"}]}},"_links":{"self":[{"href":"https:\/\/brasilnoticias.org\/site\/wp-json\/wp\/v2\/posts\/2805","targetHints":{"allow":["GET"]}}],"collection":[{"href":"https:\/\/brasilnoticias.org\/site\/wp-json\/wp\/v2\/posts"}],"about":[{"href":"https:\/\/brasilnoticias.org\/site\/wp-json\/wp\/v2\/types\/post"}],"author":[{"embeddable":true,"href":"https:\/\/brasilnoticias.org\/site\/wp-json\/wp\/v2\/users\/1"}],"replies":[{"embeddable":true,"href":"https:\/\/brasilnoticias.org\/site\/wp-json\/wp\/v2\/comments?post=2805"}],"version-history":[{"count":1,"href":"https:\/\/brasilnoticias.org\/site\/wp-json\/wp\/v2\/posts\/2805\/revisions"}],"predecessor-version":[{"id":2807,"href":"https:\/\/brasilnoticias.org\/site\/wp-json\/wp\/v2\/posts\/2805\/revisions\/2807"}],"wp:featuredmedia":[{"embeddable":true,"href":"https:\/\/brasilnoticias.org\/site\/wp-json\/wp\/v2\/media\/2806"}],"wp:attachment":[{"href":"https:\/\/brasilnoticias.org\/site\/wp-json\/wp\/v2\/media?parent=2805"}],"wp:term":[{"taxonomy":"category","embeddable":true,"href":"https:\/\/brasilnoticias.org\/site\/wp-json\/wp\/v2\/categories?post=2805"},{"taxonomy":"post_tag","embeddable":true,"href":"https:\/\/brasilnoticias.org\/site\/wp-json\/wp\/v2\/tags?post=2805"}],"curies":[{"name":"wp","href":"https:\/\/api.w.org\/{rel}","templated":true}]}}