{"id":2814,"date":"2022-12-16T07:00:56","date_gmt":"2022-12-16T10:00:56","guid":{"rendered":"https:\/\/brasilnoticias.org\/site\/?p=2814"},"modified":"2022-12-15T20:23:44","modified_gmt":"2022-12-15T23:23:44","slug":"prefeitura-de-camacari-entrega-panetone-mofado-em-cesta-de-natal-para-populacao-carente","status":"publish","type":"post","link":"https:\/\/brasilnoticias.org\/site\/prefeitura-de-camacari-entrega-panetone-mofado-em-cesta-de-natal-para-populacao-carente\/","title":{"rendered":"Prefeitura de Cama\u00e7ari entrega panetone mofado em Cesta de Natal para popula\u00e7\u00e3o carente"},"content":{"rendered":"<p>Atualizada \u00e0s 17h28<\/p>\n<p>Moradores de povoados e comunidades carentes de Cama\u00e7ari, na regi\u00e3o metropolitana de Salvador, receberam panetones mofados nas cestas de Natal cedidas pela prefeitura nesta semana. Com o intuito de &#8220;possibilitar uma mesa mais farta e digna nos festejos natalinos&#8221;, a prefeitura do munic\u00edpio disponibilizou o presente para cerca de 50 mil benefici\u00e1rios.<\/p>\n<p>Desde quarta-feira (14), entretanto, os moradores publicam fotos dos panetones mofados e reclamam nas redes sociais. Um ouvinte da R\u00e1dio Metropole, que preferiu n\u00e3o se identificar por medo de repres\u00e1lias, afirmou que seus vizinhos ficaram surpresos ao abrir as embalagens.<\/p>\n<p>&#8220;Eu fui l\u00e1 no arm\u00e1rio pegar o meu, porque eu n\u00e3o tinha aberto ainda, mas como ficou rolando esses boatos de panetone e a vizinha jogou o dela fora, peguei o meu e abri, est\u00e1 aqui guardado pra quem quiser ver&#8221;, conta outra moradora de um dos povoados, que tamb\u00e9m preferiu n\u00e3o se identificar. Na foto enviada pela moradora, \u00e9 poss\u00edvel ver as frutas cristalizadas e o p\u00e3o do alimento cobertos por manchas verdes e esbranqui\u00e7adas.<\/p>\n<p>Outro morador reclama tamb\u00e9m de um panetone que veio sem nenhuma fruta cristalizada em v\u00eddeo publicado no perfil &#8220;Minha Cama\u00e7ari&#8221;, no Instagram. &#8220;Prefeito, queria lhe agradecer porque o senhor lembrou de dar a Cesta de Natal para a popula\u00e7\u00e3o de Cama\u00e7ari. Mas prefeito, por que \u00e9 que o senhor comprou um panetone com &#8216;Epa&#8217;? A gente abriu o panetone e &#8216;Epa! N\u00e3o tem nada dentro&#8217;. Cad\u00ea a fruta do panetone prefeito?&#8221;, diz no v\u00eddeo.<\/p>\n<p>O perfil ainda recebeu diversas fotos de panetones mofados. Nos coment\u00e1rios, a popula\u00e7\u00e3o se divide em apoiar as reclama\u00e7\u00f5es ou agradecer o gesto da prefeitura. &#8220;Os que reclamam \u00e9 porque tem condi\u00e7\u00f5es de comprar melhor. ent\u00e3o queira ganhar algo melhor&#8221;, diz um usu\u00e1rio. J\u00e1 outra responde: &#8220;Gente n\u00e3o \u00e9 porque \u00e9 \u201cdado\u201d que tem que ser de qualquer jeito. A popula\u00e7\u00e3o merece comer algo de qualidade&#8221;.<\/p>\n<p>Procurada pelo Metro1, a prefeitura de Cama\u00e7ari respondeu que &#8220;a empresa respons\u00e1vel pelo fornecimento dos panetones que comp\u00f5em as Cestas de Natal foi notificada ap\u00f3s detec\u00e7\u00e3o de avarias em algumas unidades do produto&#8221;. A pasta refor\u00e7ou ainda &#8220;que est\u00e1 adotando as medidas administrativas para reaver todas as unidades que apresentaram irregularidades&#8221;.<\/p>\n<p>&nbsp;<\/p>\n<p>Foto: Arquivo Pessoal<br \/>\nPor: Geovana Oliveira<\/p>\n","protected":false},"excerpt":{"rendered":"<p>Atualizada \u00e0s 17h28 Moradores de povoados e comunidades carentes de Cama\u00e7ari, na regi\u00e3o metropolitana de Salvador, receberam panetones mofados nas<\/p>\n","protected":false},"author":1,"featured_media":2815,"comment_status":"open","ping_status":"open","sticky":false,"template":"","format":"standard","meta":{"colormag_page_container_layout":"default_layout","colormag_page_sidebar_layout":"default_layout","_FSMCFIC_featured_image_caption":"","_FSMCFIC_featured_image_nocaption":"","_FSMCFIC_featured_image_hide":"","footnotes":""},"categories":[2,1],"tags":[],"class_list":["post-2814","post","type-post","status-publish","format-standard","has-post-thumbnail","hentry","category-noticias","category-ultimas"],"yoast_head":"<!-- This site is optimized with the Yoast SEO plugin v27.1.1 - https:\/\/yoast.com\/product\/yoast-seo-wordpress\/ -->\n<title>Prefeitura de Cama\u00e7ari entrega panetone mofado em Cesta de Natal para popula\u00e7\u00e3o carente - Brasil not\u00edcias<\/title>\n<meta name=\"robots\" content=\"index, follow, max-snippet:-1, max-image-preview:large, max-video-preview:-1\" \/>\n<link rel=\"canonical\" href=\"https:\/\/brasilnoticias.org\/site\/prefeitura-de-camacari-entrega-panetone-mofado-em-cesta-de-natal-para-populacao-carente\/\" \/>\n<meta property=\"og:locale\" content=\"pt_PT\" \/>\n<meta property=\"og:type\" content=\"article\" \/>\n<meta property=\"og:title\" content=\"Prefeitura de Cama\u00e7ari entrega panetone mofado em Cesta de Natal para popula\u00e7\u00e3o carente - Brasil not\u00edcias\" \/>\n<meta property=\"og:description\" content=\"Atualizada \u00e0s 17h28 Moradores de povoados e comunidades carentes de Cama\u00e7ari, na regi\u00e3o metropolitana de Salvador, receberam panetones mofados nas\" \/>\n<meta property=\"og:url\" content=\"https:\/\/brasilnoticias.org\/site\/prefeitura-de-camacari-entrega-panetone-mofado-em-cesta-de-natal-para-populacao-carente\/\" \/>\n<meta property=\"og:site_name\" content=\"Brasil not\u00edcias\" \/>\n<meta property=\"article:published_time\" content=\"2022-12-16T10:00:56+00:00\" \/>\n<meta property=\"og:image\" content=\"https:\/\/brasilnoticias.org\/site\/wp-content\/uploads\/2022\/12\/131352prefeitura-de-camacari-entrega-panetone-mofado-em-cesta-de-natal-para-populacao-carente-3.jpg\" \/>\n\t<meta property=\"og:image:width\" content=\"1600\" \/>\n\t<meta property=\"og:image:height\" content=\"752\" \/>\n\t<meta property=\"og:image:type\" content=\"image\/jpeg\" \/>\n<meta name=\"author\" content=\"Reda\u00e7\u00e3o\" \/>\n<meta name=\"twitter:card\" content=\"summary_large_image\" \/>\n<meta name=\"twitter:label1\" content=\"Escrito por\" \/>\n\t<meta name=\"twitter:data1\" content=\"Reda\u00e7\u00e3o\" \/>\n\t<meta name=\"twitter:label2\" content=\"Tempo estimado de leitura\" \/>\n\t<meta name=\"twitter:data2\" content=\"2 minutos\" \/>\n<script type=\"application\/ld+json\" class=\"yoast-schema-graph\">{\"@context\":\"https:\/\/schema.org\",\"@graph\":[{\"@type\":\"Article\",\"@id\":\"https:\/\/brasilnoticias.org\/site\/prefeitura-de-camacari-entrega-panetone-mofado-em-cesta-de-natal-para-populacao-carente\/#article\",\"isPartOf\":{\"@id\":\"https:\/\/brasilnoticias.org\/site\/prefeitura-de-camacari-entrega-panetone-mofado-em-cesta-de-natal-para-populacao-carente\/\"},\"author\":{\"name\":\"Reda\u00e7\u00e3o\",\"@id\":\"https:\/\/brasilnoticias.org\/site\/#\/schema\/person\/a0e05b973ec4d15c658d51911e53507b\"},\"headline\":\"Prefeitura de Cama\u00e7ari entrega panetone mofado em Cesta de Natal para popula\u00e7\u00e3o carente\",\"datePublished\":\"2022-12-16T10:00:56+00:00\",\"mainEntityOfPage\":{\"@id\":\"https:\/\/brasilnoticias.org\/site\/prefeitura-de-camacari-entrega-panetone-mofado-em-cesta-de-natal-para-populacao-carente\/\"},\"wordCount\":412,\"commentCount\":0,\"publisher\":{\"@id\":\"https:\/\/brasilnoticias.org\/site\/#organization\"},\"image\":{\"@id\":\"https:\/\/brasilnoticias.org\/site\/prefeitura-de-camacari-entrega-panetone-mofado-em-cesta-de-natal-para-populacao-carente\/#primaryimage\"},\"thumbnailUrl\":\"https:\/\/brasilnoticias.org\/site\/wp-content\/uploads\/2022\/12\/131352prefeitura-de-camacari-entrega-panetone-mofado-em-cesta-de-natal-para-populacao-carente-3.jpg\",\"articleSection\":[\"Not\u00edcias\",\"\u00daltimas\"],\"inLanguage\":\"pt-PT\",\"potentialAction\":[{\"@type\":\"CommentAction\",\"name\":\"Comment\",\"target\":[\"https:\/\/brasilnoticias.org\/site\/prefeitura-de-camacari-entrega-panetone-mofado-em-cesta-de-natal-para-populacao-carente\/#respond\"]}]},{\"@type\":\"WebPage\",\"@id\":\"https:\/\/brasilnoticias.org\/site\/prefeitura-de-camacari-entrega-panetone-mofado-em-cesta-de-natal-para-populacao-carente\/\",\"url\":\"https:\/\/brasilnoticias.org\/site\/prefeitura-de-camacari-entrega-panetone-mofado-em-cesta-de-natal-para-populacao-carente\/\",\"name\":\"Prefeitura de Cama\u00e7ari entrega panetone mofado em Cesta de Natal para popula\u00e7\u00e3o carente - Brasil not\u00edcias\",\"isPartOf\":{\"@id\":\"https:\/\/brasilnoticias.org\/site\/#website\"},\"primaryImageOfPage\":{\"@id\":\"https:\/\/brasilnoticias.org\/site\/prefeitura-de-camacari-entrega-panetone-mofado-em-cesta-de-natal-para-populacao-carente\/#primaryimage\"},\"image\":{\"@id\":\"https:\/\/brasilnoticias.org\/site\/prefeitura-de-camacari-entrega-panetone-mofado-em-cesta-de-natal-para-populacao-carente\/#primaryimage\"},\"thumbnailUrl\":\"https:\/\/brasilnoticias.org\/site\/wp-content\/uploads\/2022\/12\/131352prefeitura-de-camacari-entrega-panetone-mofado-em-cesta-de-natal-para-populacao-carente-3.jpg\",\"datePublished\":\"2022-12-16T10:00:56+00:00\",\"breadcrumb\":{\"@id\":\"https:\/\/brasilnoticias.org\/site\/prefeitura-de-camacari-entrega-panetone-mofado-em-cesta-de-natal-para-populacao-carente\/#breadcrumb\"},\"inLanguage\":\"pt-PT\",\"potentialAction\":[{\"@type\":\"ReadAction\",\"target\":[\"https:\/\/brasilnoticias.org\/site\/prefeitura-de-camacari-entrega-panetone-mofado-em-cesta-de-natal-para-populacao-carente\/\"]}]},{\"@type\":\"ImageObject\",\"inLanguage\":\"pt-PT\",\"@id\":\"https:\/\/brasilnoticias.org\/site\/prefeitura-de-camacari-entrega-panetone-mofado-em-cesta-de-natal-para-populacao-carente\/#primaryimage\",\"url\":\"https:\/\/brasilnoticias.org\/site\/wp-content\/uploads\/2022\/12\/131352prefeitura-de-camacari-entrega-panetone-mofado-em-cesta-de-natal-para-populacao-carente-3.jpg\",\"contentUrl\":\"https:\/\/brasilnoticias.org\/site\/wp-content\/uploads\/2022\/12\/131352prefeitura-de-camacari-entrega-panetone-mofado-em-cesta-de-natal-para-populacao-carente-3.jpg\",\"width\":1600,\"height\":752},{\"@type\":\"BreadcrumbList\",\"@id\":\"https:\/\/brasilnoticias.org\/site\/prefeitura-de-camacari-entrega-panetone-mofado-em-cesta-de-natal-para-populacao-carente\/#breadcrumb\",\"itemListElement\":[{\"@type\":\"ListItem\",\"position\":1,\"name\":\"In\u00edcio\",\"item\":\"https:\/\/brasilnoticias.org\/site\/\"},{\"@type\":\"ListItem\",\"position\":2,\"name\":\"Prefeitura de Cama\u00e7ari entrega panetone mofado em Cesta de Natal para popula\u00e7\u00e3o carente\"}]},{\"@type\":\"WebSite\",\"@id\":\"https:\/\/brasilnoticias.org\/site\/#website\",\"url\":\"https:\/\/brasilnoticias.org\/site\/\",\"name\":\"Brasil not\u00edcias\",\"description\":\"Brasil not\u00edcias\",\"publisher\":{\"@id\":\"https:\/\/brasilnoticias.org\/site\/#organization\"},\"potentialAction\":[{\"@type\":\"SearchAction\",\"target\":{\"@type\":\"EntryPoint\",\"urlTemplate\":\"https:\/\/brasilnoticias.org\/site\/?s={search_term_string}\"},\"query-input\":{\"@type\":\"PropertyValueSpecification\",\"valueRequired\":true,\"valueName\":\"search_term_string\"}}],\"inLanguage\":\"pt-PT\"},{\"@type\":\"Organization\",\"@id\":\"https:\/\/brasilnoticias.org\/site\/#organization\",\"name\":\"Brasil not\u00edcias\",\"url\":\"https:\/\/brasilnoticias.org\/site\/\",\"logo\":{\"@type\":\"ImageObject\",\"inLanguage\":\"pt-PT\",\"@id\":\"https:\/\/brasilnoticias.org\/site\/#\/schema\/logo\/image\/\",\"url\":\"https:\/\/brasilnoticias.org\/site\/wp-content\/uploads\/2022\/05\/cropped-brasilnoticias-mini.jpg\",\"contentUrl\":\"https:\/\/brasilnoticias.org\/site\/wp-content\/uploads\/2022\/05\/cropped-brasilnoticias-mini.jpg\",\"width\":314,\"height\":86,\"caption\":\"Brasil not\u00edcias\"},\"image\":{\"@id\":\"https:\/\/brasilnoticias.org\/site\/#\/schema\/logo\/image\/\"}},{\"@type\":\"Person\",\"@id\":\"https:\/\/brasilnoticias.org\/site\/#\/schema\/person\/a0e05b973ec4d15c658d51911e53507b\",\"name\":\"Reda\u00e7\u00e3o\",\"image\":{\"@type\":\"ImageObject\",\"inLanguage\":\"pt-PT\",\"@id\":\"https:\/\/brasilnoticias.org\/site\/#\/schema\/person\/image\/\",\"url\":\"https:\/\/secure.gravatar.com\/avatar\/75d8b050df2de108b08ae78dfb8e374892df24a383c67db9c46a9c604f6aee9c?s=96&d=mm&r=g\",\"contentUrl\":\"https:\/\/secure.gravatar.com\/avatar\/75d8b050df2de108b08ae78dfb8e374892df24a383c67db9c46a9c604f6aee9c?s=96&d=mm&r=g\",\"caption\":\"Reda\u00e7\u00e3o\"},\"sameAs\":[\"https:\/\/brasilnoticias.org\/site\"],\"url\":\"https:\/\/brasilnoticias.org\/site\/author\/fernandozsngmail-com\/\"}]}<\/script>\n<!-- \/ Yoast SEO plugin. -->","yoast_head_json":{"title":"Prefeitura de Cama\u00e7ari entrega panetone mofado em Cesta de Natal para popula\u00e7\u00e3o carente - Brasil not\u00edcias","robots":{"index":"index","follow":"follow","max-snippet":"max-snippet:-1","max-image-preview":"max-image-preview:large","max-video-preview":"max-video-preview:-1"},"canonical":"https:\/\/brasilnoticias.org\/site\/prefeitura-de-camacari-entrega-panetone-mofado-em-cesta-de-natal-para-populacao-carente\/","og_locale":"pt_PT","og_type":"article","og_title":"Prefeitura de Cama\u00e7ari entrega panetone mofado em Cesta de Natal para popula\u00e7\u00e3o carente - Brasil not\u00edcias","og_description":"Atualizada \u00e0s 17h28 Moradores de povoados e comunidades carentes de Cama\u00e7ari, na regi\u00e3o metropolitana de Salvador, receberam panetones mofados nas","og_url":"https:\/\/brasilnoticias.org\/site\/prefeitura-de-camacari-entrega-panetone-mofado-em-cesta-de-natal-para-populacao-carente\/","og_site_name":"Brasil not\u00edcias","article_published_time":"2022-12-16T10:00:56+00:00","og_image":[{"width":1600,"height":752,"url":"https:\/\/brasilnoticias.org\/site\/wp-content\/uploads\/2022\/12\/131352prefeitura-de-camacari-entrega-panetone-mofado-em-cesta-de-natal-para-populacao-carente-3.jpg","type":"image\/jpeg"}],"author":"Reda\u00e7\u00e3o","twitter_card":"summary_large_image","twitter_misc":{"Escrito por":"Reda\u00e7\u00e3o","Tempo estimado de leitura":"2 minutos"},"schema":{"@context":"https:\/\/schema.org","@graph":[{"@type":"Article","@id":"https:\/\/brasilnoticias.org\/site\/prefeitura-de-camacari-entrega-panetone-mofado-em-cesta-de-natal-para-populacao-carente\/#article","isPartOf":{"@id":"https:\/\/brasilnoticias.org\/site\/prefeitura-de-camacari-entrega-panetone-mofado-em-cesta-de-natal-para-populacao-carente\/"},"author":{"name":"Reda\u00e7\u00e3o","@id":"https:\/\/brasilnoticias.org\/site\/#\/schema\/person\/a0e05b973ec4d15c658d51911e53507b"},"headline":"Prefeitura de Cama\u00e7ari entrega panetone mofado em Cesta de Natal para popula\u00e7\u00e3o carente","datePublished":"2022-12-16T10:00:56+00:00","mainEntityOfPage":{"@id":"https:\/\/brasilnoticias.org\/site\/prefeitura-de-camacari-entrega-panetone-mofado-em-cesta-de-natal-para-populacao-carente\/"},"wordCount":412,"commentCount":0,"publisher":{"@id":"https:\/\/brasilnoticias.org\/site\/#organization"},"image":{"@id":"https:\/\/brasilnoticias.org\/site\/prefeitura-de-camacari-entrega-panetone-mofado-em-cesta-de-natal-para-populacao-carente\/#primaryimage"},"thumbnailUrl":"https:\/\/brasilnoticias.org\/site\/wp-content\/uploads\/2022\/12\/131352prefeitura-de-camacari-entrega-panetone-mofado-em-cesta-de-natal-para-populacao-carente-3.jpg","articleSection":["Not\u00edcias","\u00daltimas"],"inLanguage":"pt-PT","potentialAction":[{"@type":"CommentAction","name":"Comment","target":["https:\/\/brasilnoticias.org\/site\/prefeitura-de-camacari-entrega-panetone-mofado-em-cesta-de-natal-para-populacao-carente\/#respond"]}]},{"@type":"WebPage","@id":"https:\/\/brasilnoticias.org\/site\/prefeitura-de-camacari-entrega-panetone-mofado-em-cesta-de-natal-para-populacao-carente\/","url":"https:\/\/brasilnoticias.org\/site\/prefeitura-de-camacari-entrega-panetone-mofado-em-cesta-de-natal-para-populacao-carente\/","name":"Prefeitura de Cama\u00e7ari entrega panetone mofado em Cesta de Natal para popula\u00e7\u00e3o carente - Brasil not\u00edcias","isPartOf":{"@id":"https:\/\/brasilnoticias.org\/site\/#website"},"primaryImageOfPage":{"@id":"https:\/\/brasilnoticias.org\/site\/prefeitura-de-camacari-entrega-panetone-mofado-em-cesta-de-natal-para-populacao-carente\/#primaryimage"},"image":{"@id":"https:\/\/brasilnoticias.org\/site\/prefeitura-de-camacari-entrega-panetone-mofado-em-cesta-de-natal-para-populacao-carente\/#primaryimage"},"thumbnailUrl":"https:\/\/brasilnoticias.org\/site\/wp-content\/uploads\/2022\/12\/131352prefeitura-de-camacari-entrega-panetone-mofado-em-cesta-de-natal-para-populacao-carente-3.jpg","datePublished":"2022-12-16T10:00:56+00:00","breadcrumb":{"@id":"https:\/\/brasilnoticias.org\/site\/prefeitura-de-camacari-entrega-panetone-mofado-em-cesta-de-natal-para-populacao-carente\/#breadcrumb"},"inLanguage":"pt-PT","potentialAction":[{"@type":"ReadAction","target":["https:\/\/brasilnoticias.org\/site\/prefeitura-de-camacari-entrega-panetone-mofado-em-cesta-de-natal-para-populacao-carente\/"]}]},{"@type":"ImageObject","inLanguage":"pt-PT","@id":"https:\/\/brasilnoticias.org\/site\/prefeitura-de-camacari-entrega-panetone-mofado-em-cesta-de-natal-para-populacao-carente\/#primaryimage","url":"https:\/\/brasilnoticias.org\/site\/wp-content\/uploads\/2022\/12\/131352prefeitura-de-camacari-entrega-panetone-mofado-em-cesta-de-natal-para-populacao-carente-3.jpg","contentUrl":"https:\/\/brasilnoticias.org\/site\/wp-content\/uploads\/2022\/12\/131352prefeitura-de-camacari-entrega-panetone-mofado-em-cesta-de-natal-para-populacao-carente-3.jpg","width":1600,"height":752},{"@type":"BreadcrumbList","@id":"https:\/\/brasilnoticias.org\/site\/prefeitura-de-camacari-entrega-panetone-mofado-em-cesta-de-natal-para-populacao-carente\/#breadcrumb","itemListElement":[{"@type":"ListItem","position":1,"name":"In\u00edcio","item":"https:\/\/brasilnoticias.org\/site\/"},{"@type":"ListItem","position":2,"name":"Prefeitura de Cama\u00e7ari entrega panetone mofado em Cesta de Natal para popula\u00e7\u00e3o carente"}]},{"@type":"WebSite","@id":"https:\/\/brasilnoticias.org\/site\/#website","url":"https:\/\/brasilnoticias.org\/site\/","name":"Brasil not\u00edcias","description":"Brasil not\u00edcias","publisher":{"@id":"https:\/\/brasilnoticias.org\/site\/#organization"},"potentialAction":[{"@type":"SearchAction","target":{"@type":"EntryPoint","urlTemplate":"https:\/\/brasilnoticias.org\/site\/?s={search_term_string}"},"query-input":{"@type":"PropertyValueSpecification","valueRequired":true,"valueName":"search_term_string"}}],"inLanguage":"pt-PT"},{"@type":"Organization","@id":"https:\/\/brasilnoticias.org\/site\/#organization","name":"Brasil not\u00edcias","url":"https:\/\/brasilnoticias.org\/site\/","logo":{"@type":"ImageObject","inLanguage":"pt-PT","@id":"https:\/\/brasilnoticias.org\/site\/#\/schema\/logo\/image\/","url":"https:\/\/brasilnoticias.org\/site\/wp-content\/uploads\/2022\/05\/cropped-brasilnoticias-mini.jpg","contentUrl":"https:\/\/brasilnoticias.org\/site\/wp-content\/uploads\/2022\/05\/cropped-brasilnoticias-mini.jpg","width":314,"height":86,"caption":"Brasil not\u00edcias"},"image":{"@id":"https:\/\/brasilnoticias.org\/site\/#\/schema\/logo\/image\/"}},{"@type":"Person","@id":"https:\/\/brasilnoticias.org\/site\/#\/schema\/person\/a0e05b973ec4d15c658d51911e53507b","name":"Reda\u00e7\u00e3o","image":{"@type":"ImageObject","inLanguage":"pt-PT","@id":"https:\/\/brasilnoticias.org\/site\/#\/schema\/person\/image\/","url":"https:\/\/secure.gravatar.com\/avatar\/75d8b050df2de108b08ae78dfb8e374892df24a383c67db9c46a9c604f6aee9c?s=96&d=mm&r=g","contentUrl":"https:\/\/secure.gravatar.com\/avatar\/75d8b050df2de108b08ae78dfb8e374892df24a383c67db9c46a9c604f6aee9c?s=96&d=mm&r=g","caption":"Reda\u00e7\u00e3o"},"sameAs":["https:\/\/brasilnoticias.org\/site"],"url":"https:\/\/brasilnoticias.org\/site\/author\/fernandozsngmail-com\/"}]}},"_links":{"self":[{"href":"https:\/\/brasilnoticias.org\/site\/wp-json\/wp\/v2\/posts\/2814","targetHints":{"allow":["GET"]}}],"collection":[{"href":"https:\/\/brasilnoticias.org\/site\/wp-json\/wp\/v2\/posts"}],"about":[{"href":"https:\/\/brasilnoticias.org\/site\/wp-json\/wp\/v2\/types\/post"}],"author":[{"embeddable":true,"href":"https:\/\/brasilnoticias.org\/site\/wp-json\/wp\/v2\/users\/1"}],"replies":[{"embeddable":true,"href":"https:\/\/brasilnoticias.org\/site\/wp-json\/wp\/v2\/comments?post=2814"}],"version-history":[{"count":1,"href":"https:\/\/brasilnoticias.org\/site\/wp-json\/wp\/v2\/posts\/2814\/revisions"}],"predecessor-version":[{"id":2816,"href":"https:\/\/brasilnoticias.org\/site\/wp-json\/wp\/v2\/posts\/2814\/revisions\/2816"}],"wp:featuredmedia":[{"embeddable":true,"href":"https:\/\/brasilnoticias.org\/site\/wp-json\/wp\/v2\/media\/2815"}],"wp:attachment":[{"href":"https:\/\/brasilnoticias.org\/site\/wp-json\/wp\/v2\/media?parent=2814"}],"wp:term":[{"taxonomy":"category","embeddable":true,"href":"https:\/\/brasilnoticias.org\/site\/wp-json\/wp\/v2\/categories?post=2814"},{"taxonomy":"post_tag","embeddable":true,"href":"https:\/\/brasilnoticias.org\/site\/wp-json\/wp\/v2\/tags?post=2814"}],"curies":[{"name":"wp","href":"https:\/\/api.w.org\/{rel}","templated":true}]}}