{"id":283,"date":"2022-05-15T19:06:41","date_gmt":"2022-05-15T22:06:41","guid":{"rendered":"https:\/\/brasilnoticias.org\/site\/?p=283"},"modified":"2022-05-15T19:06:41","modified_gmt":"2022-05-15T22:06:41","slug":"partido-governista-da-aval-a-candidatura-da-suecia-a-otan","status":"publish","type":"post","link":"https:\/\/brasilnoticias.org\/site\/partido-governista-da-aval-a-candidatura-da-suecia-a-otan\/","title":{"rendered":"Partido governista d\u00e1 aval a candidatura da Su\u00e9cia \u00e0 Otan"},"content":{"rendered":"<p>O partido Social Democrata, ao qual pertence o governo sueco, deu seu aval neste domingo (15) a uma candidatura \u00e0 Otan, abandonando d\u00e9cadas de oposi\u00e7\u00e3o \u00e0 ades\u00e3o do pa\u00eds \u00e0 alian\u00e7a militar liderada pelos Estados Unidos.<\/p>\n<p>A mudan\u00e7a de posi\u00e7\u00e3o, anunciada em um comunicado ap\u00f3s uma reuni\u00e3o extraordin\u00e1ria, permitir\u00e1 ao Executivo apresentar um pedido de ades\u00e3o juntamente com a Finl\u00e2ndia, que oficializou neste domingo sua candidatura.<\/p>\n<p>\u201cA melhor coisa para a seguran\u00e7a da Su\u00e9cia e do povo sueco \u00e9 ingressar na Otan\u201d, disse a primeira-ministra sueca, Magdalena Andersson, em uma entrevista coletiva. \u201cAcreditamos que a Su\u00e9cia precisa das garantias formais de seguran\u00e7a que v\u00eam com a ades\u00e3o \u00e0 Otan.\u201d<\/p>\n<p>Os social-democratas especificaram que se op\u00f5em \u00e0 instala\u00e7\u00e3o de bases permanentes da Otan e de armas nucleares em territ\u00f3rio sueco.<\/p>\n<p>Com a mudan\u00e7a de linha partid\u00e1ria, uma clara maioria pr\u00f3-Otan \u00e9 garantida no Parlamento.<\/p>\n<p>A direita j\u00e1 era a favor da ades\u00e3o e a extrema direita dos Democratas Suecos (SD) tamb\u00e9m, desde que ocorra em conjunto com a Finl\u00e2ndia.<\/p>\n<p>A Finl\u00e2ndia anunciou no domingo sua tentativa \u201chist\u00f3rica\u201d de ingressar na Otan, que ser\u00e1 submetida ao Parlamento finland\u00eas na segunda-feira (16).<\/p>\n<p>Uma consulta interna revelou divis\u00f5es dentro do partido, com vozes cr\u00edticas afirmando que se trata de uma decis\u00e3o muito precipitada seguir Helsinque.<\/p>\n<p>&nbsp;<\/p>\n<p><span class=\"assinatura_exclusiva\">Folha de S. Paulo<\/span><\/p>\n","protected":false},"excerpt":{"rendered":"<p>O partido Social Democrata, ao qual pertence o governo sueco, deu seu aval neste domingo (15) a uma candidatura \u00e0<\/p>\n","protected":false},"author":2,"featured_media":284,"comment_status":"open","ping_status":"open","sticky":false,"template":"","format":"standard","meta":{"colormag_page_container_layout":"default_layout","colormag_page_sidebar_layout":"default_layout","_FSMCFIC_featured_image_caption":"","_FSMCFIC_featured_image_nocaption":"","_FSMCFIC_featured_image_hide":"","footnotes":""},"categories":[6,1],"tags":[],"class_list":["post-283","post","type-post","status-publish","format-standard","has-post-thumbnail","hentry","category-mundo","category-ultimas"],"yoast_head":"<!-- This site is optimized with the Yoast SEO plugin v27.1.1 - https:\/\/yoast.com\/product\/yoast-seo-wordpress\/ -->\n<title>Partido governista d\u00e1 aval a candidatura da Su\u00e9cia \u00e0 Otan - Brasil not\u00edcias<\/title>\n<meta name=\"robots\" content=\"index, follow, max-snippet:-1, max-image-preview:large, max-video-preview:-1\" \/>\n<link rel=\"canonical\" href=\"https:\/\/brasilnoticias.org\/site\/partido-governista-da-aval-a-candidatura-da-suecia-a-otan\/\" \/>\n<meta property=\"og:locale\" content=\"pt_PT\" \/>\n<meta property=\"og:type\" content=\"article\" \/>\n<meta property=\"og:title\" content=\"Partido governista d\u00e1 aval a candidatura da Su\u00e9cia \u00e0 Otan - Brasil not\u00edcias\" \/>\n<meta property=\"og:description\" content=\"O partido Social Democrata, ao qual pertence o governo sueco, deu seu aval neste domingo (15) a uma candidatura \u00e0\" \/>\n<meta property=\"og:url\" content=\"https:\/\/brasilnoticias.org\/site\/partido-governista-da-aval-a-candidatura-da-suecia-a-otan\/\" \/>\n<meta property=\"og:site_name\" content=\"Brasil not\u00edcias\" \/>\n<meta property=\"article:published_time\" content=\"2022-05-15T22:06:41+00:00\" \/>\n<meta property=\"og:image\" content=\"https:\/\/brasilnoticias.org\/site\/wp-content\/uploads\/2022\/05\/Screenshot_20220515-190549-240.png\" \/>\n\t<meta property=\"og:image:width\" content=\"720\" \/>\n\t<meta property=\"og:image:height\" content=\"695\" \/>\n\t<meta property=\"og:image:type\" content=\"image\/png\" \/>\n<meta name=\"author\" content=\"Reda\u00e7\u00e3o\" \/>\n<meta name=\"twitter:card\" content=\"summary_large_image\" \/>\n<meta name=\"twitter:label1\" content=\"Escrito por\" \/>\n\t<meta name=\"twitter:data1\" content=\"Reda\u00e7\u00e3o\" \/>\n\t<meta name=\"twitter:label2\" content=\"Tempo estimado de leitura\" \/>\n\t<meta name=\"twitter:data2\" content=\"1 minuto\" \/>\n<script type=\"application\/ld+json\" class=\"yoast-schema-graph\">{\"@context\":\"https:\/\/schema.org\",\"@graph\":[{\"@type\":\"Article\",\"@id\":\"https:\/\/brasilnoticias.org\/site\/partido-governista-da-aval-a-candidatura-da-suecia-a-otan\/#article\",\"isPartOf\":{\"@id\":\"https:\/\/brasilnoticias.org\/site\/partido-governista-da-aval-a-candidatura-da-suecia-a-otan\/\"},\"author\":{\"name\":\"Reda\u00e7\u00e3o\",\"@id\":\"https:\/\/brasilnoticias.org\/site\/#\/schema\/person\/f609fa847b5314f1c8b983342f34c798\"},\"headline\":\"Partido governista d\u00e1 aval a candidatura da Su\u00e9cia \u00e0 Otan\",\"datePublished\":\"2022-05-15T22:06:41+00:00\",\"mainEntityOfPage\":{\"@id\":\"https:\/\/brasilnoticias.org\/site\/partido-governista-da-aval-a-candidatura-da-suecia-a-otan\/\"},\"wordCount\":250,\"commentCount\":0,\"publisher\":{\"@id\":\"https:\/\/brasilnoticias.org\/site\/#organization\"},\"image\":{\"@id\":\"https:\/\/brasilnoticias.org\/site\/partido-governista-da-aval-a-candidatura-da-suecia-a-otan\/#primaryimage\"},\"thumbnailUrl\":\"https:\/\/brasilnoticias.org\/site\/wp-content\/uploads\/2022\/05\/Screenshot_20220515-190549-240.png\",\"articleSection\":[\"Mundo\",\"\u00daltimas\"],\"inLanguage\":\"pt-PT\",\"potentialAction\":[{\"@type\":\"CommentAction\",\"name\":\"Comment\",\"target\":[\"https:\/\/brasilnoticias.org\/site\/partido-governista-da-aval-a-candidatura-da-suecia-a-otan\/#respond\"]}]},{\"@type\":\"WebPage\",\"@id\":\"https:\/\/brasilnoticias.org\/site\/partido-governista-da-aval-a-candidatura-da-suecia-a-otan\/\",\"url\":\"https:\/\/brasilnoticias.org\/site\/partido-governista-da-aval-a-candidatura-da-suecia-a-otan\/\",\"name\":\"Partido governista d\u00e1 aval a candidatura da Su\u00e9cia \u00e0 Otan - Brasil not\u00edcias\",\"isPartOf\":{\"@id\":\"https:\/\/brasilnoticias.org\/site\/#website\"},\"primaryImageOfPage\":{\"@id\":\"https:\/\/brasilnoticias.org\/site\/partido-governista-da-aval-a-candidatura-da-suecia-a-otan\/#primaryimage\"},\"image\":{\"@id\":\"https:\/\/brasilnoticias.org\/site\/partido-governista-da-aval-a-candidatura-da-suecia-a-otan\/#primaryimage\"},\"thumbnailUrl\":\"https:\/\/brasilnoticias.org\/site\/wp-content\/uploads\/2022\/05\/Screenshot_20220515-190549-240.png\",\"datePublished\":\"2022-05-15T22:06:41+00:00\",\"breadcrumb\":{\"@id\":\"https:\/\/brasilnoticias.org\/site\/partido-governista-da-aval-a-candidatura-da-suecia-a-otan\/#breadcrumb\"},\"inLanguage\":\"pt-PT\",\"potentialAction\":[{\"@type\":\"ReadAction\",\"target\":[\"https:\/\/brasilnoticias.org\/site\/partido-governista-da-aval-a-candidatura-da-suecia-a-otan\/\"]}]},{\"@type\":\"ImageObject\",\"inLanguage\":\"pt-PT\",\"@id\":\"https:\/\/brasilnoticias.org\/site\/partido-governista-da-aval-a-candidatura-da-suecia-a-otan\/#primaryimage\",\"url\":\"https:\/\/brasilnoticias.org\/site\/wp-content\/uploads\/2022\/05\/Screenshot_20220515-190549-240.png\",\"contentUrl\":\"https:\/\/brasilnoticias.org\/site\/wp-content\/uploads\/2022\/05\/Screenshot_20220515-190549-240.png\",\"width\":720,\"height\":695},{\"@type\":\"BreadcrumbList\",\"@id\":\"https:\/\/brasilnoticias.org\/site\/partido-governista-da-aval-a-candidatura-da-suecia-a-otan\/#breadcrumb\",\"itemListElement\":[{\"@type\":\"ListItem\",\"position\":1,\"name\":\"In\u00edcio\",\"item\":\"https:\/\/brasilnoticias.org\/site\/\"},{\"@type\":\"ListItem\",\"position\":2,\"name\":\"Partido governista d\u00e1 aval a candidatura da Su\u00e9cia \u00e0 Otan\"}]},{\"@type\":\"WebSite\",\"@id\":\"https:\/\/brasilnoticias.org\/site\/#website\",\"url\":\"https:\/\/brasilnoticias.org\/site\/\",\"name\":\"Brasil not\u00edcias\",\"description\":\"Brasil not\u00edcias\",\"publisher\":{\"@id\":\"https:\/\/brasilnoticias.org\/site\/#organization\"},\"potentialAction\":[{\"@type\":\"SearchAction\",\"target\":{\"@type\":\"EntryPoint\",\"urlTemplate\":\"https:\/\/brasilnoticias.org\/site\/?s={search_term_string}\"},\"query-input\":{\"@type\":\"PropertyValueSpecification\",\"valueRequired\":true,\"valueName\":\"search_term_string\"}}],\"inLanguage\":\"pt-PT\"},{\"@type\":\"Organization\",\"@id\":\"https:\/\/brasilnoticias.org\/site\/#organization\",\"name\":\"Brasil not\u00edcias\",\"url\":\"https:\/\/brasilnoticias.org\/site\/\",\"logo\":{\"@type\":\"ImageObject\",\"inLanguage\":\"pt-PT\",\"@id\":\"https:\/\/brasilnoticias.org\/site\/#\/schema\/logo\/image\/\",\"url\":\"https:\/\/brasilnoticias.org\/site\/wp-content\/uploads\/2022\/05\/cropped-brasilnoticias-mini.jpg\",\"contentUrl\":\"https:\/\/brasilnoticias.org\/site\/wp-content\/uploads\/2022\/05\/cropped-brasilnoticias-mini.jpg\",\"width\":314,\"height\":86,\"caption\":\"Brasil not\u00edcias\"},\"image\":{\"@id\":\"https:\/\/brasilnoticias.org\/site\/#\/schema\/logo\/image\/\"}},{\"@type\":\"Person\",\"@id\":\"https:\/\/brasilnoticias.org\/site\/#\/schema\/person\/f609fa847b5314f1c8b983342f34c798\",\"name\":\"Reda\u00e7\u00e3o\",\"image\":{\"@type\":\"ImageObject\",\"inLanguage\":\"pt-PT\",\"@id\":\"https:\/\/brasilnoticias.org\/site\/#\/schema\/person\/image\/\",\"url\":\"https:\/\/secure.gravatar.com\/avatar\/447284c06c1ad8b46465a36de9cd0d8326b73387a22799b8b1ffb1fbcff2ed0c?s=96&d=mm&r=g\",\"contentUrl\":\"https:\/\/secure.gravatar.com\/avatar\/447284c06c1ad8b46465a36de9cd0d8326b73387a22799b8b1ffb1fbcff2ed0c?s=96&d=mm&r=g\",\"caption\":\"Reda\u00e7\u00e3o\"},\"url\":\"https:\/\/brasilnoticias.org\/site\/author\/redacao\/\"}]}<\/script>\n<!-- \/ Yoast SEO plugin. -->","yoast_head_json":{"title":"Partido governista d\u00e1 aval a candidatura da Su\u00e9cia \u00e0 Otan - Brasil not\u00edcias","robots":{"index":"index","follow":"follow","max-snippet":"max-snippet:-1","max-image-preview":"max-image-preview:large","max-video-preview":"max-video-preview:-1"},"canonical":"https:\/\/brasilnoticias.org\/site\/partido-governista-da-aval-a-candidatura-da-suecia-a-otan\/","og_locale":"pt_PT","og_type":"article","og_title":"Partido governista d\u00e1 aval a candidatura da Su\u00e9cia \u00e0 Otan - Brasil not\u00edcias","og_description":"O partido Social Democrata, ao qual pertence o governo sueco, deu seu aval neste domingo (15) a uma candidatura \u00e0","og_url":"https:\/\/brasilnoticias.org\/site\/partido-governista-da-aval-a-candidatura-da-suecia-a-otan\/","og_site_name":"Brasil not\u00edcias","article_published_time":"2022-05-15T22:06:41+00:00","og_image":[{"width":720,"height":695,"url":"https:\/\/brasilnoticias.org\/site\/wp-content\/uploads\/2022\/05\/Screenshot_20220515-190549-240.png","type":"image\/png"}],"author":"Reda\u00e7\u00e3o","twitter_card":"summary_large_image","twitter_misc":{"Escrito por":"Reda\u00e7\u00e3o","Tempo estimado de leitura":"1 minuto"},"schema":{"@context":"https:\/\/schema.org","@graph":[{"@type":"Article","@id":"https:\/\/brasilnoticias.org\/site\/partido-governista-da-aval-a-candidatura-da-suecia-a-otan\/#article","isPartOf":{"@id":"https:\/\/brasilnoticias.org\/site\/partido-governista-da-aval-a-candidatura-da-suecia-a-otan\/"},"author":{"name":"Reda\u00e7\u00e3o","@id":"https:\/\/brasilnoticias.org\/site\/#\/schema\/person\/f609fa847b5314f1c8b983342f34c798"},"headline":"Partido governista d\u00e1 aval a candidatura da Su\u00e9cia \u00e0 Otan","datePublished":"2022-05-15T22:06:41+00:00","mainEntityOfPage":{"@id":"https:\/\/brasilnoticias.org\/site\/partido-governista-da-aval-a-candidatura-da-suecia-a-otan\/"},"wordCount":250,"commentCount":0,"publisher":{"@id":"https:\/\/brasilnoticias.org\/site\/#organization"},"image":{"@id":"https:\/\/brasilnoticias.org\/site\/partido-governista-da-aval-a-candidatura-da-suecia-a-otan\/#primaryimage"},"thumbnailUrl":"https:\/\/brasilnoticias.org\/site\/wp-content\/uploads\/2022\/05\/Screenshot_20220515-190549-240.png","articleSection":["Mundo","\u00daltimas"],"inLanguage":"pt-PT","potentialAction":[{"@type":"CommentAction","name":"Comment","target":["https:\/\/brasilnoticias.org\/site\/partido-governista-da-aval-a-candidatura-da-suecia-a-otan\/#respond"]}]},{"@type":"WebPage","@id":"https:\/\/brasilnoticias.org\/site\/partido-governista-da-aval-a-candidatura-da-suecia-a-otan\/","url":"https:\/\/brasilnoticias.org\/site\/partido-governista-da-aval-a-candidatura-da-suecia-a-otan\/","name":"Partido governista d\u00e1 aval a candidatura da Su\u00e9cia \u00e0 Otan - Brasil not\u00edcias","isPartOf":{"@id":"https:\/\/brasilnoticias.org\/site\/#website"},"primaryImageOfPage":{"@id":"https:\/\/brasilnoticias.org\/site\/partido-governista-da-aval-a-candidatura-da-suecia-a-otan\/#primaryimage"},"image":{"@id":"https:\/\/brasilnoticias.org\/site\/partido-governista-da-aval-a-candidatura-da-suecia-a-otan\/#primaryimage"},"thumbnailUrl":"https:\/\/brasilnoticias.org\/site\/wp-content\/uploads\/2022\/05\/Screenshot_20220515-190549-240.png","datePublished":"2022-05-15T22:06:41+00:00","breadcrumb":{"@id":"https:\/\/brasilnoticias.org\/site\/partido-governista-da-aval-a-candidatura-da-suecia-a-otan\/#breadcrumb"},"inLanguage":"pt-PT","potentialAction":[{"@type":"ReadAction","target":["https:\/\/brasilnoticias.org\/site\/partido-governista-da-aval-a-candidatura-da-suecia-a-otan\/"]}]},{"@type":"ImageObject","inLanguage":"pt-PT","@id":"https:\/\/brasilnoticias.org\/site\/partido-governista-da-aval-a-candidatura-da-suecia-a-otan\/#primaryimage","url":"https:\/\/brasilnoticias.org\/site\/wp-content\/uploads\/2022\/05\/Screenshot_20220515-190549-240.png","contentUrl":"https:\/\/brasilnoticias.org\/site\/wp-content\/uploads\/2022\/05\/Screenshot_20220515-190549-240.png","width":720,"height":695},{"@type":"BreadcrumbList","@id":"https:\/\/brasilnoticias.org\/site\/partido-governista-da-aval-a-candidatura-da-suecia-a-otan\/#breadcrumb","itemListElement":[{"@type":"ListItem","position":1,"name":"In\u00edcio","item":"https:\/\/brasilnoticias.org\/site\/"},{"@type":"ListItem","position":2,"name":"Partido governista d\u00e1 aval a candidatura da Su\u00e9cia \u00e0 Otan"}]},{"@type":"WebSite","@id":"https:\/\/brasilnoticias.org\/site\/#website","url":"https:\/\/brasilnoticias.org\/site\/","name":"Brasil not\u00edcias","description":"Brasil not\u00edcias","publisher":{"@id":"https:\/\/brasilnoticias.org\/site\/#organization"},"potentialAction":[{"@type":"SearchAction","target":{"@type":"EntryPoint","urlTemplate":"https:\/\/brasilnoticias.org\/site\/?s={search_term_string}"},"query-input":{"@type":"PropertyValueSpecification","valueRequired":true,"valueName":"search_term_string"}}],"inLanguage":"pt-PT"},{"@type":"Organization","@id":"https:\/\/brasilnoticias.org\/site\/#organization","name":"Brasil not\u00edcias","url":"https:\/\/brasilnoticias.org\/site\/","logo":{"@type":"ImageObject","inLanguage":"pt-PT","@id":"https:\/\/brasilnoticias.org\/site\/#\/schema\/logo\/image\/","url":"https:\/\/brasilnoticias.org\/site\/wp-content\/uploads\/2022\/05\/cropped-brasilnoticias-mini.jpg","contentUrl":"https:\/\/brasilnoticias.org\/site\/wp-content\/uploads\/2022\/05\/cropped-brasilnoticias-mini.jpg","width":314,"height":86,"caption":"Brasil not\u00edcias"},"image":{"@id":"https:\/\/brasilnoticias.org\/site\/#\/schema\/logo\/image\/"}},{"@type":"Person","@id":"https:\/\/brasilnoticias.org\/site\/#\/schema\/person\/f609fa847b5314f1c8b983342f34c798","name":"Reda\u00e7\u00e3o","image":{"@type":"ImageObject","inLanguage":"pt-PT","@id":"https:\/\/brasilnoticias.org\/site\/#\/schema\/person\/image\/","url":"https:\/\/secure.gravatar.com\/avatar\/447284c06c1ad8b46465a36de9cd0d8326b73387a22799b8b1ffb1fbcff2ed0c?s=96&d=mm&r=g","contentUrl":"https:\/\/secure.gravatar.com\/avatar\/447284c06c1ad8b46465a36de9cd0d8326b73387a22799b8b1ffb1fbcff2ed0c?s=96&d=mm&r=g","caption":"Reda\u00e7\u00e3o"},"url":"https:\/\/brasilnoticias.org\/site\/author\/redacao\/"}]}},"_links":{"self":[{"href":"https:\/\/brasilnoticias.org\/site\/wp-json\/wp\/v2\/posts\/283","targetHints":{"allow":["GET"]}}],"collection":[{"href":"https:\/\/brasilnoticias.org\/site\/wp-json\/wp\/v2\/posts"}],"about":[{"href":"https:\/\/brasilnoticias.org\/site\/wp-json\/wp\/v2\/types\/post"}],"author":[{"embeddable":true,"href":"https:\/\/brasilnoticias.org\/site\/wp-json\/wp\/v2\/users\/2"}],"replies":[{"embeddable":true,"href":"https:\/\/brasilnoticias.org\/site\/wp-json\/wp\/v2\/comments?post=283"}],"version-history":[{"count":1,"href":"https:\/\/brasilnoticias.org\/site\/wp-json\/wp\/v2\/posts\/283\/revisions"}],"predecessor-version":[{"id":285,"href":"https:\/\/brasilnoticias.org\/site\/wp-json\/wp\/v2\/posts\/283\/revisions\/285"}],"wp:featuredmedia":[{"embeddable":true,"href":"https:\/\/brasilnoticias.org\/site\/wp-json\/wp\/v2\/media\/284"}],"wp:attachment":[{"href":"https:\/\/brasilnoticias.org\/site\/wp-json\/wp\/v2\/media?parent=283"}],"wp:term":[{"taxonomy":"category","embeddable":true,"href":"https:\/\/brasilnoticias.org\/site\/wp-json\/wp\/v2\/categories?post=283"},{"taxonomy":"post_tag","embeddable":true,"href":"https:\/\/brasilnoticias.org\/site\/wp-json\/wp\/v2\/tags?post=283"}],"curies":[{"name":"wp","href":"https:\/\/api.w.org\/{rel}","templated":true}]}}