{"id":2832,"date":"2022-12-16T18:20:28","date_gmt":"2022-12-16T21:20:28","guid":{"rendered":"https:\/\/brasilnoticias.org\/site\/?p=2832"},"modified":"2022-12-16T08:03:34","modified_gmt":"2022-12-16T11:03:34","slug":"apos-caso-de-agressao-vir-a-publico-familia-de-silvio-santos-muda-postura-em-relacao-a-cintia-abravanel-diz-colunista","status":"publish","type":"post","link":"https:\/\/brasilnoticias.org\/site\/apos-caso-de-agressao-vir-a-publico-familia-de-silvio-santos-muda-postura-em-relacao-a-cintia-abravanel-diz-colunista\/","title":{"rendered":"Ap\u00f3s caso de agress\u00e3o vir a p\u00fablico, fam\u00edlia de Silvio Santos muda postura em rela\u00e7\u00e3o a Cintia Abravanel, diz colunista"},"content":{"rendered":"<p>Se voc\u00ea acompanha minimamente a fam\u00edlia Abravanel deve saber que eles viraram alvos de v\u00e1rios boatos quando Tiago Abravanel revelou no BBB22 que se sentia exclu\u00eddo por alguns familiares. Na \u00e9poca, v\u00e1rios membros do cl\u00e3 de Silvio Santos vieram a p\u00fablico para explicar a situa\u00e7\u00e3o e o assunto foi meio abafado. Sendo real ou n\u00e3o, fato \u00e9 que as coisas parecem ter mudado ap\u00f3s um caso de pol\u00edcia.<\/p>\n<p>Pois, \u00e9. Segundo informa\u00e7\u00f5es do colunista Erlan Bastos, Cintia Abravanel, m\u00e3e de Tiago, sofreu uma agress\u00e3o do companheiro. A pr\u00f3pria filha de Silvio teria confirmado o caso, mas afirmou que apenas se pronunciaria na Justi\u00e7a.<\/p>\n<p>Depois que tudo se tornou p\u00fablico, em outubro, o colunista relata ter havido uma mudan\u00e7a de postura na fam\u00edlia como um todo. Todos estariam empenhados em deixar as desaven\u00e7as do passado para tr\u00e1s, se aproximando, inclusive, de Tiago. Patr\u00edcia Abravanel, que seria vista como a pe\u00e7a mais dif\u00edcil desse quebra-cabe\u00e7a, tamb\u00e9m estaria trabalhando para fornecer acolhimento para a irm\u00e3.<\/p>\n<p>Entenda o caso<\/p>\n<p>Cintia tem uma rela\u00e7\u00e3o com Leandro Silvestre desde 2007. Em 2021, eles decidiram assinar um termo de compromisso est\u00e1vel, mesmo assim, cada um teria continua morando em sua pr\u00f3pria casa.<\/p>\n<p>O caso em quest\u00e3o teria acontecido em julho de 2022. Segundo o boletim de ocorr\u00eancia, obtido por Erlan, Leandro estaria frustrado com a sua carreira de ator e teria culpado Cintia pelo fracasso. No dia, eles foram a um bar, e o agressor passou a tarde bebendo. No final da tarde, Leandro teria come\u00e7ado a brigar com a companheira. As agress\u00f5es verbais passaram logo para tapas, socos, chutes e mordidas.<\/p>\n<p>Ap\u00f3s a situa\u00e7\u00e3o, Leandro foi denunciado por les\u00e3o corporal. Ele, por sua vez, alega ter sido a v\u00edtima das agress\u00f5es, e diz que apenas tentou se defender.<\/p>\n<p>Fonte e foto estrelando<\/p>\n","protected":false},"excerpt":{"rendered":"<p>Se voc\u00ea acompanha minimamente a fam\u00edlia Abravanel deve saber que eles viraram alvos de v\u00e1rios boatos quando Tiago Abravanel revelou<\/p>\n","protected":false},"author":1,"featured_media":2833,"comment_status":"open","ping_status":"open","sticky":false,"template":"","format":"standard","meta":{"colormag_page_container_layout":"default_layout","colormag_page_sidebar_layout":"default_layout","_FSMCFIC_featured_image_caption":"","_FSMCFIC_featured_image_nocaption":"","_FSMCFIC_featured_image_hide":"","footnotes":""},"categories":[2,1],"tags":[],"class_list":["post-2832","post","type-post","status-publish","format-standard","has-post-thumbnail","hentry","category-noticias","category-ultimas"],"yoast_head":"<!-- This site is optimized with the Yoast SEO plugin v27.1.1 - https:\/\/yoast.com\/product\/yoast-seo-wordpress\/ -->\n<title>Ap\u00f3s caso de agress\u00e3o vir a p\u00fablico, fam\u00edlia de Silvio Santos muda postura em rela\u00e7\u00e3o a Cintia Abravanel, diz colunista - Brasil not\u00edcias<\/title>\n<meta name=\"robots\" content=\"index, follow, max-snippet:-1, max-image-preview:large, max-video-preview:-1\" \/>\n<link rel=\"canonical\" href=\"https:\/\/brasilnoticias.org\/site\/apos-caso-de-agressao-vir-a-publico-familia-de-silvio-santos-muda-postura-em-relacao-a-cintia-abravanel-diz-colunista\/\" \/>\n<meta property=\"og:locale\" content=\"pt_PT\" \/>\n<meta property=\"og:type\" content=\"article\" \/>\n<meta property=\"og:title\" content=\"Ap\u00f3s caso de agress\u00e3o vir a p\u00fablico, fam\u00edlia de Silvio Santos muda postura em rela\u00e7\u00e3o a Cintia Abravanel, diz colunista - Brasil not\u00edcias\" \/>\n<meta property=\"og:description\" content=\"Se voc\u00ea acompanha minimamente a fam\u00edlia Abravanel deve saber que eles viraram alvos de v\u00e1rios boatos quando Tiago Abravanel revelou\" \/>\n<meta property=\"og:url\" content=\"https:\/\/brasilnoticias.org\/site\/apos-caso-de-agressao-vir-a-publico-familia-de-silvio-santos-muda-postura-em-relacao-a-cintia-abravanel-diz-colunista\/\" \/>\n<meta property=\"og:site_name\" content=\"Brasil not\u00edcias\" \/>\n<meta property=\"article:published_time\" content=\"2022-12-16T21:20:28+00:00\" \/>\n<meta property=\"og:image\" content=\"https:\/\/brasilnoticias.org\/site\/wp-content\/uploads\/2022\/12\/silvio-santos.jpg\" \/>\n\t<meta property=\"og:image:width\" content=\"675\" \/>\n\t<meta property=\"og:image:height\" content=\"645\" \/>\n\t<meta property=\"og:image:type\" content=\"image\/jpeg\" \/>\n<meta name=\"author\" content=\"Reda\u00e7\u00e3o\" \/>\n<meta name=\"twitter:card\" content=\"summary_large_image\" \/>\n<meta name=\"twitter:label1\" content=\"Escrito por\" \/>\n\t<meta name=\"twitter:data1\" content=\"Reda\u00e7\u00e3o\" \/>\n\t<meta name=\"twitter:label2\" content=\"Tempo estimado de leitura\" \/>\n\t<meta name=\"twitter:data2\" content=\"2 minutos\" \/>\n<script type=\"application\/ld+json\" class=\"yoast-schema-graph\">{\"@context\":\"https:\/\/schema.org\",\"@graph\":[{\"@type\":\"Article\",\"@id\":\"https:\/\/brasilnoticias.org\/site\/apos-caso-de-agressao-vir-a-publico-familia-de-silvio-santos-muda-postura-em-relacao-a-cintia-abravanel-diz-colunista\/#article\",\"isPartOf\":{\"@id\":\"https:\/\/brasilnoticias.org\/site\/apos-caso-de-agressao-vir-a-publico-familia-de-silvio-santos-muda-postura-em-relacao-a-cintia-abravanel-diz-colunista\/\"},\"author\":{\"name\":\"Reda\u00e7\u00e3o\",\"@id\":\"https:\/\/brasilnoticias.org\/site\/#\/schema\/person\/a0e05b973ec4d15c658d51911e53507b\"},\"headline\":\"Ap\u00f3s caso de agress\u00e3o vir a p\u00fablico, fam\u00edlia de Silvio Santos muda postura em rela\u00e7\u00e3o a Cintia Abravanel, diz colunista\",\"datePublished\":\"2022-12-16T21:20:28+00:00\",\"mainEntityOfPage\":{\"@id\":\"https:\/\/brasilnoticias.org\/site\/apos-caso-de-agressao-vir-a-publico-familia-de-silvio-santos-muda-postura-em-relacao-a-cintia-abravanel-diz-colunista\/\"},\"wordCount\":352,\"commentCount\":0,\"publisher\":{\"@id\":\"https:\/\/brasilnoticias.org\/site\/#organization\"},\"image\":{\"@id\":\"https:\/\/brasilnoticias.org\/site\/apos-caso-de-agressao-vir-a-publico-familia-de-silvio-santos-muda-postura-em-relacao-a-cintia-abravanel-diz-colunista\/#primaryimage\"},\"thumbnailUrl\":\"https:\/\/brasilnoticias.org\/site\/wp-content\/uploads\/2022\/12\/silvio-santos.jpg\",\"articleSection\":[\"Not\u00edcias\",\"\u00daltimas\"],\"inLanguage\":\"pt-PT\",\"potentialAction\":[{\"@type\":\"CommentAction\",\"name\":\"Comment\",\"target\":[\"https:\/\/brasilnoticias.org\/site\/apos-caso-de-agressao-vir-a-publico-familia-de-silvio-santos-muda-postura-em-relacao-a-cintia-abravanel-diz-colunista\/#respond\"]}]},{\"@type\":\"WebPage\",\"@id\":\"https:\/\/brasilnoticias.org\/site\/apos-caso-de-agressao-vir-a-publico-familia-de-silvio-santos-muda-postura-em-relacao-a-cintia-abravanel-diz-colunista\/\",\"url\":\"https:\/\/brasilnoticias.org\/site\/apos-caso-de-agressao-vir-a-publico-familia-de-silvio-santos-muda-postura-em-relacao-a-cintia-abravanel-diz-colunista\/\",\"name\":\"Ap\u00f3s caso de agress\u00e3o vir a p\u00fablico, fam\u00edlia de Silvio Santos muda postura em rela\u00e7\u00e3o a Cintia Abravanel, diz colunista - Brasil not\u00edcias\",\"isPartOf\":{\"@id\":\"https:\/\/brasilnoticias.org\/site\/#website\"},\"primaryImageOfPage\":{\"@id\":\"https:\/\/brasilnoticias.org\/site\/apos-caso-de-agressao-vir-a-publico-familia-de-silvio-santos-muda-postura-em-relacao-a-cintia-abravanel-diz-colunista\/#primaryimage\"},\"image\":{\"@id\":\"https:\/\/brasilnoticias.org\/site\/apos-caso-de-agressao-vir-a-publico-familia-de-silvio-santos-muda-postura-em-relacao-a-cintia-abravanel-diz-colunista\/#primaryimage\"},\"thumbnailUrl\":\"https:\/\/brasilnoticias.org\/site\/wp-content\/uploads\/2022\/12\/silvio-santos.jpg\",\"datePublished\":\"2022-12-16T21:20:28+00:00\",\"breadcrumb\":{\"@id\":\"https:\/\/brasilnoticias.org\/site\/apos-caso-de-agressao-vir-a-publico-familia-de-silvio-santos-muda-postura-em-relacao-a-cintia-abravanel-diz-colunista\/#breadcrumb\"},\"inLanguage\":\"pt-PT\",\"potentialAction\":[{\"@type\":\"ReadAction\",\"target\":[\"https:\/\/brasilnoticias.org\/site\/apos-caso-de-agressao-vir-a-publico-familia-de-silvio-santos-muda-postura-em-relacao-a-cintia-abravanel-diz-colunista\/\"]}]},{\"@type\":\"ImageObject\",\"inLanguage\":\"pt-PT\",\"@id\":\"https:\/\/brasilnoticias.org\/site\/apos-caso-de-agressao-vir-a-publico-familia-de-silvio-santos-muda-postura-em-relacao-a-cintia-abravanel-diz-colunista\/#primaryimage\",\"url\":\"https:\/\/brasilnoticias.org\/site\/wp-content\/uploads\/2022\/12\/silvio-santos.jpg\",\"contentUrl\":\"https:\/\/brasilnoticias.org\/site\/wp-content\/uploads\/2022\/12\/silvio-santos.jpg\",\"width\":675,\"height\":645},{\"@type\":\"BreadcrumbList\",\"@id\":\"https:\/\/brasilnoticias.org\/site\/apos-caso-de-agressao-vir-a-publico-familia-de-silvio-santos-muda-postura-em-relacao-a-cintia-abravanel-diz-colunista\/#breadcrumb\",\"itemListElement\":[{\"@type\":\"ListItem\",\"position\":1,\"name\":\"In\u00edcio\",\"item\":\"https:\/\/brasilnoticias.org\/site\/\"},{\"@type\":\"ListItem\",\"position\":2,\"name\":\"Ap\u00f3s caso de agress\u00e3o vir a p\u00fablico, fam\u00edlia de Silvio Santos muda postura em rela\u00e7\u00e3o a Cintia Abravanel, diz colunista\"}]},{\"@type\":\"WebSite\",\"@id\":\"https:\/\/brasilnoticias.org\/site\/#website\",\"url\":\"https:\/\/brasilnoticias.org\/site\/\",\"name\":\"Brasil not\u00edcias\",\"description\":\"Brasil not\u00edcias\",\"publisher\":{\"@id\":\"https:\/\/brasilnoticias.org\/site\/#organization\"},\"potentialAction\":[{\"@type\":\"SearchAction\",\"target\":{\"@type\":\"EntryPoint\",\"urlTemplate\":\"https:\/\/brasilnoticias.org\/site\/?s={search_term_string}\"},\"query-input\":{\"@type\":\"PropertyValueSpecification\",\"valueRequired\":true,\"valueName\":\"search_term_string\"}}],\"inLanguage\":\"pt-PT\"},{\"@type\":\"Organization\",\"@id\":\"https:\/\/brasilnoticias.org\/site\/#organization\",\"name\":\"Brasil not\u00edcias\",\"url\":\"https:\/\/brasilnoticias.org\/site\/\",\"logo\":{\"@type\":\"ImageObject\",\"inLanguage\":\"pt-PT\",\"@id\":\"https:\/\/brasilnoticias.org\/site\/#\/schema\/logo\/image\/\",\"url\":\"https:\/\/brasilnoticias.org\/site\/wp-content\/uploads\/2022\/05\/cropped-brasilnoticias-mini.jpg\",\"contentUrl\":\"https:\/\/brasilnoticias.org\/site\/wp-content\/uploads\/2022\/05\/cropped-brasilnoticias-mini.jpg\",\"width\":314,\"height\":86,\"caption\":\"Brasil not\u00edcias\"},\"image\":{\"@id\":\"https:\/\/brasilnoticias.org\/site\/#\/schema\/logo\/image\/\"}},{\"@type\":\"Person\",\"@id\":\"https:\/\/brasilnoticias.org\/site\/#\/schema\/person\/a0e05b973ec4d15c658d51911e53507b\",\"name\":\"Reda\u00e7\u00e3o\",\"image\":{\"@type\":\"ImageObject\",\"inLanguage\":\"pt-PT\",\"@id\":\"https:\/\/brasilnoticias.org\/site\/#\/schema\/person\/image\/\",\"url\":\"https:\/\/secure.gravatar.com\/avatar\/75d8b050df2de108b08ae78dfb8e374892df24a383c67db9c46a9c604f6aee9c?s=96&d=mm&r=g\",\"contentUrl\":\"https:\/\/secure.gravatar.com\/avatar\/75d8b050df2de108b08ae78dfb8e374892df24a383c67db9c46a9c604f6aee9c?s=96&d=mm&r=g\",\"caption\":\"Reda\u00e7\u00e3o\"},\"sameAs\":[\"https:\/\/brasilnoticias.org\/site\"],\"url\":\"https:\/\/brasilnoticias.org\/site\/author\/fernandozsngmail-com\/\"}]}<\/script>\n<!-- \/ Yoast SEO plugin. -->","yoast_head_json":{"title":"Ap\u00f3s caso de agress\u00e3o vir a p\u00fablico, fam\u00edlia de Silvio Santos muda postura em rela\u00e7\u00e3o a Cintia Abravanel, diz colunista - Brasil not\u00edcias","robots":{"index":"index","follow":"follow","max-snippet":"max-snippet:-1","max-image-preview":"max-image-preview:large","max-video-preview":"max-video-preview:-1"},"canonical":"https:\/\/brasilnoticias.org\/site\/apos-caso-de-agressao-vir-a-publico-familia-de-silvio-santos-muda-postura-em-relacao-a-cintia-abravanel-diz-colunista\/","og_locale":"pt_PT","og_type":"article","og_title":"Ap\u00f3s caso de agress\u00e3o vir a p\u00fablico, fam\u00edlia de Silvio Santos muda postura em rela\u00e7\u00e3o a Cintia Abravanel, diz colunista - Brasil not\u00edcias","og_description":"Se voc\u00ea acompanha minimamente a fam\u00edlia Abravanel deve saber que eles viraram alvos de v\u00e1rios boatos quando Tiago Abravanel revelou","og_url":"https:\/\/brasilnoticias.org\/site\/apos-caso-de-agressao-vir-a-publico-familia-de-silvio-santos-muda-postura-em-relacao-a-cintia-abravanel-diz-colunista\/","og_site_name":"Brasil not\u00edcias","article_published_time":"2022-12-16T21:20:28+00:00","og_image":[{"width":675,"height":645,"url":"https:\/\/brasilnoticias.org\/site\/wp-content\/uploads\/2022\/12\/silvio-santos.jpg","type":"image\/jpeg"}],"author":"Reda\u00e7\u00e3o","twitter_card":"summary_large_image","twitter_misc":{"Escrito por":"Reda\u00e7\u00e3o","Tempo estimado de leitura":"2 minutos"},"schema":{"@context":"https:\/\/schema.org","@graph":[{"@type":"Article","@id":"https:\/\/brasilnoticias.org\/site\/apos-caso-de-agressao-vir-a-publico-familia-de-silvio-santos-muda-postura-em-relacao-a-cintia-abravanel-diz-colunista\/#article","isPartOf":{"@id":"https:\/\/brasilnoticias.org\/site\/apos-caso-de-agressao-vir-a-publico-familia-de-silvio-santos-muda-postura-em-relacao-a-cintia-abravanel-diz-colunista\/"},"author":{"name":"Reda\u00e7\u00e3o","@id":"https:\/\/brasilnoticias.org\/site\/#\/schema\/person\/a0e05b973ec4d15c658d51911e53507b"},"headline":"Ap\u00f3s caso de agress\u00e3o vir a p\u00fablico, fam\u00edlia de Silvio Santos muda postura em rela\u00e7\u00e3o a Cintia Abravanel, diz colunista","datePublished":"2022-12-16T21:20:28+00:00","mainEntityOfPage":{"@id":"https:\/\/brasilnoticias.org\/site\/apos-caso-de-agressao-vir-a-publico-familia-de-silvio-santos-muda-postura-em-relacao-a-cintia-abravanel-diz-colunista\/"},"wordCount":352,"commentCount":0,"publisher":{"@id":"https:\/\/brasilnoticias.org\/site\/#organization"},"image":{"@id":"https:\/\/brasilnoticias.org\/site\/apos-caso-de-agressao-vir-a-publico-familia-de-silvio-santos-muda-postura-em-relacao-a-cintia-abravanel-diz-colunista\/#primaryimage"},"thumbnailUrl":"https:\/\/brasilnoticias.org\/site\/wp-content\/uploads\/2022\/12\/silvio-santos.jpg","articleSection":["Not\u00edcias","\u00daltimas"],"inLanguage":"pt-PT","potentialAction":[{"@type":"CommentAction","name":"Comment","target":["https:\/\/brasilnoticias.org\/site\/apos-caso-de-agressao-vir-a-publico-familia-de-silvio-santos-muda-postura-em-relacao-a-cintia-abravanel-diz-colunista\/#respond"]}]},{"@type":"WebPage","@id":"https:\/\/brasilnoticias.org\/site\/apos-caso-de-agressao-vir-a-publico-familia-de-silvio-santos-muda-postura-em-relacao-a-cintia-abravanel-diz-colunista\/","url":"https:\/\/brasilnoticias.org\/site\/apos-caso-de-agressao-vir-a-publico-familia-de-silvio-santos-muda-postura-em-relacao-a-cintia-abravanel-diz-colunista\/","name":"Ap\u00f3s caso de agress\u00e3o vir a p\u00fablico, fam\u00edlia de Silvio Santos muda postura em rela\u00e7\u00e3o a Cintia Abravanel, diz colunista - Brasil not\u00edcias","isPartOf":{"@id":"https:\/\/brasilnoticias.org\/site\/#website"},"primaryImageOfPage":{"@id":"https:\/\/brasilnoticias.org\/site\/apos-caso-de-agressao-vir-a-publico-familia-de-silvio-santos-muda-postura-em-relacao-a-cintia-abravanel-diz-colunista\/#primaryimage"},"image":{"@id":"https:\/\/brasilnoticias.org\/site\/apos-caso-de-agressao-vir-a-publico-familia-de-silvio-santos-muda-postura-em-relacao-a-cintia-abravanel-diz-colunista\/#primaryimage"},"thumbnailUrl":"https:\/\/brasilnoticias.org\/site\/wp-content\/uploads\/2022\/12\/silvio-santos.jpg","datePublished":"2022-12-16T21:20:28+00:00","breadcrumb":{"@id":"https:\/\/brasilnoticias.org\/site\/apos-caso-de-agressao-vir-a-publico-familia-de-silvio-santos-muda-postura-em-relacao-a-cintia-abravanel-diz-colunista\/#breadcrumb"},"inLanguage":"pt-PT","potentialAction":[{"@type":"ReadAction","target":["https:\/\/brasilnoticias.org\/site\/apos-caso-de-agressao-vir-a-publico-familia-de-silvio-santos-muda-postura-em-relacao-a-cintia-abravanel-diz-colunista\/"]}]},{"@type":"ImageObject","inLanguage":"pt-PT","@id":"https:\/\/brasilnoticias.org\/site\/apos-caso-de-agressao-vir-a-publico-familia-de-silvio-santos-muda-postura-em-relacao-a-cintia-abravanel-diz-colunista\/#primaryimage","url":"https:\/\/brasilnoticias.org\/site\/wp-content\/uploads\/2022\/12\/silvio-santos.jpg","contentUrl":"https:\/\/brasilnoticias.org\/site\/wp-content\/uploads\/2022\/12\/silvio-santos.jpg","width":675,"height":645},{"@type":"BreadcrumbList","@id":"https:\/\/brasilnoticias.org\/site\/apos-caso-de-agressao-vir-a-publico-familia-de-silvio-santos-muda-postura-em-relacao-a-cintia-abravanel-diz-colunista\/#breadcrumb","itemListElement":[{"@type":"ListItem","position":1,"name":"In\u00edcio","item":"https:\/\/brasilnoticias.org\/site\/"},{"@type":"ListItem","position":2,"name":"Ap\u00f3s caso de agress\u00e3o vir a p\u00fablico, fam\u00edlia de Silvio Santos muda postura em rela\u00e7\u00e3o a Cintia Abravanel, diz colunista"}]},{"@type":"WebSite","@id":"https:\/\/brasilnoticias.org\/site\/#website","url":"https:\/\/brasilnoticias.org\/site\/","name":"Brasil not\u00edcias","description":"Brasil not\u00edcias","publisher":{"@id":"https:\/\/brasilnoticias.org\/site\/#organization"},"potentialAction":[{"@type":"SearchAction","target":{"@type":"EntryPoint","urlTemplate":"https:\/\/brasilnoticias.org\/site\/?s={search_term_string}"},"query-input":{"@type":"PropertyValueSpecification","valueRequired":true,"valueName":"search_term_string"}}],"inLanguage":"pt-PT"},{"@type":"Organization","@id":"https:\/\/brasilnoticias.org\/site\/#organization","name":"Brasil not\u00edcias","url":"https:\/\/brasilnoticias.org\/site\/","logo":{"@type":"ImageObject","inLanguage":"pt-PT","@id":"https:\/\/brasilnoticias.org\/site\/#\/schema\/logo\/image\/","url":"https:\/\/brasilnoticias.org\/site\/wp-content\/uploads\/2022\/05\/cropped-brasilnoticias-mini.jpg","contentUrl":"https:\/\/brasilnoticias.org\/site\/wp-content\/uploads\/2022\/05\/cropped-brasilnoticias-mini.jpg","width":314,"height":86,"caption":"Brasil not\u00edcias"},"image":{"@id":"https:\/\/brasilnoticias.org\/site\/#\/schema\/logo\/image\/"}},{"@type":"Person","@id":"https:\/\/brasilnoticias.org\/site\/#\/schema\/person\/a0e05b973ec4d15c658d51911e53507b","name":"Reda\u00e7\u00e3o","image":{"@type":"ImageObject","inLanguage":"pt-PT","@id":"https:\/\/brasilnoticias.org\/site\/#\/schema\/person\/image\/","url":"https:\/\/secure.gravatar.com\/avatar\/75d8b050df2de108b08ae78dfb8e374892df24a383c67db9c46a9c604f6aee9c?s=96&d=mm&r=g","contentUrl":"https:\/\/secure.gravatar.com\/avatar\/75d8b050df2de108b08ae78dfb8e374892df24a383c67db9c46a9c604f6aee9c?s=96&d=mm&r=g","caption":"Reda\u00e7\u00e3o"},"sameAs":["https:\/\/brasilnoticias.org\/site"],"url":"https:\/\/brasilnoticias.org\/site\/author\/fernandozsngmail-com\/"}]}},"_links":{"self":[{"href":"https:\/\/brasilnoticias.org\/site\/wp-json\/wp\/v2\/posts\/2832","targetHints":{"allow":["GET"]}}],"collection":[{"href":"https:\/\/brasilnoticias.org\/site\/wp-json\/wp\/v2\/posts"}],"about":[{"href":"https:\/\/brasilnoticias.org\/site\/wp-json\/wp\/v2\/types\/post"}],"author":[{"embeddable":true,"href":"https:\/\/brasilnoticias.org\/site\/wp-json\/wp\/v2\/users\/1"}],"replies":[{"embeddable":true,"href":"https:\/\/brasilnoticias.org\/site\/wp-json\/wp\/v2\/comments?post=2832"}],"version-history":[{"count":1,"href":"https:\/\/brasilnoticias.org\/site\/wp-json\/wp\/v2\/posts\/2832\/revisions"}],"predecessor-version":[{"id":2834,"href":"https:\/\/brasilnoticias.org\/site\/wp-json\/wp\/v2\/posts\/2832\/revisions\/2834"}],"wp:featuredmedia":[{"embeddable":true,"href":"https:\/\/brasilnoticias.org\/site\/wp-json\/wp\/v2\/media\/2833"}],"wp:attachment":[{"href":"https:\/\/brasilnoticias.org\/site\/wp-json\/wp\/v2\/media?parent=2832"}],"wp:term":[{"taxonomy":"category","embeddable":true,"href":"https:\/\/brasilnoticias.org\/site\/wp-json\/wp\/v2\/categories?post=2832"},{"taxonomy":"post_tag","embeddable":true,"href":"https:\/\/brasilnoticias.org\/site\/wp-json\/wp\/v2\/tags?post=2832"}],"curies":[{"name":"wp","href":"https:\/\/api.w.org\/{rel}","templated":true}]}}