{"id":2835,"date":"2022-12-16T18:20:41","date_gmt":"2022-12-16T21:20:41","guid":{"rendered":"https:\/\/brasilnoticias.org\/site\/?p=2835"},"modified":"2022-12-16T08:09:05","modified_gmt":"2022-12-16T11:09:05","slug":"covid-19-novo-sintoma-comum-pode-ser-confundido-com-outras-doencas","status":"publish","type":"post","link":"https:\/\/brasilnoticias.org\/site\/covid-19-novo-sintoma-comum-pode-ser-confundido-com-outras-doencas\/","title":{"rendered":"Covid-19: Novo sintoma comum pode ser confundido com outras doen\u00e7as"},"content":{"rendered":"<p>Ao longo dos meses de pandemia, os sintomas mais observados entre os infectados com Covid-19 foram sendo alterados. Depois de febre, tosse e dores de cabe\u00e7a, h\u00e1 um novo sinal comum que pode ser confundido com outras doen\u00e7as.<\/p>\n<p>Segundo o Zoe Health Study, um projeto de investiga\u00e7\u00e3o de sa\u00fade da empresa brit\u00e2nica Zoe Limited, \u00e9 na voz que pode ser observado um novo sintoma recorrente. Trata-se de disfonia, termo m\u00e9dico para a rouquid\u00e3o.<\/p>\n<p>Tal como outros dos sinais que se associam \u00e0 Covid-19, este tamb\u00e9m pode ser facilmente identificado com outras patologias. A Zoe Limited explica que para tratar este sintoma deve respirar ar h\u00famido, descansar a voz o m\u00e1ximo que conseguir e beber muitos l\u00edquidos.<\/p>\n<p>Entre outros dos sintomas mais comuns da Covid-19 que identificam est\u00e3o a dor de garganta, nariz pingando, nariz entupido, espirros, tosse, dor de cabe\u00e7a, dores musculares e perda de olfato.<\/p>\n<p>A falta de ar e a febre s\u00e3o cada vez menos comuns.<\/p>\n<p>Foto Shutterstock<br \/>\nNot\u00edcias ao minuto<\/p>\n","protected":false},"excerpt":{"rendered":"<p>Ao longo dos meses de pandemia, os sintomas mais observados entre os infectados com Covid-19 foram sendo alterados. Depois de<\/p>\n","protected":false},"author":1,"featured_media":2836,"comment_status":"open","ping_status":"open","sticky":false,"template":"","format":"standard","meta":{"colormag_page_container_layout":"default_layout","colormag_page_sidebar_layout":"default_layout","_FSMCFIC_featured_image_caption":"","_FSMCFIC_featured_image_nocaption":"","_FSMCFIC_featured_image_hide":"","footnotes":""},"categories":[2,1],"tags":[],"class_list":["post-2835","post","type-post","status-publish","format-standard","has-post-thumbnail","hentry","category-noticias","category-ultimas"],"yoast_head":"<!-- This site is optimized with the Yoast SEO plugin v27.1.1 - https:\/\/yoast.com\/product\/yoast-seo-wordpress\/ -->\n<title>Covid-19: Novo sintoma comum pode ser confundido com outras doen\u00e7as - Brasil not\u00edcias<\/title>\n<meta name=\"robots\" content=\"index, follow, max-snippet:-1, max-image-preview:large, max-video-preview:-1\" \/>\n<link rel=\"canonical\" href=\"https:\/\/brasilnoticias.org\/site\/covid-19-novo-sintoma-comum-pode-ser-confundido-com-outras-doencas\/\" \/>\n<meta property=\"og:locale\" content=\"pt_PT\" \/>\n<meta property=\"og:type\" content=\"article\" \/>\n<meta property=\"og:title\" content=\"Covid-19: Novo sintoma comum pode ser confundido com outras doen\u00e7as - Brasil not\u00edcias\" \/>\n<meta property=\"og:description\" content=\"Ao longo dos meses de pandemia, os sintomas mais observados entre os infectados com Covid-19 foram sendo alterados. Depois de\" \/>\n<meta property=\"og:url\" content=\"https:\/\/brasilnoticias.org\/site\/covid-19-novo-sintoma-comum-pode-ser-confundido-com-outras-doencas\/\" \/>\n<meta property=\"og:site_name\" content=\"Brasil not\u00edcias\" \/>\n<meta property=\"article:published_time\" content=\"2022-12-16T21:20:41+00:00\" \/>\n<meta property=\"og:image\" content=\"https:\/\/brasilnoticias.org\/site\/wp-content\/uploads\/2022\/12\/naom_639c21983fc54.jpg\" \/>\n\t<meta property=\"og:image:width\" content=\"960\" \/>\n\t<meta property=\"og:image:height\" content=\"540\" \/>\n\t<meta property=\"og:image:type\" content=\"image\/jpeg\" \/>\n<meta name=\"author\" content=\"Reda\u00e7\u00e3o\" \/>\n<meta name=\"twitter:card\" content=\"summary_large_image\" \/>\n<meta name=\"twitter:label1\" content=\"Escrito por\" \/>\n\t<meta name=\"twitter:data1\" content=\"Reda\u00e7\u00e3o\" \/>\n\t<meta name=\"twitter:label2\" content=\"Tempo estimado de leitura\" \/>\n\t<meta name=\"twitter:data2\" content=\"1 minuto\" \/>\n<script type=\"application\/ld+json\" class=\"yoast-schema-graph\">{\"@context\":\"https:\/\/schema.org\",\"@graph\":[{\"@type\":\"Article\",\"@id\":\"https:\/\/brasilnoticias.org\/site\/covid-19-novo-sintoma-comum-pode-ser-confundido-com-outras-doencas\/#article\",\"isPartOf\":{\"@id\":\"https:\/\/brasilnoticias.org\/site\/covid-19-novo-sintoma-comum-pode-ser-confundido-com-outras-doencas\/\"},\"author\":{\"name\":\"Reda\u00e7\u00e3o\",\"@id\":\"https:\/\/brasilnoticias.org\/site\/#\/schema\/person\/a0e05b973ec4d15c658d51911e53507b\"},\"headline\":\"Covid-19: Novo sintoma comum pode ser confundido com outras doen\u00e7as\",\"datePublished\":\"2022-12-16T21:20:41+00:00\",\"mainEntityOfPage\":{\"@id\":\"https:\/\/brasilnoticias.org\/site\/covid-19-novo-sintoma-comum-pode-ser-confundido-com-outras-doencas\/\"},\"wordCount\":187,\"commentCount\":0,\"publisher\":{\"@id\":\"https:\/\/brasilnoticias.org\/site\/#organization\"},\"image\":{\"@id\":\"https:\/\/brasilnoticias.org\/site\/covid-19-novo-sintoma-comum-pode-ser-confundido-com-outras-doencas\/#primaryimage\"},\"thumbnailUrl\":\"https:\/\/brasilnoticias.org\/site\/wp-content\/uploads\/2022\/12\/naom_639c21983fc54.jpg\",\"articleSection\":[\"Not\u00edcias\",\"\u00daltimas\"],\"inLanguage\":\"pt-PT\",\"potentialAction\":[{\"@type\":\"CommentAction\",\"name\":\"Comment\",\"target\":[\"https:\/\/brasilnoticias.org\/site\/covid-19-novo-sintoma-comum-pode-ser-confundido-com-outras-doencas\/#respond\"]}]},{\"@type\":\"WebPage\",\"@id\":\"https:\/\/brasilnoticias.org\/site\/covid-19-novo-sintoma-comum-pode-ser-confundido-com-outras-doencas\/\",\"url\":\"https:\/\/brasilnoticias.org\/site\/covid-19-novo-sintoma-comum-pode-ser-confundido-com-outras-doencas\/\",\"name\":\"Covid-19: Novo sintoma comum pode ser confundido com outras doen\u00e7as - Brasil not\u00edcias\",\"isPartOf\":{\"@id\":\"https:\/\/brasilnoticias.org\/site\/#website\"},\"primaryImageOfPage\":{\"@id\":\"https:\/\/brasilnoticias.org\/site\/covid-19-novo-sintoma-comum-pode-ser-confundido-com-outras-doencas\/#primaryimage\"},\"image\":{\"@id\":\"https:\/\/brasilnoticias.org\/site\/covid-19-novo-sintoma-comum-pode-ser-confundido-com-outras-doencas\/#primaryimage\"},\"thumbnailUrl\":\"https:\/\/brasilnoticias.org\/site\/wp-content\/uploads\/2022\/12\/naom_639c21983fc54.jpg\",\"datePublished\":\"2022-12-16T21:20:41+00:00\",\"breadcrumb\":{\"@id\":\"https:\/\/brasilnoticias.org\/site\/covid-19-novo-sintoma-comum-pode-ser-confundido-com-outras-doencas\/#breadcrumb\"},\"inLanguage\":\"pt-PT\",\"potentialAction\":[{\"@type\":\"ReadAction\",\"target\":[\"https:\/\/brasilnoticias.org\/site\/covid-19-novo-sintoma-comum-pode-ser-confundido-com-outras-doencas\/\"]}]},{\"@type\":\"ImageObject\",\"inLanguage\":\"pt-PT\",\"@id\":\"https:\/\/brasilnoticias.org\/site\/covid-19-novo-sintoma-comum-pode-ser-confundido-com-outras-doencas\/#primaryimage\",\"url\":\"https:\/\/brasilnoticias.org\/site\/wp-content\/uploads\/2022\/12\/naom_639c21983fc54.jpg\",\"contentUrl\":\"https:\/\/brasilnoticias.org\/site\/wp-content\/uploads\/2022\/12\/naom_639c21983fc54.jpg\",\"width\":960,\"height\":540},{\"@type\":\"BreadcrumbList\",\"@id\":\"https:\/\/brasilnoticias.org\/site\/covid-19-novo-sintoma-comum-pode-ser-confundido-com-outras-doencas\/#breadcrumb\",\"itemListElement\":[{\"@type\":\"ListItem\",\"position\":1,\"name\":\"In\u00edcio\",\"item\":\"https:\/\/brasilnoticias.org\/site\/\"},{\"@type\":\"ListItem\",\"position\":2,\"name\":\"Covid-19: Novo sintoma comum pode ser confundido com outras doen\u00e7as\"}]},{\"@type\":\"WebSite\",\"@id\":\"https:\/\/brasilnoticias.org\/site\/#website\",\"url\":\"https:\/\/brasilnoticias.org\/site\/\",\"name\":\"Brasil not\u00edcias\",\"description\":\"Brasil not\u00edcias\",\"publisher\":{\"@id\":\"https:\/\/brasilnoticias.org\/site\/#organization\"},\"potentialAction\":[{\"@type\":\"SearchAction\",\"target\":{\"@type\":\"EntryPoint\",\"urlTemplate\":\"https:\/\/brasilnoticias.org\/site\/?s={search_term_string}\"},\"query-input\":{\"@type\":\"PropertyValueSpecification\",\"valueRequired\":true,\"valueName\":\"search_term_string\"}}],\"inLanguage\":\"pt-PT\"},{\"@type\":\"Organization\",\"@id\":\"https:\/\/brasilnoticias.org\/site\/#organization\",\"name\":\"Brasil not\u00edcias\",\"url\":\"https:\/\/brasilnoticias.org\/site\/\",\"logo\":{\"@type\":\"ImageObject\",\"inLanguage\":\"pt-PT\",\"@id\":\"https:\/\/brasilnoticias.org\/site\/#\/schema\/logo\/image\/\",\"url\":\"https:\/\/brasilnoticias.org\/site\/wp-content\/uploads\/2022\/05\/cropped-brasilnoticias-mini.jpg\",\"contentUrl\":\"https:\/\/brasilnoticias.org\/site\/wp-content\/uploads\/2022\/05\/cropped-brasilnoticias-mini.jpg\",\"width\":314,\"height\":86,\"caption\":\"Brasil not\u00edcias\"},\"image\":{\"@id\":\"https:\/\/brasilnoticias.org\/site\/#\/schema\/logo\/image\/\"}},{\"@type\":\"Person\",\"@id\":\"https:\/\/brasilnoticias.org\/site\/#\/schema\/person\/a0e05b973ec4d15c658d51911e53507b\",\"name\":\"Reda\u00e7\u00e3o\",\"image\":{\"@type\":\"ImageObject\",\"inLanguage\":\"pt-PT\",\"@id\":\"https:\/\/brasilnoticias.org\/site\/#\/schema\/person\/image\/\",\"url\":\"https:\/\/secure.gravatar.com\/avatar\/75d8b050df2de108b08ae78dfb8e374892df24a383c67db9c46a9c604f6aee9c?s=96&d=mm&r=g\",\"contentUrl\":\"https:\/\/secure.gravatar.com\/avatar\/75d8b050df2de108b08ae78dfb8e374892df24a383c67db9c46a9c604f6aee9c?s=96&d=mm&r=g\",\"caption\":\"Reda\u00e7\u00e3o\"},\"sameAs\":[\"https:\/\/brasilnoticias.org\/site\"],\"url\":\"https:\/\/brasilnoticias.org\/site\/author\/fernandozsngmail-com\/\"}]}<\/script>\n<!-- \/ Yoast SEO plugin. -->","yoast_head_json":{"title":"Covid-19: Novo sintoma comum pode ser confundido com outras doen\u00e7as - Brasil not\u00edcias","robots":{"index":"index","follow":"follow","max-snippet":"max-snippet:-1","max-image-preview":"max-image-preview:large","max-video-preview":"max-video-preview:-1"},"canonical":"https:\/\/brasilnoticias.org\/site\/covid-19-novo-sintoma-comum-pode-ser-confundido-com-outras-doencas\/","og_locale":"pt_PT","og_type":"article","og_title":"Covid-19: Novo sintoma comum pode ser confundido com outras doen\u00e7as - Brasil not\u00edcias","og_description":"Ao longo dos meses de pandemia, os sintomas mais observados entre os infectados com Covid-19 foram sendo alterados. Depois de","og_url":"https:\/\/brasilnoticias.org\/site\/covid-19-novo-sintoma-comum-pode-ser-confundido-com-outras-doencas\/","og_site_name":"Brasil not\u00edcias","article_published_time":"2022-12-16T21:20:41+00:00","og_image":[{"width":960,"height":540,"url":"https:\/\/brasilnoticias.org\/site\/wp-content\/uploads\/2022\/12\/naom_639c21983fc54.jpg","type":"image\/jpeg"}],"author":"Reda\u00e7\u00e3o","twitter_card":"summary_large_image","twitter_misc":{"Escrito por":"Reda\u00e7\u00e3o","Tempo estimado de leitura":"1 minuto"},"schema":{"@context":"https:\/\/schema.org","@graph":[{"@type":"Article","@id":"https:\/\/brasilnoticias.org\/site\/covid-19-novo-sintoma-comum-pode-ser-confundido-com-outras-doencas\/#article","isPartOf":{"@id":"https:\/\/brasilnoticias.org\/site\/covid-19-novo-sintoma-comum-pode-ser-confundido-com-outras-doencas\/"},"author":{"name":"Reda\u00e7\u00e3o","@id":"https:\/\/brasilnoticias.org\/site\/#\/schema\/person\/a0e05b973ec4d15c658d51911e53507b"},"headline":"Covid-19: Novo sintoma comum pode ser confundido com outras doen\u00e7as","datePublished":"2022-12-16T21:20:41+00:00","mainEntityOfPage":{"@id":"https:\/\/brasilnoticias.org\/site\/covid-19-novo-sintoma-comum-pode-ser-confundido-com-outras-doencas\/"},"wordCount":187,"commentCount":0,"publisher":{"@id":"https:\/\/brasilnoticias.org\/site\/#organization"},"image":{"@id":"https:\/\/brasilnoticias.org\/site\/covid-19-novo-sintoma-comum-pode-ser-confundido-com-outras-doencas\/#primaryimage"},"thumbnailUrl":"https:\/\/brasilnoticias.org\/site\/wp-content\/uploads\/2022\/12\/naom_639c21983fc54.jpg","articleSection":["Not\u00edcias","\u00daltimas"],"inLanguage":"pt-PT","potentialAction":[{"@type":"CommentAction","name":"Comment","target":["https:\/\/brasilnoticias.org\/site\/covid-19-novo-sintoma-comum-pode-ser-confundido-com-outras-doencas\/#respond"]}]},{"@type":"WebPage","@id":"https:\/\/brasilnoticias.org\/site\/covid-19-novo-sintoma-comum-pode-ser-confundido-com-outras-doencas\/","url":"https:\/\/brasilnoticias.org\/site\/covid-19-novo-sintoma-comum-pode-ser-confundido-com-outras-doencas\/","name":"Covid-19: Novo sintoma comum pode ser confundido com outras doen\u00e7as - Brasil not\u00edcias","isPartOf":{"@id":"https:\/\/brasilnoticias.org\/site\/#website"},"primaryImageOfPage":{"@id":"https:\/\/brasilnoticias.org\/site\/covid-19-novo-sintoma-comum-pode-ser-confundido-com-outras-doencas\/#primaryimage"},"image":{"@id":"https:\/\/brasilnoticias.org\/site\/covid-19-novo-sintoma-comum-pode-ser-confundido-com-outras-doencas\/#primaryimage"},"thumbnailUrl":"https:\/\/brasilnoticias.org\/site\/wp-content\/uploads\/2022\/12\/naom_639c21983fc54.jpg","datePublished":"2022-12-16T21:20:41+00:00","breadcrumb":{"@id":"https:\/\/brasilnoticias.org\/site\/covid-19-novo-sintoma-comum-pode-ser-confundido-com-outras-doencas\/#breadcrumb"},"inLanguage":"pt-PT","potentialAction":[{"@type":"ReadAction","target":["https:\/\/brasilnoticias.org\/site\/covid-19-novo-sintoma-comum-pode-ser-confundido-com-outras-doencas\/"]}]},{"@type":"ImageObject","inLanguage":"pt-PT","@id":"https:\/\/brasilnoticias.org\/site\/covid-19-novo-sintoma-comum-pode-ser-confundido-com-outras-doencas\/#primaryimage","url":"https:\/\/brasilnoticias.org\/site\/wp-content\/uploads\/2022\/12\/naom_639c21983fc54.jpg","contentUrl":"https:\/\/brasilnoticias.org\/site\/wp-content\/uploads\/2022\/12\/naom_639c21983fc54.jpg","width":960,"height":540},{"@type":"BreadcrumbList","@id":"https:\/\/brasilnoticias.org\/site\/covid-19-novo-sintoma-comum-pode-ser-confundido-com-outras-doencas\/#breadcrumb","itemListElement":[{"@type":"ListItem","position":1,"name":"In\u00edcio","item":"https:\/\/brasilnoticias.org\/site\/"},{"@type":"ListItem","position":2,"name":"Covid-19: Novo sintoma comum pode ser confundido com outras doen\u00e7as"}]},{"@type":"WebSite","@id":"https:\/\/brasilnoticias.org\/site\/#website","url":"https:\/\/brasilnoticias.org\/site\/","name":"Brasil not\u00edcias","description":"Brasil not\u00edcias","publisher":{"@id":"https:\/\/brasilnoticias.org\/site\/#organization"},"potentialAction":[{"@type":"SearchAction","target":{"@type":"EntryPoint","urlTemplate":"https:\/\/brasilnoticias.org\/site\/?s={search_term_string}"},"query-input":{"@type":"PropertyValueSpecification","valueRequired":true,"valueName":"search_term_string"}}],"inLanguage":"pt-PT"},{"@type":"Organization","@id":"https:\/\/brasilnoticias.org\/site\/#organization","name":"Brasil not\u00edcias","url":"https:\/\/brasilnoticias.org\/site\/","logo":{"@type":"ImageObject","inLanguage":"pt-PT","@id":"https:\/\/brasilnoticias.org\/site\/#\/schema\/logo\/image\/","url":"https:\/\/brasilnoticias.org\/site\/wp-content\/uploads\/2022\/05\/cropped-brasilnoticias-mini.jpg","contentUrl":"https:\/\/brasilnoticias.org\/site\/wp-content\/uploads\/2022\/05\/cropped-brasilnoticias-mini.jpg","width":314,"height":86,"caption":"Brasil not\u00edcias"},"image":{"@id":"https:\/\/brasilnoticias.org\/site\/#\/schema\/logo\/image\/"}},{"@type":"Person","@id":"https:\/\/brasilnoticias.org\/site\/#\/schema\/person\/a0e05b973ec4d15c658d51911e53507b","name":"Reda\u00e7\u00e3o","image":{"@type":"ImageObject","inLanguage":"pt-PT","@id":"https:\/\/brasilnoticias.org\/site\/#\/schema\/person\/image\/","url":"https:\/\/secure.gravatar.com\/avatar\/75d8b050df2de108b08ae78dfb8e374892df24a383c67db9c46a9c604f6aee9c?s=96&d=mm&r=g","contentUrl":"https:\/\/secure.gravatar.com\/avatar\/75d8b050df2de108b08ae78dfb8e374892df24a383c67db9c46a9c604f6aee9c?s=96&d=mm&r=g","caption":"Reda\u00e7\u00e3o"},"sameAs":["https:\/\/brasilnoticias.org\/site"],"url":"https:\/\/brasilnoticias.org\/site\/author\/fernandozsngmail-com\/"}]}},"_links":{"self":[{"href":"https:\/\/brasilnoticias.org\/site\/wp-json\/wp\/v2\/posts\/2835","targetHints":{"allow":["GET"]}}],"collection":[{"href":"https:\/\/brasilnoticias.org\/site\/wp-json\/wp\/v2\/posts"}],"about":[{"href":"https:\/\/brasilnoticias.org\/site\/wp-json\/wp\/v2\/types\/post"}],"author":[{"embeddable":true,"href":"https:\/\/brasilnoticias.org\/site\/wp-json\/wp\/v2\/users\/1"}],"replies":[{"embeddable":true,"href":"https:\/\/brasilnoticias.org\/site\/wp-json\/wp\/v2\/comments?post=2835"}],"version-history":[{"count":1,"href":"https:\/\/brasilnoticias.org\/site\/wp-json\/wp\/v2\/posts\/2835\/revisions"}],"predecessor-version":[{"id":2837,"href":"https:\/\/brasilnoticias.org\/site\/wp-json\/wp\/v2\/posts\/2835\/revisions\/2837"}],"wp:featuredmedia":[{"embeddable":true,"href":"https:\/\/brasilnoticias.org\/site\/wp-json\/wp\/v2\/media\/2836"}],"wp:attachment":[{"href":"https:\/\/brasilnoticias.org\/site\/wp-json\/wp\/v2\/media?parent=2835"}],"wp:term":[{"taxonomy":"category","embeddable":true,"href":"https:\/\/brasilnoticias.org\/site\/wp-json\/wp\/v2\/categories?post=2835"},{"taxonomy":"post_tag","embeddable":true,"href":"https:\/\/brasilnoticias.org\/site\/wp-json\/wp\/v2\/tags?post=2835"}],"curies":[{"name":"wp","href":"https:\/\/api.w.org\/{rel}","templated":true}]}}