{"id":2845,"date":"2022-12-17T07:20:26","date_gmt":"2022-12-17T10:20:26","guid":{"rendered":"https:\/\/brasilnoticias.org\/site\/?p=2845"},"modified":"2022-12-16T21:06:40","modified_gmt":"2022-12-17T00:06:40","slug":"um-ano-apos-tragedia-governo-da-bahia-se-prepara-para-possibilidade-de-novas-enchentes","status":"publish","type":"post","link":"https:\/\/brasilnoticias.org\/site\/um-ano-apos-tragedia-governo-da-bahia-se-prepara-para-possibilidade-de-novas-enchentes\/","title":{"rendered":"Um ano ap\u00f3s trag\u00e9dia, governo da Bahia se prepara para possibilidade de novas enchentes"},"content":{"rendered":"<div class=\"styles__Body-sc-1ffquwr-7 ePhtZb\">\n<p>Um ano ap\u00f3s a trag\u00e9dia provocada por enchentes em cidades do sul e extremo-sul da Bahia, com a nova amea\u00e7a de fortes chuvas no m\u00eas de dezembro, o governo da Bahia come\u00e7ou a se preparar para mitigar os poss\u00edveis efeitos de uma nova onda de enchentes.<\/p>\n<p>De acordo com a gest\u00e3o estadual, foi criado um grupo no in\u00edcio de dezembro para atender \u00e0s demandas relacionadas \u00e0s chuvas no estado, reunindo representantes de diversos \u00f3rg\u00e3os, com comunica\u00e7\u00e3o direta com os 417 munic\u00edpios baianos. A Superintend\u00eancia de Prote\u00e7\u00e3o e Defesa Civil da Bahia (Sudec) \u00e9 respons\u00e1vel pelo monitoramento das barragens e acompanhamento da situa\u00e7\u00e3o em cada cidade.<\/p>\n<p>Tamb\u00e9m em dezembro, o Corpo de Bombeiros Militar da Bahia (CBMBA) montou cinco postos avan\u00e7ados nas cidades de Ilh\u00e9us, Barreiras, Jequi\u00e9, Itabuna e Teixeira de Freitas. Os postos de comando s\u00e3o de resposta imediata a enchentes, independente das unidades operacionais j\u00e1 existentes no interior.<\/p>\n<p>O estado registra 146.741 pessoas atingidas pelas chuvas desde o final de 2021, das quais 768 est\u00e3o desabrigadas, segundo informa\u00e7\u00e3o divulgada nesta quinta-feira (15) pela Sudec. Os n\u00fameros correspondem \u00e0s ocorr\u00eancias registradas em 76 munic\u00edpios afetados. Destes, 56 est\u00e3o com decreto de Situa\u00e7\u00e3o de Emerg\u00eancia.<\/p>\n<p>O governo da Bahia afirma que diariamente \u00e9 divulgado um boletim atualizado com os n\u00fameros referentes \u00e0 popula\u00e7\u00e3o atingida pelas enchentes que ocorrem em algumas regi\u00f5es do estado, e tamb\u00e9m com uma lista das rodovias afetadas pelas chuvas. Os servi\u00e7os emergenciais para o restabelecimento do tr\u00e1fego de veiculas nas estradas atingidas s\u00e3o executados pela Secretaria de Infraestrutura de Transporte, Energia e Comunica\u00e7\u00e3o do Estado (Seinfra).<\/p>\n<p>Al\u00e9m dos \u00f3rg\u00e3os j\u00e1 citados, fazem parte do grupo de monitoramento das chuvas as secretarias de Agricultura, Pecu\u00e1ria, Irriga\u00e7\u00e3o, Pesca e Aquicultura (Seagri), da Administra\u00e7\u00e3o (Saeb), de Justi\u00e7a, Direitos Humanos e Desenvolvimento Social (SJDHDS), de Seguran\u00e7a P\u00fablica (SSP), da Sa\u00fade (Sesab) e a Casa Civil. Participam, ainda, a Pol\u00edcia Militar, inclusive a Casa Militar do Governador, a Companhia de Engenharia H\u00eddrica e de Saneamento do Estado (Cerb) e a Companhia de Desenvolvimento Urbano do Estado da Bahia (Conder).<\/p>\n<\/div>\n<div class=\"styles__RelatedWrapper-sc-1ffquwr-8 byMLWm\"><\/div>\n<p class=\"image-credit\">Foto:\u00a0<b>Divulga\u00e7\u00e3o<\/b><\/p>\n<p class=\"author\">Por:\u00a0<b>Metro1<\/b><\/p>\n","protected":false},"excerpt":{"rendered":"<p>Um ano ap\u00f3s a trag\u00e9dia provocada por enchentes em cidades do sul e extremo-sul da Bahia, com a nova amea\u00e7a<\/p>\n","protected":false},"author":1,"featured_media":2846,"comment_status":"open","ping_status":"open","sticky":false,"template":"","format":"standard","meta":{"colormag_page_container_layout":"default_layout","colormag_page_sidebar_layout":"default_layout","_FSMCFIC_featured_image_caption":"","_FSMCFIC_featured_image_nocaption":"","_FSMCFIC_featured_image_hide":"","footnotes":""},"categories":[2,1],"tags":[],"class_list":["post-2845","post","type-post","status-publish","format-standard","has-post-thumbnail","hentry","category-noticias","category-ultimas"],"yoast_head":"<!-- This site is optimized with the Yoast SEO plugin v27.1.1 - https:\/\/yoast.com\/product\/yoast-seo-wordpress\/ -->\n<title>Um ano ap\u00f3s trag\u00e9dia, governo da Bahia se prepara para possibilidade de novas enchentes - Brasil not\u00edcias<\/title>\n<meta name=\"robots\" content=\"index, follow, max-snippet:-1, max-image-preview:large, max-video-preview:-1\" \/>\n<link rel=\"canonical\" href=\"https:\/\/brasilnoticias.org\/site\/um-ano-apos-tragedia-governo-da-bahia-se-prepara-para-possibilidade-de-novas-enchentes\/\" \/>\n<meta property=\"og:locale\" content=\"pt_PT\" \/>\n<meta property=\"og:type\" content=\"article\" \/>\n<meta property=\"og:title\" content=\"Um ano ap\u00f3s trag\u00e9dia, governo da Bahia se prepara para possibilidade de novas enchentes - Brasil not\u00edcias\" \/>\n<meta property=\"og:description\" content=\"Um ano ap\u00f3s a trag\u00e9dia provocada por enchentes em cidades do sul e extremo-sul da Bahia, com a nova amea\u00e7a\" \/>\n<meta property=\"og:url\" content=\"https:\/\/brasilnoticias.org\/site\/um-ano-apos-tragedia-governo-da-bahia-se-prepara-para-possibilidade-de-novas-enchentes\/\" \/>\n<meta property=\"og:site_name\" content=\"Brasil not\u00edcias\" \/>\n<meta property=\"article:published_time\" content=\"2022-12-17T10:20:26+00:00\" \/>\n<meta property=\"og:image\" content=\"https:\/\/brasilnoticias.org\/site\/wp-content\/uploads\/2022\/12\/131416um-ano-apos-tragedia-governo-da-bahia-se-prepara-para-possibilidade-de-novas-enchentes-3.jpg\" \/>\n\t<meta property=\"og:image:width\" content=\"1600\" \/>\n\t<meta property=\"og:image:height\" content=\"752\" \/>\n\t<meta property=\"og:image:type\" content=\"image\/jpeg\" \/>\n<meta name=\"author\" content=\"Reda\u00e7\u00e3o\" \/>\n<meta name=\"twitter:card\" content=\"summary_large_image\" \/>\n<meta name=\"twitter:label1\" content=\"Escrito por\" \/>\n\t<meta name=\"twitter:data1\" content=\"Reda\u00e7\u00e3o\" \/>\n\t<meta name=\"twitter:label2\" content=\"Tempo estimado de leitura\" \/>\n\t<meta name=\"twitter:data2\" content=\"2 minutos\" \/>\n<script type=\"application\/ld+json\" class=\"yoast-schema-graph\">{\"@context\":\"https:\/\/schema.org\",\"@graph\":[{\"@type\":\"Article\",\"@id\":\"https:\/\/brasilnoticias.org\/site\/um-ano-apos-tragedia-governo-da-bahia-se-prepara-para-possibilidade-de-novas-enchentes\/#article\",\"isPartOf\":{\"@id\":\"https:\/\/brasilnoticias.org\/site\/um-ano-apos-tragedia-governo-da-bahia-se-prepara-para-possibilidade-de-novas-enchentes\/\"},\"author\":{\"name\":\"Reda\u00e7\u00e3o\",\"@id\":\"https:\/\/brasilnoticias.org\/site\/#\/schema\/person\/a0e05b973ec4d15c658d51911e53507b\"},\"headline\":\"Um ano ap\u00f3s trag\u00e9dia, governo da Bahia se prepara para possibilidade de novas enchentes\",\"datePublished\":\"2022-12-17T10:20:26+00:00\",\"mainEntityOfPage\":{\"@id\":\"https:\/\/brasilnoticias.org\/site\/um-ano-apos-tragedia-governo-da-bahia-se-prepara-para-possibilidade-de-novas-enchentes\/\"},\"wordCount\":394,\"commentCount\":0,\"publisher\":{\"@id\":\"https:\/\/brasilnoticias.org\/site\/#organization\"},\"image\":{\"@id\":\"https:\/\/brasilnoticias.org\/site\/um-ano-apos-tragedia-governo-da-bahia-se-prepara-para-possibilidade-de-novas-enchentes\/#primaryimage\"},\"thumbnailUrl\":\"https:\/\/brasilnoticias.org\/site\/wp-content\/uploads\/2022\/12\/131416um-ano-apos-tragedia-governo-da-bahia-se-prepara-para-possibilidade-de-novas-enchentes-3.jpg\",\"articleSection\":[\"Not\u00edcias\",\"\u00daltimas\"],\"inLanguage\":\"pt-PT\",\"potentialAction\":[{\"@type\":\"CommentAction\",\"name\":\"Comment\",\"target\":[\"https:\/\/brasilnoticias.org\/site\/um-ano-apos-tragedia-governo-da-bahia-se-prepara-para-possibilidade-de-novas-enchentes\/#respond\"]}]},{\"@type\":\"WebPage\",\"@id\":\"https:\/\/brasilnoticias.org\/site\/um-ano-apos-tragedia-governo-da-bahia-se-prepara-para-possibilidade-de-novas-enchentes\/\",\"url\":\"https:\/\/brasilnoticias.org\/site\/um-ano-apos-tragedia-governo-da-bahia-se-prepara-para-possibilidade-de-novas-enchentes\/\",\"name\":\"Um ano ap\u00f3s trag\u00e9dia, governo da Bahia se prepara para possibilidade de novas enchentes - Brasil not\u00edcias\",\"isPartOf\":{\"@id\":\"https:\/\/brasilnoticias.org\/site\/#website\"},\"primaryImageOfPage\":{\"@id\":\"https:\/\/brasilnoticias.org\/site\/um-ano-apos-tragedia-governo-da-bahia-se-prepara-para-possibilidade-de-novas-enchentes\/#primaryimage\"},\"image\":{\"@id\":\"https:\/\/brasilnoticias.org\/site\/um-ano-apos-tragedia-governo-da-bahia-se-prepara-para-possibilidade-de-novas-enchentes\/#primaryimage\"},\"thumbnailUrl\":\"https:\/\/brasilnoticias.org\/site\/wp-content\/uploads\/2022\/12\/131416um-ano-apos-tragedia-governo-da-bahia-se-prepara-para-possibilidade-de-novas-enchentes-3.jpg\",\"datePublished\":\"2022-12-17T10:20:26+00:00\",\"breadcrumb\":{\"@id\":\"https:\/\/brasilnoticias.org\/site\/um-ano-apos-tragedia-governo-da-bahia-se-prepara-para-possibilidade-de-novas-enchentes\/#breadcrumb\"},\"inLanguage\":\"pt-PT\",\"potentialAction\":[{\"@type\":\"ReadAction\",\"target\":[\"https:\/\/brasilnoticias.org\/site\/um-ano-apos-tragedia-governo-da-bahia-se-prepara-para-possibilidade-de-novas-enchentes\/\"]}]},{\"@type\":\"ImageObject\",\"inLanguage\":\"pt-PT\",\"@id\":\"https:\/\/brasilnoticias.org\/site\/um-ano-apos-tragedia-governo-da-bahia-se-prepara-para-possibilidade-de-novas-enchentes\/#primaryimage\",\"url\":\"https:\/\/brasilnoticias.org\/site\/wp-content\/uploads\/2022\/12\/131416um-ano-apos-tragedia-governo-da-bahia-se-prepara-para-possibilidade-de-novas-enchentes-3.jpg\",\"contentUrl\":\"https:\/\/brasilnoticias.org\/site\/wp-content\/uploads\/2022\/12\/131416um-ano-apos-tragedia-governo-da-bahia-se-prepara-para-possibilidade-de-novas-enchentes-3.jpg\",\"width\":1600,\"height\":752},{\"@type\":\"BreadcrumbList\",\"@id\":\"https:\/\/brasilnoticias.org\/site\/um-ano-apos-tragedia-governo-da-bahia-se-prepara-para-possibilidade-de-novas-enchentes\/#breadcrumb\",\"itemListElement\":[{\"@type\":\"ListItem\",\"position\":1,\"name\":\"In\u00edcio\",\"item\":\"https:\/\/brasilnoticias.org\/site\/\"},{\"@type\":\"ListItem\",\"position\":2,\"name\":\"Um ano ap\u00f3s trag\u00e9dia, governo da Bahia se prepara para possibilidade de novas enchentes\"}]},{\"@type\":\"WebSite\",\"@id\":\"https:\/\/brasilnoticias.org\/site\/#website\",\"url\":\"https:\/\/brasilnoticias.org\/site\/\",\"name\":\"Brasil not\u00edcias\",\"description\":\"Brasil not\u00edcias\",\"publisher\":{\"@id\":\"https:\/\/brasilnoticias.org\/site\/#organization\"},\"potentialAction\":[{\"@type\":\"SearchAction\",\"target\":{\"@type\":\"EntryPoint\",\"urlTemplate\":\"https:\/\/brasilnoticias.org\/site\/?s={search_term_string}\"},\"query-input\":{\"@type\":\"PropertyValueSpecification\",\"valueRequired\":true,\"valueName\":\"search_term_string\"}}],\"inLanguage\":\"pt-PT\"},{\"@type\":\"Organization\",\"@id\":\"https:\/\/brasilnoticias.org\/site\/#organization\",\"name\":\"Brasil not\u00edcias\",\"url\":\"https:\/\/brasilnoticias.org\/site\/\",\"logo\":{\"@type\":\"ImageObject\",\"inLanguage\":\"pt-PT\",\"@id\":\"https:\/\/brasilnoticias.org\/site\/#\/schema\/logo\/image\/\",\"url\":\"https:\/\/brasilnoticias.org\/site\/wp-content\/uploads\/2022\/05\/cropped-brasilnoticias-mini.jpg\",\"contentUrl\":\"https:\/\/brasilnoticias.org\/site\/wp-content\/uploads\/2022\/05\/cropped-brasilnoticias-mini.jpg\",\"width\":314,\"height\":86,\"caption\":\"Brasil not\u00edcias\"},\"image\":{\"@id\":\"https:\/\/brasilnoticias.org\/site\/#\/schema\/logo\/image\/\"}},{\"@type\":\"Person\",\"@id\":\"https:\/\/brasilnoticias.org\/site\/#\/schema\/person\/a0e05b973ec4d15c658d51911e53507b\",\"name\":\"Reda\u00e7\u00e3o\",\"image\":{\"@type\":\"ImageObject\",\"inLanguage\":\"pt-PT\",\"@id\":\"https:\/\/brasilnoticias.org\/site\/#\/schema\/person\/image\/\",\"url\":\"https:\/\/secure.gravatar.com\/avatar\/75d8b050df2de108b08ae78dfb8e374892df24a383c67db9c46a9c604f6aee9c?s=96&d=mm&r=g\",\"contentUrl\":\"https:\/\/secure.gravatar.com\/avatar\/75d8b050df2de108b08ae78dfb8e374892df24a383c67db9c46a9c604f6aee9c?s=96&d=mm&r=g\",\"caption\":\"Reda\u00e7\u00e3o\"},\"sameAs\":[\"https:\/\/brasilnoticias.org\/site\"],\"url\":\"https:\/\/brasilnoticias.org\/site\/author\/fernandozsngmail-com\/\"}]}<\/script>\n<!-- \/ Yoast SEO plugin. -->","yoast_head_json":{"title":"Um ano ap\u00f3s trag\u00e9dia, governo da Bahia se prepara para possibilidade de novas enchentes - Brasil not\u00edcias","robots":{"index":"index","follow":"follow","max-snippet":"max-snippet:-1","max-image-preview":"max-image-preview:large","max-video-preview":"max-video-preview:-1"},"canonical":"https:\/\/brasilnoticias.org\/site\/um-ano-apos-tragedia-governo-da-bahia-se-prepara-para-possibilidade-de-novas-enchentes\/","og_locale":"pt_PT","og_type":"article","og_title":"Um ano ap\u00f3s trag\u00e9dia, governo da Bahia se prepara para possibilidade de novas enchentes - Brasil not\u00edcias","og_description":"Um ano ap\u00f3s a trag\u00e9dia provocada por enchentes em cidades do sul e extremo-sul da Bahia, com a nova amea\u00e7a","og_url":"https:\/\/brasilnoticias.org\/site\/um-ano-apos-tragedia-governo-da-bahia-se-prepara-para-possibilidade-de-novas-enchentes\/","og_site_name":"Brasil not\u00edcias","article_published_time":"2022-12-17T10:20:26+00:00","og_image":[{"width":1600,"height":752,"url":"https:\/\/brasilnoticias.org\/site\/wp-content\/uploads\/2022\/12\/131416um-ano-apos-tragedia-governo-da-bahia-se-prepara-para-possibilidade-de-novas-enchentes-3.jpg","type":"image\/jpeg"}],"author":"Reda\u00e7\u00e3o","twitter_card":"summary_large_image","twitter_misc":{"Escrito por":"Reda\u00e7\u00e3o","Tempo estimado de leitura":"2 minutos"},"schema":{"@context":"https:\/\/schema.org","@graph":[{"@type":"Article","@id":"https:\/\/brasilnoticias.org\/site\/um-ano-apos-tragedia-governo-da-bahia-se-prepara-para-possibilidade-de-novas-enchentes\/#article","isPartOf":{"@id":"https:\/\/brasilnoticias.org\/site\/um-ano-apos-tragedia-governo-da-bahia-se-prepara-para-possibilidade-de-novas-enchentes\/"},"author":{"name":"Reda\u00e7\u00e3o","@id":"https:\/\/brasilnoticias.org\/site\/#\/schema\/person\/a0e05b973ec4d15c658d51911e53507b"},"headline":"Um ano ap\u00f3s trag\u00e9dia, governo da Bahia se prepara para possibilidade de novas enchentes","datePublished":"2022-12-17T10:20:26+00:00","mainEntityOfPage":{"@id":"https:\/\/brasilnoticias.org\/site\/um-ano-apos-tragedia-governo-da-bahia-se-prepara-para-possibilidade-de-novas-enchentes\/"},"wordCount":394,"commentCount":0,"publisher":{"@id":"https:\/\/brasilnoticias.org\/site\/#organization"},"image":{"@id":"https:\/\/brasilnoticias.org\/site\/um-ano-apos-tragedia-governo-da-bahia-se-prepara-para-possibilidade-de-novas-enchentes\/#primaryimage"},"thumbnailUrl":"https:\/\/brasilnoticias.org\/site\/wp-content\/uploads\/2022\/12\/131416um-ano-apos-tragedia-governo-da-bahia-se-prepara-para-possibilidade-de-novas-enchentes-3.jpg","articleSection":["Not\u00edcias","\u00daltimas"],"inLanguage":"pt-PT","potentialAction":[{"@type":"CommentAction","name":"Comment","target":["https:\/\/brasilnoticias.org\/site\/um-ano-apos-tragedia-governo-da-bahia-se-prepara-para-possibilidade-de-novas-enchentes\/#respond"]}]},{"@type":"WebPage","@id":"https:\/\/brasilnoticias.org\/site\/um-ano-apos-tragedia-governo-da-bahia-se-prepara-para-possibilidade-de-novas-enchentes\/","url":"https:\/\/brasilnoticias.org\/site\/um-ano-apos-tragedia-governo-da-bahia-se-prepara-para-possibilidade-de-novas-enchentes\/","name":"Um ano ap\u00f3s trag\u00e9dia, governo da Bahia se prepara para possibilidade de novas enchentes - Brasil not\u00edcias","isPartOf":{"@id":"https:\/\/brasilnoticias.org\/site\/#website"},"primaryImageOfPage":{"@id":"https:\/\/brasilnoticias.org\/site\/um-ano-apos-tragedia-governo-da-bahia-se-prepara-para-possibilidade-de-novas-enchentes\/#primaryimage"},"image":{"@id":"https:\/\/brasilnoticias.org\/site\/um-ano-apos-tragedia-governo-da-bahia-se-prepara-para-possibilidade-de-novas-enchentes\/#primaryimage"},"thumbnailUrl":"https:\/\/brasilnoticias.org\/site\/wp-content\/uploads\/2022\/12\/131416um-ano-apos-tragedia-governo-da-bahia-se-prepara-para-possibilidade-de-novas-enchentes-3.jpg","datePublished":"2022-12-17T10:20:26+00:00","breadcrumb":{"@id":"https:\/\/brasilnoticias.org\/site\/um-ano-apos-tragedia-governo-da-bahia-se-prepara-para-possibilidade-de-novas-enchentes\/#breadcrumb"},"inLanguage":"pt-PT","potentialAction":[{"@type":"ReadAction","target":["https:\/\/brasilnoticias.org\/site\/um-ano-apos-tragedia-governo-da-bahia-se-prepara-para-possibilidade-de-novas-enchentes\/"]}]},{"@type":"ImageObject","inLanguage":"pt-PT","@id":"https:\/\/brasilnoticias.org\/site\/um-ano-apos-tragedia-governo-da-bahia-se-prepara-para-possibilidade-de-novas-enchentes\/#primaryimage","url":"https:\/\/brasilnoticias.org\/site\/wp-content\/uploads\/2022\/12\/131416um-ano-apos-tragedia-governo-da-bahia-se-prepara-para-possibilidade-de-novas-enchentes-3.jpg","contentUrl":"https:\/\/brasilnoticias.org\/site\/wp-content\/uploads\/2022\/12\/131416um-ano-apos-tragedia-governo-da-bahia-se-prepara-para-possibilidade-de-novas-enchentes-3.jpg","width":1600,"height":752},{"@type":"BreadcrumbList","@id":"https:\/\/brasilnoticias.org\/site\/um-ano-apos-tragedia-governo-da-bahia-se-prepara-para-possibilidade-de-novas-enchentes\/#breadcrumb","itemListElement":[{"@type":"ListItem","position":1,"name":"In\u00edcio","item":"https:\/\/brasilnoticias.org\/site\/"},{"@type":"ListItem","position":2,"name":"Um ano ap\u00f3s trag\u00e9dia, governo da Bahia se prepara para possibilidade de novas enchentes"}]},{"@type":"WebSite","@id":"https:\/\/brasilnoticias.org\/site\/#website","url":"https:\/\/brasilnoticias.org\/site\/","name":"Brasil not\u00edcias","description":"Brasil not\u00edcias","publisher":{"@id":"https:\/\/brasilnoticias.org\/site\/#organization"},"potentialAction":[{"@type":"SearchAction","target":{"@type":"EntryPoint","urlTemplate":"https:\/\/brasilnoticias.org\/site\/?s={search_term_string}"},"query-input":{"@type":"PropertyValueSpecification","valueRequired":true,"valueName":"search_term_string"}}],"inLanguage":"pt-PT"},{"@type":"Organization","@id":"https:\/\/brasilnoticias.org\/site\/#organization","name":"Brasil not\u00edcias","url":"https:\/\/brasilnoticias.org\/site\/","logo":{"@type":"ImageObject","inLanguage":"pt-PT","@id":"https:\/\/brasilnoticias.org\/site\/#\/schema\/logo\/image\/","url":"https:\/\/brasilnoticias.org\/site\/wp-content\/uploads\/2022\/05\/cropped-brasilnoticias-mini.jpg","contentUrl":"https:\/\/brasilnoticias.org\/site\/wp-content\/uploads\/2022\/05\/cropped-brasilnoticias-mini.jpg","width":314,"height":86,"caption":"Brasil not\u00edcias"},"image":{"@id":"https:\/\/brasilnoticias.org\/site\/#\/schema\/logo\/image\/"}},{"@type":"Person","@id":"https:\/\/brasilnoticias.org\/site\/#\/schema\/person\/a0e05b973ec4d15c658d51911e53507b","name":"Reda\u00e7\u00e3o","image":{"@type":"ImageObject","inLanguage":"pt-PT","@id":"https:\/\/brasilnoticias.org\/site\/#\/schema\/person\/image\/","url":"https:\/\/secure.gravatar.com\/avatar\/75d8b050df2de108b08ae78dfb8e374892df24a383c67db9c46a9c604f6aee9c?s=96&d=mm&r=g","contentUrl":"https:\/\/secure.gravatar.com\/avatar\/75d8b050df2de108b08ae78dfb8e374892df24a383c67db9c46a9c604f6aee9c?s=96&d=mm&r=g","caption":"Reda\u00e7\u00e3o"},"sameAs":["https:\/\/brasilnoticias.org\/site"],"url":"https:\/\/brasilnoticias.org\/site\/author\/fernandozsngmail-com\/"}]}},"_links":{"self":[{"href":"https:\/\/brasilnoticias.org\/site\/wp-json\/wp\/v2\/posts\/2845","targetHints":{"allow":["GET"]}}],"collection":[{"href":"https:\/\/brasilnoticias.org\/site\/wp-json\/wp\/v2\/posts"}],"about":[{"href":"https:\/\/brasilnoticias.org\/site\/wp-json\/wp\/v2\/types\/post"}],"author":[{"embeddable":true,"href":"https:\/\/brasilnoticias.org\/site\/wp-json\/wp\/v2\/users\/1"}],"replies":[{"embeddable":true,"href":"https:\/\/brasilnoticias.org\/site\/wp-json\/wp\/v2\/comments?post=2845"}],"version-history":[{"count":1,"href":"https:\/\/brasilnoticias.org\/site\/wp-json\/wp\/v2\/posts\/2845\/revisions"}],"predecessor-version":[{"id":2847,"href":"https:\/\/brasilnoticias.org\/site\/wp-json\/wp\/v2\/posts\/2845\/revisions\/2847"}],"wp:featuredmedia":[{"embeddable":true,"href":"https:\/\/brasilnoticias.org\/site\/wp-json\/wp\/v2\/media\/2846"}],"wp:attachment":[{"href":"https:\/\/brasilnoticias.org\/site\/wp-json\/wp\/v2\/media?parent=2845"}],"wp:term":[{"taxonomy":"category","embeddable":true,"href":"https:\/\/brasilnoticias.org\/site\/wp-json\/wp\/v2\/categories?post=2845"},{"taxonomy":"post_tag","embeddable":true,"href":"https:\/\/brasilnoticias.org\/site\/wp-json\/wp\/v2\/tags?post=2845"}],"curies":[{"name":"wp","href":"https:\/\/api.w.org\/{rel}","templated":true}]}}