{"id":2848,"date":"2022-12-17T07:30:45","date_gmt":"2022-12-17T10:30:45","guid":{"rendered":"https:\/\/brasilnoticias.org\/site\/?p=2848"},"modified":"2022-12-16T21:09:20","modified_gmt":"2022-12-17T00:09:20","slug":"cercadinho-de-bolsonaro-comeca-a-ser-desmontado-no-palacio-da-alvorada","status":"publish","type":"post","link":"https:\/\/brasilnoticias.org\/site\/cercadinho-de-bolsonaro-comeca-a-ser-desmontado-no-palacio-da-alvorada\/","title":{"rendered":"&#8220;Cercadinho&#8221; de Bolsonaro come\u00e7a a ser desmontado no Pal\u00e1cio da Alvorada"},"content":{"rendered":"<div class=\"styles__Body-sc-1ffquwr-7 ePhtZb\">\n<p>Funcion\u00e1rios do Pal\u00e1cio da Alvorada come\u00e7aram a retirar no in\u00edcio da tarde desta sexta-feira (16) a estrutura apelidada de &#8220;cercadinho&#8221;, onde o presidente em exerc\u00edcio Jair Bolsonaro (PL) conversava com apoiadores, que iam \u00e0 resid\u00eancia oficial da Presid\u00eancia diariamente.<\/p>\n<p>A cerca met\u00e1lica que rodeava o local foi retirada. J\u00e1 a cobertura da tenda, por enquanto, continua no local.<\/p>\n<p>Desde que perdeu as elei\u00e7\u00f5es para Luiz In\u00e1cio Lula da Silva (PT), Bolsonaro deixou de receber os simpatizantes na Alvorada, e o cercadinho ficou abandonado.<\/p>\n<p>Um dia ap\u00f3s um caminh\u00e3o de mudan\u00e7a ser flagrado entrando no Pal\u00e1cio da Alvorada, um novo transporte de deslocamento foi visto, na manh\u00e3 desta sexta, em frente ao Pal\u00e1cio do Planalto, sede oficial da Presid\u00eancia.<\/p>\n<\/div>\n<div class=\"styles__RelatedWrapper-sc-1ffquwr-8 byMLWm\"><\/div>\n<p>&nbsp;<\/p>\n<p class=\"image-credit\">Foto:\u00a0<b>Ant\u00f4nio Cruz\/ Ag\u00eancia Brasil<br \/>\n<\/b>Por:\u00a0<b>Metro1<\/b><\/p>\n","protected":false},"excerpt":{"rendered":"<p>Funcion\u00e1rios do Pal\u00e1cio da Alvorada come\u00e7aram a retirar no in\u00edcio da tarde desta sexta-feira (16) a estrutura apelidada de &#8220;cercadinho&#8221;,<\/p>\n","protected":false},"author":1,"featured_media":2849,"comment_status":"open","ping_status":"open","sticky":false,"template":"","format":"standard","meta":{"colormag_page_container_layout":"default_layout","colormag_page_sidebar_layout":"default_layout","_FSMCFIC_featured_image_caption":"","_FSMCFIC_featured_image_nocaption":"","_FSMCFIC_featured_image_hide":"","footnotes":""},"categories":[5,1],"tags":[],"class_list":["post-2848","post","type-post","status-publish","format-standard","has-post-thumbnail","hentry","category-politica","category-ultimas"],"yoast_head":"<!-- This site is optimized with the Yoast SEO plugin v27.1.1 - https:\/\/yoast.com\/product\/yoast-seo-wordpress\/ -->\n<title>&quot;Cercadinho&quot; de Bolsonaro come\u00e7a a ser desmontado no Pal\u00e1cio da Alvorada - Brasil not\u00edcias<\/title>\n<meta name=\"robots\" content=\"index, follow, max-snippet:-1, max-image-preview:large, max-video-preview:-1\" \/>\n<link rel=\"canonical\" href=\"https:\/\/brasilnoticias.org\/site\/cercadinho-de-bolsonaro-comeca-a-ser-desmontado-no-palacio-da-alvorada\/\" \/>\n<meta property=\"og:locale\" content=\"pt_PT\" \/>\n<meta property=\"og:type\" content=\"article\" \/>\n<meta property=\"og:title\" content=\"&quot;Cercadinho&quot; de Bolsonaro come\u00e7a a ser desmontado no Pal\u00e1cio da Alvorada - Brasil not\u00edcias\" \/>\n<meta property=\"og:description\" content=\"Funcion\u00e1rios do Pal\u00e1cio da Alvorada come\u00e7aram a retirar no in\u00edcio da tarde desta sexta-feira (16) a estrutura apelidada de &#8220;cercadinho&#8221;,\" \/>\n<meta property=\"og:url\" content=\"https:\/\/brasilnoticias.org\/site\/cercadinho-de-bolsonaro-comeca-a-ser-desmontado-no-palacio-da-alvorada\/\" \/>\n<meta property=\"og:site_name\" content=\"Brasil not\u00edcias\" \/>\n<meta property=\"article:published_time\" content=\"2022-12-17T10:30:45+00:00\" \/>\n<meta property=\"og:image\" content=\"https:\/\/brasilnoticias.org\/site\/wp-content\/uploads\/2022\/12\/131408cercadinho-de-bolsonaro-comeca-a-ser-desmontado-no-palacio-da-alvorada-3.jpg\" \/>\n\t<meta property=\"og:image:width\" content=\"1600\" \/>\n\t<meta property=\"og:image:height\" content=\"752\" \/>\n\t<meta property=\"og:image:type\" content=\"image\/jpeg\" \/>\n<meta name=\"author\" content=\"Reda\u00e7\u00e3o\" \/>\n<meta name=\"twitter:card\" content=\"summary_large_image\" \/>\n<meta name=\"twitter:label1\" content=\"Escrito por\" \/>\n\t<meta name=\"twitter:data1\" content=\"Reda\u00e7\u00e3o\" \/>\n\t<meta name=\"twitter:label2\" content=\"Tempo estimado de leitura\" \/>\n\t<meta name=\"twitter:data2\" content=\"1 minuto\" \/>\n<script type=\"application\/ld+json\" class=\"yoast-schema-graph\">{\"@context\":\"https:\/\/schema.org\",\"@graph\":[{\"@type\":\"Article\",\"@id\":\"https:\/\/brasilnoticias.org\/site\/cercadinho-de-bolsonaro-comeca-a-ser-desmontado-no-palacio-da-alvorada\/#article\",\"isPartOf\":{\"@id\":\"https:\/\/brasilnoticias.org\/site\/cercadinho-de-bolsonaro-comeca-a-ser-desmontado-no-palacio-da-alvorada\/\"},\"author\":{\"name\":\"Reda\u00e7\u00e3o\",\"@id\":\"https:\/\/brasilnoticias.org\/site\/#\/schema\/person\/a0e05b973ec4d15c658d51911e53507b\"},\"headline\":\"&#8220;Cercadinho&#8221; de Bolsonaro come\u00e7a a ser desmontado no Pal\u00e1cio da Alvorada\",\"datePublished\":\"2022-12-17T10:30:45+00:00\",\"mainEntityOfPage\":{\"@id\":\"https:\/\/brasilnoticias.org\/site\/cercadinho-de-bolsonaro-comeca-a-ser-desmontado-no-palacio-da-alvorada\/\"},\"wordCount\":155,\"commentCount\":0,\"publisher\":{\"@id\":\"https:\/\/brasilnoticias.org\/site\/#organization\"},\"image\":{\"@id\":\"https:\/\/brasilnoticias.org\/site\/cercadinho-de-bolsonaro-comeca-a-ser-desmontado-no-palacio-da-alvorada\/#primaryimage\"},\"thumbnailUrl\":\"https:\/\/brasilnoticias.org\/site\/wp-content\/uploads\/2022\/12\/131408cercadinho-de-bolsonaro-comeca-a-ser-desmontado-no-palacio-da-alvorada-3.jpg\",\"articleSection\":[\"Pol\u00edtica\",\"\u00daltimas\"],\"inLanguage\":\"pt-PT\",\"potentialAction\":[{\"@type\":\"CommentAction\",\"name\":\"Comment\",\"target\":[\"https:\/\/brasilnoticias.org\/site\/cercadinho-de-bolsonaro-comeca-a-ser-desmontado-no-palacio-da-alvorada\/#respond\"]}]},{\"@type\":\"WebPage\",\"@id\":\"https:\/\/brasilnoticias.org\/site\/cercadinho-de-bolsonaro-comeca-a-ser-desmontado-no-palacio-da-alvorada\/\",\"url\":\"https:\/\/brasilnoticias.org\/site\/cercadinho-de-bolsonaro-comeca-a-ser-desmontado-no-palacio-da-alvorada\/\",\"name\":\"\\\"Cercadinho\\\" de Bolsonaro come\u00e7a a ser desmontado no Pal\u00e1cio da Alvorada - Brasil not\u00edcias\",\"isPartOf\":{\"@id\":\"https:\/\/brasilnoticias.org\/site\/#website\"},\"primaryImageOfPage\":{\"@id\":\"https:\/\/brasilnoticias.org\/site\/cercadinho-de-bolsonaro-comeca-a-ser-desmontado-no-palacio-da-alvorada\/#primaryimage\"},\"image\":{\"@id\":\"https:\/\/brasilnoticias.org\/site\/cercadinho-de-bolsonaro-comeca-a-ser-desmontado-no-palacio-da-alvorada\/#primaryimage\"},\"thumbnailUrl\":\"https:\/\/brasilnoticias.org\/site\/wp-content\/uploads\/2022\/12\/131408cercadinho-de-bolsonaro-comeca-a-ser-desmontado-no-palacio-da-alvorada-3.jpg\",\"datePublished\":\"2022-12-17T10:30:45+00:00\",\"breadcrumb\":{\"@id\":\"https:\/\/brasilnoticias.org\/site\/cercadinho-de-bolsonaro-comeca-a-ser-desmontado-no-palacio-da-alvorada\/#breadcrumb\"},\"inLanguage\":\"pt-PT\",\"potentialAction\":[{\"@type\":\"ReadAction\",\"target\":[\"https:\/\/brasilnoticias.org\/site\/cercadinho-de-bolsonaro-comeca-a-ser-desmontado-no-palacio-da-alvorada\/\"]}]},{\"@type\":\"ImageObject\",\"inLanguage\":\"pt-PT\",\"@id\":\"https:\/\/brasilnoticias.org\/site\/cercadinho-de-bolsonaro-comeca-a-ser-desmontado-no-palacio-da-alvorada\/#primaryimage\",\"url\":\"https:\/\/brasilnoticias.org\/site\/wp-content\/uploads\/2022\/12\/131408cercadinho-de-bolsonaro-comeca-a-ser-desmontado-no-palacio-da-alvorada-3.jpg\",\"contentUrl\":\"https:\/\/brasilnoticias.org\/site\/wp-content\/uploads\/2022\/12\/131408cercadinho-de-bolsonaro-comeca-a-ser-desmontado-no-palacio-da-alvorada-3.jpg\",\"width\":1600,\"height\":752},{\"@type\":\"BreadcrumbList\",\"@id\":\"https:\/\/brasilnoticias.org\/site\/cercadinho-de-bolsonaro-comeca-a-ser-desmontado-no-palacio-da-alvorada\/#breadcrumb\",\"itemListElement\":[{\"@type\":\"ListItem\",\"position\":1,\"name\":\"In\u00edcio\",\"item\":\"https:\/\/brasilnoticias.org\/site\/\"},{\"@type\":\"ListItem\",\"position\":2,\"name\":\"&#8220;Cercadinho&#8221; de Bolsonaro come\u00e7a a ser desmontado no Pal\u00e1cio da Alvorada\"}]},{\"@type\":\"WebSite\",\"@id\":\"https:\/\/brasilnoticias.org\/site\/#website\",\"url\":\"https:\/\/brasilnoticias.org\/site\/\",\"name\":\"Brasil not\u00edcias\",\"description\":\"Brasil not\u00edcias\",\"publisher\":{\"@id\":\"https:\/\/brasilnoticias.org\/site\/#organization\"},\"potentialAction\":[{\"@type\":\"SearchAction\",\"target\":{\"@type\":\"EntryPoint\",\"urlTemplate\":\"https:\/\/brasilnoticias.org\/site\/?s={search_term_string}\"},\"query-input\":{\"@type\":\"PropertyValueSpecification\",\"valueRequired\":true,\"valueName\":\"search_term_string\"}}],\"inLanguage\":\"pt-PT\"},{\"@type\":\"Organization\",\"@id\":\"https:\/\/brasilnoticias.org\/site\/#organization\",\"name\":\"Brasil not\u00edcias\",\"url\":\"https:\/\/brasilnoticias.org\/site\/\",\"logo\":{\"@type\":\"ImageObject\",\"inLanguage\":\"pt-PT\",\"@id\":\"https:\/\/brasilnoticias.org\/site\/#\/schema\/logo\/image\/\",\"url\":\"https:\/\/brasilnoticias.org\/site\/wp-content\/uploads\/2022\/05\/cropped-brasilnoticias-mini.jpg\",\"contentUrl\":\"https:\/\/brasilnoticias.org\/site\/wp-content\/uploads\/2022\/05\/cropped-brasilnoticias-mini.jpg\",\"width\":314,\"height\":86,\"caption\":\"Brasil not\u00edcias\"},\"image\":{\"@id\":\"https:\/\/brasilnoticias.org\/site\/#\/schema\/logo\/image\/\"}},{\"@type\":\"Person\",\"@id\":\"https:\/\/brasilnoticias.org\/site\/#\/schema\/person\/a0e05b973ec4d15c658d51911e53507b\",\"name\":\"Reda\u00e7\u00e3o\",\"image\":{\"@type\":\"ImageObject\",\"inLanguage\":\"pt-PT\",\"@id\":\"https:\/\/brasilnoticias.org\/site\/#\/schema\/person\/image\/\",\"url\":\"https:\/\/secure.gravatar.com\/avatar\/75d8b050df2de108b08ae78dfb8e374892df24a383c67db9c46a9c604f6aee9c?s=96&d=mm&r=g\",\"contentUrl\":\"https:\/\/secure.gravatar.com\/avatar\/75d8b050df2de108b08ae78dfb8e374892df24a383c67db9c46a9c604f6aee9c?s=96&d=mm&r=g\",\"caption\":\"Reda\u00e7\u00e3o\"},\"sameAs\":[\"https:\/\/brasilnoticias.org\/site\"],\"url\":\"https:\/\/brasilnoticias.org\/site\/author\/fernandozsngmail-com\/\"}]}<\/script>\n<!-- \/ Yoast SEO plugin. -->","yoast_head_json":{"title":"\"Cercadinho\" de Bolsonaro come\u00e7a a ser desmontado no Pal\u00e1cio da Alvorada - Brasil not\u00edcias","robots":{"index":"index","follow":"follow","max-snippet":"max-snippet:-1","max-image-preview":"max-image-preview:large","max-video-preview":"max-video-preview:-1"},"canonical":"https:\/\/brasilnoticias.org\/site\/cercadinho-de-bolsonaro-comeca-a-ser-desmontado-no-palacio-da-alvorada\/","og_locale":"pt_PT","og_type":"article","og_title":"\"Cercadinho\" de Bolsonaro come\u00e7a a ser desmontado no Pal\u00e1cio da Alvorada - Brasil not\u00edcias","og_description":"Funcion\u00e1rios do Pal\u00e1cio da Alvorada come\u00e7aram a retirar no in\u00edcio da tarde desta sexta-feira (16) a estrutura apelidada de &#8220;cercadinho&#8221;,","og_url":"https:\/\/brasilnoticias.org\/site\/cercadinho-de-bolsonaro-comeca-a-ser-desmontado-no-palacio-da-alvorada\/","og_site_name":"Brasil not\u00edcias","article_published_time":"2022-12-17T10:30:45+00:00","og_image":[{"width":1600,"height":752,"url":"https:\/\/brasilnoticias.org\/site\/wp-content\/uploads\/2022\/12\/131408cercadinho-de-bolsonaro-comeca-a-ser-desmontado-no-palacio-da-alvorada-3.jpg","type":"image\/jpeg"}],"author":"Reda\u00e7\u00e3o","twitter_card":"summary_large_image","twitter_misc":{"Escrito por":"Reda\u00e7\u00e3o","Tempo estimado de leitura":"1 minuto"},"schema":{"@context":"https:\/\/schema.org","@graph":[{"@type":"Article","@id":"https:\/\/brasilnoticias.org\/site\/cercadinho-de-bolsonaro-comeca-a-ser-desmontado-no-palacio-da-alvorada\/#article","isPartOf":{"@id":"https:\/\/brasilnoticias.org\/site\/cercadinho-de-bolsonaro-comeca-a-ser-desmontado-no-palacio-da-alvorada\/"},"author":{"name":"Reda\u00e7\u00e3o","@id":"https:\/\/brasilnoticias.org\/site\/#\/schema\/person\/a0e05b973ec4d15c658d51911e53507b"},"headline":"&#8220;Cercadinho&#8221; de Bolsonaro come\u00e7a a ser desmontado no Pal\u00e1cio da Alvorada","datePublished":"2022-12-17T10:30:45+00:00","mainEntityOfPage":{"@id":"https:\/\/brasilnoticias.org\/site\/cercadinho-de-bolsonaro-comeca-a-ser-desmontado-no-palacio-da-alvorada\/"},"wordCount":155,"commentCount":0,"publisher":{"@id":"https:\/\/brasilnoticias.org\/site\/#organization"},"image":{"@id":"https:\/\/brasilnoticias.org\/site\/cercadinho-de-bolsonaro-comeca-a-ser-desmontado-no-palacio-da-alvorada\/#primaryimage"},"thumbnailUrl":"https:\/\/brasilnoticias.org\/site\/wp-content\/uploads\/2022\/12\/131408cercadinho-de-bolsonaro-comeca-a-ser-desmontado-no-palacio-da-alvorada-3.jpg","articleSection":["Pol\u00edtica","\u00daltimas"],"inLanguage":"pt-PT","potentialAction":[{"@type":"CommentAction","name":"Comment","target":["https:\/\/brasilnoticias.org\/site\/cercadinho-de-bolsonaro-comeca-a-ser-desmontado-no-palacio-da-alvorada\/#respond"]}]},{"@type":"WebPage","@id":"https:\/\/brasilnoticias.org\/site\/cercadinho-de-bolsonaro-comeca-a-ser-desmontado-no-palacio-da-alvorada\/","url":"https:\/\/brasilnoticias.org\/site\/cercadinho-de-bolsonaro-comeca-a-ser-desmontado-no-palacio-da-alvorada\/","name":"\"Cercadinho\" de Bolsonaro come\u00e7a a ser desmontado no Pal\u00e1cio da Alvorada - Brasil not\u00edcias","isPartOf":{"@id":"https:\/\/brasilnoticias.org\/site\/#website"},"primaryImageOfPage":{"@id":"https:\/\/brasilnoticias.org\/site\/cercadinho-de-bolsonaro-comeca-a-ser-desmontado-no-palacio-da-alvorada\/#primaryimage"},"image":{"@id":"https:\/\/brasilnoticias.org\/site\/cercadinho-de-bolsonaro-comeca-a-ser-desmontado-no-palacio-da-alvorada\/#primaryimage"},"thumbnailUrl":"https:\/\/brasilnoticias.org\/site\/wp-content\/uploads\/2022\/12\/131408cercadinho-de-bolsonaro-comeca-a-ser-desmontado-no-palacio-da-alvorada-3.jpg","datePublished":"2022-12-17T10:30:45+00:00","breadcrumb":{"@id":"https:\/\/brasilnoticias.org\/site\/cercadinho-de-bolsonaro-comeca-a-ser-desmontado-no-palacio-da-alvorada\/#breadcrumb"},"inLanguage":"pt-PT","potentialAction":[{"@type":"ReadAction","target":["https:\/\/brasilnoticias.org\/site\/cercadinho-de-bolsonaro-comeca-a-ser-desmontado-no-palacio-da-alvorada\/"]}]},{"@type":"ImageObject","inLanguage":"pt-PT","@id":"https:\/\/brasilnoticias.org\/site\/cercadinho-de-bolsonaro-comeca-a-ser-desmontado-no-palacio-da-alvorada\/#primaryimage","url":"https:\/\/brasilnoticias.org\/site\/wp-content\/uploads\/2022\/12\/131408cercadinho-de-bolsonaro-comeca-a-ser-desmontado-no-palacio-da-alvorada-3.jpg","contentUrl":"https:\/\/brasilnoticias.org\/site\/wp-content\/uploads\/2022\/12\/131408cercadinho-de-bolsonaro-comeca-a-ser-desmontado-no-palacio-da-alvorada-3.jpg","width":1600,"height":752},{"@type":"BreadcrumbList","@id":"https:\/\/brasilnoticias.org\/site\/cercadinho-de-bolsonaro-comeca-a-ser-desmontado-no-palacio-da-alvorada\/#breadcrumb","itemListElement":[{"@type":"ListItem","position":1,"name":"In\u00edcio","item":"https:\/\/brasilnoticias.org\/site\/"},{"@type":"ListItem","position":2,"name":"&#8220;Cercadinho&#8221; de Bolsonaro come\u00e7a a ser desmontado no Pal\u00e1cio da Alvorada"}]},{"@type":"WebSite","@id":"https:\/\/brasilnoticias.org\/site\/#website","url":"https:\/\/brasilnoticias.org\/site\/","name":"Brasil not\u00edcias","description":"Brasil not\u00edcias","publisher":{"@id":"https:\/\/brasilnoticias.org\/site\/#organization"},"potentialAction":[{"@type":"SearchAction","target":{"@type":"EntryPoint","urlTemplate":"https:\/\/brasilnoticias.org\/site\/?s={search_term_string}"},"query-input":{"@type":"PropertyValueSpecification","valueRequired":true,"valueName":"search_term_string"}}],"inLanguage":"pt-PT"},{"@type":"Organization","@id":"https:\/\/brasilnoticias.org\/site\/#organization","name":"Brasil not\u00edcias","url":"https:\/\/brasilnoticias.org\/site\/","logo":{"@type":"ImageObject","inLanguage":"pt-PT","@id":"https:\/\/brasilnoticias.org\/site\/#\/schema\/logo\/image\/","url":"https:\/\/brasilnoticias.org\/site\/wp-content\/uploads\/2022\/05\/cropped-brasilnoticias-mini.jpg","contentUrl":"https:\/\/brasilnoticias.org\/site\/wp-content\/uploads\/2022\/05\/cropped-brasilnoticias-mini.jpg","width":314,"height":86,"caption":"Brasil not\u00edcias"},"image":{"@id":"https:\/\/brasilnoticias.org\/site\/#\/schema\/logo\/image\/"}},{"@type":"Person","@id":"https:\/\/brasilnoticias.org\/site\/#\/schema\/person\/a0e05b973ec4d15c658d51911e53507b","name":"Reda\u00e7\u00e3o","image":{"@type":"ImageObject","inLanguage":"pt-PT","@id":"https:\/\/brasilnoticias.org\/site\/#\/schema\/person\/image\/","url":"https:\/\/secure.gravatar.com\/avatar\/75d8b050df2de108b08ae78dfb8e374892df24a383c67db9c46a9c604f6aee9c?s=96&d=mm&r=g","contentUrl":"https:\/\/secure.gravatar.com\/avatar\/75d8b050df2de108b08ae78dfb8e374892df24a383c67db9c46a9c604f6aee9c?s=96&d=mm&r=g","caption":"Reda\u00e7\u00e3o"},"sameAs":["https:\/\/brasilnoticias.org\/site"],"url":"https:\/\/brasilnoticias.org\/site\/author\/fernandozsngmail-com\/"}]}},"_links":{"self":[{"href":"https:\/\/brasilnoticias.org\/site\/wp-json\/wp\/v2\/posts\/2848","targetHints":{"allow":["GET"]}}],"collection":[{"href":"https:\/\/brasilnoticias.org\/site\/wp-json\/wp\/v2\/posts"}],"about":[{"href":"https:\/\/brasilnoticias.org\/site\/wp-json\/wp\/v2\/types\/post"}],"author":[{"embeddable":true,"href":"https:\/\/brasilnoticias.org\/site\/wp-json\/wp\/v2\/users\/1"}],"replies":[{"embeddable":true,"href":"https:\/\/brasilnoticias.org\/site\/wp-json\/wp\/v2\/comments?post=2848"}],"version-history":[{"count":1,"href":"https:\/\/brasilnoticias.org\/site\/wp-json\/wp\/v2\/posts\/2848\/revisions"}],"predecessor-version":[{"id":2850,"href":"https:\/\/brasilnoticias.org\/site\/wp-json\/wp\/v2\/posts\/2848\/revisions\/2850"}],"wp:featuredmedia":[{"embeddable":true,"href":"https:\/\/brasilnoticias.org\/site\/wp-json\/wp\/v2\/media\/2849"}],"wp:attachment":[{"href":"https:\/\/brasilnoticias.org\/site\/wp-json\/wp\/v2\/media?parent=2848"}],"wp:term":[{"taxonomy":"category","embeddable":true,"href":"https:\/\/brasilnoticias.org\/site\/wp-json\/wp\/v2\/categories?post=2848"},{"taxonomy":"post_tag","embeddable":true,"href":"https:\/\/brasilnoticias.org\/site\/wp-json\/wp\/v2\/tags?post=2848"}],"curies":[{"name":"wp","href":"https:\/\/api.w.org\/{rel}","templated":true}]}}