{"id":2855,"date":"2022-12-17T18:00:03","date_gmt":"2022-12-17T21:00:03","guid":{"rendered":"https:\/\/brasilnoticias.org\/site\/?p=2855"},"modified":"2022-12-17T18:33:13","modified_gmt":"2022-12-17T21:33:13","slug":"incendio-atinge-atelie-de-fantasias-da-escola-de-samba-grande-rio","status":"publish","type":"post","link":"https:\/\/brasilnoticias.org\/site\/incendio-atinge-atelie-de-fantasias-da-escola-de-samba-grande-rio\/","title":{"rendered":"Inc\u00eandio atinge ateli\u00ea de fantasias da escola de samba Grande Rio"},"content":{"rendered":"<p>Um inc\u00eandio atingiu o ateli\u00ea de fantasias da escola de samba Acad\u00eamicos do Grande Rio, em Duque de Caxias, na Baixada Fluminense, neste s\u00e1bado, 17. De acordo com o Corpo de Bombeiros, ningu\u00e9m ficou ferido. As causas do inc\u00eandio ainda est\u00e3o sendo apuradas.<br \/>\nO inc\u00eandio foi contido \u00e0s 2h24. De acordo com a Grande Rio, o fogo destruiu fantasias e adere\u00e7os de cinco alas que estavam sendo preparadas para o desfile do ano que vem. Os quart\u00e9is dos bombeiros de Duque de Caxias e S\u00e3o Jo\u00e3o de Meriti foram acionados \u00e0s 23h55 e atuaram no local com o apoio do quartel de Iraj\u00e1.<\/p>\n<p>&#8220;A Presid\u00eancia e a dire\u00e7\u00e3o da Grande Rio est\u00e3o em reuni\u00e3o esta manh\u00e3 para elaborar um novo cronograma de confec\u00e7\u00e3o de fantasias, o que ser\u00e1 perfeitamente vi\u00e1vel pelo tempo que ainda temos at\u00e9 a data do nosso desfile. Agradecemos imensamente as mensagens de solidariedade e preocupa\u00e7\u00e3o recebidas por parte de todos e todas. Nosso bem maior, que s\u00e3o nossos colaboradores, nada sofreram. Assim, continuamos trabalhando com o afinco e o resultado na Av. ser\u00e1 o mesmo que foi planejado desde o in\u00edcio&#8221;, diz a escola.<\/p>\n<p>Foto Shutterstock- imagem ilustrativa<br \/>\nNot\u00edcias ao minuto<\/p>\n","protected":false},"excerpt":{"rendered":"<p>Um inc\u00eandio atingiu o ateli\u00ea de fantasias da escola de samba Acad\u00eamicos do Grande Rio, em Duque de Caxias, na<\/p>\n","protected":false},"author":1,"featured_media":2856,"comment_status":"open","ping_status":"open","sticky":false,"template":"","format":"standard","meta":{"colormag_page_container_layout":"default_layout","colormag_page_sidebar_layout":"default_layout","_FSMCFIC_featured_image_caption":"","_FSMCFIC_featured_image_nocaption":"","_FSMCFIC_featured_image_hide":"","footnotes":""},"categories":[2,1],"tags":[],"class_list":["post-2855","post","type-post","status-publish","format-standard","has-post-thumbnail","hentry","category-noticias","category-ultimas"],"yoast_head":"<!-- This site is optimized with the Yoast SEO plugin v27.1.1 - https:\/\/yoast.com\/product\/yoast-seo-wordpress\/ -->\n<title>Inc\u00eandio atinge ateli\u00ea de fantasias da escola de samba Grande Rio - Brasil not\u00edcias<\/title>\n<meta name=\"robots\" content=\"index, follow, max-snippet:-1, max-image-preview:large, max-video-preview:-1\" \/>\n<link rel=\"canonical\" href=\"https:\/\/brasilnoticias.org\/site\/incendio-atinge-atelie-de-fantasias-da-escola-de-samba-grande-rio\/\" \/>\n<meta property=\"og:locale\" content=\"pt_PT\" \/>\n<meta property=\"og:type\" content=\"article\" \/>\n<meta property=\"og:title\" content=\"Inc\u00eandio atinge ateli\u00ea de fantasias da escola de samba Grande Rio - Brasil not\u00edcias\" \/>\n<meta property=\"og:description\" content=\"Um inc\u00eandio atingiu o ateli\u00ea de fantasias da escola de samba Acad\u00eamicos do Grande Rio, em Duque de Caxias, na\" \/>\n<meta property=\"og:url\" content=\"https:\/\/brasilnoticias.org\/site\/incendio-atinge-atelie-de-fantasias-da-escola-de-samba-grande-rio\/\" \/>\n<meta property=\"og:site_name\" content=\"Brasil not\u00edcias\" \/>\n<meta property=\"article:published_time\" content=\"2022-12-17T21:00:03+00:00\" \/>\n<meta property=\"article:modified_time\" content=\"2022-12-17T21:33:13+00:00\" \/>\n<meta property=\"og:image\" content=\"https:\/\/brasilnoticias.org\/site\/wp-content\/uploads\/2022\/12\/naom_6001847729e0f.jpg\" \/>\n\t<meta property=\"og:image:width\" content=\"960\" \/>\n\t<meta property=\"og:image:height\" content=\"540\" \/>\n\t<meta property=\"og:image:type\" content=\"image\/jpeg\" \/>\n<meta name=\"author\" content=\"Reda\u00e7\u00e3o\" \/>\n<meta name=\"twitter:card\" content=\"summary_large_image\" \/>\n<meta name=\"twitter:label1\" content=\"Escrito por\" \/>\n\t<meta name=\"twitter:data1\" content=\"Reda\u00e7\u00e3o\" \/>\n\t<meta name=\"twitter:label2\" content=\"Tempo estimado de leitura\" \/>\n\t<meta name=\"twitter:data2\" content=\"1 minuto\" \/>\n<script type=\"application\/ld+json\" class=\"yoast-schema-graph\">{\"@context\":\"https:\/\/schema.org\",\"@graph\":[{\"@type\":\"Article\",\"@id\":\"https:\/\/brasilnoticias.org\/site\/incendio-atinge-atelie-de-fantasias-da-escola-de-samba-grande-rio\/#article\",\"isPartOf\":{\"@id\":\"https:\/\/brasilnoticias.org\/site\/incendio-atinge-atelie-de-fantasias-da-escola-de-samba-grande-rio\/\"},\"author\":{\"name\":\"Reda\u00e7\u00e3o\",\"@id\":\"https:\/\/brasilnoticias.org\/site\/#\/schema\/person\/a0e05b973ec4d15c658d51911e53507b\"},\"headline\":\"Inc\u00eandio atinge ateli\u00ea de fantasias da escola de samba Grande Rio\",\"datePublished\":\"2022-12-17T21:00:03+00:00\",\"dateModified\":\"2022-12-17T21:33:13+00:00\",\"mainEntityOfPage\":{\"@id\":\"https:\/\/brasilnoticias.org\/site\/incendio-atinge-atelie-de-fantasias-da-escola-de-samba-grande-rio\/\"},\"wordCount\":227,\"commentCount\":0,\"publisher\":{\"@id\":\"https:\/\/brasilnoticias.org\/site\/#organization\"},\"image\":{\"@id\":\"https:\/\/brasilnoticias.org\/site\/incendio-atinge-atelie-de-fantasias-da-escola-de-samba-grande-rio\/#primaryimage\"},\"thumbnailUrl\":\"https:\/\/brasilnoticias.org\/site\/wp-content\/uploads\/2022\/12\/naom_6001847729e0f.jpg\",\"articleSection\":[\"Not\u00edcias\",\"\u00daltimas\"],\"inLanguage\":\"pt-PT\",\"potentialAction\":[{\"@type\":\"CommentAction\",\"name\":\"Comment\",\"target\":[\"https:\/\/brasilnoticias.org\/site\/incendio-atinge-atelie-de-fantasias-da-escola-de-samba-grande-rio\/#respond\"]}]},{\"@type\":\"WebPage\",\"@id\":\"https:\/\/brasilnoticias.org\/site\/incendio-atinge-atelie-de-fantasias-da-escola-de-samba-grande-rio\/\",\"url\":\"https:\/\/brasilnoticias.org\/site\/incendio-atinge-atelie-de-fantasias-da-escola-de-samba-grande-rio\/\",\"name\":\"Inc\u00eandio atinge ateli\u00ea de fantasias da escola de samba Grande Rio - Brasil not\u00edcias\",\"isPartOf\":{\"@id\":\"https:\/\/brasilnoticias.org\/site\/#website\"},\"primaryImageOfPage\":{\"@id\":\"https:\/\/brasilnoticias.org\/site\/incendio-atinge-atelie-de-fantasias-da-escola-de-samba-grande-rio\/#primaryimage\"},\"image\":{\"@id\":\"https:\/\/brasilnoticias.org\/site\/incendio-atinge-atelie-de-fantasias-da-escola-de-samba-grande-rio\/#primaryimage\"},\"thumbnailUrl\":\"https:\/\/brasilnoticias.org\/site\/wp-content\/uploads\/2022\/12\/naom_6001847729e0f.jpg\",\"datePublished\":\"2022-12-17T21:00:03+00:00\",\"dateModified\":\"2022-12-17T21:33:13+00:00\",\"breadcrumb\":{\"@id\":\"https:\/\/brasilnoticias.org\/site\/incendio-atinge-atelie-de-fantasias-da-escola-de-samba-grande-rio\/#breadcrumb\"},\"inLanguage\":\"pt-PT\",\"potentialAction\":[{\"@type\":\"ReadAction\",\"target\":[\"https:\/\/brasilnoticias.org\/site\/incendio-atinge-atelie-de-fantasias-da-escola-de-samba-grande-rio\/\"]}]},{\"@type\":\"ImageObject\",\"inLanguage\":\"pt-PT\",\"@id\":\"https:\/\/brasilnoticias.org\/site\/incendio-atinge-atelie-de-fantasias-da-escola-de-samba-grande-rio\/#primaryimage\",\"url\":\"https:\/\/brasilnoticias.org\/site\/wp-content\/uploads\/2022\/12\/naom_6001847729e0f.jpg\",\"contentUrl\":\"https:\/\/brasilnoticias.org\/site\/wp-content\/uploads\/2022\/12\/naom_6001847729e0f.jpg\",\"width\":960,\"height\":540},{\"@type\":\"BreadcrumbList\",\"@id\":\"https:\/\/brasilnoticias.org\/site\/incendio-atinge-atelie-de-fantasias-da-escola-de-samba-grande-rio\/#breadcrumb\",\"itemListElement\":[{\"@type\":\"ListItem\",\"position\":1,\"name\":\"In\u00edcio\",\"item\":\"https:\/\/brasilnoticias.org\/site\/\"},{\"@type\":\"ListItem\",\"position\":2,\"name\":\"Inc\u00eandio atinge ateli\u00ea de fantasias da escola de samba Grande Rio\"}]},{\"@type\":\"WebSite\",\"@id\":\"https:\/\/brasilnoticias.org\/site\/#website\",\"url\":\"https:\/\/brasilnoticias.org\/site\/\",\"name\":\"Brasil not\u00edcias\",\"description\":\"Brasil not\u00edcias\",\"publisher\":{\"@id\":\"https:\/\/brasilnoticias.org\/site\/#organization\"},\"potentialAction\":[{\"@type\":\"SearchAction\",\"target\":{\"@type\":\"EntryPoint\",\"urlTemplate\":\"https:\/\/brasilnoticias.org\/site\/?s={search_term_string}\"},\"query-input\":{\"@type\":\"PropertyValueSpecification\",\"valueRequired\":true,\"valueName\":\"search_term_string\"}}],\"inLanguage\":\"pt-PT\"},{\"@type\":\"Organization\",\"@id\":\"https:\/\/brasilnoticias.org\/site\/#organization\",\"name\":\"Brasil not\u00edcias\",\"url\":\"https:\/\/brasilnoticias.org\/site\/\",\"logo\":{\"@type\":\"ImageObject\",\"inLanguage\":\"pt-PT\",\"@id\":\"https:\/\/brasilnoticias.org\/site\/#\/schema\/logo\/image\/\",\"url\":\"https:\/\/brasilnoticias.org\/site\/wp-content\/uploads\/2022\/05\/cropped-brasilnoticias-mini.jpg\",\"contentUrl\":\"https:\/\/brasilnoticias.org\/site\/wp-content\/uploads\/2022\/05\/cropped-brasilnoticias-mini.jpg\",\"width\":314,\"height\":86,\"caption\":\"Brasil not\u00edcias\"},\"image\":{\"@id\":\"https:\/\/brasilnoticias.org\/site\/#\/schema\/logo\/image\/\"}},{\"@type\":\"Person\",\"@id\":\"https:\/\/brasilnoticias.org\/site\/#\/schema\/person\/a0e05b973ec4d15c658d51911e53507b\",\"name\":\"Reda\u00e7\u00e3o\",\"image\":{\"@type\":\"ImageObject\",\"inLanguage\":\"pt-PT\",\"@id\":\"https:\/\/brasilnoticias.org\/site\/#\/schema\/person\/image\/\",\"url\":\"https:\/\/secure.gravatar.com\/avatar\/75d8b050df2de108b08ae78dfb8e374892df24a383c67db9c46a9c604f6aee9c?s=96&d=mm&r=g\",\"contentUrl\":\"https:\/\/secure.gravatar.com\/avatar\/75d8b050df2de108b08ae78dfb8e374892df24a383c67db9c46a9c604f6aee9c?s=96&d=mm&r=g\",\"caption\":\"Reda\u00e7\u00e3o\"},\"sameAs\":[\"https:\/\/brasilnoticias.org\/site\"],\"url\":\"https:\/\/brasilnoticias.org\/site\/author\/fernandozsngmail-com\/\"}]}<\/script>\n<!-- \/ Yoast SEO plugin. -->","yoast_head_json":{"title":"Inc\u00eandio atinge ateli\u00ea de fantasias da escola de samba Grande Rio - Brasil not\u00edcias","robots":{"index":"index","follow":"follow","max-snippet":"max-snippet:-1","max-image-preview":"max-image-preview:large","max-video-preview":"max-video-preview:-1"},"canonical":"https:\/\/brasilnoticias.org\/site\/incendio-atinge-atelie-de-fantasias-da-escola-de-samba-grande-rio\/","og_locale":"pt_PT","og_type":"article","og_title":"Inc\u00eandio atinge ateli\u00ea de fantasias da escola de samba Grande Rio - Brasil not\u00edcias","og_description":"Um inc\u00eandio atingiu o ateli\u00ea de fantasias da escola de samba Acad\u00eamicos do Grande Rio, em Duque de Caxias, na","og_url":"https:\/\/brasilnoticias.org\/site\/incendio-atinge-atelie-de-fantasias-da-escola-de-samba-grande-rio\/","og_site_name":"Brasil not\u00edcias","article_published_time":"2022-12-17T21:00:03+00:00","article_modified_time":"2022-12-17T21:33:13+00:00","og_image":[{"width":960,"height":540,"url":"https:\/\/brasilnoticias.org\/site\/wp-content\/uploads\/2022\/12\/naom_6001847729e0f.jpg","type":"image\/jpeg"}],"author":"Reda\u00e7\u00e3o","twitter_card":"summary_large_image","twitter_misc":{"Escrito por":"Reda\u00e7\u00e3o","Tempo estimado de leitura":"1 minuto"},"schema":{"@context":"https:\/\/schema.org","@graph":[{"@type":"Article","@id":"https:\/\/brasilnoticias.org\/site\/incendio-atinge-atelie-de-fantasias-da-escola-de-samba-grande-rio\/#article","isPartOf":{"@id":"https:\/\/brasilnoticias.org\/site\/incendio-atinge-atelie-de-fantasias-da-escola-de-samba-grande-rio\/"},"author":{"name":"Reda\u00e7\u00e3o","@id":"https:\/\/brasilnoticias.org\/site\/#\/schema\/person\/a0e05b973ec4d15c658d51911e53507b"},"headline":"Inc\u00eandio atinge ateli\u00ea de fantasias da escola de samba Grande Rio","datePublished":"2022-12-17T21:00:03+00:00","dateModified":"2022-12-17T21:33:13+00:00","mainEntityOfPage":{"@id":"https:\/\/brasilnoticias.org\/site\/incendio-atinge-atelie-de-fantasias-da-escola-de-samba-grande-rio\/"},"wordCount":227,"commentCount":0,"publisher":{"@id":"https:\/\/brasilnoticias.org\/site\/#organization"},"image":{"@id":"https:\/\/brasilnoticias.org\/site\/incendio-atinge-atelie-de-fantasias-da-escola-de-samba-grande-rio\/#primaryimage"},"thumbnailUrl":"https:\/\/brasilnoticias.org\/site\/wp-content\/uploads\/2022\/12\/naom_6001847729e0f.jpg","articleSection":["Not\u00edcias","\u00daltimas"],"inLanguage":"pt-PT","potentialAction":[{"@type":"CommentAction","name":"Comment","target":["https:\/\/brasilnoticias.org\/site\/incendio-atinge-atelie-de-fantasias-da-escola-de-samba-grande-rio\/#respond"]}]},{"@type":"WebPage","@id":"https:\/\/brasilnoticias.org\/site\/incendio-atinge-atelie-de-fantasias-da-escola-de-samba-grande-rio\/","url":"https:\/\/brasilnoticias.org\/site\/incendio-atinge-atelie-de-fantasias-da-escola-de-samba-grande-rio\/","name":"Inc\u00eandio atinge ateli\u00ea de fantasias da escola de samba Grande Rio - Brasil not\u00edcias","isPartOf":{"@id":"https:\/\/brasilnoticias.org\/site\/#website"},"primaryImageOfPage":{"@id":"https:\/\/brasilnoticias.org\/site\/incendio-atinge-atelie-de-fantasias-da-escola-de-samba-grande-rio\/#primaryimage"},"image":{"@id":"https:\/\/brasilnoticias.org\/site\/incendio-atinge-atelie-de-fantasias-da-escola-de-samba-grande-rio\/#primaryimage"},"thumbnailUrl":"https:\/\/brasilnoticias.org\/site\/wp-content\/uploads\/2022\/12\/naom_6001847729e0f.jpg","datePublished":"2022-12-17T21:00:03+00:00","dateModified":"2022-12-17T21:33:13+00:00","breadcrumb":{"@id":"https:\/\/brasilnoticias.org\/site\/incendio-atinge-atelie-de-fantasias-da-escola-de-samba-grande-rio\/#breadcrumb"},"inLanguage":"pt-PT","potentialAction":[{"@type":"ReadAction","target":["https:\/\/brasilnoticias.org\/site\/incendio-atinge-atelie-de-fantasias-da-escola-de-samba-grande-rio\/"]}]},{"@type":"ImageObject","inLanguage":"pt-PT","@id":"https:\/\/brasilnoticias.org\/site\/incendio-atinge-atelie-de-fantasias-da-escola-de-samba-grande-rio\/#primaryimage","url":"https:\/\/brasilnoticias.org\/site\/wp-content\/uploads\/2022\/12\/naom_6001847729e0f.jpg","contentUrl":"https:\/\/brasilnoticias.org\/site\/wp-content\/uploads\/2022\/12\/naom_6001847729e0f.jpg","width":960,"height":540},{"@type":"BreadcrumbList","@id":"https:\/\/brasilnoticias.org\/site\/incendio-atinge-atelie-de-fantasias-da-escola-de-samba-grande-rio\/#breadcrumb","itemListElement":[{"@type":"ListItem","position":1,"name":"In\u00edcio","item":"https:\/\/brasilnoticias.org\/site\/"},{"@type":"ListItem","position":2,"name":"Inc\u00eandio atinge ateli\u00ea de fantasias da escola de samba Grande Rio"}]},{"@type":"WebSite","@id":"https:\/\/brasilnoticias.org\/site\/#website","url":"https:\/\/brasilnoticias.org\/site\/","name":"Brasil not\u00edcias","description":"Brasil not\u00edcias","publisher":{"@id":"https:\/\/brasilnoticias.org\/site\/#organization"},"potentialAction":[{"@type":"SearchAction","target":{"@type":"EntryPoint","urlTemplate":"https:\/\/brasilnoticias.org\/site\/?s={search_term_string}"},"query-input":{"@type":"PropertyValueSpecification","valueRequired":true,"valueName":"search_term_string"}}],"inLanguage":"pt-PT"},{"@type":"Organization","@id":"https:\/\/brasilnoticias.org\/site\/#organization","name":"Brasil not\u00edcias","url":"https:\/\/brasilnoticias.org\/site\/","logo":{"@type":"ImageObject","inLanguage":"pt-PT","@id":"https:\/\/brasilnoticias.org\/site\/#\/schema\/logo\/image\/","url":"https:\/\/brasilnoticias.org\/site\/wp-content\/uploads\/2022\/05\/cropped-brasilnoticias-mini.jpg","contentUrl":"https:\/\/brasilnoticias.org\/site\/wp-content\/uploads\/2022\/05\/cropped-brasilnoticias-mini.jpg","width":314,"height":86,"caption":"Brasil not\u00edcias"},"image":{"@id":"https:\/\/brasilnoticias.org\/site\/#\/schema\/logo\/image\/"}},{"@type":"Person","@id":"https:\/\/brasilnoticias.org\/site\/#\/schema\/person\/a0e05b973ec4d15c658d51911e53507b","name":"Reda\u00e7\u00e3o","image":{"@type":"ImageObject","inLanguage":"pt-PT","@id":"https:\/\/brasilnoticias.org\/site\/#\/schema\/person\/image\/","url":"https:\/\/secure.gravatar.com\/avatar\/75d8b050df2de108b08ae78dfb8e374892df24a383c67db9c46a9c604f6aee9c?s=96&d=mm&r=g","contentUrl":"https:\/\/secure.gravatar.com\/avatar\/75d8b050df2de108b08ae78dfb8e374892df24a383c67db9c46a9c604f6aee9c?s=96&d=mm&r=g","caption":"Reda\u00e7\u00e3o"},"sameAs":["https:\/\/brasilnoticias.org\/site"],"url":"https:\/\/brasilnoticias.org\/site\/author\/fernandozsngmail-com\/"}]}},"_links":{"self":[{"href":"https:\/\/brasilnoticias.org\/site\/wp-json\/wp\/v2\/posts\/2855","targetHints":{"allow":["GET"]}}],"collection":[{"href":"https:\/\/brasilnoticias.org\/site\/wp-json\/wp\/v2\/posts"}],"about":[{"href":"https:\/\/brasilnoticias.org\/site\/wp-json\/wp\/v2\/types\/post"}],"author":[{"embeddable":true,"href":"https:\/\/brasilnoticias.org\/site\/wp-json\/wp\/v2\/users\/1"}],"replies":[{"embeddable":true,"href":"https:\/\/brasilnoticias.org\/site\/wp-json\/wp\/v2\/comments?post=2855"}],"version-history":[{"count":1,"href":"https:\/\/brasilnoticias.org\/site\/wp-json\/wp\/v2\/posts\/2855\/revisions"}],"predecessor-version":[{"id":2857,"href":"https:\/\/brasilnoticias.org\/site\/wp-json\/wp\/v2\/posts\/2855\/revisions\/2857"}],"wp:featuredmedia":[{"embeddable":true,"href":"https:\/\/brasilnoticias.org\/site\/wp-json\/wp\/v2\/media\/2856"}],"wp:attachment":[{"href":"https:\/\/brasilnoticias.org\/site\/wp-json\/wp\/v2\/media?parent=2855"}],"wp:term":[{"taxonomy":"category","embeddable":true,"href":"https:\/\/brasilnoticias.org\/site\/wp-json\/wp\/v2\/categories?post=2855"},{"taxonomy":"post_tag","embeddable":true,"href":"https:\/\/brasilnoticias.org\/site\/wp-json\/wp\/v2\/tags?post=2855"}],"curies":[{"name":"wp","href":"https:\/\/api.w.org\/{rel}","templated":true}]}}