{"id":2858,"date":"2022-12-17T18:10:28","date_gmt":"2022-12-17T21:10:28","guid":{"rendered":"https:\/\/brasilnoticias.org\/site\/?p=2858"},"modified":"2022-12-17T18:35:24","modified_gmt":"2022-12-17T21:35:24","slug":"eua-querem-ajuda-de-lula-por-eleicao-legitima-na-venezuela","status":"publish","type":"post","link":"https:\/\/brasilnoticias.org\/site\/eua-querem-ajuda-de-lula-por-eleicao-legitima-na-venezuela\/","title":{"rendered":"EUA querem ajuda de Lula por elei\u00e7\u00e3o &#8216;leg\u00edtima&#8217; na Venezuela"},"content":{"rendered":"<p>Os Estados Unidos esperam que o governo Luiz In\u00e1cio Lula da Silva (PT) tenha uma diplomacia ativa e se envolva na quest\u00e3o da Venezuela para &#8220;melhorar as condi\u00e7\u00f5es da democracia&#8221; no pa\u00eds, diz \u00e0 Folha de S.Paulo Ricardo Z\u00faniga, um dos principais formuladores de pol\u00edticas para o Brasil dentro da gest\u00e3o de Joe Biden.<\/p>\n<p>Lula convidou Nicol\u00e1s Maduro para sua posse e anunciou o restabelecimento de rela\u00e7\u00f5es diplom\u00e1ticas. Apesar disso, Z\u00faniga afirma que o Brasil tamb\u00e9m se beneficiar\u00e1 da estabilidade na regi\u00e3o e que h\u00e1 &#8220;uma sobreposi\u00e7\u00e3o de interesses pela elei\u00e7\u00e3o de uma autoridade leg\u00edtima em Caracas.&#8221;<\/p>\n<p>Vice-secret\u00e1rio assistente no Departamento de Estado e ex-c\u00f4nsul em S\u00e3o Paulo, o diplomata afirma que espera uma pol\u00edtica externa ativa do novo governo Lula, com envolvimento em quest\u00f5es globais, de clima \u00e0 seguran\u00e7a internacional. Ele afirma ainda ter confian\u00e7a nas institui\u00e7\u00f5es por uma transfer\u00eancia de poder ordeira, apesar dos protestos violentos registrados no pa\u00eds. &#8220;A transi\u00e7\u00e3o deve ocorrer de acordo com a vontade do povo e de acordo com as institui\u00e7\u00f5es brasileiras&#8221;, afirma.<\/p>\n<p>As expectativas para o novo governo<br \/>\nUma coisa que deixamos claro n\u00e3o s\u00f3 durante esse intenso per\u00edodo de campanha no Brasil, mas ao longo de d\u00e9cadas, \u00e9 que temos uma rela\u00e7\u00e3o com o Brasil, n\u00e3o com um governo em particular. Nossa percep\u00e7\u00e3o \u00e9 que existem muitos interesses cont\u00ednuos que veremos aparecer novamente no pr\u00f3ximo governo. O Brasil \u00e9 um ator global, esperamos ver uma agenda global muito ativa por parte deste governo.<br \/>\nA mais \u00f3bvia \u00e9 a quest\u00e3o do clima, mas n\u00e3o a \u00fanica, tamb\u00e9m seguran\u00e7a alimentar, paz internacional e uma pol\u00edtica externa ativa nas Na\u00e7\u00f5es Unidas e nas organiza\u00e7\u00f5es multilaterais. \u00c9 algo que vimos no passado e com o qual estamos ansiosos para trabalhar.<\/p>\n<p>[Sobre uma poss\u00edvel nova opera\u00e7\u00e3o da ONU no Haiti] estamos fazendo consultas ao Brasil devido a sua experi\u00eancia na Minustah. Acreditamos que h\u00e1 um papel importante para a comunidade internacional nesse momento com algum tipo de apoio multinacional pela seguran\u00e7a do Haiti. O Brasil certamente tem um forte interesse em ver a melhoria das condi\u00e7\u00f5es na regi\u00e3o.<\/p>\n<p>A situa\u00e7\u00e3o na Venezuela e a proximidade de Lula com Maduro<br \/>\nOutra \u00e1rea que acreditamos que o Brasil tem um forte interesse \u00e9 melhorar as condi\u00e7\u00f5es da democracia na Venezuela. Como parte da comunidade internacional, estamos muito focados em ver elei\u00e7\u00f5es livres e justas que levem a um governo com o qual toda a comunidade internacional possa trabalhar.<\/p>\n<p>O Brasil tamb\u00e9m tem interesse nisso; 6,5 milh\u00f5es de venezuelanos tiveram que deixar o pa\u00eds, h\u00e1 minera\u00e7\u00e3o ilegal na fronteira, o que afeta o meio ambiente do Brasil e traz outras atividades ilegais. Temos um interesse em comum e acredito que ser\u00e1 importante trabalharmos juntos com o objetivo de uma Venezuela democr\u00e1tica e est\u00e1vel.<\/p>\n<p>N\u00e3o acredito que exista algu\u00e9m em algum pa\u00eds democr\u00e1tico da Am\u00e9rica do Sul que acredite que a Venezuela represente uma sociedade bem-sucedida hoje. Uma Venezuela democr\u00e1tica tem mais chances de ser uma Venezuela bem-sucedida. Acreditamos que h\u00e1 uma sobreposi\u00e7\u00e3o de interesses pela elei\u00e7\u00e3o de uma autoridade leg\u00edtima em Caracas.<\/p>\n<p>As rela\u00e7\u00f5es do petista com a China<br \/>\nN\u00e3o \u00e9 nossa pol\u00edtica dizer aos pa\u00edses com quem devem ter boas ou m\u00e1s rela\u00e7\u00f5es nem como deveriam lidar com a China. Todos os pa\u00edses t\u00eam interesses. Nosso objetivo n\u00e3o \u00e9 o conflito, mas, em vez disso, ajudar a criar uma situa\u00e7\u00e3o onde a China apoie a ordem mundial baseada em regras.<\/p>\n<p>Mas quando falamos desse relacionamento entre EUA e Brasil, falamos de duas na\u00e7\u00f5es, n\u00e3o de governos. O Brasil \u00e9 importante para os EUA porque \u00e9 uma grande democracia, porque a maioria dos brasileiros quer o mesmo tipo de mundo que a maioria dos americanos, onde h\u00e1 liberdade, onde as pessoas podem viver em comunidades seguras, onde possam escolher suas pr\u00f3prias vidas. Em um mundo de autoritarismo em ascens\u00e3o na maior parte do planeta, ter um parceiro como Brasil \u00e9 muito importante para os EUA.<\/p>\n<p>As rela\u00e7\u00f5es EUA-Brasil sob Bolsonaro e a mudan\u00e7a de governo<br \/>\nSomos duas democracias muito complexas, \u00e0s vezes turbulentas, mas temos alto n\u00edvel de interesse em comum. Fizemos progressos em muitas \u00e1reas, na parte econ\u00f4mica, quest\u00f5es de seguran\u00e7a e na seguran\u00e7a alimentar. Consegu\u00edamos lidar tamb\u00e9m nas \u00e1reas onde n\u00e3o t\u00ednhamos as mesmas opini\u00f5es, porque temos alto n\u00edvel de profissionalismo entre diplomatas dos dois lados para lidar com diferen\u00e7as.<\/p>\n<p>Biden e Bolsonaro tiveram um encontro muito positivo em Los Angeles em junho. Ao longo da elei\u00e7\u00e3o, um ponto que deixamos muito, muito claro \u00e9 que os EUA seriam neutros independentemente do resultado e que est\u00e1vamos muito confiantes no sistema eleitoral brasileiro, que produziria um resultado justo e preciso do desejo do povo brasileiro. A elei\u00e7\u00e3o demonstrou mais uma vez o profissionalismo e a capacidade da democracia brasileira, o que, no mundo de hoje, n\u00e3o \u00e9 pouca coisa.<\/p>\n<p>Est\u00e1vamos prontos para trabalhar com qualquer l\u00edder que o povo brasileiro escolhesse. Neste caso, \u00e9 um l\u00edder com quem j\u00e1 hav\u00edamos trabalhado antes, o que certamente acreditamos que contribuir\u00e1 para nossa habilidade de trabalhar de maneira produtiva.<\/p>\n<p>Os atos antidemocr\u00e1ticos no Brasil<br \/>\nRejeitamos o uso da viol\u00eancia pol\u00edtica em quaisquer circunst\u00e2ncias. Acreditamos firmemente que haver\u00e1 uma transfer\u00eancia de poder no Brasil de forma ordin\u00e1ria e acreditamos que as institui\u00e7\u00f5es brasileiras t\u00eam plena capacidade de administrar at\u00e9 mesmo uma situa\u00e7\u00e3o de conflito como essa.<\/p>\n<p>Isso n\u00e3o \u00e9 algo estranho aos EUA, \u00e9 claro que experimentamos nossa pr\u00f3pria viol\u00eancia durante uma transi\u00e7\u00e3o [a invas\u00e3o do Capit\u00f3lio em 2021]. A transi\u00e7\u00e3o deve ocorrer de acordo com a vontade do povo e de acordo com as institui\u00e7\u00f5es brasileiras. Estamos muito confiantes de que o Brasil vai conseguir isso.<\/p>\n<p>O uso de algemas em imigrantes deportados Toda a regi\u00e3o est\u00e1 passando pela maior onda de migra\u00e7\u00e3o em massa da hist\u00f3ria das Am\u00e9ricas. Tamb\u00e9m o Brasil, com pessoas entrando no pa\u00eds e deixando o pa\u00eds em n\u00fameros enormes.<\/p>\n<p>N\u00f3s temos trabalhado muito bem com o governo brasileiro para tentar uma resposta regional, particularmente por meio da Declara\u00e7\u00e3o de Los Angeles sobre Migra\u00e7\u00e3o e Prote\u00e7\u00e3o, que aborda o tratamento humano da migra\u00e7\u00e3o tanto quanto poss\u00edvel.<\/p>\n<p>Trabalhamos em estreita colabora\u00e7\u00e3o com as autoridades brasileiras para garantir esses voos da forma mais humana poss\u00edvel. S\u00e3o voos muito longos e nossa experi\u00eancia mostrou que \u00e9 mais importante preservar a seguran\u00e7a de todos nesses avi\u00f5es.<\/p>\n<p>O financiamento para preserva\u00e7\u00e3o da Amaz\u00f4nia<br \/>\nClima e aquecimento global s\u00e3o \u00e1reas nas quais esperamos negocia\u00e7\u00f5es e discuss\u00f5es muito ativas com o governo brasileiro, que esperamos que ser\u00e1 um l\u00edder em n\u00edvel global. Sempre esperamos explorar solu\u00e7\u00f5es criativas, que possam realmente produzir resultados muito claros em termos de combate ao desmatamento e de promo\u00e7\u00e3o da sustentabilidade.<\/p>\n<p>A posse de Lula A delega\u00e7\u00e3o americana ainda est\u00e1 em delibera\u00e7\u00e3o. O que veremos \u00e9 uma grande intera\u00e7\u00e3o entre n\u00f3s e a nova equipe, de alto n\u00edvel, praticamente de imediato. E j\u00e1 houve. [O conselheiro de Seguran\u00e7a Nacional da Casa Branca] Jake Sullivan n\u00e3o pega um avi\u00e3o para ir a todos os novos governos em qualquer lugar, \u00e9 por causa da natureza desse relacionamento. O Brasil tamb\u00e9m foi o primeiro pa\u00eds que Sullivan visitou, no governo Bolsonaro. Isso faz parte de um relacionamento cont\u00ednuo.<\/p>\n<p>Raio-X<br \/>\nRicardo Z\u00faniga, 52<br \/>\nVice-secret\u00e1rio assistente para Hemisf\u00e9rio Ocidental no Departamento de Estado dos EUA, \u00e9 um dos principais respons\u00e1veis pela formula\u00e7\u00e3o de pol\u00edticas para o Brasil no governo Biden. Foi c\u00f4nsul em S\u00e3o Paulo de 2015 a 2018. Antes disso, foi diretor s\u00eanior de Hemisf\u00e9rio Ocidental no Conselho de Seguran\u00e7a Nacional no governo Obama, quando foi um dos respons\u00e1veis pela aproxima\u00e7\u00e3o dos EUA com Cuba. Nasceu em Tegucigalpa, em Honduras, e estudou rela\u00e7\u00f5es internacionais e estudos latino-americanos na Universidade da Virg\u00ednia<\/p>\n<p>Foto Getty<br \/>\nNot\u00edcias ao minuto<\/p>\n","protected":false},"excerpt":{"rendered":"<p>Os Estados Unidos esperam que o governo Luiz In\u00e1cio Lula da Silva (PT) tenha uma diplomacia ativa e se envolva<\/p>\n","protected":false},"author":1,"featured_media":2859,"comment_status":"open","ping_status":"open","sticky":false,"template":"","format":"standard","meta":{"colormag_page_container_layout":"default_layout","colormag_page_sidebar_layout":"default_layout","_FSMCFIC_featured_image_caption":"","_FSMCFIC_featured_image_nocaption":"","_FSMCFIC_featured_image_hide":"","footnotes":""},"categories":[2,1],"tags":[],"class_list":["post-2858","post","type-post","status-publish","format-standard","has-post-thumbnail","hentry","category-noticias","category-ultimas"],"yoast_head":"<!-- This site is optimized with the Yoast SEO plugin v27.1.1 - https:\/\/yoast.com\/product\/yoast-seo-wordpress\/ -->\n<title>EUA querem ajuda de Lula por elei\u00e7\u00e3o &#039;leg\u00edtima&#039; na Venezuela - Brasil not\u00edcias<\/title>\n<meta name=\"robots\" content=\"index, follow, max-snippet:-1, max-image-preview:large, max-video-preview:-1\" \/>\n<link rel=\"canonical\" href=\"https:\/\/brasilnoticias.org\/site\/eua-querem-ajuda-de-lula-por-eleicao-legitima-na-venezuela\/\" \/>\n<meta property=\"og:locale\" content=\"pt_PT\" \/>\n<meta property=\"og:type\" content=\"article\" \/>\n<meta property=\"og:title\" content=\"EUA querem ajuda de Lula por elei\u00e7\u00e3o &#039;leg\u00edtima&#039; na Venezuela - Brasil not\u00edcias\" \/>\n<meta property=\"og:description\" content=\"Os Estados Unidos esperam que o governo Luiz In\u00e1cio Lula da Silva (PT) tenha uma diplomacia ativa e se envolva\" \/>\n<meta property=\"og:url\" content=\"https:\/\/brasilnoticias.org\/site\/eua-querem-ajuda-de-lula-por-eleicao-legitima-na-venezuela\/\" \/>\n<meta property=\"og:site_name\" content=\"Brasil not\u00edcias\" \/>\n<meta property=\"article:published_time\" content=\"2022-12-17T21:10:28+00:00\" \/>\n<meta property=\"article:modified_time\" content=\"2022-12-17T21:35:24+00:00\" \/>\n<meta property=\"og:image\" content=\"https:\/\/brasilnoticias.org\/site\/wp-content\/uploads\/2022\/12\/naom_6396eb1cc8ea7.jpg\" \/>\n\t<meta property=\"og:image:width\" content=\"960\" \/>\n\t<meta property=\"og:image:height\" content=\"540\" \/>\n\t<meta property=\"og:image:type\" content=\"image\/jpeg\" \/>\n<meta name=\"author\" content=\"Reda\u00e7\u00e3o\" \/>\n<meta name=\"twitter:card\" content=\"summary_large_image\" \/>\n<meta name=\"twitter:label1\" content=\"Escrito por\" \/>\n\t<meta name=\"twitter:data1\" content=\"Reda\u00e7\u00e3o\" \/>\n\t<meta name=\"twitter:label2\" content=\"Tempo estimado de leitura\" \/>\n\t<meta name=\"twitter:data2\" content=\"7 minutos\" \/>\n<script type=\"application\/ld+json\" class=\"yoast-schema-graph\">{\"@context\":\"https:\/\/schema.org\",\"@graph\":[{\"@type\":\"Article\",\"@id\":\"https:\/\/brasilnoticias.org\/site\/eua-querem-ajuda-de-lula-por-eleicao-legitima-na-venezuela\/#article\",\"isPartOf\":{\"@id\":\"https:\/\/brasilnoticias.org\/site\/eua-querem-ajuda-de-lula-por-eleicao-legitima-na-venezuela\/\"},\"author\":{\"name\":\"Reda\u00e7\u00e3o\",\"@id\":\"https:\/\/brasilnoticias.org\/site\/#\/schema\/person\/a0e05b973ec4d15c658d51911e53507b\"},\"headline\":\"EUA querem ajuda de Lula por elei\u00e7\u00e3o &#8216;leg\u00edtima&#8217; na Venezuela\",\"datePublished\":\"2022-12-17T21:10:28+00:00\",\"dateModified\":\"2022-12-17T21:35:24+00:00\",\"mainEntityOfPage\":{\"@id\":\"https:\/\/brasilnoticias.org\/site\/eua-querem-ajuda-de-lula-por-eleicao-legitima-na-venezuela\/\"},\"wordCount\":1424,\"commentCount\":0,\"publisher\":{\"@id\":\"https:\/\/brasilnoticias.org\/site\/#organization\"},\"image\":{\"@id\":\"https:\/\/brasilnoticias.org\/site\/eua-querem-ajuda-de-lula-por-eleicao-legitima-na-venezuela\/#primaryimage\"},\"thumbnailUrl\":\"https:\/\/brasilnoticias.org\/site\/wp-content\/uploads\/2022\/12\/naom_6396eb1cc8ea7.jpg\",\"articleSection\":[\"Not\u00edcias\",\"\u00daltimas\"],\"inLanguage\":\"pt-PT\",\"potentialAction\":[{\"@type\":\"CommentAction\",\"name\":\"Comment\",\"target\":[\"https:\/\/brasilnoticias.org\/site\/eua-querem-ajuda-de-lula-por-eleicao-legitima-na-venezuela\/#respond\"]}]},{\"@type\":\"WebPage\",\"@id\":\"https:\/\/brasilnoticias.org\/site\/eua-querem-ajuda-de-lula-por-eleicao-legitima-na-venezuela\/\",\"url\":\"https:\/\/brasilnoticias.org\/site\/eua-querem-ajuda-de-lula-por-eleicao-legitima-na-venezuela\/\",\"name\":\"EUA querem ajuda de Lula por elei\u00e7\u00e3o 'leg\u00edtima' na Venezuela - Brasil not\u00edcias\",\"isPartOf\":{\"@id\":\"https:\/\/brasilnoticias.org\/site\/#website\"},\"primaryImageOfPage\":{\"@id\":\"https:\/\/brasilnoticias.org\/site\/eua-querem-ajuda-de-lula-por-eleicao-legitima-na-venezuela\/#primaryimage\"},\"image\":{\"@id\":\"https:\/\/brasilnoticias.org\/site\/eua-querem-ajuda-de-lula-por-eleicao-legitima-na-venezuela\/#primaryimage\"},\"thumbnailUrl\":\"https:\/\/brasilnoticias.org\/site\/wp-content\/uploads\/2022\/12\/naom_6396eb1cc8ea7.jpg\",\"datePublished\":\"2022-12-17T21:10:28+00:00\",\"dateModified\":\"2022-12-17T21:35:24+00:00\",\"breadcrumb\":{\"@id\":\"https:\/\/brasilnoticias.org\/site\/eua-querem-ajuda-de-lula-por-eleicao-legitima-na-venezuela\/#breadcrumb\"},\"inLanguage\":\"pt-PT\",\"potentialAction\":[{\"@type\":\"ReadAction\",\"target\":[\"https:\/\/brasilnoticias.org\/site\/eua-querem-ajuda-de-lula-por-eleicao-legitima-na-venezuela\/\"]}]},{\"@type\":\"ImageObject\",\"inLanguage\":\"pt-PT\",\"@id\":\"https:\/\/brasilnoticias.org\/site\/eua-querem-ajuda-de-lula-por-eleicao-legitima-na-venezuela\/#primaryimage\",\"url\":\"https:\/\/brasilnoticias.org\/site\/wp-content\/uploads\/2022\/12\/naom_6396eb1cc8ea7.jpg\",\"contentUrl\":\"https:\/\/brasilnoticias.org\/site\/wp-content\/uploads\/2022\/12\/naom_6396eb1cc8ea7.jpg\",\"width\":960,\"height\":540},{\"@type\":\"BreadcrumbList\",\"@id\":\"https:\/\/brasilnoticias.org\/site\/eua-querem-ajuda-de-lula-por-eleicao-legitima-na-venezuela\/#breadcrumb\",\"itemListElement\":[{\"@type\":\"ListItem\",\"position\":1,\"name\":\"In\u00edcio\",\"item\":\"https:\/\/brasilnoticias.org\/site\/\"},{\"@type\":\"ListItem\",\"position\":2,\"name\":\"EUA querem ajuda de Lula por elei\u00e7\u00e3o &#8216;leg\u00edtima&#8217; na Venezuela\"}]},{\"@type\":\"WebSite\",\"@id\":\"https:\/\/brasilnoticias.org\/site\/#website\",\"url\":\"https:\/\/brasilnoticias.org\/site\/\",\"name\":\"Brasil not\u00edcias\",\"description\":\"Brasil not\u00edcias\",\"publisher\":{\"@id\":\"https:\/\/brasilnoticias.org\/site\/#organization\"},\"potentialAction\":[{\"@type\":\"SearchAction\",\"target\":{\"@type\":\"EntryPoint\",\"urlTemplate\":\"https:\/\/brasilnoticias.org\/site\/?s={search_term_string}\"},\"query-input\":{\"@type\":\"PropertyValueSpecification\",\"valueRequired\":true,\"valueName\":\"search_term_string\"}}],\"inLanguage\":\"pt-PT\"},{\"@type\":\"Organization\",\"@id\":\"https:\/\/brasilnoticias.org\/site\/#organization\",\"name\":\"Brasil not\u00edcias\",\"url\":\"https:\/\/brasilnoticias.org\/site\/\",\"logo\":{\"@type\":\"ImageObject\",\"inLanguage\":\"pt-PT\",\"@id\":\"https:\/\/brasilnoticias.org\/site\/#\/schema\/logo\/image\/\",\"url\":\"https:\/\/brasilnoticias.org\/site\/wp-content\/uploads\/2022\/05\/cropped-brasilnoticias-mini.jpg\",\"contentUrl\":\"https:\/\/brasilnoticias.org\/site\/wp-content\/uploads\/2022\/05\/cropped-brasilnoticias-mini.jpg\",\"width\":314,\"height\":86,\"caption\":\"Brasil not\u00edcias\"},\"image\":{\"@id\":\"https:\/\/brasilnoticias.org\/site\/#\/schema\/logo\/image\/\"}},{\"@type\":\"Person\",\"@id\":\"https:\/\/brasilnoticias.org\/site\/#\/schema\/person\/a0e05b973ec4d15c658d51911e53507b\",\"name\":\"Reda\u00e7\u00e3o\",\"image\":{\"@type\":\"ImageObject\",\"inLanguage\":\"pt-PT\",\"@id\":\"https:\/\/brasilnoticias.org\/site\/#\/schema\/person\/image\/\",\"url\":\"https:\/\/secure.gravatar.com\/avatar\/75d8b050df2de108b08ae78dfb8e374892df24a383c67db9c46a9c604f6aee9c?s=96&d=mm&r=g\",\"contentUrl\":\"https:\/\/secure.gravatar.com\/avatar\/75d8b050df2de108b08ae78dfb8e374892df24a383c67db9c46a9c604f6aee9c?s=96&d=mm&r=g\",\"caption\":\"Reda\u00e7\u00e3o\"},\"sameAs\":[\"https:\/\/brasilnoticias.org\/site\"],\"url\":\"https:\/\/brasilnoticias.org\/site\/author\/fernandozsngmail-com\/\"}]}<\/script>\n<!-- \/ Yoast SEO plugin. -->","yoast_head_json":{"title":"EUA querem ajuda de Lula por elei\u00e7\u00e3o 'leg\u00edtima' na Venezuela - Brasil not\u00edcias","robots":{"index":"index","follow":"follow","max-snippet":"max-snippet:-1","max-image-preview":"max-image-preview:large","max-video-preview":"max-video-preview:-1"},"canonical":"https:\/\/brasilnoticias.org\/site\/eua-querem-ajuda-de-lula-por-eleicao-legitima-na-venezuela\/","og_locale":"pt_PT","og_type":"article","og_title":"EUA querem ajuda de Lula por elei\u00e7\u00e3o 'leg\u00edtima' na Venezuela - Brasil not\u00edcias","og_description":"Os Estados Unidos esperam que o governo Luiz In\u00e1cio Lula da Silva (PT) tenha uma diplomacia ativa e se envolva","og_url":"https:\/\/brasilnoticias.org\/site\/eua-querem-ajuda-de-lula-por-eleicao-legitima-na-venezuela\/","og_site_name":"Brasil not\u00edcias","article_published_time":"2022-12-17T21:10:28+00:00","article_modified_time":"2022-12-17T21:35:24+00:00","og_image":[{"width":960,"height":540,"url":"https:\/\/brasilnoticias.org\/site\/wp-content\/uploads\/2022\/12\/naom_6396eb1cc8ea7.jpg","type":"image\/jpeg"}],"author":"Reda\u00e7\u00e3o","twitter_card":"summary_large_image","twitter_misc":{"Escrito por":"Reda\u00e7\u00e3o","Tempo estimado de leitura":"7 minutos"},"schema":{"@context":"https:\/\/schema.org","@graph":[{"@type":"Article","@id":"https:\/\/brasilnoticias.org\/site\/eua-querem-ajuda-de-lula-por-eleicao-legitima-na-venezuela\/#article","isPartOf":{"@id":"https:\/\/brasilnoticias.org\/site\/eua-querem-ajuda-de-lula-por-eleicao-legitima-na-venezuela\/"},"author":{"name":"Reda\u00e7\u00e3o","@id":"https:\/\/brasilnoticias.org\/site\/#\/schema\/person\/a0e05b973ec4d15c658d51911e53507b"},"headline":"EUA querem ajuda de Lula por elei\u00e7\u00e3o &#8216;leg\u00edtima&#8217; na Venezuela","datePublished":"2022-12-17T21:10:28+00:00","dateModified":"2022-12-17T21:35:24+00:00","mainEntityOfPage":{"@id":"https:\/\/brasilnoticias.org\/site\/eua-querem-ajuda-de-lula-por-eleicao-legitima-na-venezuela\/"},"wordCount":1424,"commentCount":0,"publisher":{"@id":"https:\/\/brasilnoticias.org\/site\/#organization"},"image":{"@id":"https:\/\/brasilnoticias.org\/site\/eua-querem-ajuda-de-lula-por-eleicao-legitima-na-venezuela\/#primaryimage"},"thumbnailUrl":"https:\/\/brasilnoticias.org\/site\/wp-content\/uploads\/2022\/12\/naom_6396eb1cc8ea7.jpg","articleSection":["Not\u00edcias","\u00daltimas"],"inLanguage":"pt-PT","potentialAction":[{"@type":"CommentAction","name":"Comment","target":["https:\/\/brasilnoticias.org\/site\/eua-querem-ajuda-de-lula-por-eleicao-legitima-na-venezuela\/#respond"]}]},{"@type":"WebPage","@id":"https:\/\/brasilnoticias.org\/site\/eua-querem-ajuda-de-lula-por-eleicao-legitima-na-venezuela\/","url":"https:\/\/brasilnoticias.org\/site\/eua-querem-ajuda-de-lula-por-eleicao-legitima-na-venezuela\/","name":"EUA querem ajuda de Lula por elei\u00e7\u00e3o 'leg\u00edtima' na Venezuela - Brasil not\u00edcias","isPartOf":{"@id":"https:\/\/brasilnoticias.org\/site\/#website"},"primaryImageOfPage":{"@id":"https:\/\/brasilnoticias.org\/site\/eua-querem-ajuda-de-lula-por-eleicao-legitima-na-venezuela\/#primaryimage"},"image":{"@id":"https:\/\/brasilnoticias.org\/site\/eua-querem-ajuda-de-lula-por-eleicao-legitima-na-venezuela\/#primaryimage"},"thumbnailUrl":"https:\/\/brasilnoticias.org\/site\/wp-content\/uploads\/2022\/12\/naom_6396eb1cc8ea7.jpg","datePublished":"2022-12-17T21:10:28+00:00","dateModified":"2022-12-17T21:35:24+00:00","breadcrumb":{"@id":"https:\/\/brasilnoticias.org\/site\/eua-querem-ajuda-de-lula-por-eleicao-legitima-na-venezuela\/#breadcrumb"},"inLanguage":"pt-PT","potentialAction":[{"@type":"ReadAction","target":["https:\/\/brasilnoticias.org\/site\/eua-querem-ajuda-de-lula-por-eleicao-legitima-na-venezuela\/"]}]},{"@type":"ImageObject","inLanguage":"pt-PT","@id":"https:\/\/brasilnoticias.org\/site\/eua-querem-ajuda-de-lula-por-eleicao-legitima-na-venezuela\/#primaryimage","url":"https:\/\/brasilnoticias.org\/site\/wp-content\/uploads\/2022\/12\/naom_6396eb1cc8ea7.jpg","contentUrl":"https:\/\/brasilnoticias.org\/site\/wp-content\/uploads\/2022\/12\/naom_6396eb1cc8ea7.jpg","width":960,"height":540},{"@type":"BreadcrumbList","@id":"https:\/\/brasilnoticias.org\/site\/eua-querem-ajuda-de-lula-por-eleicao-legitima-na-venezuela\/#breadcrumb","itemListElement":[{"@type":"ListItem","position":1,"name":"In\u00edcio","item":"https:\/\/brasilnoticias.org\/site\/"},{"@type":"ListItem","position":2,"name":"EUA querem ajuda de Lula por elei\u00e7\u00e3o &#8216;leg\u00edtima&#8217; na Venezuela"}]},{"@type":"WebSite","@id":"https:\/\/brasilnoticias.org\/site\/#website","url":"https:\/\/brasilnoticias.org\/site\/","name":"Brasil not\u00edcias","description":"Brasil not\u00edcias","publisher":{"@id":"https:\/\/brasilnoticias.org\/site\/#organization"},"potentialAction":[{"@type":"SearchAction","target":{"@type":"EntryPoint","urlTemplate":"https:\/\/brasilnoticias.org\/site\/?s={search_term_string}"},"query-input":{"@type":"PropertyValueSpecification","valueRequired":true,"valueName":"search_term_string"}}],"inLanguage":"pt-PT"},{"@type":"Organization","@id":"https:\/\/brasilnoticias.org\/site\/#organization","name":"Brasil not\u00edcias","url":"https:\/\/brasilnoticias.org\/site\/","logo":{"@type":"ImageObject","inLanguage":"pt-PT","@id":"https:\/\/brasilnoticias.org\/site\/#\/schema\/logo\/image\/","url":"https:\/\/brasilnoticias.org\/site\/wp-content\/uploads\/2022\/05\/cropped-brasilnoticias-mini.jpg","contentUrl":"https:\/\/brasilnoticias.org\/site\/wp-content\/uploads\/2022\/05\/cropped-brasilnoticias-mini.jpg","width":314,"height":86,"caption":"Brasil not\u00edcias"},"image":{"@id":"https:\/\/brasilnoticias.org\/site\/#\/schema\/logo\/image\/"}},{"@type":"Person","@id":"https:\/\/brasilnoticias.org\/site\/#\/schema\/person\/a0e05b973ec4d15c658d51911e53507b","name":"Reda\u00e7\u00e3o","image":{"@type":"ImageObject","inLanguage":"pt-PT","@id":"https:\/\/brasilnoticias.org\/site\/#\/schema\/person\/image\/","url":"https:\/\/secure.gravatar.com\/avatar\/75d8b050df2de108b08ae78dfb8e374892df24a383c67db9c46a9c604f6aee9c?s=96&d=mm&r=g","contentUrl":"https:\/\/secure.gravatar.com\/avatar\/75d8b050df2de108b08ae78dfb8e374892df24a383c67db9c46a9c604f6aee9c?s=96&d=mm&r=g","caption":"Reda\u00e7\u00e3o"},"sameAs":["https:\/\/brasilnoticias.org\/site"],"url":"https:\/\/brasilnoticias.org\/site\/author\/fernandozsngmail-com\/"}]}},"_links":{"self":[{"href":"https:\/\/brasilnoticias.org\/site\/wp-json\/wp\/v2\/posts\/2858","targetHints":{"allow":["GET"]}}],"collection":[{"href":"https:\/\/brasilnoticias.org\/site\/wp-json\/wp\/v2\/posts"}],"about":[{"href":"https:\/\/brasilnoticias.org\/site\/wp-json\/wp\/v2\/types\/post"}],"author":[{"embeddable":true,"href":"https:\/\/brasilnoticias.org\/site\/wp-json\/wp\/v2\/users\/1"}],"replies":[{"embeddable":true,"href":"https:\/\/brasilnoticias.org\/site\/wp-json\/wp\/v2\/comments?post=2858"}],"version-history":[{"count":1,"href":"https:\/\/brasilnoticias.org\/site\/wp-json\/wp\/v2\/posts\/2858\/revisions"}],"predecessor-version":[{"id":2860,"href":"https:\/\/brasilnoticias.org\/site\/wp-json\/wp\/v2\/posts\/2858\/revisions\/2860"}],"wp:featuredmedia":[{"embeddable":true,"href":"https:\/\/brasilnoticias.org\/site\/wp-json\/wp\/v2\/media\/2859"}],"wp:attachment":[{"href":"https:\/\/brasilnoticias.org\/site\/wp-json\/wp\/v2\/media?parent=2858"}],"wp:term":[{"taxonomy":"category","embeddable":true,"href":"https:\/\/brasilnoticias.org\/site\/wp-json\/wp\/v2\/categories?post=2858"},{"taxonomy":"post_tag","embeddable":true,"href":"https:\/\/brasilnoticias.org\/site\/wp-json\/wp\/v2\/tags?post=2858"}],"curies":[{"name":"wp","href":"https:\/\/api.w.org\/{rel}","templated":true}]}}