{"id":286,"date":"2022-05-16T18:17:25","date_gmt":"2022-05-16T21:17:25","guid":{"rendered":"https:\/\/brasilnoticias.org\/site\/?p=286"},"modified":"2022-05-16T18:17:25","modified_gmt":"2022-05-16T21:17:25","slug":"cinco-homens-sao-presos-em-flagrante-com-quase-r-1-milhao-em-drogas","status":"publish","type":"post","link":"https:\/\/brasilnoticias.org\/site\/cinco-homens-sao-presos-em-flagrante-com-quase-r-1-milhao-em-drogas\/","title":{"rendered":"Cinco homens s\u00e3o presos em flagrante com quase R$ 1 milh\u00e3o em drogas"},"content":{"rendered":"<p>Cinco homens foram presos em Feira de Santana com R$ 900 mil em drogas no \u00faltimo domingo (15). Equipes da 2\u00aa Delegacia de T\u00f3xicos e Entorpecentes (DTE) realizaram a a\u00e7\u00e3o e pegaram os bandidos em flagrante enquanto faziam o descarregamento da carga. As drogas encontradas foram maconha e coca\u00edna.<\/p>\n<p>Os policiais vinham acompanhando a pr\u00e1tica do tr\u00e1fico em um posto da BR-116 Norte. Ap\u00f3s tomarem conhecimento da chegada de um carregamento, foram at\u00e9 o local para realizar o flagrante. Ao todo, foram apreendidos 35kg de coca\u00edna pura e cerca de 12kg de maconha, al\u00e9m de 140kg de insumos que serviriam para deixar a droga pronta para venda.<\/p>\n<p>Est\u00e1vamos monitorando os suspeitos por tr\u00eas semanas. Com base nas informa\u00e7\u00f5es que obtivemos, soubemos que eles passariam por Feira de Santana, que, por sua caracter\u00edstica de entroncamento rodovi\u00e1rio, acaba sendo ponto de passagem de criminosos. Planejamos a a\u00e7\u00e3o com calma e conseguimos efetuar a pris\u00e3o&#8221;, declarou o delegado Deivid Lopes, titular da DTE de Feira.<\/p>\n<p>Os criminosos e todo material aprendido foram conduzidos \u00e0 delegacia, autuados em flagrante e em seguida os presos foram levados ao Complexo Policial do Sobradinho.<\/p>\n<p>&nbsp;<\/p>\n<p>&nbsp;<\/p>\n<p>Bnews<\/p>\n","protected":false},"excerpt":{"rendered":"<p>Cinco homens foram presos em Feira de Santana com R$ 900 mil em drogas no \u00faltimo domingo (15). Equipes da<\/p>\n","protected":false},"author":2,"featured_media":288,"comment_status":"open","ping_status":"open","sticky":false,"template":"","format":"standard","meta":{"colormag_page_container_layout":"default_layout","colormag_page_sidebar_layout":"default_layout","_FSMCFIC_featured_image_caption":"","_FSMCFIC_featured_image_nocaption":"","_FSMCFIC_featured_image_hide":"","footnotes":""},"categories":[3,1],"tags":[],"class_list":["post-286","post","type-post","status-publish","format-standard","has-post-thumbnail","hentry","category-policia","category-ultimas"],"yoast_head":"<!-- This site is optimized with the Yoast SEO plugin v27.1.1 - https:\/\/yoast.com\/product\/yoast-seo-wordpress\/ -->\n<title>Cinco homens s\u00e3o presos em flagrante com quase R$ 1 milh\u00e3o em drogas - Brasil not\u00edcias<\/title>\n<meta name=\"robots\" content=\"index, follow, max-snippet:-1, max-image-preview:large, max-video-preview:-1\" \/>\n<link rel=\"canonical\" href=\"https:\/\/brasilnoticias.org\/site\/cinco-homens-sao-presos-em-flagrante-com-quase-r-1-milhao-em-drogas\/\" \/>\n<meta property=\"og:locale\" content=\"pt_PT\" \/>\n<meta property=\"og:type\" content=\"article\" \/>\n<meta property=\"og:title\" content=\"Cinco homens s\u00e3o presos em flagrante com quase R$ 1 milh\u00e3o em drogas - Brasil not\u00edcias\" \/>\n<meta property=\"og:description\" content=\"Cinco homens foram presos em Feira de Santana com R$ 900 mil em drogas no \u00faltimo domingo (15). Equipes da\" \/>\n<meta property=\"og:url\" content=\"https:\/\/brasilnoticias.org\/site\/cinco-homens-sao-presos-em-flagrante-com-quase-r-1-milhao-em-drogas\/\" \/>\n<meta property=\"og:site_name\" content=\"Brasil not\u00edcias\" \/>\n<meta property=\"article:published_time\" content=\"2022-05-16T21:17:25+00:00\" \/>\n<meta property=\"og:image\" content=\"https:\/\/brasilnoticias.org\/site\/wp-content\/uploads\/2022\/05\/whatsapp_image_2022-05-16_at_16.57.06_widelg-1.jpeg\" \/>\n\t<meta property=\"og:image:width\" content=\"800\" \/>\n\t<meta property=\"og:image:height\" content=\"450\" \/>\n\t<meta property=\"og:image:type\" content=\"image\/jpeg\" \/>\n<meta name=\"author\" content=\"Reda\u00e7\u00e3o\" \/>\n<meta name=\"twitter:card\" content=\"summary_large_image\" \/>\n<meta name=\"twitter:label1\" content=\"Escrito por\" \/>\n\t<meta name=\"twitter:data1\" content=\"Reda\u00e7\u00e3o\" \/>\n\t<meta name=\"twitter:label2\" content=\"Tempo estimado de leitura\" \/>\n\t<meta name=\"twitter:data2\" content=\"1 minuto\" \/>\n<script type=\"application\/ld+json\" class=\"yoast-schema-graph\">{\"@context\":\"https:\/\/schema.org\",\"@graph\":[{\"@type\":\"Article\",\"@id\":\"https:\/\/brasilnoticias.org\/site\/cinco-homens-sao-presos-em-flagrante-com-quase-r-1-milhao-em-drogas\/#article\",\"isPartOf\":{\"@id\":\"https:\/\/brasilnoticias.org\/site\/cinco-homens-sao-presos-em-flagrante-com-quase-r-1-milhao-em-drogas\/\"},\"author\":{\"name\":\"Reda\u00e7\u00e3o\",\"@id\":\"https:\/\/brasilnoticias.org\/site\/#\/schema\/person\/f609fa847b5314f1c8b983342f34c798\"},\"headline\":\"Cinco homens s\u00e3o presos em flagrante com quase R$ 1 milh\u00e3o em drogas\",\"datePublished\":\"2022-05-16T21:17:25+00:00\",\"mainEntityOfPage\":{\"@id\":\"https:\/\/brasilnoticias.org\/site\/cinco-homens-sao-presos-em-flagrante-com-quase-r-1-milhao-em-drogas\/\"},\"wordCount\":215,\"commentCount\":0,\"publisher\":{\"@id\":\"https:\/\/brasilnoticias.org\/site\/#organization\"},\"image\":{\"@id\":\"https:\/\/brasilnoticias.org\/site\/cinco-homens-sao-presos-em-flagrante-com-quase-r-1-milhao-em-drogas\/#primaryimage\"},\"thumbnailUrl\":\"https:\/\/brasilnoticias.org\/site\/wp-content\/uploads\/2022\/05\/whatsapp_image_2022-05-16_at_16.57.06_widelg-1.jpeg\",\"articleSection\":[\"Pol\u00edcia\",\"\u00daltimas\"],\"inLanguage\":\"pt-PT\",\"potentialAction\":[{\"@type\":\"CommentAction\",\"name\":\"Comment\",\"target\":[\"https:\/\/brasilnoticias.org\/site\/cinco-homens-sao-presos-em-flagrante-com-quase-r-1-milhao-em-drogas\/#respond\"]}]},{\"@type\":\"WebPage\",\"@id\":\"https:\/\/brasilnoticias.org\/site\/cinco-homens-sao-presos-em-flagrante-com-quase-r-1-milhao-em-drogas\/\",\"url\":\"https:\/\/brasilnoticias.org\/site\/cinco-homens-sao-presos-em-flagrante-com-quase-r-1-milhao-em-drogas\/\",\"name\":\"Cinco homens s\u00e3o presos em flagrante com quase R$ 1 milh\u00e3o em drogas - Brasil not\u00edcias\",\"isPartOf\":{\"@id\":\"https:\/\/brasilnoticias.org\/site\/#website\"},\"primaryImageOfPage\":{\"@id\":\"https:\/\/brasilnoticias.org\/site\/cinco-homens-sao-presos-em-flagrante-com-quase-r-1-milhao-em-drogas\/#primaryimage\"},\"image\":{\"@id\":\"https:\/\/brasilnoticias.org\/site\/cinco-homens-sao-presos-em-flagrante-com-quase-r-1-milhao-em-drogas\/#primaryimage\"},\"thumbnailUrl\":\"https:\/\/brasilnoticias.org\/site\/wp-content\/uploads\/2022\/05\/whatsapp_image_2022-05-16_at_16.57.06_widelg-1.jpeg\",\"datePublished\":\"2022-05-16T21:17:25+00:00\",\"breadcrumb\":{\"@id\":\"https:\/\/brasilnoticias.org\/site\/cinco-homens-sao-presos-em-flagrante-com-quase-r-1-milhao-em-drogas\/#breadcrumb\"},\"inLanguage\":\"pt-PT\",\"potentialAction\":[{\"@type\":\"ReadAction\",\"target\":[\"https:\/\/brasilnoticias.org\/site\/cinco-homens-sao-presos-em-flagrante-com-quase-r-1-milhao-em-drogas\/\"]}]},{\"@type\":\"ImageObject\",\"inLanguage\":\"pt-PT\",\"@id\":\"https:\/\/brasilnoticias.org\/site\/cinco-homens-sao-presos-em-flagrante-com-quase-r-1-milhao-em-drogas\/#primaryimage\",\"url\":\"https:\/\/brasilnoticias.org\/site\/wp-content\/uploads\/2022\/05\/whatsapp_image_2022-05-16_at_16.57.06_widelg-1.jpeg\",\"contentUrl\":\"https:\/\/brasilnoticias.org\/site\/wp-content\/uploads\/2022\/05\/whatsapp_image_2022-05-16_at_16.57.06_widelg-1.jpeg\",\"width\":800,\"height\":450},{\"@type\":\"BreadcrumbList\",\"@id\":\"https:\/\/brasilnoticias.org\/site\/cinco-homens-sao-presos-em-flagrante-com-quase-r-1-milhao-em-drogas\/#breadcrumb\",\"itemListElement\":[{\"@type\":\"ListItem\",\"position\":1,\"name\":\"In\u00edcio\",\"item\":\"https:\/\/brasilnoticias.org\/site\/\"},{\"@type\":\"ListItem\",\"position\":2,\"name\":\"Cinco homens s\u00e3o presos em flagrante com quase R$ 1 milh\u00e3o em drogas\"}]},{\"@type\":\"WebSite\",\"@id\":\"https:\/\/brasilnoticias.org\/site\/#website\",\"url\":\"https:\/\/brasilnoticias.org\/site\/\",\"name\":\"Brasil not\u00edcias\",\"description\":\"Brasil not\u00edcias\",\"publisher\":{\"@id\":\"https:\/\/brasilnoticias.org\/site\/#organization\"},\"potentialAction\":[{\"@type\":\"SearchAction\",\"target\":{\"@type\":\"EntryPoint\",\"urlTemplate\":\"https:\/\/brasilnoticias.org\/site\/?s={search_term_string}\"},\"query-input\":{\"@type\":\"PropertyValueSpecification\",\"valueRequired\":true,\"valueName\":\"search_term_string\"}}],\"inLanguage\":\"pt-PT\"},{\"@type\":\"Organization\",\"@id\":\"https:\/\/brasilnoticias.org\/site\/#organization\",\"name\":\"Brasil not\u00edcias\",\"url\":\"https:\/\/brasilnoticias.org\/site\/\",\"logo\":{\"@type\":\"ImageObject\",\"inLanguage\":\"pt-PT\",\"@id\":\"https:\/\/brasilnoticias.org\/site\/#\/schema\/logo\/image\/\",\"url\":\"https:\/\/brasilnoticias.org\/site\/wp-content\/uploads\/2022\/05\/cropped-brasilnoticias-mini.jpg\",\"contentUrl\":\"https:\/\/brasilnoticias.org\/site\/wp-content\/uploads\/2022\/05\/cropped-brasilnoticias-mini.jpg\",\"width\":314,\"height\":86,\"caption\":\"Brasil not\u00edcias\"},\"image\":{\"@id\":\"https:\/\/brasilnoticias.org\/site\/#\/schema\/logo\/image\/\"}},{\"@type\":\"Person\",\"@id\":\"https:\/\/brasilnoticias.org\/site\/#\/schema\/person\/f609fa847b5314f1c8b983342f34c798\",\"name\":\"Reda\u00e7\u00e3o\",\"image\":{\"@type\":\"ImageObject\",\"inLanguage\":\"pt-PT\",\"@id\":\"https:\/\/brasilnoticias.org\/site\/#\/schema\/person\/image\/\",\"url\":\"https:\/\/secure.gravatar.com\/avatar\/447284c06c1ad8b46465a36de9cd0d8326b73387a22799b8b1ffb1fbcff2ed0c?s=96&d=mm&r=g\",\"contentUrl\":\"https:\/\/secure.gravatar.com\/avatar\/447284c06c1ad8b46465a36de9cd0d8326b73387a22799b8b1ffb1fbcff2ed0c?s=96&d=mm&r=g\",\"caption\":\"Reda\u00e7\u00e3o\"},\"url\":\"https:\/\/brasilnoticias.org\/site\/author\/redacao\/\"}]}<\/script>\n<!-- \/ Yoast SEO plugin. -->","yoast_head_json":{"title":"Cinco homens s\u00e3o presos em flagrante com quase R$ 1 milh\u00e3o em drogas - Brasil not\u00edcias","robots":{"index":"index","follow":"follow","max-snippet":"max-snippet:-1","max-image-preview":"max-image-preview:large","max-video-preview":"max-video-preview:-1"},"canonical":"https:\/\/brasilnoticias.org\/site\/cinco-homens-sao-presos-em-flagrante-com-quase-r-1-milhao-em-drogas\/","og_locale":"pt_PT","og_type":"article","og_title":"Cinco homens s\u00e3o presos em flagrante com quase R$ 1 milh\u00e3o em drogas - Brasil not\u00edcias","og_description":"Cinco homens foram presos em Feira de Santana com R$ 900 mil em drogas no \u00faltimo domingo (15). Equipes da","og_url":"https:\/\/brasilnoticias.org\/site\/cinco-homens-sao-presos-em-flagrante-com-quase-r-1-milhao-em-drogas\/","og_site_name":"Brasil not\u00edcias","article_published_time":"2022-05-16T21:17:25+00:00","og_image":[{"width":800,"height":450,"url":"https:\/\/brasilnoticias.org\/site\/wp-content\/uploads\/2022\/05\/whatsapp_image_2022-05-16_at_16.57.06_widelg-1.jpeg","type":"image\/jpeg"}],"author":"Reda\u00e7\u00e3o","twitter_card":"summary_large_image","twitter_misc":{"Escrito por":"Reda\u00e7\u00e3o","Tempo estimado de leitura":"1 minuto"},"schema":{"@context":"https:\/\/schema.org","@graph":[{"@type":"Article","@id":"https:\/\/brasilnoticias.org\/site\/cinco-homens-sao-presos-em-flagrante-com-quase-r-1-milhao-em-drogas\/#article","isPartOf":{"@id":"https:\/\/brasilnoticias.org\/site\/cinco-homens-sao-presos-em-flagrante-com-quase-r-1-milhao-em-drogas\/"},"author":{"name":"Reda\u00e7\u00e3o","@id":"https:\/\/brasilnoticias.org\/site\/#\/schema\/person\/f609fa847b5314f1c8b983342f34c798"},"headline":"Cinco homens s\u00e3o presos em flagrante com quase R$ 1 milh\u00e3o em drogas","datePublished":"2022-05-16T21:17:25+00:00","mainEntityOfPage":{"@id":"https:\/\/brasilnoticias.org\/site\/cinco-homens-sao-presos-em-flagrante-com-quase-r-1-milhao-em-drogas\/"},"wordCount":215,"commentCount":0,"publisher":{"@id":"https:\/\/brasilnoticias.org\/site\/#organization"},"image":{"@id":"https:\/\/brasilnoticias.org\/site\/cinco-homens-sao-presos-em-flagrante-com-quase-r-1-milhao-em-drogas\/#primaryimage"},"thumbnailUrl":"https:\/\/brasilnoticias.org\/site\/wp-content\/uploads\/2022\/05\/whatsapp_image_2022-05-16_at_16.57.06_widelg-1.jpeg","articleSection":["Pol\u00edcia","\u00daltimas"],"inLanguage":"pt-PT","potentialAction":[{"@type":"CommentAction","name":"Comment","target":["https:\/\/brasilnoticias.org\/site\/cinco-homens-sao-presos-em-flagrante-com-quase-r-1-milhao-em-drogas\/#respond"]}]},{"@type":"WebPage","@id":"https:\/\/brasilnoticias.org\/site\/cinco-homens-sao-presos-em-flagrante-com-quase-r-1-milhao-em-drogas\/","url":"https:\/\/brasilnoticias.org\/site\/cinco-homens-sao-presos-em-flagrante-com-quase-r-1-milhao-em-drogas\/","name":"Cinco homens s\u00e3o presos em flagrante com quase R$ 1 milh\u00e3o em drogas - Brasil not\u00edcias","isPartOf":{"@id":"https:\/\/brasilnoticias.org\/site\/#website"},"primaryImageOfPage":{"@id":"https:\/\/brasilnoticias.org\/site\/cinco-homens-sao-presos-em-flagrante-com-quase-r-1-milhao-em-drogas\/#primaryimage"},"image":{"@id":"https:\/\/brasilnoticias.org\/site\/cinco-homens-sao-presos-em-flagrante-com-quase-r-1-milhao-em-drogas\/#primaryimage"},"thumbnailUrl":"https:\/\/brasilnoticias.org\/site\/wp-content\/uploads\/2022\/05\/whatsapp_image_2022-05-16_at_16.57.06_widelg-1.jpeg","datePublished":"2022-05-16T21:17:25+00:00","breadcrumb":{"@id":"https:\/\/brasilnoticias.org\/site\/cinco-homens-sao-presos-em-flagrante-com-quase-r-1-milhao-em-drogas\/#breadcrumb"},"inLanguage":"pt-PT","potentialAction":[{"@type":"ReadAction","target":["https:\/\/brasilnoticias.org\/site\/cinco-homens-sao-presos-em-flagrante-com-quase-r-1-milhao-em-drogas\/"]}]},{"@type":"ImageObject","inLanguage":"pt-PT","@id":"https:\/\/brasilnoticias.org\/site\/cinco-homens-sao-presos-em-flagrante-com-quase-r-1-milhao-em-drogas\/#primaryimage","url":"https:\/\/brasilnoticias.org\/site\/wp-content\/uploads\/2022\/05\/whatsapp_image_2022-05-16_at_16.57.06_widelg-1.jpeg","contentUrl":"https:\/\/brasilnoticias.org\/site\/wp-content\/uploads\/2022\/05\/whatsapp_image_2022-05-16_at_16.57.06_widelg-1.jpeg","width":800,"height":450},{"@type":"BreadcrumbList","@id":"https:\/\/brasilnoticias.org\/site\/cinco-homens-sao-presos-em-flagrante-com-quase-r-1-milhao-em-drogas\/#breadcrumb","itemListElement":[{"@type":"ListItem","position":1,"name":"In\u00edcio","item":"https:\/\/brasilnoticias.org\/site\/"},{"@type":"ListItem","position":2,"name":"Cinco homens s\u00e3o presos em flagrante com quase R$ 1 milh\u00e3o em drogas"}]},{"@type":"WebSite","@id":"https:\/\/brasilnoticias.org\/site\/#website","url":"https:\/\/brasilnoticias.org\/site\/","name":"Brasil not\u00edcias","description":"Brasil not\u00edcias","publisher":{"@id":"https:\/\/brasilnoticias.org\/site\/#organization"},"potentialAction":[{"@type":"SearchAction","target":{"@type":"EntryPoint","urlTemplate":"https:\/\/brasilnoticias.org\/site\/?s={search_term_string}"},"query-input":{"@type":"PropertyValueSpecification","valueRequired":true,"valueName":"search_term_string"}}],"inLanguage":"pt-PT"},{"@type":"Organization","@id":"https:\/\/brasilnoticias.org\/site\/#organization","name":"Brasil not\u00edcias","url":"https:\/\/brasilnoticias.org\/site\/","logo":{"@type":"ImageObject","inLanguage":"pt-PT","@id":"https:\/\/brasilnoticias.org\/site\/#\/schema\/logo\/image\/","url":"https:\/\/brasilnoticias.org\/site\/wp-content\/uploads\/2022\/05\/cropped-brasilnoticias-mini.jpg","contentUrl":"https:\/\/brasilnoticias.org\/site\/wp-content\/uploads\/2022\/05\/cropped-brasilnoticias-mini.jpg","width":314,"height":86,"caption":"Brasil not\u00edcias"},"image":{"@id":"https:\/\/brasilnoticias.org\/site\/#\/schema\/logo\/image\/"}},{"@type":"Person","@id":"https:\/\/brasilnoticias.org\/site\/#\/schema\/person\/f609fa847b5314f1c8b983342f34c798","name":"Reda\u00e7\u00e3o","image":{"@type":"ImageObject","inLanguage":"pt-PT","@id":"https:\/\/brasilnoticias.org\/site\/#\/schema\/person\/image\/","url":"https:\/\/secure.gravatar.com\/avatar\/447284c06c1ad8b46465a36de9cd0d8326b73387a22799b8b1ffb1fbcff2ed0c?s=96&d=mm&r=g","contentUrl":"https:\/\/secure.gravatar.com\/avatar\/447284c06c1ad8b46465a36de9cd0d8326b73387a22799b8b1ffb1fbcff2ed0c?s=96&d=mm&r=g","caption":"Reda\u00e7\u00e3o"},"url":"https:\/\/brasilnoticias.org\/site\/author\/redacao\/"}]}},"_links":{"self":[{"href":"https:\/\/brasilnoticias.org\/site\/wp-json\/wp\/v2\/posts\/286","targetHints":{"allow":["GET"]}}],"collection":[{"href":"https:\/\/brasilnoticias.org\/site\/wp-json\/wp\/v2\/posts"}],"about":[{"href":"https:\/\/brasilnoticias.org\/site\/wp-json\/wp\/v2\/types\/post"}],"author":[{"embeddable":true,"href":"https:\/\/brasilnoticias.org\/site\/wp-json\/wp\/v2\/users\/2"}],"replies":[{"embeddable":true,"href":"https:\/\/brasilnoticias.org\/site\/wp-json\/wp\/v2\/comments?post=286"}],"version-history":[{"count":1,"href":"https:\/\/brasilnoticias.org\/site\/wp-json\/wp\/v2\/posts\/286\/revisions"}],"predecessor-version":[{"id":289,"href":"https:\/\/brasilnoticias.org\/site\/wp-json\/wp\/v2\/posts\/286\/revisions\/289"}],"wp:featuredmedia":[{"embeddable":true,"href":"https:\/\/brasilnoticias.org\/site\/wp-json\/wp\/v2\/media\/288"}],"wp:attachment":[{"href":"https:\/\/brasilnoticias.org\/site\/wp-json\/wp\/v2\/media?parent=286"}],"wp:term":[{"taxonomy":"category","embeddable":true,"href":"https:\/\/brasilnoticias.org\/site\/wp-json\/wp\/v2\/categories?post=286"},{"taxonomy":"post_tag","embeddable":true,"href":"https:\/\/brasilnoticias.org\/site\/wp-json\/wp\/v2\/tags?post=286"}],"curies":[{"name":"wp","href":"https:\/\/api.w.org\/{rel}","templated":true}]}}