{"id":2864,"date":"2022-12-17T07:00:58","date_gmt":"2022-12-17T10:00:58","guid":{"rendered":"https:\/\/brasilnoticias.org\/site\/?p=2864"},"modified":"2022-12-17T18:44:25","modified_gmt":"2022-12-17T21:44:25","slug":"margareth-menezes-e-acusada-de-dever-mais-de-r-1-milhao-a-cofres-publicos","status":"publish","type":"post","link":"https:\/\/brasilnoticias.org\/site\/margareth-menezes-e-acusada-de-dever-mais-de-r-1-milhao-a-cofres-publicos\/","title":{"rendered":"Margareth Menezes \u00e9 acusada de dever mais de R$ 1 milh\u00e3o a cofres p\u00fablicos"},"content":{"rendered":"<p>A cantora e futura ministra da Cultura Margareth Menezes est\u00e1 supostamente devendo mais de R$ 1 milh\u00e3o a cofres p\u00fablicos, diz reportagem da revista Veja nesta sexta-feira. A assessoria de imprensa da artista nega as acusa\u00e7\u00f5es.<\/p>\n<p>Margareth \u00e9 dona de uma ONG chamada Associa\u00e7\u00e3o F\u00e1brica Cultural, que oferece cursos profissionalizantes e oficinas de arte a jovens em Salvador. O problema \u00e9 que em dezembro de 2020 o Tribunal de Contas da Uni\u00e3o, o TCU, ordenou que a entidade devolvesse R$ 338 mil aos cofres p\u00fablicos.<\/p>\n<p>A quantia diria respeito a irregularidades de um conv\u00eanio assinado entre a ONG e o Minist\u00e9rio da Cultura em 2010 para a realiza\u00e7\u00e3o de um projeto cultural or\u00e7ado em R$ 1 milh\u00e3o. O documento afirma que o minist\u00e9rio arcaria com R$ 757 mil, enquanto entidade da cantora pagaria o restante.<\/p>\n<p>T\u00e9cnicos do TCU, por\u00e9m, teriam constatado irregularidades, como superfaturamento de compras, cota\u00e7\u00e3o fict\u00edcia de pre\u00e7os, contrata\u00e7\u00e3o de servi\u00e7os sem detalhamento do objeto e pagamentos por servi\u00e7os que n\u00e3o foram realizados ou a pessoas vinculadas \u00e0 administra\u00e7\u00e3o p\u00fablica.<\/p>\n<p>Por causa disso, o TCU determinou que a ONG devolvesse parte dos recursos, mas isso nunca teria acontecido. A entidade de Margareth acabou sendo inscrita no Cadastro de Inadimplentes, o Cadin.<br \/>\nEm nota divulgada \u00e0 imprensa, a assessoria da cantora nega que ela esteja diretamente envolvida no processo. &#8220;A artista n\u00e3o foi indicada como respons\u00e1vel pelo Tribunal de Contas da Uni\u00e3o. O TCU entendeu que restou comprovada a execu\u00e7\u00e3o integral do evento e a aplica\u00e7\u00e3o dos recursos repassados pela Uni\u00e3o&#8221;, diz a nota.<\/p>\n<p>&#8220;A responsabiliza\u00e7\u00e3o da F\u00e1brica Cultural se deu pela constata\u00e7\u00e3o de impropriedades na documenta\u00e7\u00e3o apresentada como presta\u00e7\u00e3o de contas, sendo que os d\u00e9bitos imputados v\u00eam sendo formalmente negociados com a Advocacia-Geral da Uni\u00e3o para regular o pagamento&#8221;.<\/p>\n<p>Al\u00e9m disso, a assessoria da artista afirma que a ONG trabalha na realiza\u00e7\u00e3o de um Recurso de Revis\u00e3o para pedir ao TCU que revise o julgamento. O objetivo da a\u00e7\u00e3o \u00e9 tentar comprovar a regularidade da presta\u00e7\u00e3o de contas para, assim, extinguir o d\u00e9bito.<\/p>\n<p>A cantora ainda estaria devendo R$ 1,1 milh\u00e3o \u00e0 Receita Federal. A quantia equivale a impostos que n\u00e3o teriam sido recolhidos de duas empresas da cantora, a Estrela do Mar Produ\u00e7\u00f5es Art\u00edsticas e a MM Produ\u00e7\u00f5es e Cria\u00e7\u00f5es.<\/p>\n<p>Auditores dizem que a Estrela do Mar recolhe INSS de seus empregados, mas n\u00e3o repassa \u00e0 Previd\u00eancia. J\u00e1 a MM Produ\u00e7\u00f5es, que parou de funcionar em 2015, deixou d\u00e9bitos de imposto de renda, PIS, Cofins e Contribui\u00e7\u00e3o Social.<\/p>\n<p>Ainda em nota, a assessoria de Margareth afirma que a empresa tem mesmo uma d\u00edvida tribut\u00e1ria, mas nega que o valor seja esse. A despesa teria sido acentuado por causa da pandemia, segundo a nota.<br \/>\n&#8220;Com a retomada gradativa das atividades, os processos de regulariza\u00e7\u00e3o foram sendo retomados e as d\u00edvidas est\u00e3o regularizadas, em processo de pagamento, por meio dos processos de regulariza\u00e7\u00e3o fiscal, que s\u00e3o normatizados pela Receita Federal. Portanto, inexiste d\u00edvida nos valores citados e o passivo atualmente existente vem sendo parcelado e com pagamento em dia, seguindo seu curso regular&#8221;, diz o comunicado.<\/p>\n<p>Margareth j\u00e1 sofreu seu primeiro rev\u00e9s como futura ministra da Cultura. A cantora n\u00e3o conseguiu emplacar seu nome preferido para a secretaria executiva do minist\u00e9rio. Ela desejava ter como bra\u00e7o-direito Zulu Ara\u00fajo, ex-presidente da Funda\u00e7\u00e3o Palmares, mas prevaleceu o favoritismo do secret\u00e1rio nacional de cultura do PT, o historiador M\u00e1rcio Tavares, defendido pela soci\u00f3loga Ros\u00e2ngela da Silva, a Janja, mulher do presente eleito Luiz In\u00e1cio Lula da Silva.<\/p>\n<p>Not\u00edcias ao minuto<br \/>\nFoto Getty Images<\/p>\n","protected":false},"excerpt":{"rendered":"<p>A cantora e futura ministra da Cultura Margareth Menezes est\u00e1 supostamente devendo mais de R$ 1 milh\u00e3o a cofres p\u00fablicos,<\/p>\n","protected":false},"author":1,"featured_media":2865,"comment_status":"open","ping_status":"open","sticky":false,"template":"","format":"standard","meta":{"colormag_page_container_layout":"default_layout","colormag_page_sidebar_layout":"default_layout","_FSMCFIC_featured_image_caption":"","_FSMCFIC_featured_image_nocaption":"","_FSMCFIC_featured_image_hide":"","footnotes":""},"categories":[2,1],"tags":[],"class_list":["post-2864","post","type-post","status-publish","format-standard","has-post-thumbnail","hentry","category-noticias","category-ultimas"],"yoast_head":"<!-- This site is optimized with the Yoast SEO plugin v27.1.1 - https:\/\/yoast.com\/product\/yoast-seo-wordpress\/ -->\n<title>Margareth Menezes \u00e9 acusada de dever mais de R$ 1 milh\u00e3o a cofres p\u00fablicos - Brasil not\u00edcias<\/title>\n<meta name=\"robots\" content=\"index, follow, max-snippet:-1, max-image-preview:large, max-video-preview:-1\" \/>\n<link rel=\"canonical\" href=\"https:\/\/brasilnoticias.org\/site\/margareth-menezes-e-acusada-de-dever-mais-de-r-1-milhao-a-cofres-publicos\/\" \/>\n<meta property=\"og:locale\" content=\"pt_PT\" \/>\n<meta property=\"og:type\" content=\"article\" \/>\n<meta property=\"og:title\" content=\"Margareth Menezes \u00e9 acusada de dever mais de R$ 1 milh\u00e3o a cofres p\u00fablicos - Brasil not\u00edcias\" \/>\n<meta property=\"og:description\" content=\"A cantora e futura ministra da Cultura Margareth Menezes est\u00e1 supostamente devendo mais de R$ 1 milh\u00e3o a cofres p\u00fablicos,\" \/>\n<meta property=\"og:url\" content=\"https:\/\/brasilnoticias.org\/site\/margareth-menezes-e-acusada-de-dever-mais-de-r-1-milhao-a-cofres-publicos\/\" \/>\n<meta property=\"og:site_name\" content=\"Brasil not\u00edcias\" \/>\n<meta property=\"article:published_time\" content=\"2022-12-17T10:00:58+00:00\" \/>\n<meta property=\"article:modified_time\" content=\"2022-12-17T21:44:25+00:00\" \/>\n<meta property=\"og:image\" content=\"https:\/\/brasilnoticias.org\/site\/wp-content\/uploads\/2022\/12\/naom_63949a4890475.jpg\" \/>\n\t<meta property=\"og:image:width\" content=\"960\" \/>\n\t<meta property=\"og:image:height\" content=\"540\" \/>\n\t<meta property=\"og:image:type\" content=\"image\/jpeg\" \/>\n<meta name=\"author\" content=\"Reda\u00e7\u00e3o\" \/>\n<meta name=\"twitter:card\" content=\"summary_large_image\" \/>\n<meta name=\"twitter:label1\" content=\"Escrito por\" \/>\n\t<meta name=\"twitter:data1\" content=\"Reda\u00e7\u00e3o\" \/>\n\t<meta name=\"twitter:label2\" content=\"Tempo estimado de leitura\" \/>\n\t<meta name=\"twitter:data2\" content=\"3 minutos\" \/>\n<script type=\"application\/ld+json\" class=\"yoast-schema-graph\">{\"@context\":\"https:\/\/schema.org\",\"@graph\":[{\"@type\":\"Article\",\"@id\":\"https:\/\/brasilnoticias.org\/site\/margareth-menezes-e-acusada-de-dever-mais-de-r-1-milhao-a-cofres-publicos\/#article\",\"isPartOf\":{\"@id\":\"https:\/\/brasilnoticias.org\/site\/margareth-menezes-e-acusada-de-dever-mais-de-r-1-milhao-a-cofres-publicos\/\"},\"author\":{\"name\":\"Reda\u00e7\u00e3o\",\"@id\":\"https:\/\/brasilnoticias.org\/site\/#\/schema\/person\/a0e05b973ec4d15c658d51911e53507b\"},\"headline\":\"Margareth Menezes \u00e9 acusada de dever mais de R$ 1 milh\u00e3o a cofres p\u00fablicos\",\"datePublished\":\"2022-12-17T10:00:58+00:00\",\"dateModified\":\"2022-12-17T21:44:25+00:00\",\"mainEntityOfPage\":{\"@id\":\"https:\/\/brasilnoticias.org\/site\/margareth-menezes-e-acusada-de-dever-mais-de-r-1-milhao-a-cofres-publicos\/\"},\"wordCount\":655,\"commentCount\":0,\"publisher\":{\"@id\":\"https:\/\/brasilnoticias.org\/site\/#organization\"},\"image\":{\"@id\":\"https:\/\/brasilnoticias.org\/site\/margareth-menezes-e-acusada-de-dever-mais-de-r-1-milhao-a-cofres-publicos\/#primaryimage\"},\"thumbnailUrl\":\"https:\/\/brasilnoticias.org\/site\/wp-content\/uploads\/2022\/12\/naom_63949a4890475.jpg\",\"articleSection\":[\"Not\u00edcias\",\"\u00daltimas\"],\"inLanguage\":\"pt-PT\",\"potentialAction\":[{\"@type\":\"CommentAction\",\"name\":\"Comment\",\"target\":[\"https:\/\/brasilnoticias.org\/site\/margareth-menezes-e-acusada-de-dever-mais-de-r-1-milhao-a-cofres-publicos\/#respond\"]}]},{\"@type\":\"WebPage\",\"@id\":\"https:\/\/brasilnoticias.org\/site\/margareth-menezes-e-acusada-de-dever-mais-de-r-1-milhao-a-cofres-publicos\/\",\"url\":\"https:\/\/brasilnoticias.org\/site\/margareth-menezes-e-acusada-de-dever-mais-de-r-1-milhao-a-cofres-publicos\/\",\"name\":\"Margareth Menezes \u00e9 acusada de dever mais de R$ 1 milh\u00e3o a cofres p\u00fablicos - Brasil not\u00edcias\",\"isPartOf\":{\"@id\":\"https:\/\/brasilnoticias.org\/site\/#website\"},\"primaryImageOfPage\":{\"@id\":\"https:\/\/brasilnoticias.org\/site\/margareth-menezes-e-acusada-de-dever-mais-de-r-1-milhao-a-cofres-publicos\/#primaryimage\"},\"image\":{\"@id\":\"https:\/\/brasilnoticias.org\/site\/margareth-menezes-e-acusada-de-dever-mais-de-r-1-milhao-a-cofres-publicos\/#primaryimage\"},\"thumbnailUrl\":\"https:\/\/brasilnoticias.org\/site\/wp-content\/uploads\/2022\/12\/naom_63949a4890475.jpg\",\"datePublished\":\"2022-12-17T10:00:58+00:00\",\"dateModified\":\"2022-12-17T21:44:25+00:00\",\"breadcrumb\":{\"@id\":\"https:\/\/brasilnoticias.org\/site\/margareth-menezes-e-acusada-de-dever-mais-de-r-1-milhao-a-cofres-publicos\/#breadcrumb\"},\"inLanguage\":\"pt-PT\",\"potentialAction\":[{\"@type\":\"ReadAction\",\"target\":[\"https:\/\/brasilnoticias.org\/site\/margareth-menezes-e-acusada-de-dever-mais-de-r-1-milhao-a-cofres-publicos\/\"]}]},{\"@type\":\"ImageObject\",\"inLanguage\":\"pt-PT\",\"@id\":\"https:\/\/brasilnoticias.org\/site\/margareth-menezes-e-acusada-de-dever-mais-de-r-1-milhao-a-cofres-publicos\/#primaryimage\",\"url\":\"https:\/\/brasilnoticias.org\/site\/wp-content\/uploads\/2022\/12\/naom_63949a4890475.jpg\",\"contentUrl\":\"https:\/\/brasilnoticias.org\/site\/wp-content\/uploads\/2022\/12\/naom_63949a4890475.jpg\",\"width\":960,\"height\":540},{\"@type\":\"BreadcrumbList\",\"@id\":\"https:\/\/brasilnoticias.org\/site\/margareth-menezes-e-acusada-de-dever-mais-de-r-1-milhao-a-cofres-publicos\/#breadcrumb\",\"itemListElement\":[{\"@type\":\"ListItem\",\"position\":1,\"name\":\"In\u00edcio\",\"item\":\"https:\/\/brasilnoticias.org\/site\/\"},{\"@type\":\"ListItem\",\"position\":2,\"name\":\"Margareth Menezes \u00e9 acusada de dever mais de R$ 1 milh\u00e3o a cofres p\u00fablicos\"}]},{\"@type\":\"WebSite\",\"@id\":\"https:\/\/brasilnoticias.org\/site\/#website\",\"url\":\"https:\/\/brasilnoticias.org\/site\/\",\"name\":\"Brasil not\u00edcias\",\"description\":\"Brasil not\u00edcias\",\"publisher\":{\"@id\":\"https:\/\/brasilnoticias.org\/site\/#organization\"},\"potentialAction\":[{\"@type\":\"SearchAction\",\"target\":{\"@type\":\"EntryPoint\",\"urlTemplate\":\"https:\/\/brasilnoticias.org\/site\/?s={search_term_string}\"},\"query-input\":{\"@type\":\"PropertyValueSpecification\",\"valueRequired\":true,\"valueName\":\"search_term_string\"}}],\"inLanguage\":\"pt-PT\"},{\"@type\":\"Organization\",\"@id\":\"https:\/\/brasilnoticias.org\/site\/#organization\",\"name\":\"Brasil not\u00edcias\",\"url\":\"https:\/\/brasilnoticias.org\/site\/\",\"logo\":{\"@type\":\"ImageObject\",\"inLanguage\":\"pt-PT\",\"@id\":\"https:\/\/brasilnoticias.org\/site\/#\/schema\/logo\/image\/\",\"url\":\"https:\/\/brasilnoticias.org\/site\/wp-content\/uploads\/2022\/05\/cropped-brasilnoticias-mini.jpg\",\"contentUrl\":\"https:\/\/brasilnoticias.org\/site\/wp-content\/uploads\/2022\/05\/cropped-brasilnoticias-mini.jpg\",\"width\":314,\"height\":86,\"caption\":\"Brasil not\u00edcias\"},\"image\":{\"@id\":\"https:\/\/brasilnoticias.org\/site\/#\/schema\/logo\/image\/\"}},{\"@type\":\"Person\",\"@id\":\"https:\/\/brasilnoticias.org\/site\/#\/schema\/person\/a0e05b973ec4d15c658d51911e53507b\",\"name\":\"Reda\u00e7\u00e3o\",\"image\":{\"@type\":\"ImageObject\",\"inLanguage\":\"pt-PT\",\"@id\":\"https:\/\/brasilnoticias.org\/site\/#\/schema\/person\/image\/\",\"url\":\"https:\/\/secure.gravatar.com\/avatar\/75d8b050df2de108b08ae78dfb8e374892df24a383c67db9c46a9c604f6aee9c?s=96&d=mm&r=g\",\"contentUrl\":\"https:\/\/secure.gravatar.com\/avatar\/75d8b050df2de108b08ae78dfb8e374892df24a383c67db9c46a9c604f6aee9c?s=96&d=mm&r=g\",\"caption\":\"Reda\u00e7\u00e3o\"},\"sameAs\":[\"https:\/\/brasilnoticias.org\/site\"],\"url\":\"https:\/\/brasilnoticias.org\/site\/author\/fernandozsngmail-com\/\"}]}<\/script>\n<!-- \/ Yoast SEO plugin. -->","yoast_head_json":{"title":"Margareth Menezes \u00e9 acusada de dever mais de R$ 1 milh\u00e3o a cofres p\u00fablicos - Brasil not\u00edcias","robots":{"index":"index","follow":"follow","max-snippet":"max-snippet:-1","max-image-preview":"max-image-preview:large","max-video-preview":"max-video-preview:-1"},"canonical":"https:\/\/brasilnoticias.org\/site\/margareth-menezes-e-acusada-de-dever-mais-de-r-1-milhao-a-cofres-publicos\/","og_locale":"pt_PT","og_type":"article","og_title":"Margareth Menezes \u00e9 acusada de dever mais de R$ 1 milh\u00e3o a cofres p\u00fablicos - Brasil not\u00edcias","og_description":"A cantora e futura ministra da Cultura Margareth Menezes est\u00e1 supostamente devendo mais de R$ 1 milh\u00e3o a cofres p\u00fablicos,","og_url":"https:\/\/brasilnoticias.org\/site\/margareth-menezes-e-acusada-de-dever-mais-de-r-1-milhao-a-cofres-publicos\/","og_site_name":"Brasil not\u00edcias","article_published_time":"2022-12-17T10:00:58+00:00","article_modified_time":"2022-12-17T21:44:25+00:00","og_image":[{"width":960,"height":540,"url":"https:\/\/brasilnoticias.org\/site\/wp-content\/uploads\/2022\/12\/naom_63949a4890475.jpg","type":"image\/jpeg"}],"author":"Reda\u00e7\u00e3o","twitter_card":"summary_large_image","twitter_misc":{"Escrito por":"Reda\u00e7\u00e3o","Tempo estimado de leitura":"3 minutos"},"schema":{"@context":"https:\/\/schema.org","@graph":[{"@type":"Article","@id":"https:\/\/brasilnoticias.org\/site\/margareth-menezes-e-acusada-de-dever-mais-de-r-1-milhao-a-cofres-publicos\/#article","isPartOf":{"@id":"https:\/\/brasilnoticias.org\/site\/margareth-menezes-e-acusada-de-dever-mais-de-r-1-milhao-a-cofres-publicos\/"},"author":{"name":"Reda\u00e7\u00e3o","@id":"https:\/\/brasilnoticias.org\/site\/#\/schema\/person\/a0e05b973ec4d15c658d51911e53507b"},"headline":"Margareth Menezes \u00e9 acusada de dever mais de R$ 1 milh\u00e3o a cofres p\u00fablicos","datePublished":"2022-12-17T10:00:58+00:00","dateModified":"2022-12-17T21:44:25+00:00","mainEntityOfPage":{"@id":"https:\/\/brasilnoticias.org\/site\/margareth-menezes-e-acusada-de-dever-mais-de-r-1-milhao-a-cofres-publicos\/"},"wordCount":655,"commentCount":0,"publisher":{"@id":"https:\/\/brasilnoticias.org\/site\/#organization"},"image":{"@id":"https:\/\/brasilnoticias.org\/site\/margareth-menezes-e-acusada-de-dever-mais-de-r-1-milhao-a-cofres-publicos\/#primaryimage"},"thumbnailUrl":"https:\/\/brasilnoticias.org\/site\/wp-content\/uploads\/2022\/12\/naom_63949a4890475.jpg","articleSection":["Not\u00edcias","\u00daltimas"],"inLanguage":"pt-PT","potentialAction":[{"@type":"CommentAction","name":"Comment","target":["https:\/\/brasilnoticias.org\/site\/margareth-menezes-e-acusada-de-dever-mais-de-r-1-milhao-a-cofres-publicos\/#respond"]}]},{"@type":"WebPage","@id":"https:\/\/brasilnoticias.org\/site\/margareth-menezes-e-acusada-de-dever-mais-de-r-1-milhao-a-cofres-publicos\/","url":"https:\/\/brasilnoticias.org\/site\/margareth-menezes-e-acusada-de-dever-mais-de-r-1-milhao-a-cofres-publicos\/","name":"Margareth Menezes \u00e9 acusada de dever mais de R$ 1 milh\u00e3o a cofres p\u00fablicos - Brasil not\u00edcias","isPartOf":{"@id":"https:\/\/brasilnoticias.org\/site\/#website"},"primaryImageOfPage":{"@id":"https:\/\/brasilnoticias.org\/site\/margareth-menezes-e-acusada-de-dever-mais-de-r-1-milhao-a-cofres-publicos\/#primaryimage"},"image":{"@id":"https:\/\/brasilnoticias.org\/site\/margareth-menezes-e-acusada-de-dever-mais-de-r-1-milhao-a-cofres-publicos\/#primaryimage"},"thumbnailUrl":"https:\/\/brasilnoticias.org\/site\/wp-content\/uploads\/2022\/12\/naom_63949a4890475.jpg","datePublished":"2022-12-17T10:00:58+00:00","dateModified":"2022-12-17T21:44:25+00:00","breadcrumb":{"@id":"https:\/\/brasilnoticias.org\/site\/margareth-menezes-e-acusada-de-dever-mais-de-r-1-milhao-a-cofres-publicos\/#breadcrumb"},"inLanguage":"pt-PT","potentialAction":[{"@type":"ReadAction","target":["https:\/\/brasilnoticias.org\/site\/margareth-menezes-e-acusada-de-dever-mais-de-r-1-milhao-a-cofres-publicos\/"]}]},{"@type":"ImageObject","inLanguage":"pt-PT","@id":"https:\/\/brasilnoticias.org\/site\/margareth-menezes-e-acusada-de-dever-mais-de-r-1-milhao-a-cofres-publicos\/#primaryimage","url":"https:\/\/brasilnoticias.org\/site\/wp-content\/uploads\/2022\/12\/naom_63949a4890475.jpg","contentUrl":"https:\/\/brasilnoticias.org\/site\/wp-content\/uploads\/2022\/12\/naom_63949a4890475.jpg","width":960,"height":540},{"@type":"BreadcrumbList","@id":"https:\/\/brasilnoticias.org\/site\/margareth-menezes-e-acusada-de-dever-mais-de-r-1-milhao-a-cofres-publicos\/#breadcrumb","itemListElement":[{"@type":"ListItem","position":1,"name":"In\u00edcio","item":"https:\/\/brasilnoticias.org\/site\/"},{"@type":"ListItem","position":2,"name":"Margareth Menezes \u00e9 acusada de dever mais de R$ 1 milh\u00e3o a cofres p\u00fablicos"}]},{"@type":"WebSite","@id":"https:\/\/brasilnoticias.org\/site\/#website","url":"https:\/\/brasilnoticias.org\/site\/","name":"Brasil not\u00edcias","description":"Brasil not\u00edcias","publisher":{"@id":"https:\/\/brasilnoticias.org\/site\/#organization"},"potentialAction":[{"@type":"SearchAction","target":{"@type":"EntryPoint","urlTemplate":"https:\/\/brasilnoticias.org\/site\/?s={search_term_string}"},"query-input":{"@type":"PropertyValueSpecification","valueRequired":true,"valueName":"search_term_string"}}],"inLanguage":"pt-PT"},{"@type":"Organization","@id":"https:\/\/brasilnoticias.org\/site\/#organization","name":"Brasil not\u00edcias","url":"https:\/\/brasilnoticias.org\/site\/","logo":{"@type":"ImageObject","inLanguage":"pt-PT","@id":"https:\/\/brasilnoticias.org\/site\/#\/schema\/logo\/image\/","url":"https:\/\/brasilnoticias.org\/site\/wp-content\/uploads\/2022\/05\/cropped-brasilnoticias-mini.jpg","contentUrl":"https:\/\/brasilnoticias.org\/site\/wp-content\/uploads\/2022\/05\/cropped-brasilnoticias-mini.jpg","width":314,"height":86,"caption":"Brasil not\u00edcias"},"image":{"@id":"https:\/\/brasilnoticias.org\/site\/#\/schema\/logo\/image\/"}},{"@type":"Person","@id":"https:\/\/brasilnoticias.org\/site\/#\/schema\/person\/a0e05b973ec4d15c658d51911e53507b","name":"Reda\u00e7\u00e3o","image":{"@type":"ImageObject","inLanguage":"pt-PT","@id":"https:\/\/brasilnoticias.org\/site\/#\/schema\/person\/image\/","url":"https:\/\/secure.gravatar.com\/avatar\/75d8b050df2de108b08ae78dfb8e374892df24a383c67db9c46a9c604f6aee9c?s=96&d=mm&r=g","contentUrl":"https:\/\/secure.gravatar.com\/avatar\/75d8b050df2de108b08ae78dfb8e374892df24a383c67db9c46a9c604f6aee9c?s=96&d=mm&r=g","caption":"Reda\u00e7\u00e3o"},"sameAs":["https:\/\/brasilnoticias.org\/site"],"url":"https:\/\/brasilnoticias.org\/site\/author\/fernandozsngmail-com\/"}]}},"_links":{"self":[{"href":"https:\/\/brasilnoticias.org\/site\/wp-json\/wp\/v2\/posts\/2864","targetHints":{"allow":["GET"]}}],"collection":[{"href":"https:\/\/brasilnoticias.org\/site\/wp-json\/wp\/v2\/posts"}],"about":[{"href":"https:\/\/brasilnoticias.org\/site\/wp-json\/wp\/v2\/types\/post"}],"author":[{"embeddable":true,"href":"https:\/\/brasilnoticias.org\/site\/wp-json\/wp\/v2\/users\/1"}],"replies":[{"embeddable":true,"href":"https:\/\/brasilnoticias.org\/site\/wp-json\/wp\/v2\/comments?post=2864"}],"version-history":[{"count":1,"href":"https:\/\/brasilnoticias.org\/site\/wp-json\/wp\/v2\/posts\/2864\/revisions"}],"predecessor-version":[{"id":2866,"href":"https:\/\/brasilnoticias.org\/site\/wp-json\/wp\/v2\/posts\/2864\/revisions\/2866"}],"wp:featuredmedia":[{"embeddable":true,"href":"https:\/\/brasilnoticias.org\/site\/wp-json\/wp\/v2\/media\/2865"}],"wp:attachment":[{"href":"https:\/\/brasilnoticias.org\/site\/wp-json\/wp\/v2\/media?parent=2864"}],"wp:term":[{"taxonomy":"category","embeddable":true,"href":"https:\/\/brasilnoticias.org\/site\/wp-json\/wp\/v2\/categories?post=2864"},{"taxonomy":"post_tag","embeddable":true,"href":"https:\/\/brasilnoticias.org\/site\/wp-json\/wp\/v2\/tags?post=2864"}],"curies":[{"name":"wp","href":"https:\/\/api.w.org\/{rel}","templated":true}]}}