{"id":2872,"date":"2022-12-18T07:20:26","date_gmt":"2022-12-18T10:20:26","guid":{"rendered":"https:\/\/brasilnoticias.org\/site\/?p=2872"},"modified":"2022-12-17T18:49:31","modified_gmt":"2022-12-17T21:49:31","slug":"lula-tera-37-ministerios-com-divisao-do-planejamento-e-recriacao-da-pesca","status":"publish","type":"post","link":"https:\/\/brasilnoticias.org\/site\/lula-tera-37-ministerios-com-divisao-do-planejamento-e-recriacao-da-pesca\/","title":{"rendered":"Lula ter\u00e1 37 minist\u00e9rios com divis\u00e3o do Planejamento e recria\u00e7\u00e3o da Pesca"},"content":{"rendered":"<p>Futuro ministro da Casa Civil e governador da Bahia, Rui Costa (PT) disse neste s\u00e1bado (17) que o governo de Luiz In\u00e1cio Lula da Silva (PT) ter\u00e1 37 minist\u00e9rios.<\/p>\n<p>A lista dos minist\u00e9rios ainda n\u00e3o foi divulgada. Costa confirmou \u00e0 imprensa que ser\u00e1 criada uma pasta para a pesca. A Economia ainda ser\u00e1 fatiada em Fazenda, Ind\u00fastria e Com\u00e9rcio, al\u00e9m de Planejamento e uma pasta espec\u00edfica para gest\u00e3o.<\/p>\n<p>J\u00e1 o atual Minist\u00e9rio da Infraestrutura ser\u00e1 transformado em duas pastas, uma para tratar de transporte e outra sobre portos e aeroportos.<br \/>\nO futuro chefe da Casa Civil disse que a escolha dos ministros n\u00e3o ser\u00e1 afetada pela vota\u00e7\u00e3o na C\u00e2mara da PEC da Transi\u00e7\u00e3o.<\/p>\n<p>O presidente Arthur Lira (PP-AL) teria sinalizado a aliados que pode facilitar a aprova\u00e7\u00e3o da proposta se emplacar aliados em cargos do primeiro escal\u00e3o do governo Lula.<\/p>\n<p>O futuro chefe da Casa Civil disse que Lula tem afirmado que n\u00e3o ir\u00e1 vincular a aprova\u00e7\u00e3o da PEC com a escolha dos ministros.<br \/>\nRui Costa disse que a futura gest\u00e3o tamb\u00e9m ter\u00e1 o Minist\u00e9rio dos Povos Origin\u00e1rios, outro para esportes e uma pasta para as mulheres. Ele ainda citou a cria\u00e7\u00e3o do Minist\u00e9rio das Cidades, a partir do desdobramento do Desenvolvimento Regional.<\/p>\n<p>Segundo o futuro ministro, n\u00e3o haver\u00e1 aumento de despesas do governo para ampliar o n\u00famero de minist\u00e9rios. Isso porque os cargos atuais ser\u00e3o reformulados para acomodar o plano de Lula. Al\u00e9m disso, segundo Rui Costa, alguns minist\u00e9rios v\u00e3o compartilhar setores como de assuntos jur\u00eddicos.<\/p>\n<p>&#8220;A ideia central \u00e9 repetir o que a gente est\u00e1 chamando de Lula 2, a estrutura do segundo governo de Lula, que se encerrou em 2010&#8221;, disse ele.<\/p>\n<p>Foto Getty<br \/>\nNot\u00edcias ao minuto<\/p>\n","protected":false},"excerpt":{"rendered":"<p>Futuro ministro da Casa Civil e governador da Bahia, Rui Costa (PT) disse neste s\u00e1bado (17) que o governo de<\/p>\n","protected":false},"author":1,"featured_media":2873,"comment_status":"open","ping_status":"open","sticky":false,"template":"","format":"standard","meta":{"colormag_page_container_layout":"default_layout","colormag_page_sidebar_layout":"default_layout","_FSMCFIC_featured_image_caption":"","_FSMCFIC_featured_image_nocaption":"","_FSMCFIC_featured_image_hide":"","footnotes":""},"categories":[5,1],"tags":[],"class_list":["post-2872","post","type-post","status-publish","format-standard","has-post-thumbnail","hentry","category-politica","category-ultimas"],"yoast_head":"<!-- This site is optimized with the Yoast SEO plugin v27.1.1 - https:\/\/yoast.com\/product\/yoast-seo-wordpress\/ -->\n<title>Lula ter\u00e1 37 minist\u00e9rios com divis\u00e3o do Planejamento e recria\u00e7\u00e3o da Pesca - Brasil not\u00edcias<\/title>\n<meta name=\"robots\" content=\"index, follow, max-snippet:-1, max-image-preview:large, max-video-preview:-1\" \/>\n<link rel=\"canonical\" href=\"https:\/\/brasilnoticias.org\/site\/lula-tera-37-ministerios-com-divisao-do-planejamento-e-recriacao-da-pesca\/\" \/>\n<meta property=\"og:locale\" content=\"pt_PT\" \/>\n<meta property=\"og:type\" content=\"article\" \/>\n<meta property=\"og:title\" content=\"Lula ter\u00e1 37 minist\u00e9rios com divis\u00e3o do Planejamento e recria\u00e7\u00e3o da Pesca - Brasil not\u00edcias\" \/>\n<meta property=\"og:description\" content=\"Futuro ministro da Casa Civil e governador da Bahia, Rui Costa (PT) disse neste s\u00e1bado (17) que o governo de\" \/>\n<meta property=\"og:url\" content=\"https:\/\/brasilnoticias.org\/site\/lula-tera-37-ministerios-com-divisao-do-planejamento-e-recriacao-da-pesca\/\" \/>\n<meta property=\"og:site_name\" content=\"Brasil not\u00edcias\" \/>\n<meta property=\"article:published_time\" content=\"2022-12-18T10:20:26+00:00\" \/>\n<meta property=\"og:image\" content=\"https:\/\/brasilnoticias.org\/site\/wp-content\/uploads\/2022\/12\/naom_63738c0cd286d.jpg\" \/>\n\t<meta property=\"og:image:width\" content=\"960\" \/>\n\t<meta property=\"og:image:height\" content=\"540\" \/>\n\t<meta property=\"og:image:type\" content=\"image\/jpeg\" \/>\n<meta name=\"author\" content=\"Reda\u00e7\u00e3o\" \/>\n<meta name=\"twitter:card\" content=\"summary_large_image\" \/>\n<meta name=\"twitter:label1\" content=\"Escrito por\" \/>\n\t<meta name=\"twitter:data1\" content=\"Reda\u00e7\u00e3o\" \/>\n\t<meta name=\"twitter:label2\" content=\"Tempo estimado de leitura\" \/>\n\t<meta name=\"twitter:data2\" content=\"2 minutos\" \/>\n<script type=\"application\/ld+json\" class=\"yoast-schema-graph\">{\"@context\":\"https:\/\/schema.org\",\"@graph\":[{\"@type\":\"Article\",\"@id\":\"https:\/\/brasilnoticias.org\/site\/lula-tera-37-ministerios-com-divisao-do-planejamento-e-recriacao-da-pesca\/#article\",\"isPartOf\":{\"@id\":\"https:\/\/brasilnoticias.org\/site\/lula-tera-37-ministerios-com-divisao-do-planejamento-e-recriacao-da-pesca\/\"},\"author\":{\"name\":\"Reda\u00e7\u00e3o\",\"@id\":\"https:\/\/brasilnoticias.org\/site\/#\/schema\/person\/a0e05b973ec4d15c658d51911e53507b\"},\"headline\":\"Lula ter\u00e1 37 minist\u00e9rios com divis\u00e3o do Planejamento e recria\u00e7\u00e3o da Pesca\",\"datePublished\":\"2022-12-18T10:20:26+00:00\",\"mainEntityOfPage\":{\"@id\":\"https:\/\/brasilnoticias.org\/site\/lula-tera-37-ministerios-com-divisao-do-planejamento-e-recriacao-da-pesca\/\"},\"wordCount\":322,\"commentCount\":0,\"publisher\":{\"@id\":\"https:\/\/brasilnoticias.org\/site\/#organization\"},\"image\":{\"@id\":\"https:\/\/brasilnoticias.org\/site\/lula-tera-37-ministerios-com-divisao-do-planejamento-e-recriacao-da-pesca\/#primaryimage\"},\"thumbnailUrl\":\"https:\/\/brasilnoticias.org\/site\/wp-content\/uploads\/2022\/12\/naom_63738c0cd286d.jpg\",\"articleSection\":[\"Pol\u00edtica\",\"\u00daltimas\"],\"inLanguage\":\"pt-PT\",\"potentialAction\":[{\"@type\":\"CommentAction\",\"name\":\"Comment\",\"target\":[\"https:\/\/brasilnoticias.org\/site\/lula-tera-37-ministerios-com-divisao-do-planejamento-e-recriacao-da-pesca\/#respond\"]}]},{\"@type\":\"WebPage\",\"@id\":\"https:\/\/brasilnoticias.org\/site\/lula-tera-37-ministerios-com-divisao-do-planejamento-e-recriacao-da-pesca\/\",\"url\":\"https:\/\/brasilnoticias.org\/site\/lula-tera-37-ministerios-com-divisao-do-planejamento-e-recriacao-da-pesca\/\",\"name\":\"Lula ter\u00e1 37 minist\u00e9rios com divis\u00e3o do Planejamento e recria\u00e7\u00e3o da Pesca - Brasil not\u00edcias\",\"isPartOf\":{\"@id\":\"https:\/\/brasilnoticias.org\/site\/#website\"},\"primaryImageOfPage\":{\"@id\":\"https:\/\/brasilnoticias.org\/site\/lula-tera-37-ministerios-com-divisao-do-planejamento-e-recriacao-da-pesca\/#primaryimage\"},\"image\":{\"@id\":\"https:\/\/brasilnoticias.org\/site\/lula-tera-37-ministerios-com-divisao-do-planejamento-e-recriacao-da-pesca\/#primaryimage\"},\"thumbnailUrl\":\"https:\/\/brasilnoticias.org\/site\/wp-content\/uploads\/2022\/12\/naom_63738c0cd286d.jpg\",\"datePublished\":\"2022-12-18T10:20:26+00:00\",\"breadcrumb\":{\"@id\":\"https:\/\/brasilnoticias.org\/site\/lula-tera-37-ministerios-com-divisao-do-planejamento-e-recriacao-da-pesca\/#breadcrumb\"},\"inLanguage\":\"pt-PT\",\"potentialAction\":[{\"@type\":\"ReadAction\",\"target\":[\"https:\/\/brasilnoticias.org\/site\/lula-tera-37-ministerios-com-divisao-do-planejamento-e-recriacao-da-pesca\/\"]}]},{\"@type\":\"ImageObject\",\"inLanguage\":\"pt-PT\",\"@id\":\"https:\/\/brasilnoticias.org\/site\/lula-tera-37-ministerios-com-divisao-do-planejamento-e-recriacao-da-pesca\/#primaryimage\",\"url\":\"https:\/\/brasilnoticias.org\/site\/wp-content\/uploads\/2022\/12\/naom_63738c0cd286d.jpg\",\"contentUrl\":\"https:\/\/brasilnoticias.org\/site\/wp-content\/uploads\/2022\/12\/naom_63738c0cd286d.jpg\",\"width\":960,\"height\":540},{\"@type\":\"BreadcrumbList\",\"@id\":\"https:\/\/brasilnoticias.org\/site\/lula-tera-37-ministerios-com-divisao-do-planejamento-e-recriacao-da-pesca\/#breadcrumb\",\"itemListElement\":[{\"@type\":\"ListItem\",\"position\":1,\"name\":\"In\u00edcio\",\"item\":\"https:\/\/brasilnoticias.org\/site\/\"},{\"@type\":\"ListItem\",\"position\":2,\"name\":\"Lula ter\u00e1 37 minist\u00e9rios com divis\u00e3o do Planejamento e recria\u00e7\u00e3o da Pesca\"}]},{\"@type\":\"WebSite\",\"@id\":\"https:\/\/brasilnoticias.org\/site\/#website\",\"url\":\"https:\/\/brasilnoticias.org\/site\/\",\"name\":\"Brasil not\u00edcias\",\"description\":\"Brasil not\u00edcias\",\"publisher\":{\"@id\":\"https:\/\/brasilnoticias.org\/site\/#organization\"},\"potentialAction\":[{\"@type\":\"SearchAction\",\"target\":{\"@type\":\"EntryPoint\",\"urlTemplate\":\"https:\/\/brasilnoticias.org\/site\/?s={search_term_string}\"},\"query-input\":{\"@type\":\"PropertyValueSpecification\",\"valueRequired\":true,\"valueName\":\"search_term_string\"}}],\"inLanguage\":\"pt-PT\"},{\"@type\":\"Organization\",\"@id\":\"https:\/\/brasilnoticias.org\/site\/#organization\",\"name\":\"Brasil not\u00edcias\",\"url\":\"https:\/\/brasilnoticias.org\/site\/\",\"logo\":{\"@type\":\"ImageObject\",\"inLanguage\":\"pt-PT\",\"@id\":\"https:\/\/brasilnoticias.org\/site\/#\/schema\/logo\/image\/\",\"url\":\"https:\/\/brasilnoticias.org\/site\/wp-content\/uploads\/2022\/05\/cropped-brasilnoticias-mini.jpg\",\"contentUrl\":\"https:\/\/brasilnoticias.org\/site\/wp-content\/uploads\/2022\/05\/cropped-brasilnoticias-mini.jpg\",\"width\":314,\"height\":86,\"caption\":\"Brasil not\u00edcias\"},\"image\":{\"@id\":\"https:\/\/brasilnoticias.org\/site\/#\/schema\/logo\/image\/\"}},{\"@type\":\"Person\",\"@id\":\"https:\/\/brasilnoticias.org\/site\/#\/schema\/person\/a0e05b973ec4d15c658d51911e53507b\",\"name\":\"Reda\u00e7\u00e3o\",\"image\":{\"@type\":\"ImageObject\",\"inLanguage\":\"pt-PT\",\"@id\":\"https:\/\/brasilnoticias.org\/site\/#\/schema\/person\/image\/\",\"url\":\"https:\/\/secure.gravatar.com\/avatar\/75d8b050df2de108b08ae78dfb8e374892df24a383c67db9c46a9c604f6aee9c?s=96&d=mm&r=g\",\"contentUrl\":\"https:\/\/secure.gravatar.com\/avatar\/75d8b050df2de108b08ae78dfb8e374892df24a383c67db9c46a9c604f6aee9c?s=96&d=mm&r=g\",\"caption\":\"Reda\u00e7\u00e3o\"},\"sameAs\":[\"https:\/\/brasilnoticias.org\/site\"],\"url\":\"https:\/\/brasilnoticias.org\/site\/author\/fernandozsngmail-com\/\"}]}<\/script>\n<!-- \/ Yoast SEO plugin. -->","yoast_head_json":{"title":"Lula ter\u00e1 37 minist\u00e9rios com divis\u00e3o do Planejamento e recria\u00e7\u00e3o da Pesca - Brasil not\u00edcias","robots":{"index":"index","follow":"follow","max-snippet":"max-snippet:-1","max-image-preview":"max-image-preview:large","max-video-preview":"max-video-preview:-1"},"canonical":"https:\/\/brasilnoticias.org\/site\/lula-tera-37-ministerios-com-divisao-do-planejamento-e-recriacao-da-pesca\/","og_locale":"pt_PT","og_type":"article","og_title":"Lula ter\u00e1 37 minist\u00e9rios com divis\u00e3o do Planejamento e recria\u00e7\u00e3o da Pesca - Brasil not\u00edcias","og_description":"Futuro ministro da Casa Civil e governador da Bahia, Rui Costa (PT) disse neste s\u00e1bado (17) que o governo de","og_url":"https:\/\/brasilnoticias.org\/site\/lula-tera-37-ministerios-com-divisao-do-planejamento-e-recriacao-da-pesca\/","og_site_name":"Brasil not\u00edcias","article_published_time":"2022-12-18T10:20:26+00:00","og_image":[{"width":960,"height":540,"url":"https:\/\/brasilnoticias.org\/site\/wp-content\/uploads\/2022\/12\/naom_63738c0cd286d.jpg","type":"image\/jpeg"}],"author":"Reda\u00e7\u00e3o","twitter_card":"summary_large_image","twitter_misc":{"Escrito por":"Reda\u00e7\u00e3o","Tempo estimado de leitura":"2 minutos"},"schema":{"@context":"https:\/\/schema.org","@graph":[{"@type":"Article","@id":"https:\/\/brasilnoticias.org\/site\/lula-tera-37-ministerios-com-divisao-do-planejamento-e-recriacao-da-pesca\/#article","isPartOf":{"@id":"https:\/\/brasilnoticias.org\/site\/lula-tera-37-ministerios-com-divisao-do-planejamento-e-recriacao-da-pesca\/"},"author":{"name":"Reda\u00e7\u00e3o","@id":"https:\/\/brasilnoticias.org\/site\/#\/schema\/person\/a0e05b973ec4d15c658d51911e53507b"},"headline":"Lula ter\u00e1 37 minist\u00e9rios com divis\u00e3o do Planejamento e recria\u00e7\u00e3o da Pesca","datePublished":"2022-12-18T10:20:26+00:00","mainEntityOfPage":{"@id":"https:\/\/brasilnoticias.org\/site\/lula-tera-37-ministerios-com-divisao-do-planejamento-e-recriacao-da-pesca\/"},"wordCount":322,"commentCount":0,"publisher":{"@id":"https:\/\/brasilnoticias.org\/site\/#organization"},"image":{"@id":"https:\/\/brasilnoticias.org\/site\/lula-tera-37-ministerios-com-divisao-do-planejamento-e-recriacao-da-pesca\/#primaryimage"},"thumbnailUrl":"https:\/\/brasilnoticias.org\/site\/wp-content\/uploads\/2022\/12\/naom_63738c0cd286d.jpg","articleSection":["Pol\u00edtica","\u00daltimas"],"inLanguage":"pt-PT","potentialAction":[{"@type":"CommentAction","name":"Comment","target":["https:\/\/brasilnoticias.org\/site\/lula-tera-37-ministerios-com-divisao-do-planejamento-e-recriacao-da-pesca\/#respond"]}]},{"@type":"WebPage","@id":"https:\/\/brasilnoticias.org\/site\/lula-tera-37-ministerios-com-divisao-do-planejamento-e-recriacao-da-pesca\/","url":"https:\/\/brasilnoticias.org\/site\/lula-tera-37-ministerios-com-divisao-do-planejamento-e-recriacao-da-pesca\/","name":"Lula ter\u00e1 37 minist\u00e9rios com divis\u00e3o do Planejamento e recria\u00e7\u00e3o da Pesca - Brasil not\u00edcias","isPartOf":{"@id":"https:\/\/brasilnoticias.org\/site\/#website"},"primaryImageOfPage":{"@id":"https:\/\/brasilnoticias.org\/site\/lula-tera-37-ministerios-com-divisao-do-planejamento-e-recriacao-da-pesca\/#primaryimage"},"image":{"@id":"https:\/\/brasilnoticias.org\/site\/lula-tera-37-ministerios-com-divisao-do-planejamento-e-recriacao-da-pesca\/#primaryimage"},"thumbnailUrl":"https:\/\/brasilnoticias.org\/site\/wp-content\/uploads\/2022\/12\/naom_63738c0cd286d.jpg","datePublished":"2022-12-18T10:20:26+00:00","breadcrumb":{"@id":"https:\/\/brasilnoticias.org\/site\/lula-tera-37-ministerios-com-divisao-do-planejamento-e-recriacao-da-pesca\/#breadcrumb"},"inLanguage":"pt-PT","potentialAction":[{"@type":"ReadAction","target":["https:\/\/brasilnoticias.org\/site\/lula-tera-37-ministerios-com-divisao-do-planejamento-e-recriacao-da-pesca\/"]}]},{"@type":"ImageObject","inLanguage":"pt-PT","@id":"https:\/\/brasilnoticias.org\/site\/lula-tera-37-ministerios-com-divisao-do-planejamento-e-recriacao-da-pesca\/#primaryimage","url":"https:\/\/brasilnoticias.org\/site\/wp-content\/uploads\/2022\/12\/naom_63738c0cd286d.jpg","contentUrl":"https:\/\/brasilnoticias.org\/site\/wp-content\/uploads\/2022\/12\/naom_63738c0cd286d.jpg","width":960,"height":540},{"@type":"BreadcrumbList","@id":"https:\/\/brasilnoticias.org\/site\/lula-tera-37-ministerios-com-divisao-do-planejamento-e-recriacao-da-pesca\/#breadcrumb","itemListElement":[{"@type":"ListItem","position":1,"name":"In\u00edcio","item":"https:\/\/brasilnoticias.org\/site\/"},{"@type":"ListItem","position":2,"name":"Lula ter\u00e1 37 minist\u00e9rios com divis\u00e3o do Planejamento e recria\u00e7\u00e3o da Pesca"}]},{"@type":"WebSite","@id":"https:\/\/brasilnoticias.org\/site\/#website","url":"https:\/\/brasilnoticias.org\/site\/","name":"Brasil not\u00edcias","description":"Brasil not\u00edcias","publisher":{"@id":"https:\/\/brasilnoticias.org\/site\/#organization"},"potentialAction":[{"@type":"SearchAction","target":{"@type":"EntryPoint","urlTemplate":"https:\/\/brasilnoticias.org\/site\/?s={search_term_string}"},"query-input":{"@type":"PropertyValueSpecification","valueRequired":true,"valueName":"search_term_string"}}],"inLanguage":"pt-PT"},{"@type":"Organization","@id":"https:\/\/brasilnoticias.org\/site\/#organization","name":"Brasil not\u00edcias","url":"https:\/\/brasilnoticias.org\/site\/","logo":{"@type":"ImageObject","inLanguage":"pt-PT","@id":"https:\/\/brasilnoticias.org\/site\/#\/schema\/logo\/image\/","url":"https:\/\/brasilnoticias.org\/site\/wp-content\/uploads\/2022\/05\/cropped-brasilnoticias-mini.jpg","contentUrl":"https:\/\/brasilnoticias.org\/site\/wp-content\/uploads\/2022\/05\/cropped-brasilnoticias-mini.jpg","width":314,"height":86,"caption":"Brasil not\u00edcias"},"image":{"@id":"https:\/\/brasilnoticias.org\/site\/#\/schema\/logo\/image\/"}},{"@type":"Person","@id":"https:\/\/brasilnoticias.org\/site\/#\/schema\/person\/a0e05b973ec4d15c658d51911e53507b","name":"Reda\u00e7\u00e3o","image":{"@type":"ImageObject","inLanguage":"pt-PT","@id":"https:\/\/brasilnoticias.org\/site\/#\/schema\/person\/image\/","url":"https:\/\/secure.gravatar.com\/avatar\/75d8b050df2de108b08ae78dfb8e374892df24a383c67db9c46a9c604f6aee9c?s=96&d=mm&r=g","contentUrl":"https:\/\/secure.gravatar.com\/avatar\/75d8b050df2de108b08ae78dfb8e374892df24a383c67db9c46a9c604f6aee9c?s=96&d=mm&r=g","caption":"Reda\u00e7\u00e3o"},"sameAs":["https:\/\/brasilnoticias.org\/site"],"url":"https:\/\/brasilnoticias.org\/site\/author\/fernandozsngmail-com\/"}]}},"_links":{"self":[{"href":"https:\/\/brasilnoticias.org\/site\/wp-json\/wp\/v2\/posts\/2872","targetHints":{"allow":["GET"]}}],"collection":[{"href":"https:\/\/brasilnoticias.org\/site\/wp-json\/wp\/v2\/posts"}],"about":[{"href":"https:\/\/brasilnoticias.org\/site\/wp-json\/wp\/v2\/types\/post"}],"author":[{"embeddable":true,"href":"https:\/\/brasilnoticias.org\/site\/wp-json\/wp\/v2\/users\/1"}],"replies":[{"embeddable":true,"href":"https:\/\/brasilnoticias.org\/site\/wp-json\/wp\/v2\/comments?post=2872"}],"version-history":[{"count":1,"href":"https:\/\/brasilnoticias.org\/site\/wp-json\/wp\/v2\/posts\/2872\/revisions"}],"predecessor-version":[{"id":2874,"href":"https:\/\/brasilnoticias.org\/site\/wp-json\/wp\/v2\/posts\/2872\/revisions\/2874"}],"wp:featuredmedia":[{"embeddable":true,"href":"https:\/\/brasilnoticias.org\/site\/wp-json\/wp\/v2\/media\/2873"}],"wp:attachment":[{"href":"https:\/\/brasilnoticias.org\/site\/wp-json\/wp\/v2\/media?parent=2872"}],"wp:term":[{"taxonomy":"category","embeddable":true,"href":"https:\/\/brasilnoticias.org\/site\/wp-json\/wp\/v2\/categories?post=2872"},{"taxonomy":"post_tag","embeddable":true,"href":"https:\/\/brasilnoticias.org\/site\/wp-json\/wp\/v2\/tags?post=2872"}],"curies":[{"name":"wp","href":"https:\/\/api.w.org\/{rel}","templated":true}]}}