{"id":2879,"date":"2022-12-18T18:00:43","date_gmt":"2022-12-18T21:00:43","guid":{"rendered":"https:\/\/brasilnoticias.org\/site\/?p=2879"},"modified":"2022-12-18T16:01:46","modified_gmt":"2022-12-18T19:01:46","slug":"quando-e-onde-sera-a-proxima-copa-do-mundo","status":"publish","type":"post","link":"https:\/\/brasilnoticias.org\/site\/quando-e-onde-sera-a-proxima-copa-do-mundo\/","title":{"rendered":"Quando e onde ser\u00e1 a pr\u00f3xima Copa do Mundo?"},"content":{"rendered":"<p>A pr\u00f3xima edi\u00e7\u00e3o do Mundial ser\u00e1 em 2026 e os pa\u00edses-sede escolhidos foram Estados Unidos, M\u00e9xico e Canad\u00e1, que venceram a candidatura do Marrocos. O trio recebeu 134 dos 200 votos poss\u00edveis. Essa ser\u00e1 a primeira Copa do Mundo a ser realizada em tr\u00eas pa\u00edses. A previs\u00e3o \u00e9 que os Estados Unidos recebam 75% dos jogos, incluindo a final.<\/p>\n<p>Sede da Copa em 1994, os EUA n\u00e3o selecionaram nenhum est\u00e1dio utilizado no ano do tetracampeonato do Brasil. J\u00e1 o M\u00e9xico, que sediou as Copas de 1970 e 1986, ver\u00e1 o Est\u00e1dio Azteca da Cidade do M\u00e9xico se tornar o primeiro a receber partidas de tr\u00eas Copas do Mundo.<\/p>\n<p>Tamb\u00e9m ser\u00e3o utilizados o Est\u00e1dio Akron de Guadalajara e o Est\u00e1dio BBVA de Monterrey. O Canad\u00e1, por sua vez, receber\u00e1 o evento pela primeira vez na hist\u00f3ria em seus est\u00e1dios BMO Field e Commonwealth.<\/p>\n<p>Qual a principal novidade da pr\u00f3xima Copa do Mundo, em 2026?<br \/>\nSer\u00e1 a primeira Copa com 48 sele\u00e7\u00f5es participantes, o que elevar\u00e1 o n\u00famero de partidas. A decis\u00e3o da Fifa recebeu cr\u00edticas por inchar o Mundial, colocando equipes de menor n\u00edvel. Com a mudan\u00e7a, as Eliminat\u00f3rias Sul-Americanas podem alterar seu atual formato de turno e returno.<\/p>\n<p>A decis\u00e3o por uma Copa mais ampla foi anunciada em 2016. A proposta foi levantada pela Uefa e aprovada pela Fifa. A entidade entende que o torneio seria mais atraente financeira e desportivamente. O formato com 48 sele\u00e7\u00f5es coloca um ponto final na disputa de 32 equipes que acontecia desde 1998, quando a Fran\u00e7a sediou o grande torneio e conquistou o seu primeiro t\u00edtulo mundial.<\/p>\n<p>Quais as cidades escolhidas para sediar a Copa do Mundo de 2026, nos Estados Unidos, M\u00e9xico e Canad\u00e1?<\/p>\n<p>Nos Estados Unidos, Seattle, S\u00e3o Francisco, Los Angeles, Kansas City, Dallas, Atlanta, Houston, Boston, Filad\u00e9lfia, Miami e Nova York v\u00e3o receber jogos do Mundial de 2026. J\u00e1 no M\u00e9xico, Guadalajara, Monterrey e Cidade do M\u00e9xico foram as cidades escolhidas. O Canad\u00e1 ter\u00e1 apenas Vancouver e Toronto. Os locais de abertura e o palco da grande final ainda n\u00e3o foram definidos.<\/p>\n<p>Distribui\u00e7\u00e3o das vagas por confedera\u00e7\u00e3o<br \/>\n\u00c1sia (AFC) &#8211; 8 vagas diretas e 1 para repescagem<\/p>\n<p>\u00c1frica (CAF) &#8211; 9 vagas diretas e 1 para repescagem<\/p>\n<p>Am\u00e9rica do Norte, Central e Caribe (Concacaf) &#8211; 6 vagas diretas e 2 para repescagem<\/p>\n<p>Am\u00e9rica do Sul (Conmebol) &#8211; 6 vagas diretas e 1 para repescagem<\/p>\n<p>Oceania (OFC) &#8211; 1 vaga e 1 para repescagem<\/p>\n<p>Europa (Uefa) &#8211; 16 vagas diretas<\/p>\n<p>Qual ser\u00e1 o formato da Copa de 2026 com 48 sele\u00e7\u00f5es?<\/p>\n<p>A Copa do Mundo de 2026 ainda n\u00e3o tem um formato definido pela Fifa. Dirigente da entidade, Ars\u00e8ne Wenger revelou neste m\u00eas que o modelo da pr\u00f3xima edi\u00e7\u00e3o ainda n\u00e3o foi confirmado.<\/p>\n<p>\u201c\u00c9 algo que ainda n\u00e3o foi decidido. O Conselho (da Fifa) vai decidir apenas em 2023. Vamos aguardar. Podemos ter 16 grupos com tr\u00eas equipes ou 12 com quatro ou at\u00e9 mesmo duas tabelas distintas. Veremos. O que importa \u00e9 que o formato ainda n\u00e3o foi decidido\u201d, avisou.<\/p>\n<p>A ideia inicial era de que iria come\u00e7ar com 16 grupos de tr\u00eas sele\u00e7\u00f5es, com as duas melhores colocadas avan\u00e7ando para uma fase mata-mata com 32 equipes. O n\u00famero de jogos disputados no geral aumentaria de 64 para 80, mas o total de partidas dos finalistas permaneceria sete, o mesmo que no atual formato, com 32 sele\u00e7\u00f5es.<\/p>\n<p>Cada equipe jogaria uma partida na fase de grupos a menos do que no formato anterior, compensando a fase eliminat\u00f3ria adicional. O torneio tamb\u00e9m seria conclu\u00eddo em 32 dias, o mesmo que os torneios anteriores de 32 equipes. Mas o formato foi criticado pois pode<\/p>\n<p>colocar sele\u00e7\u00f5es empatadas em v\u00e1rios crit\u00e9rios e, ao mesmo tempo, gerar combina\u00e7\u00f5es de resultados na terceira e \u00faltima rodada da fase de grupos.<\/p>\n<p>Segundo o jornal brit\u00e2nico Guardian, os organizadores da Copa cogitam descartar esse formato e podem optar por um modelo alternativo de 12 grupos de quatro sele\u00e7\u00f5es. Um Mundial mais longo pode incomodar os clubes e os sindicatos de atletas devido ao calend\u00e1rio cheio.<\/p>\n<p>Foto Fornecida por Estad\u00e3o<br \/>\nEstad\u00e3o<\/p>\n","protected":false},"excerpt":{"rendered":"<p>A pr\u00f3xima edi\u00e7\u00e3o do Mundial ser\u00e1 em 2026 e os pa\u00edses-sede escolhidos foram Estados Unidos, M\u00e9xico e Canad\u00e1, que venceram<\/p>\n","protected":false},"author":1,"featured_media":2880,"comment_status":"open","ping_status":"open","sticky":false,"template":"","format":"standard","meta":{"colormag_page_container_layout":"default_layout","colormag_page_sidebar_layout":"default_layout","_FSMCFIC_featured_image_caption":"","_FSMCFIC_featured_image_nocaption":"","_FSMCFIC_featured_image_hide":"","footnotes":""},"categories":[4,1],"tags":[],"class_list":["post-2879","post","type-post","status-publish","format-standard","has-post-thumbnail","hentry","category-esporte","category-ultimas"],"yoast_head":"<!-- This site is optimized with the Yoast SEO plugin v27.1.1 - https:\/\/yoast.com\/product\/yoast-seo-wordpress\/ -->\n<title>Quando e onde ser\u00e1 a pr\u00f3xima Copa do Mundo? - Brasil not\u00edcias<\/title>\n<meta name=\"robots\" content=\"index, follow, max-snippet:-1, max-image-preview:large, max-video-preview:-1\" \/>\n<link rel=\"canonical\" href=\"https:\/\/brasilnoticias.org\/site\/quando-e-onde-sera-a-proxima-copa-do-mundo\/\" \/>\n<meta property=\"og:locale\" content=\"pt_PT\" \/>\n<meta property=\"og:type\" content=\"article\" \/>\n<meta property=\"og:title\" content=\"Quando e onde ser\u00e1 a pr\u00f3xima Copa do Mundo? - Brasil not\u00edcias\" \/>\n<meta property=\"og:description\" content=\"A pr\u00f3xima edi\u00e7\u00e3o do Mundial ser\u00e1 em 2026 e os pa\u00edses-sede escolhidos foram Estados Unidos, M\u00e9xico e Canad\u00e1, que venceram\" \/>\n<meta property=\"og:url\" content=\"https:\/\/brasilnoticias.org\/site\/quando-e-onde-sera-a-proxima-copa-do-mundo\/\" \/>\n<meta property=\"og:site_name\" content=\"Brasil not\u00edcias\" \/>\n<meta property=\"article:published_time\" content=\"2022-12-18T21:00:43+00:00\" \/>\n<meta property=\"og:image\" content=\"https:\/\/brasilnoticias.org\/site\/wp-content\/uploads\/2022\/12\/AA15qbmD.jpeg\" \/>\n\t<meta property=\"og:image:width\" content=\"710\" \/>\n\t<meta property=\"og:image:height\" content=\"461\" \/>\n\t<meta property=\"og:image:type\" content=\"image\/jpeg\" \/>\n<meta name=\"author\" content=\"Reda\u00e7\u00e3o\" \/>\n<meta name=\"twitter:card\" content=\"summary_large_image\" \/>\n<meta name=\"twitter:label1\" content=\"Escrito por\" \/>\n\t<meta name=\"twitter:data1\" content=\"Reda\u00e7\u00e3o\" \/>\n\t<meta name=\"twitter:label2\" content=\"Tempo estimado de leitura\" \/>\n\t<meta name=\"twitter:data2\" content=\"4 minutos\" \/>\n<script type=\"application\/ld+json\" class=\"yoast-schema-graph\">{\"@context\":\"https:\/\/schema.org\",\"@graph\":[{\"@type\":\"Article\",\"@id\":\"https:\/\/brasilnoticias.org\/site\/quando-e-onde-sera-a-proxima-copa-do-mundo\/#article\",\"isPartOf\":{\"@id\":\"https:\/\/brasilnoticias.org\/site\/quando-e-onde-sera-a-proxima-copa-do-mundo\/\"},\"author\":{\"name\":\"Reda\u00e7\u00e3o\",\"@id\":\"https:\/\/brasilnoticias.org\/site\/#\/schema\/person\/a0e05b973ec4d15c658d51911e53507b\"},\"headline\":\"Quando e onde ser\u00e1 a pr\u00f3xima Copa do Mundo?\",\"datePublished\":\"2022-12-18T21:00:43+00:00\",\"mainEntityOfPage\":{\"@id\":\"https:\/\/brasilnoticias.org\/site\/quando-e-onde-sera-a-proxima-copa-do-mundo\/\"},\"wordCount\":710,\"commentCount\":0,\"publisher\":{\"@id\":\"https:\/\/brasilnoticias.org\/site\/#organization\"},\"image\":{\"@id\":\"https:\/\/brasilnoticias.org\/site\/quando-e-onde-sera-a-proxima-copa-do-mundo\/#primaryimage\"},\"thumbnailUrl\":\"https:\/\/brasilnoticias.org\/site\/wp-content\/uploads\/2022\/12\/AA15qbmD.jpeg\",\"articleSection\":[\"Esporte\",\"\u00daltimas\"],\"inLanguage\":\"pt-PT\",\"potentialAction\":[{\"@type\":\"CommentAction\",\"name\":\"Comment\",\"target\":[\"https:\/\/brasilnoticias.org\/site\/quando-e-onde-sera-a-proxima-copa-do-mundo\/#respond\"]}]},{\"@type\":\"WebPage\",\"@id\":\"https:\/\/brasilnoticias.org\/site\/quando-e-onde-sera-a-proxima-copa-do-mundo\/\",\"url\":\"https:\/\/brasilnoticias.org\/site\/quando-e-onde-sera-a-proxima-copa-do-mundo\/\",\"name\":\"Quando e onde ser\u00e1 a pr\u00f3xima Copa do Mundo? - Brasil not\u00edcias\",\"isPartOf\":{\"@id\":\"https:\/\/brasilnoticias.org\/site\/#website\"},\"primaryImageOfPage\":{\"@id\":\"https:\/\/brasilnoticias.org\/site\/quando-e-onde-sera-a-proxima-copa-do-mundo\/#primaryimage\"},\"image\":{\"@id\":\"https:\/\/brasilnoticias.org\/site\/quando-e-onde-sera-a-proxima-copa-do-mundo\/#primaryimage\"},\"thumbnailUrl\":\"https:\/\/brasilnoticias.org\/site\/wp-content\/uploads\/2022\/12\/AA15qbmD.jpeg\",\"datePublished\":\"2022-12-18T21:00:43+00:00\",\"breadcrumb\":{\"@id\":\"https:\/\/brasilnoticias.org\/site\/quando-e-onde-sera-a-proxima-copa-do-mundo\/#breadcrumb\"},\"inLanguage\":\"pt-PT\",\"potentialAction\":[{\"@type\":\"ReadAction\",\"target\":[\"https:\/\/brasilnoticias.org\/site\/quando-e-onde-sera-a-proxima-copa-do-mundo\/\"]}]},{\"@type\":\"ImageObject\",\"inLanguage\":\"pt-PT\",\"@id\":\"https:\/\/brasilnoticias.org\/site\/quando-e-onde-sera-a-proxima-copa-do-mundo\/#primaryimage\",\"url\":\"https:\/\/brasilnoticias.org\/site\/wp-content\/uploads\/2022\/12\/AA15qbmD.jpeg\",\"contentUrl\":\"https:\/\/brasilnoticias.org\/site\/wp-content\/uploads\/2022\/12\/AA15qbmD.jpeg\",\"width\":710,\"height\":461},{\"@type\":\"BreadcrumbList\",\"@id\":\"https:\/\/brasilnoticias.org\/site\/quando-e-onde-sera-a-proxima-copa-do-mundo\/#breadcrumb\",\"itemListElement\":[{\"@type\":\"ListItem\",\"position\":1,\"name\":\"In\u00edcio\",\"item\":\"https:\/\/brasilnoticias.org\/site\/\"},{\"@type\":\"ListItem\",\"position\":2,\"name\":\"Quando e onde ser\u00e1 a pr\u00f3xima Copa do Mundo?\"}]},{\"@type\":\"WebSite\",\"@id\":\"https:\/\/brasilnoticias.org\/site\/#website\",\"url\":\"https:\/\/brasilnoticias.org\/site\/\",\"name\":\"Brasil not\u00edcias\",\"description\":\"Brasil not\u00edcias\",\"publisher\":{\"@id\":\"https:\/\/brasilnoticias.org\/site\/#organization\"},\"potentialAction\":[{\"@type\":\"SearchAction\",\"target\":{\"@type\":\"EntryPoint\",\"urlTemplate\":\"https:\/\/brasilnoticias.org\/site\/?s={search_term_string}\"},\"query-input\":{\"@type\":\"PropertyValueSpecification\",\"valueRequired\":true,\"valueName\":\"search_term_string\"}}],\"inLanguage\":\"pt-PT\"},{\"@type\":\"Organization\",\"@id\":\"https:\/\/brasilnoticias.org\/site\/#organization\",\"name\":\"Brasil not\u00edcias\",\"url\":\"https:\/\/brasilnoticias.org\/site\/\",\"logo\":{\"@type\":\"ImageObject\",\"inLanguage\":\"pt-PT\",\"@id\":\"https:\/\/brasilnoticias.org\/site\/#\/schema\/logo\/image\/\",\"url\":\"https:\/\/brasilnoticias.org\/site\/wp-content\/uploads\/2022\/05\/cropped-brasilnoticias-mini.jpg\",\"contentUrl\":\"https:\/\/brasilnoticias.org\/site\/wp-content\/uploads\/2022\/05\/cropped-brasilnoticias-mini.jpg\",\"width\":314,\"height\":86,\"caption\":\"Brasil not\u00edcias\"},\"image\":{\"@id\":\"https:\/\/brasilnoticias.org\/site\/#\/schema\/logo\/image\/\"}},{\"@type\":\"Person\",\"@id\":\"https:\/\/brasilnoticias.org\/site\/#\/schema\/person\/a0e05b973ec4d15c658d51911e53507b\",\"name\":\"Reda\u00e7\u00e3o\",\"image\":{\"@type\":\"ImageObject\",\"inLanguage\":\"pt-PT\",\"@id\":\"https:\/\/brasilnoticias.org\/site\/#\/schema\/person\/image\/\",\"url\":\"https:\/\/secure.gravatar.com\/avatar\/75d8b050df2de108b08ae78dfb8e374892df24a383c67db9c46a9c604f6aee9c?s=96&d=mm&r=g\",\"contentUrl\":\"https:\/\/secure.gravatar.com\/avatar\/75d8b050df2de108b08ae78dfb8e374892df24a383c67db9c46a9c604f6aee9c?s=96&d=mm&r=g\",\"caption\":\"Reda\u00e7\u00e3o\"},\"sameAs\":[\"https:\/\/brasilnoticias.org\/site\"],\"url\":\"https:\/\/brasilnoticias.org\/site\/author\/fernandozsngmail-com\/\"}]}<\/script>\n<!-- \/ Yoast SEO plugin. -->","yoast_head_json":{"title":"Quando e onde ser\u00e1 a pr\u00f3xima Copa do Mundo? - Brasil not\u00edcias","robots":{"index":"index","follow":"follow","max-snippet":"max-snippet:-1","max-image-preview":"max-image-preview:large","max-video-preview":"max-video-preview:-1"},"canonical":"https:\/\/brasilnoticias.org\/site\/quando-e-onde-sera-a-proxima-copa-do-mundo\/","og_locale":"pt_PT","og_type":"article","og_title":"Quando e onde ser\u00e1 a pr\u00f3xima Copa do Mundo? - Brasil not\u00edcias","og_description":"A pr\u00f3xima edi\u00e7\u00e3o do Mundial ser\u00e1 em 2026 e os pa\u00edses-sede escolhidos foram Estados Unidos, M\u00e9xico e Canad\u00e1, que venceram","og_url":"https:\/\/brasilnoticias.org\/site\/quando-e-onde-sera-a-proxima-copa-do-mundo\/","og_site_name":"Brasil not\u00edcias","article_published_time":"2022-12-18T21:00:43+00:00","og_image":[{"width":710,"height":461,"url":"https:\/\/brasilnoticias.org\/site\/wp-content\/uploads\/2022\/12\/AA15qbmD.jpeg","type":"image\/jpeg"}],"author":"Reda\u00e7\u00e3o","twitter_card":"summary_large_image","twitter_misc":{"Escrito por":"Reda\u00e7\u00e3o","Tempo estimado de leitura":"4 minutos"},"schema":{"@context":"https:\/\/schema.org","@graph":[{"@type":"Article","@id":"https:\/\/brasilnoticias.org\/site\/quando-e-onde-sera-a-proxima-copa-do-mundo\/#article","isPartOf":{"@id":"https:\/\/brasilnoticias.org\/site\/quando-e-onde-sera-a-proxima-copa-do-mundo\/"},"author":{"name":"Reda\u00e7\u00e3o","@id":"https:\/\/brasilnoticias.org\/site\/#\/schema\/person\/a0e05b973ec4d15c658d51911e53507b"},"headline":"Quando e onde ser\u00e1 a pr\u00f3xima Copa do Mundo?","datePublished":"2022-12-18T21:00:43+00:00","mainEntityOfPage":{"@id":"https:\/\/brasilnoticias.org\/site\/quando-e-onde-sera-a-proxima-copa-do-mundo\/"},"wordCount":710,"commentCount":0,"publisher":{"@id":"https:\/\/brasilnoticias.org\/site\/#organization"},"image":{"@id":"https:\/\/brasilnoticias.org\/site\/quando-e-onde-sera-a-proxima-copa-do-mundo\/#primaryimage"},"thumbnailUrl":"https:\/\/brasilnoticias.org\/site\/wp-content\/uploads\/2022\/12\/AA15qbmD.jpeg","articleSection":["Esporte","\u00daltimas"],"inLanguage":"pt-PT","potentialAction":[{"@type":"CommentAction","name":"Comment","target":["https:\/\/brasilnoticias.org\/site\/quando-e-onde-sera-a-proxima-copa-do-mundo\/#respond"]}]},{"@type":"WebPage","@id":"https:\/\/brasilnoticias.org\/site\/quando-e-onde-sera-a-proxima-copa-do-mundo\/","url":"https:\/\/brasilnoticias.org\/site\/quando-e-onde-sera-a-proxima-copa-do-mundo\/","name":"Quando e onde ser\u00e1 a pr\u00f3xima Copa do Mundo? - Brasil not\u00edcias","isPartOf":{"@id":"https:\/\/brasilnoticias.org\/site\/#website"},"primaryImageOfPage":{"@id":"https:\/\/brasilnoticias.org\/site\/quando-e-onde-sera-a-proxima-copa-do-mundo\/#primaryimage"},"image":{"@id":"https:\/\/brasilnoticias.org\/site\/quando-e-onde-sera-a-proxima-copa-do-mundo\/#primaryimage"},"thumbnailUrl":"https:\/\/brasilnoticias.org\/site\/wp-content\/uploads\/2022\/12\/AA15qbmD.jpeg","datePublished":"2022-12-18T21:00:43+00:00","breadcrumb":{"@id":"https:\/\/brasilnoticias.org\/site\/quando-e-onde-sera-a-proxima-copa-do-mundo\/#breadcrumb"},"inLanguage":"pt-PT","potentialAction":[{"@type":"ReadAction","target":["https:\/\/brasilnoticias.org\/site\/quando-e-onde-sera-a-proxima-copa-do-mundo\/"]}]},{"@type":"ImageObject","inLanguage":"pt-PT","@id":"https:\/\/brasilnoticias.org\/site\/quando-e-onde-sera-a-proxima-copa-do-mundo\/#primaryimage","url":"https:\/\/brasilnoticias.org\/site\/wp-content\/uploads\/2022\/12\/AA15qbmD.jpeg","contentUrl":"https:\/\/brasilnoticias.org\/site\/wp-content\/uploads\/2022\/12\/AA15qbmD.jpeg","width":710,"height":461},{"@type":"BreadcrumbList","@id":"https:\/\/brasilnoticias.org\/site\/quando-e-onde-sera-a-proxima-copa-do-mundo\/#breadcrumb","itemListElement":[{"@type":"ListItem","position":1,"name":"In\u00edcio","item":"https:\/\/brasilnoticias.org\/site\/"},{"@type":"ListItem","position":2,"name":"Quando e onde ser\u00e1 a pr\u00f3xima Copa do Mundo?"}]},{"@type":"WebSite","@id":"https:\/\/brasilnoticias.org\/site\/#website","url":"https:\/\/brasilnoticias.org\/site\/","name":"Brasil not\u00edcias","description":"Brasil not\u00edcias","publisher":{"@id":"https:\/\/brasilnoticias.org\/site\/#organization"},"potentialAction":[{"@type":"SearchAction","target":{"@type":"EntryPoint","urlTemplate":"https:\/\/brasilnoticias.org\/site\/?s={search_term_string}"},"query-input":{"@type":"PropertyValueSpecification","valueRequired":true,"valueName":"search_term_string"}}],"inLanguage":"pt-PT"},{"@type":"Organization","@id":"https:\/\/brasilnoticias.org\/site\/#organization","name":"Brasil not\u00edcias","url":"https:\/\/brasilnoticias.org\/site\/","logo":{"@type":"ImageObject","inLanguage":"pt-PT","@id":"https:\/\/brasilnoticias.org\/site\/#\/schema\/logo\/image\/","url":"https:\/\/brasilnoticias.org\/site\/wp-content\/uploads\/2022\/05\/cropped-brasilnoticias-mini.jpg","contentUrl":"https:\/\/brasilnoticias.org\/site\/wp-content\/uploads\/2022\/05\/cropped-brasilnoticias-mini.jpg","width":314,"height":86,"caption":"Brasil not\u00edcias"},"image":{"@id":"https:\/\/brasilnoticias.org\/site\/#\/schema\/logo\/image\/"}},{"@type":"Person","@id":"https:\/\/brasilnoticias.org\/site\/#\/schema\/person\/a0e05b973ec4d15c658d51911e53507b","name":"Reda\u00e7\u00e3o","image":{"@type":"ImageObject","inLanguage":"pt-PT","@id":"https:\/\/brasilnoticias.org\/site\/#\/schema\/person\/image\/","url":"https:\/\/secure.gravatar.com\/avatar\/75d8b050df2de108b08ae78dfb8e374892df24a383c67db9c46a9c604f6aee9c?s=96&d=mm&r=g","contentUrl":"https:\/\/secure.gravatar.com\/avatar\/75d8b050df2de108b08ae78dfb8e374892df24a383c67db9c46a9c604f6aee9c?s=96&d=mm&r=g","caption":"Reda\u00e7\u00e3o"},"sameAs":["https:\/\/brasilnoticias.org\/site"],"url":"https:\/\/brasilnoticias.org\/site\/author\/fernandozsngmail-com\/"}]}},"_links":{"self":[{"href":"https:\/\/brasilnoticias.org\/site\/wp-json\/wp\/v2\/posts\/2879","targetHints":{"allow":["GET"]}}],"collection":[{"href":"https:\/\/brasilnoticias.org\/site\/wp-json\/wp\/v2\/posts"}],"about":[{"href":"https:\/\/brasilnoticias.org\/site\/wp-json\/wp\/v2\/types\/post"}],"author":[{"embeddable":true,"href":"https:\/\/brasilnoticias.org\/site\/wp-json\/wp\/v2\/users\/1"}],"replies":[{"embeddable":true,"href":"https:\/\/brasilnoticias.org\/site\/wp-json\/wp\/v2\/comments?post=2879"}],"version-history":[{"count":1,"href":"https:\/\/brasilnoticias.org\/site\/wp-json\/wp\/v2\/posts\/2879\/revisions"}],"predecessor-version":[{"id":2881,"href":"https:\/\/brasilnoticias.org\/site\/wp-json\/wp\/v2\/posts\/2879\/revisions\/2881"}],"wp:featuredmedia":[{"embeddable":true,"href":"https:\/\/brasilnoticias.org\/site\/wp-json\/wp\/v2\/media\/2880"}],"wp:attachment":[{"href":"https:\/\/brasilnoticias.org\/site\/wp-json\/wp\/v2\/media?parent=2879"}],"wp:term":[{"taxonomy":"category","embeddable":true,"href":"https:\/\/brasilnoticias.org\/site\/wp-json\/wp\/v2\/categories?post=2879"},{"taxonomy":"post_tag","embeddable":true,"href":"https:\/\/brasilnoticias.org\/site\/wp-json\/wp\/v2\/tags?post=2879"}],"curies":[{"name":"wp","href":"https:\/\/api.w.org\/{rel}","templated":true}]}}