{"id":2882,"date":"2022-12-18T18:00:50","date_gmt":"2022-12-18T21:00:50","guid":{"rendered":"https:\/\/brasilnoticias.org\/site\/?p=2882"},"modified":"2022-12-18T16:06:29","modified_gmt":"2022-12-18T19:06:29","slug":"maior-artilheiro-de-finais-mbappe-leva-chuteira-de-ouro","status":"publish","type":"post","link":"https:\/\/brasilnoticias.org\/site\/maior-artilheiro-de-finais-mbappe-leva-chuteira-de-ouro\/","title":{"rendered":"Maior artilheiro de finais, Mbapp\u00e9 leva Chuteira de Ouro"},"content":{"rendered":"<p>Apesar de ter perdido a decis\u00e3o para a Argentina nos p\u00eanaltis, Mbapp\u00e9 marcou os 3 gols na decis\u00e3o da Copa do Qatar e conquistou a Chuteira de Ouro com 8 gols. Nesta disputa, Messi ficou em segundo, com 7 gols \u2013a final do Mundial terminou em 3 a 3, com os sul-americanos vencendo nos p\u00eanaltis por 4 a 2.<\/p>\n<p>Companheiros de Paris Saint-Germain, Mbapp\u00e9 e Messi disputaram o pr\u00eamio de principal goleador do Mundial literalmente at\u00e9 a prorroga\u00e7\u00e3o da \u00faltima partida do torneio.<\/p>\n<p>O franc\u00eas de 23 anos \u2013completa 24 na ter\u00e7a, 20 de dezembro\u2013 entrou na final empatado com Messi, ambos com 5 gols, um a mais que Giroud e Juli\u00e1n \u00c1lvarez. Messi tomou a ponta na artilharia ao abrir o placar, em cobran\u00e7a de p\u00eanalti, no primeiro tempo.<\/p>\n<p>Na etapa final, com 2 a 0 contra no placar, a Fran\u00e7a se lan\u00e7ou ao ataque e empatou a partida, duas vezes com Mbapp\u00e9 \u2013a primeira, de p\u00eanalti, e a segunda, pegando de primeira um cruzamento de Thuram.<\/p>\n<p>Na prorroga\u00e7\u00e3o, Messi voltou a marcar em lance confuso e chorado, colocando a Argentina na frente e empatando novamente a artilharia. Mas, perto do fim, um novo p\u00eanalti deu a chance de Mbapp\u00e9 fazer um hat trick (quando marca tr\u00eas vezes) na final. E ele n\u00e3o desperdi\u00e7ou.<\/p>\n<p>Na decis\u00e3o por p\u00eanaltis, Messi e Mbapp\u00e9 voltaram a marcar, mas este gol n\u00e3o conta nas estat\u00edsticas da artilharia.<\/p>\n<p>Somado ao gol no t\u00edtulo contra a Cro\u00e1cia, em 2018, Mbapp\u00e9 se torna o maior artilheiro das finais, com 4 gols. Tamb\u00e9m iguala a marca do ingl\u00eas Geoff Hurst, que marcou 3 vezes em 1966, na final vencida pela Inglaterra contra a Alemanha (4 a 2).<\/p>\n<p>Mbapp\u00e9 supera os artilheiros das Copas de 2014 e 2018 \u2013o colombiano James Rodr\u00edguez e o ingl\u00eas Harry Kane, ambos com 6 gols. No Mundial de 2010, na \u00c1frica do Sul, quatro jogadores dividiram a artilharia, todos com 5 gols: Thomas M\u00fcller (Alemanha), David Villa (Espanha), Sneijder (Holanda) e Forl\u00e1n (Uruguai).<\/p>\n<p>Em 2006, o alem\u00e3o Klose tamb\u00e9m precisou de apenas 5 gols para sair como principal goleador.<\/p>\n<p>\u00c9 preciso voltar at\u00e9 2002 para encontrar um artilheiro de igual porte. Ronaldo fez os mesmos 8 gols na campanha do \u00faltimo t\u00edtulo da sele\u00e7\u00e3o brasileira.<\/p>\n<p>O t\u00edtulo de maior artilheiro em uma \u00fanica edi\u00e7\u00e3o de Copa do Mundo ainda \u00e9 do franc\u00eas Just Fontaine, com 13 gols em 1958.<br \/>\nE o maior artilheiro somando todas as Copas \u00e9 o alem\u00e3o Miroslav Klose, com 16 gols, seguido por Ronaldo, com 15. Mbapp\u00e9 j\u00e1 aparece com 12 gols nesta lista \u2013atr\u00e1s de Gerd M\u00fcller (14) e Messi e Fontaine (13), e empatado com Pel\u00e9.<\/p>\n<p>Foto Getty Images<br \/>\nNot\u00edcias ao minuto<\/p>\n","protected":false},"excerpt":{"rendered":"<p>Apesar de ter perdido a decis\u00e3o para a Argentina nos p\u00eanaltis, Mbapp\u00e9 marcou os 3 gols na decis\u00e3o da Copa<\/p>\n","protected":false},"author":1,"featured_media":2883,"comment_status":"open","ping_status":"open","sticky":false,"template":"","format":"standard","meta":{"colormag_page_container_layout":"default_layout","colormag_page_sidebar_layout":"default_layout","_FSMCFIC_featured_image_caption":"","_FSMCFIC_featured_image_nocaption":"","_FSMCFIC_featured_image_hide":"","footnotes":""},"categories":[4,1],"tags":[],"class_list":["post-2882","post","type-post","status-publish","format-standard","has-post-thumbnail","hentry","category-esporte","category-ultimas"],"yoast_head":"<!-- This site is optimized with the Yoast SEO plugin v27.1.1 - https:\/\/yoast.com\/product\/yoast-seo-wordpress\/ -->\n<title>Maior artilheiro de finais, Mbapp\u00e9 leva Chuteira de Ouro - Brasil not\u00edcias<\/title>\n<meta name=\"robots\" content=\"index, follow, max-snippet:-1, max-image-preview:large, max-video-preview:-1\" \/>\n<link rel=\"canonical\" href=\"https:\/\/brasilnoticias.org\/site\/maior-artilheiro-de-finais-mbappe-leva-chuteira-de-ouro\/\" \/>\n<meta property=\"og:locale\" content=\"pt_PT\" \/>\n<meta property=\"og:type\" content=\"article\" \/>\n<meta property=\"og:title\" content=\"Maior artilheiro de finais, Mbapp\u00e9 leva Chuteira de Ouro - Brasil not\u00edcias\" \/>\n<meta property=\"og:description\" content=\"Apesar de ter perdido a decis\u00e3o para a Argentina nos p\u00eanaltis, Mbapp\u00e9 marcou os 3 gols na decis\u00e3o da Copa\" \/>\n<meta property=\"og:url\" content=\"https:\/\/brasilnoticias.org\/site\/maior-artilheiro-de-finais-mbappe-leva-chuteira-de-ouro\/\" \/>\n<meta property=\"og:site_name\" content=\"Brasil not\u00edcias\" \/>\n<meta property=\"article:published_time\" content=\"2022-12-18T21:00:50+00:00\" \/>\n<meta property=\"og:image\" content=\"https:\/\/brasilnoticias.org\/site\/wp-content\/uploads\/2022\/12\/naom_639f613ada068.jpg\" \/>\n\t<meta property=\"og:image:width\" content=\"960\" \/>\n\t<meta property=\"og:image:height\" content=\"540\" \/>\n\t<meta property=\"og:image:type\" content=\"image\/jpeg\" \/>\n<meta name=\"author\" content=\"Reda\u00e7\u00e3o\" \/>\n<meta name=\"twitter:card\" content=\"summary_large_image\" \/>\n<meta name=\"twitter:label1\" content=\"Escrito por\" \/>\n\t<meta name=\"twitter:data1\" content=\"Reda\u00e7\u00e3o\" \/>\n\t<meta name=\"twitter:label2\" content=\"Tempo estimado de leitura\" \/>\n\t<meta name=\"twitter:data2\" content=\"2 minutos\" \/>\n<script type=\"application\/ld+json\" class=\"yoast-schema-graph\">{\"@context\":\"https:\/\/schema.org\",\"@graph\":[{\"@type\":\"Article\",\"@id\":\"https:\/\/brasilnoticias.org\/site\/maior-artilheiro-de-finais-mbappe-leva-chuteira-de-ouro\/#article\",\"isPartOf\":{\"@id\":\"https:\/\/brasilnoticias.org\/site\/maior-artilheiro-de-finais-mbappe-leva-chuteira-de-ouro\/\"},\"author\":{\"name\":\"Reda\u00e7\u00e3o\",\"@id\":\"https:\/\/brasilnoticias.org\/site\/#\/schema\/person\/a0e05b973ec4d15c658d51911e53507b\"},\"headline\":\"Maior artilheiro de finais, Mbapp\u00e9 leva Chuteira de Ouro\",\"datePublished\":\"2022-12-18T21:00:50+00:00\",\"mainEntityOfPage\":{\"@id\":\"https:\/\/brasilnoticias.org\/site\/maior-artilheiro-de-finais-mbappe-leva-chuteira-de-ouro\/\"},\"wordCount\":459,\"commentCount\":0,\"publisher\":{\"@id\":\"https:\/\/brasilnoticias.org\/site\/#organization\"},\"image\":{\"@id\":\"https:\/\/brasilnoticias.org\/site\/maior-artilheiro-de-finais-mbappe-leva-chuteira-de-ouro\/#primaryimage\"},\"thumbnailUrl\":\"https:\/\/brasilnoticias.org\/site\/wp-content\/uploads\/2022\/12\/naom_639f613ada068.jpg\",\"articleSection\":[\"Esporte\",\"\u00daltimas\"],\"inLanguage\":\"pt-PT\",\"potentialAction\":[{\"@type\":\"CommentAction\",\"name\":\"Comment\",\"target\":[\"https:\/\/brasilnoticias.org\/site\/maior-artilheiro-de-finais-mbappe-leva-chuteira-de-ouro\/#respond\"]}]},{\"@type\":\"WebPage\",\"@id\":\"https:\/\/brasilnoticias.org\/site\/maior-artilheiro-de-finais-mbappe-leva-chuteira-de-ouro\/\",\"url\":\"https:\/\/brasilnoticias.org\/site\/maior-artilheiro-de-finais-mbappe-leva-chuteira-de-ouro\/\",\"name\":\"Maior artilheiro de finais, Mbapp\u00e9 leva Chuteira de Ouro - Brasil not\u00edcias\",\"isPartOf\":{\"@id\":\"https:\/\/brasilnoticias.org\/site\/#website\"},\"primaryImageOfPage\":{\"@id\":\"https:\/\/brasilnoticias.org\/site\/maior-artilheiro-de-finais-mbappe-leva-chuteira-de-ouro\/#primaryimage\"},\"image\":{\"@id\":\"https:\/\/brasilnoticias.org\/site\/maior-artilheiro-de-finais-mbappe-leva-chuteira-de-ouro\/#primaryimage\"},\"thumbnailUrl\":\"https:\/\/brasilnoticias.org\/site\/wp-content\/uploads\/2022\/12\/naom_639f613ada068.jpg\",\"datePublished\":\"2022-12-18T21:00:50+00:00\",\"breadcrumb\":{\"@id\":\"https:\/\/brasilnoticias.org\/site\/maior-artilheiro-de-finais-mbappe-leva-chuteira-de-ouro\/#breadcrumb\"},\"inLanguage\":\"pt-PT\",\"potentialAction\":[{\"@type\":\"ReadAction\",\"target\":[\"https:\/\/brasilnoticias.org\/site\/maior-artilheiro-de-finais-mbappe-leva-chuteira-de-ouro\/\"]}]},{\"@type\":\"ImageObject\",\"inLanguage\":\"pt-PT\",\"@id\":\"https:\/\/brasilnoticias.org\/site\/maior-artilheiro-de-finais-mbappe-leva-chuteira-de-ouro\/#primaryimage\",\"url\":\"https:\/\/brasilnoticias.org\/site\/wp-content\/uploads\/2022\/12\/naom_639f613ada068.jpg\",\"contentUrl\":\"https:\/\/brasilnoticias.org\/site\/wp-content\/uploads\/2022\/12\/naom_639f613ada068.jpg\",\"width\":960,\"height\":540},{\"@type\":\"BreadcrumbList\",\"@id\":\"https:\/\/brasilnoticias.org\/site\/maior-artilheiro-de-finais-mbappe-leva-chuteira-de-ouro\/#breadcrumb\",\"itemListElement\":[{\"@type\":\"ListItem\",\"position\":1,\"name\":\"In\u00edcio\",\"item\":\"https:\/\/brasilnoticias.org\/site\/\"},{\"@type\":\"ListItem\",\"position\":2,\"name\":\"Maior artilheiro de finais, Mbapp\u00e9 leva Chuteira de Ouro\"}]},{\"@type\":\"WebSite\",\"@id\":\"https:\/\/brasilnoticias.org\/site\/#website\",\"url\":\"https:\/\/brasilnoticias.org\/site\/\",\"name\":\"Brasil not\u00edcias\",\"description\":\"Brasil not\u00edcias\",\"publisher\":{\"@id\":\"https:\/\/brasilnoticias.org\/site\/#organization\"},\"potentialAction\":[{\"@type\":\"SearchAction\",\"target\":{\"@type\":\"EntryPoint\",\"urlTemplate\":\"https:\/\/brasilnoticias.org\/site\/?s={search_term_string}\"},\"query-input\":{\"@type\":\"PropertyValueSpecification\",\"valueRequired\":true,\"valueName\":\"search_term_string\"}}],\"inLanguage\":\"pt-PT\"},{\"@type\":\"Organization\",\"@id\":\"https:\/\/brasilnoticias.org\/site\/#organization\",\"name\":\"Brasil not\u00edcias\",\"url\":\"https:\/\/brasilnoticias.org\/site\/\",\"logo\":{\"@type\":\"ImageObject\",\"inLanguage\":\"pt-PT\",\"@id\":\"https:\/\/brasilnoticias.org\/site\/#\/schema\/logo\/image\/\",\"url\":\"https:\/\/brasilnoticias.org\/site\/wp-content\/uploads\/2022\/05\/cropped-brasilnoticias-mini.jpg\",\"contentUrl\":\"https:\/\/brasilnoticias.org\/site\/wp-content\/uploads\/2022\/05\/cropped-brasilnoticias-mini.jpg\",\"width\":314,\"height\":86,\"caption\":\"Brasil not\u00edcias\"},\"image\":{\"@id\":\"https:\/\/brasilnoticias.org\/site\/#\/schema\/logo\/image\/\"}},{\"@type\":\"Person\",\"@id\":\"https:\/\/brasilnoticias.org\/site\/#\/schema\/person\/a0e05b973ec4d15c658d51911e53507b\",\"name\":\"Reda\u00e7\u00e3o\",\"image\":{\"@type\":\"ImageObject\",\"inLanguage\":\"pt-PT\",\"@id\":\"https:\/\/brasilnoticias.org\/site\/#\/schema\/person\/image\/\",\"url\":\"https:\/\/secure.gravatar.com\/avatar\/75d8b050df2de108b08ae78dfb8e374892df24a383c67db9c46a9c604f6aee9c?s=96&d=mm&r=g\",\"contentUrl\":\"https:\/\/secure.gravatar.com\/avatar\/75d8b050df2de108b08ae78dfb8e374892df24a383c67db9c46a9c604f6aee9c?s=96&d=mm&r=g\",\"caption\":\"Reda\u00e7\u00e3o\"},\"sameAs\":[\"https:\/\/brasilnoticias.org\/site\"],\"url\":\"https:\/\/brasilnoticias.org\/site\/author\/fernandozsngmail-com\/\"}]}<\/script>\n<!-- \/ Yoast SEO plugin. -->","yoast_head_json":{"title":"Maior artilheiro de finais, Mbapp\u00e9 leva Chuteira de Ouro - Brasil not\u00edcias","robots":{"index":"index","follow":"follow","max-snippet":"max-snippet:-1","max-image-preview":"max-image-preview:large","max-video-preview":"max-video-preview:-1"},"canonical":"https:\/\/brasilnoticias.org\/site\/maior-artilheiro-de-finais-mbappe-leva-chuteira-de-ouro\/","og_locale":"pt_PT","og_type":"article","og_title":"Maior artilheiro de finais, Mbapp\u00e9 leva Chuteira de Ouro - Brasil not\u00edcias","og_description":"Apesar de ter perdido a decis\u00e3o para a Argentina nos p\u00eanaltis, Mbapp\u00e9 marcou os 3 gols na decis\u00e3o da Copa","og_url":"https:\/\/brasilnoticias.org\/site\/maior-artilheiro-de-finais-mbappe-leva-chuteira-de-ouro\/","og_site_name":"Brasil not\u00edcias","article_published_time":"2022-12-18T21:00:50+00:00","og_image":[{"width":960,"height":540,"url":"https:\/\/brasilnoticias.org\/site\/wp-content\/uploads\/2022\/12\/naom_639f613ada068.jpg","type":"image\/jpeg"}],"author":"Reda\u00e7\u00e3o","twitter_card":"summary_large_image","twitter_misc":{"Escrito por":"Reda\u00e7\u00e3o","Tempo estimado de leitura":"2 minutos"},"schema":{"@context":"https:\/\/schema.org","@graph":[{"@type":"Article","@id":"https:\/\/brasilnoticias.org\/site\/maior-artilheiro-de-finais-mbappe-leva-chuteira-de-ouro\/#article","isPartOf":{"@id":"https:\/\/brasilnoticias.org\/site\/maior-artilheiro-de-finais-mbappe-leva-chuteira-de-ouro\/"},"author":{"name":"Reda\u00e7\u00e3o","@id":"https:\/\/brasilnoticias.org\/site\/#\/schema\/person\/a0e05b973ec4d15c658d51911e53507b"},"headline":"Maior artilheiro de finais, Mbapp\u00e9 leva Chuteira de Ouro","datePublished":"2022-12-18T21:00:50+00:00","mainEntityOfPage":{"@id":"https:\/\/brasilnoticias.org\/site\/maior-artilheiro-de-finais-mbappe-leva-chuteira-de-ouro\/"},"wordCount":459,"commentCount":0,"publisher":{"@id":"https:\/\/brasilnoticias.org\/site\/#organization"},"image":{"@id":"https:\/\/brasilnoticias.org\/site\/maior-artilheiro-de-finais-mbappe-leva-chuteira-de-ouro\/#primaryimage"},"thumbnailUrl":"https:\/\/brasilnoticias.org\/site\/wp-content\/uploads\/2022\/12\/naom_639f613ada068.jpg","articleSection":["Esporte","\u00daltimas"],"inLanguage":"pt-PT","potentialAction":[{"@type":"CommentAction","name":"Comment","target":["https:\/\/brasilnoticias.org\/site\/maior-artilheiro-de-finais-mbappe-leva-chuteira-de-ouro\/#respond"]}]},{"@type":"WebPage","@id":"https:\/\/brasilnoticias.org\/site\/maior-artilheiro-de-finais-mbappe-leva-chuteira-de-ouro\/","url":"https:\/\/brasilnoticias.org\/site\/maior-artilheiro-de-finais-mbappe-leva-chuteira-de-ouro\/","name":"Maior artilheiro de finais, Mbapp\u00e9 leva Chuteira de Ouro - Brasil not\u00edcias","isPartOf":{"@id":"https:\/\/brasilnoticias.org\/site\/#website"},"primaryImageOfPage":{"@id":"https:\/\/brasilnoticias.org\/site\/maior-artilheiro-de-finais-mbappe-leva-chuteira-de-ouro\/#primaryimage"},"image":{"@id":"https:\/\/brasilnoticias.org\/site\/maior-artilheiro-de-finais-mbappe-leva-chuteira-de-ouro\/#primaryimage"},"thumbnailUrl":"https:\/\/brasilnoticias.org\/site\/wp-content\/uploads\/2022\/12\/naom_639f613ada068.jpg","datePublished":"2022-12-18T21:00:50+00:00","breadcrumb":{"@id":"https:\/\/brasilnoticias.org\/site\/maior-artilheiro-de-finais-mbappe-leva-chuteira-de-ouro\/#breadcrumb"},"inLanguage":"pt-PT","potentialAction":[{"@type":"ReadAction","target":["https:\/\/brasilnoticias.org\/site\/maior-artilheiro-de-finais-mbappe-leva-chuteira-de-ouro\/"]}]},{"@type":"ImageObject","inLanguage":"pt-PT","@id":"https:\/\/brasilnoticias.org\/site\/maior-artilheiro-de-finais-mbappe-leva-chuteira-de-ouro\/#primaryimage","url":"https:\/\/brasilnoticias.org\/site\/wp-content\/uploads\/2022\/12\/naom_639f613ada068.jpg","contentUrl":"https:\/\/brasilnoticias.org\/site\/wp-content\/uploads\/2022\/12\/naom_639f613ada068.jpg","width":960,"height":540},{"@type":"BreadcrumbList","@id":"https:\/\/brasilnoticias.org\/site\/maior-artilheiro-de-finais-mbappe-leva-chuteira-de-ouro\/#breadcrumb","itemListElement":[{"@type":"ListItem","position":1,"name":"In\u00edcio","item":"https:\/\/brasilnoticias.org\/site\/"},{"@type":"ListItem","position":2,"name":"Maior artilheiro de finais, Mbapp\u00e9 leva Chuteira de Ouro"}]},{"@type":"WebSite","@id":"https:\/\/brasilnoticias.org\/site\/#website","url":"https:\/\/brasilnoticias.org\/site\/","name":"Brasil not\u00edcias","description":"Brasil not\u00edcias","publisher":{"@id":"https:\/\/brasilnoticias.org\/site\/#organization"},"potentialAction":[{"@type":"SearchAction","target":{"@type":"EntryPoint","urlTemplate":"https:\/\/brasilnoticias.org\/site\/?s={search_term_string}"},"query-input":{"@type":"PropertyValueSpecification","valueRequired":true,"valueName":"search_term_string"}}],"inLanguage":"pt-PT"},{"@type":"Organization","@id":"https:\/\/brasilnoticias.org\/site\/#organization","name":"Brasil not\u00edcias","url":"https:\/\/brasilnoticias.org\/site\/","logo":{"@type":"ImageObject","inLanguage":"pt-PT","@id":"https:\/\/brasilnoticias.org\/site\/#\/schema\/logo\/image\/","url":"https:\/\/brasilnoticias.org\/site\/wp-content\/uploads\/2022\/05\/cropped-brasilnoticias-mini.jpg","contentUrl":"https:\/\/brasilnoticias.org\/site\/wp-content\/uploads\/2022\/05\/cropped-brasilnoticias-mini.jpg","width":314,"height":86,"caption":"Brasil not\u00edcias"},"image":{"@id":"https:\/\/brasilnoticias.org\/site\/#\/schema\/logo\/image\/"}},{"@type":"Person","@id":"https:\/\/brasilnoticias.org\/site\/#\/schema\/person\/a0e05b973ec4d15c658d51911e53507b","name":"Reda\u00e7\u00e3o","image":{"@type":"ImageObject","inLanguage":"pt-PT","@id":"https:\/\/brasilnoticias.org\/site\/#\/schema\/person\/image\/","url":"https:\/\/secure.gravatar.com\/avatar\/75d8b050df2de108b08ae78dfb8e374892df24a383c67db9c46a9c604f6aee9c?s=96&d=mm&r=g","contentUrl":"https:\/\/secure.gravatar.com\/avatar\/75d8b050df2de108b08ae78dfb8e374892df24a383c67db9c46a9c604f6aee9c?s=96&d=mm&r=g","caption":"Reda\u00e7\u00e3o"},"sameAs":["https:\/\/brasilnoticias.org\/site"],"url":"https:\/\/brasilnoticias.org\/site\/author\/fernandozsngmail-com\/"}]}},"_links":{"self":[{"href":"https:\/\/brasilnoticias.org\/site\/wp-json\/wp\/v2\/posts\/2882","targetHints":{"allow":["GET"]}}],"collection":[{"href":"https:\/\/brasilnoticias.org\/site\/wp-json\/wp\/v2\/posts"}],"about":[{"href":"https:\/\/brasilnoticias.org\/site\/wp-json\/wp\/v2\/types\/post"}],"author":[{"embeddable":true,"href":"https:\/\/brasilnoticias.org\/site\/wp-json\/wp\/v2\/users\/1"}],"replies":[{"embeddable":true,"href":"https:\/\/brasilnoticias.org\/site\/wp-json\/wp\/v2\/comments?post=2882"}],"version-history":[{"count":1,"href":"https:\/\/brasilnoticias.org\/site\/wp-json\/wp\/v2\/posts\/2882\/revisions"}],"predecessor-version":[{"id":2884,"href":"https:\/\/brasilnoticias.org\/site\/wp-json\/wp\/v2\/posts\/2882\/revisions\/2884"}],"wp:featuredmedia":[{"embeddable":true,"href":"https:\/\/brasilnoticias.org\/site\/wp-json\/wp\/v2\/media\/2883"}],"wp:attachment":[{"href":"https:\/\/brasilnoticias.org\/site\/wp-json\/wp\/v2\/media?parent=2882"}],"wp:term":[{"taxonomy":"category","embeddable":true,"href":"https:\/\/brasilnoticias.org\/site\/wp-json\/wp\/v2\/categories?post=2882"},{"taxonomy":"post_tag","embeddable":true,"href":"https:\/\/brasilnoticias.org\/site\/wp-json\/wp\/v2\/tags?post=2882"}],"curies":[{"name":"wp","href":"https:\/\/api.w.org\/{rel}","templated":true}]}}