{"id":2911,"date":"2022-12-19T18:20:42","date_gmt":"2022-12-19T21:20:42","guid":{"rendered":"https:\/\/brasilnoticias.org\/site\/?p=2911"},"modified":"2022-12-18T16:44:07","modified_gmt":"2022-12-18T19:44:07","slug":"aplicativo-para-trabalhadores-autonomos-ganha-novos-recursos","status":"publish","type":"post","link":"https:\/\/brasilnoticias.org\/site\/aplicativo-para-trabalhadores-autonomos-ganha-novos-recursos\/","title":{"rendered":"Aplicativo para trabalhadores aut\u00f4nomos ganha novos recursos"},"content":{"rendered":"<div class=\"td-post-content tagdiv-type\">\n<p>O Governo do Estado, por meio da Secretaria do Trabalho, Emprego, Renda e Esporte (Setre), lan\u00e7a a nova vers\u00e3o do aplicativo de intermedia\u00e7\u00e3o de m\u00e3o de obra aut\u00f4noma Contrate.Ba, na pr\u00f3xima segunda-feira (19), \u00e0s 9h, na unidade central do SineBahia, localizada no Terminal de Integra\u00e7\u00e3o Pitua\u00e7u, em Salvador. Na oportunidade, ser\u00e3o apresentadas as atualiza\u00e7\u00f5es na ferramenta, entre elas autonomia na rela\u00e7\u00e3o de clientes e profissionais; chat para troca de mensagens; avalia\u00e7\u00e3o e ranqueamento de prestadores de servi\u00e7os e contratantes; agilidade nas solicita\u00e7\u00f5es e amplia\u00e7\u00e3o para outros munic\u00edpios baianos. O aplicativo est\u00e1 dispon\u00edvel para download na App Store e Google Play.<\/p>\n<p>O Contrate.Ba permite que trabalhadores aut\u00f4nomos de categorias diversificadas ofere\u00e7am servi\u00e7os em uma plataforma on-line gratuita, recebendo treinamento comportamental, construindo uma carteira pr\u00f3pria de clientes e ampliando sua renda. S\u00e3o oferecidos servi\u00e7os de 56 tipos, distribu\u00eddos em 10 categorias: Assist\u00eancia T\u00e9cnica; Aulas Particulares; Autos; Constru\u00e7\u00e3o, Manuten\u00e7\u00e3o e Reforma; Consultoria; Design e Tecnologia; Eventos; Moda e Beleza; Sa\u00fade; e Servi\u00e7os dom\u00e9sticos.<\/p>\n<p>Os clientes, por sua vez, podem encontrar no programa atendimento personalizado em suas resid\u00eancias e\/ou empresas, com qualidade, cuidado e seguran\u00e7a. Atualmente, o Contrate.Ba contempla os munic\u00edpios de Salvador, Lauro de Freitas, Vit\u00f3ria de Conquista e Juazeiro. Com a nova vers\u00e3o, a expectativa \u00e9 a expans\u00e3o gradativa para cidades do estado com mais de 100 mil habitantes.<\/p>\n<p><strong><em>Fonte: Ascom\/Setre<\/em><\/strong><\/p>\n<\/div>\n<footer>\n<div class=\"td-post-source-tags\"><\/div>\n<div class=\"td-post-sharing-bottom\"><\/div>\n<\/footer>\n","protected":false},"excerpt":{"rendered":"<p>O Governo do Estado, por meio da Secretaria do Trabalho, Emprego, Renda e Esporte (Setre), lan\u00e7a a nova vers\u00e3o do<\/p>\n","protected":false},"author":1,"featured_media":2912,"comment_status":"open","ping_status":"open","sticky":false,"template":"","format":"standard","meta":{"colormag_page_container_layout":"default_layout","colormag_page_sidebar_layout":"default_layout","_FSMCFIC_featured_image_caption":"","_FSMCFIC_featured_image_nocaption":"","_FSMCFIC_featured_image_hide":"","footnotes":""},"categories":[2,1],"tags":[],"class_list":["post-2911","post","type-post","status-publish","format-standard","has-post-thumbnail","hentry","category-noticias","category-ultimas"],"yoast_head":"<!-- This site is optimized with the Yoast SEO plugin v27.1.1 - https:\/\/yoast.com\/product\/yoast-seo-wordpress\/ -->\n<title>Aplicativo para trabalhadores aut\u00f4nomos ganha novos recursos - Brasil not\u00edcias<\/title>\n<meta name=\"robots\" content=\"index, follow, max-snippet:-1, max-image-preview:large, max-video-preview:-1\" \/>\n<link rel=\"canonical\" href=\"https:\/\/brasilnoticias.org\/site\/aplicativo-para-trabalhadores-autonomos-ganha-novos-recursos\/\" \/>\n<meta property=\"og:locale\" content=\"pt_PT\" \/>\n<meta property=\"og:type\" content=\"article\" \/>\n<meta property=\"og:title\" content=\"Aplicativo para trabalhadores aut\u00f4nomos ganha novos recursos - Brasil not\u00edcias\" \/>\n<meta property=\"og:description\" content=\"O Governo do Estado, por meio da Secretaria do Trabalho, Emprego, Renda e Esporte (Setre), lan\u00e7a a nova vers\u00e3o do\" \/>\n<meta property=\"og:url\" content=\"https:\/\/brasilnoticias.org\/site\/aplicativo-para-trabalhadores-autonomos-ganha-novos-recursos\/\" \/>\n<meta property=\"og:site_name\" content=\"Brasil not\u00edcias\" \/>\n<meta property=\"article:published_time\" content=\"2022-12-19T21:20:42+00:00\" \/>\n<meta property=\"og:image\" content=\"https:\/\/brasilnoticias.org\/site\/wp-content\/uploads\/2022\/12\/unnamed.png\" \/>\n\t<meta property=\"og:image:width\" content=\"600\" \/>\n\t<meta property=\"og:image:height\" content=\"300\" \/>\n\t<meta property=\"og:image:type\" content=\"image\/png\" \/>\n<meta name=\"author\" content=\"Reda\u00e7\u00e3o\" \/>\n<meta name=\"twitter:card\" content=\"summary_large_image\" \/>\n<meta name=\"twitter:label1\" content=\"Escrito por\" \/>\n\t<meta name=\"twitter:data1\" content=\"Reda\u00e7\u00e3o\" \/>\n\t<meta name=\"twitter:label2\" content=\"Tempo estimado de leitura\" \/>\n\t<meta name=\"twitter:data2\" content=\"1 minuto\" \/>\n<script type=\"application\/ld+json\" class=\"yoast-schema-graph\">{\"@context\":\"https:\/\/schema.org\",\"@graph\":[{\"@type\":\"Article\",\"@id\":\"https:\/\/brasilnoticias.org\/site\/aplicativo-para-trabalhadores-autonomos-ganha-novos-recursos\/#article\",\"isPartOf\":{\"@id\":\"https:\/\/brasilnoticias.org\/site\/aplicativo-para-trabalhadores-autonomos-ganha-novos-recursos\/\"},\"author\":{\"name\":\"Reda\u00e7\u00e3o\",\"@id\":\"https:\/\/brasilnoticias.org\/site\/#\/schema\/person\/a0e05b973ec4d15c658d51911e53507b\"},\"headline\":\"Aplicativo para trabalhadores aut\u00f4nomos ganha novos recursos\",\"datePublished\":\"2022-12-19T21:20:42+00:00\",\"mainEntityOfPage\":{\"@id\":\"https:\/\/brasilnoticias.org\/site\/aplicativo-para-trabalhadores-autonomos-ganha-novos-recursos\/\"},\"wordCount\":264,\"commentCount\":0,\"publisher\":{\"@id\":\"https:\/\/brasilnoticias.org\/site\/#organization\"},\"image\":{\"@id\":\"https:\/\/brasilnoticias.org\/site\/aplicativo-para-trabalhadores-autonomos-ganha-novos-recursos\/#primaryimage\"},\"thumbnailUrl\":\"https:\/\/brasilnoticias.org\/site\/wp-content\/uploads\/2022\/12\/unnamed.png\",\"articleSection\":[\"Not\u00edcias\",\"\u00daltimas\"],\"inLanguage\":\"pt-PT\",\"potentialAction\":[{\"@type\":\"CommentAction\",\"name\":\"Comment\",\"target\":[\"https:\/\/brasilnoticias.org\/site\/aplicativo-para-trabalhadores-autonomos-ganha-novos-recursos\/#respond\"]}]},{\"@type\":\"WebPage\",\"@id\":\"https:\/\/brasilnoticias.org\/site\/aplicativo-para-trabalhadores-autonomos-ganha-novos-recursos\/\",\"url\":\"https:\/\/brasilnoticias.org\/site\/aplicativo-para-trabalhadores-autonomos-ganha-novos-recursos\/\",\"name\":\"Aplicativo para trabalhadores aut\u00f4nomos ganha novos recursos - Brasil not\u00edcias\",\"isPartOf\":{\"@id\":\"https:\/\/brasilnoticias.org\/site\/#website\"},\"primaryImageOfPage\":{\"@id\":\"https:\/\/brasilnoticias.org\/site\/aplicativo-para-trabalhadores-autonomos-ganha-novos-recursos\/#primaryimage\"},\"image\":{\"@id\":\"https:\/\/brasilnoticias.org\/site\/aplicativo-para-trabalhadores-autonomos-ganha-novos-recursos\/#primaryimage\"},\"thumbnailUrl\":\"https:\/\/brasilnoticias.org\/site\/wp-content\/uploads\/2022\/12\/unnamed.png\",\"datePublished\":\"2022-12-19T21:20:42+00:00\",\"breadcrumb\":{\"@id\":\"https:\/\/brasilnoticias.org\/site\/aplicativo-para-trabalhadores-autonomos-ganha-novos-recursos\/#breadcrumb\"},\"inLanguage\":\"pt-PT\",\"potentialAction\":[{\"@type\":\"ReadAction\",\"target\":[\"https:\/\/brasilnoticias.org\/site\/aplicativo-para-trabalhadores-autonomos-ganha-novos-recursos\/\"]}]},{\"@type\":\"ImageObject\",\"inLanguage\":\"pt-PT\",\"@id\":\"https:\/\/brasilnoticias.org\/site\/aplicativo-para-trabalhadores-autonomos-ganha-novos-recursos\/#primaryimage\",\"url\":\"https:\/\/brasilnoticias.org\/site\/wp-content\/uploads\/2022\/12\/unnamed.png\",\"contentUrl\":\"https:\/\/brasilnoticias.org\/site\/wp-content\/uploads\/2022\/12\/unnamed.png\",\"width\":600,\"height\":300},{\"@type\":\"BreadcrumbList\",\"@id\":\"https:\/\/brasilnoticias.org\/site\/aplicativo-para-trabalhadores-autonomos-ganha-novos-recursos\/#breadcrumb\",\"itemListElement\":[{\"@type\":\"ListItem\",\"position\":1,\"name\":\"In\u00edcio\",\"item\":\"https:\/\/brasilnoticias.org\/site\/\"},{\"@type\":\"ListItem\",\"position\":2,\"name\":\"Aplicativo para trabalhadores aut\u00f4nomos ganha novos recursos\"}]},{\"@type\":\"WebSite\",\"@id\":\"https:\/\/brasilnoticias.org\/site\/#website\",\"url\":\"https:\/\/brasilnoticias.org\/site\/\",\"name\":\"Brasil not\u00edcias\",\"description\":\"Brasil not\u00edcias\",\"publisher\":{\"@id\":\"https:\/\/brasilnoticias.org\/site\/#organization\"},\"potentialAction\":[{\"@type\":\"SearchAction\",\"target\":{\"@type\":\"EntryPoint\",\"urlTemplate\":\"https:\/\/brasilnoticias.org\/site\/?s={search_term_string}\"},\"query-input\":{\"@type\":\"PropertyValueSpecification\",\"valueRequired\":true,\"valueName\":\"search_term_string\"}}],\"inLanguage\":\"pt-PT\"},{\"@type\":\"Organization\",\"@id\":\"https:\/\/brasilnoticias.org\/site\/#organization\",\"name\":\"Brasil not\u00edcias\",\"url\":\"https:\/\/brasilnoticias.org\/site\/\",\"logo\":{\"@type\":\"ImageObject\",\"inLanguage\":\"pt-PT\",\"@id\":\"https:\/\/brasilnoticias.org\/site\/#\/schema\/logo\/image\/\",\"url\":\"https:\/\/brasilnoticias.org\/site\/wp-content\/uploads\/2022\/05\/cropped-brasilnoticias-mini.jpg\",\"contentUrl\":\"https:\/\/brasilnoticias.org\/site\/wp-content\/uploads\/2022\/05\/cropped-brasilnoticias-mini.jpg\",\"width\":314,\"height\":86,\"caption\":\"Brasil not\u00edcias\"},\"image\":{\"@id\":\"https:\/\/brasilnoticias.org\/site\/#\/schema\/logo\/image\/\"}},{\"@type\":\"Person\",\"@id\":\"https:\/\/brasilnoticias.org\/site\/#\/schema\/person\/a0e05b973ec4d15c658d51911e53507b\",\"name\":\"Reda\u00e7\u00e3o\",\"image\":{\"@type\":\"ImageObject\",\"inLanguage\":\"pt-PT\",\"@id\":\"https:\/\/brasilnoticias.org\/site\/#\/schema\/person\/image\/\",\"url\":\"https:\/\/secure.gravatar.com\/avatar\/75d8b050df2de108b08ae78dfb8e374892df24a383c67db9c46a9c604f6aee9c?s=96&d=mm&r=g\",\"contentUrl\":\"https:\/\/secure.gravatar.com\/avatar\/75d8b050df2de108b08ae78dfb8e374892df24a383c67db9c46a9c604f6aee9c?s=96&d=mm&r=g\",\"caption\":\"Reda\u00e7\u00e3o\"},\"sameAs\":[\"https:\/\/brasilnoticias.org\/site\"],\"url\":\"https:\/\/brasilnoticias.org\/site\/author\/fernandozsngmail-com\/\"}]}<\/script>\n<!-- \/ Yoast SEO plugin. -->","yoast_head_json":{"title":"Aplicativo para trabalhadores aut\u00f4nomos ganha novos recursos - Brasil not\u00edcias","robots":{"index":"index","follow":"follow","max-snippet":"max-snippet:-1","max-image-preview":"max-image-preview:large","max-video-preview":"max-video-preview:-1"},"canonical":"https:\/\/brasilnoticias.org\/site\/aplicativo-para-trabalhadores-autonomos-ganha-novos-recursos\/","og_locale":"pt_PT","og_type":"article","og_title":"Aplicativo para trabalhadores aut\u00f4nomos ganha novos recursos - Brasil not\u00edcias","og_description":"O Governo do Estado, por meio da Secretaria do Trabalho, Emprego, Renda e Esporte (Setre), lan\u00e7a a nova vers\u00e3o do","og_url":"https:\/\/brasilnoticias.org\/site\/aplicativo-para-trabalhadores-autonomos-ganha-novos-recursos\/","og_site_name":"Brasil not\u00edcias","article_published_time":"2022-12-19T21:20:42+00:00","og_image":[{"width":600,"height":300,"url":"https:\/\/brasilnoticias.org\/site\/wp-content\/uploads\/2022\/12\/unnamed.png","type":"image\/png"}],"author":"Reda\u00e7\u00e3o","twitter_card":"summary_large_image","twitter_misc":{"Escrito por":"Reda\u00e7\u00e3o","Tempo estimado de leitura":"1 minuto"},"schema":{"@context":"https:\/\/schema.org","@graph":[{"@type":"Article","@id":"https:\/\/brasilnoticias.org\/site\/aplicativo-para-trabalhadores-autonomos-ganha-novos-recursos\/#article","isPartOf":{"@id":"https:\/\/brasilnoticias.org\/site\/aplicativo-para-trabalhadores-autonomos-ganha-novos-recursos\/"},"author":{"name":"Reda\u00e7\u00e3o","@id":"https:\/\/brasilnoticias.org\/site\/#\/schema\/person\/a0e05b973ec4d15c658d51911e53507b"},"headline":"Aplicativo para trabalhadores aut\u00f4nomos ganha novos recursos","datePublished":"2022-12-19T21:20:42+00:00","mainEntityOfPage":{"@id":"https:\/\/brasilnoticias.org\/site\/aplicativo-para-trabalhadores-autonomos-ganha-novos-recursos\/"},"wordCount":264,"commentCount":0,"publisher":{"@id":"https:\/\/brasilnoticias.org\/site\/#organization"},"image":{"@id":"https:\/\/brasilnoticias.org\/site\/aplicativo-para-trabalhadores-autonomos-ganha-novos-recursos\/#primaryimage"},"thumbnailUrl":"https:\/\/brasilnoticias.org\/site\/wp-content\/uploads\/2022\/12\/unnamed.png","articleSection":["Not\u00edcias","\u00daltimas"],"inLanguage":"pt-PT","potentialAction":[{"@type":"CommentAction","name":"Comment","target":["https:\/\/brasilnoticias.org\/site\/aplicativo-para-trabalhadores-autonomos-ganha-novos-recursos\/#respond"]}]},{"@type":"WebPage","@id":"https:\/\/brasilnoticias.org\/site\/aplicativo-para-trabalhadores-autonomos-ganha-novos-recursos\/","url":"https:\/\/brasilnoticias.org\/site\/aplicativo-para-trabalhadores-autonomos-ganha-novos-recursos\/","name":"Aplicativo para trabalhadores aut\u00f4nomos ganha novos recursos - Brasil not\u00edcias","isPartOf":{"@id":"https:\/\/brasilnoticias.org\/site\/#website"},"primaryImageOfPage":{"@id":"https:\/\/brasilnoticias.org\/site\/aplicativo-para-trabalhadores-autonomos-ganha-novos-recursos\/#primaryimage"},"image":{"@id":"https:\/\/brasilnoticias.org\/site\/aplicativo-para-trabalhadores-autonomos-ganha-novos-recursos\/#primaryimage"},"thumbnailUrl":"https:\/\/brasilnoticias.org\/site\/wp-content\/uploads\/2022\/12\/unnamed.png","datePublished":"2022-12-19T21:20:42+00:00","breadcrumb":{"@id":"https:\/\/brasilnoticias.org\/site\/aplicativo-para-trabalhadores-autonomos-ganha-novos-recursos\/#breadcrumb"},"inLanguage":"pt-PT","potentialAction":[{"@type":"ReadAction","target":["https:\/\/brasilnoticias.org\/site\/aplicativo-para-trabalhadores-autonomos-ganha-novos-recursos\/"]}]},{"@type":"ImageObject","inLanguage":"pt-PT","@id":"https:\/\/brasilnoticias.org\/site\/aplicativo-para-trabalhadores-autonomos-ganha-novos-recursos\/#primaryimage","url":"https:\/\/brasilnoticias.org\/site\/wp-content\/uploads\/2022\/12\/unnamed.png","contentUrl":"https:\/\/brasilnoticias.org\/site\/wp-content\/uploads\/2022\/12\/unnamed.png","width":600,"height":300},{"@type":"BreadcrumbList","@id":"https:\/\/brasilnoticias.org\/site\/aplicativo-para-trabalhadores-autonomos-ganha-novos-recursos\/#breadcrumb","itemListElement":[{"@type":"ListItem","position":1,"name":"In\u00edcio","item":"https:\/\/brasilnoticias.org\/site\/"},{"@type":"ListItem","position":2,"name":"Aplicativo para trabalhadores aut\u00f4nomos ganha novos recursos"}]},{"@type":"WebSite","@id":"https:\/\/brasilnoticias.org\/site\/#website","url":"https:\/\/brasilnoticias.org\/site\/","name":"Brasil not\u00edcias","description":"Brasil not\u00edcias","publisher":{"@id":"https:\/\/brasilnoticias.org\/site\/#organization"},"potentialAction":[{"@type":"SearchAction","target":{"@type":"EntryPoint","urlTemplate":"https:\/\/brasilnoticias.org\/site\/?s={search_term_string}"},"query-input":{"@type":"PropertyValueSpecification","valueRequired":true,"valueName":"search_term_string"}}],"inLanguage":"pt-PT"},{"@type":"Organization","@id":"https:\/\/brasilnoticias.org\/site\/#organization","name":"Brasil not\u00edcias","url":"https:\/\/brasilnoticias.org\/site\/","logo":{"@type":"ImageObject","inLanguage":"pt-PT","@id":"https:\/\/brasilnoticias.org\/site\/#\/schema\/logo\/image\/","url":"https:\/\/brasilnoticias.org\/site\/wp-content\/uploads\/2022\/05\/cropped-brasilnoticias-mini.jpg","contentUrl":"https:\/\/brasilnoticias.org\/site\/wp-content\/uploads\/2022\/05\/cropped-brasilnoticias-mini.jpg","width":314,"height":86,"caption":"Brasil not\u00edcias"},"image":{"@id":"https:\/\/brasilnoticias.org\/site\/#\/schema\/logo\/image\/"}},{"@type":"Person","@id":"https:\/\/brasilnoticias.org\/site\/#\/schema\/person\/a0e05b973ec4d15c658d51911e53507b","name":"Reda\u00e7\u00e3o","image":{"@type":"ImageObject","inLanguage":"pt-PT","@id":"https:\/\/brasilnoticias.org\/site\/#\/schema\/person\/image\/","url":"https:\/\/secure.gravatar.com\/avatar\/75d8b050df2de108b08ae78dfb8e374892df24a383c67db9c46a9c604f6aee9c?s=96&d=mm&r=g","contentUrl":"https:\/\/secure.gravatar.com\/avatar\/75d8b050df2de108b08ae78dfb8e374892df24a383c67db9c46a9c604f6aee9c?s=96&d=mm&r=g","caption":"Reda\u00e7\u00e3o"},"sameAs":["https:\/\/brasilnoticias.org\/site"],"url":"https:\/\/brasilnoticias.org\/site\/author\/fernandozsngmail-com\/"}]}},"_links":{"self":[{"href":"https:\/\/brasilnoticias.org\/site\/wp-json\/wp\/v2\/posts\/2911","targetHints":{"allow":["GET"]}}],"collection":[{"href":"https:\/\/brasilnoticias.org\/site\/wp-json\/wp\/v2\/posts"}],"about":[{"href":"https:\/\/brasilnoticias.org\/site\/wp-json\/wp\/v2\/types\/post"}],"author":[{"embeddable":true,"href":"https:\/\/brasilnoticias.org\/site\/wp-json\/wp\/v2\/users\/1"}],"replies":[{"embeddable":true,"href":"https:\/\/brasilnoticias.org\/site\/wp-json\/wp\/v2\/comments?post=2911"}],"version-history":[{"count":1,"href":"https:\/\/brasilnoticias.org\/site\/wp-json\/wp\/v2\/posts\/2911\/revisions"}],"predecessor-version":[{"id":2913,"href":"https:\/\/brasilnoticias.org\/site\/wp-json\/wp\/v2\/posts\/2911\/revisions\/2913"}],"wp:featuredmedia":[{"embeddable":true,"href":"https:\/\/brasilnoticias.org\/site\/wp-json\/wp\/v2\/media\/2912"}],"wp:attachment":[{"href":"https:\/\/brasilnoticias.org\/site\/wp-json\/wp\/v2\/media?parent=2911"}],"wp:term":[{"taxonomy":"category","embeddable":true,"href":"https:\/\/brasilnoticias.org\/site\/wp-json\/wp\/v2\/categories?post=2911"},{"taxonomy":"post_tag","embeddable":true,"href":"https:\/\/brasilnoticias.org\/site\/wp-json\/wp\/v2\/tags?post=2911"}],"curies":[{"name":"wp","href":"https:\/\/api.w.org\/{rel}","templated":true}]}}